{"id":9478,"date":"2021-04-08T11:43:27","date_gmt":"2021-04-08T11:43:27","guid":{"rendered":"https:\/\/www.africa-press.net\/burkina-faso\/?p=9478"},"modified":"2021-04-08T14:26:22","modified_gmt":"2021-04-08T14:26:22","slug":"analyse-pourquoi-leconomie-burkinabe-est-paree-pour-la-relance","status":"publish","type":"post","link":"https:\/\/www.africa-press.net\/burkina-faso\/economie\/analyse-pourquoi-leconomie-burkinabe-est-paree-pour-la-relance","title":{"rendered":"[Analyse] Pourquoi l\u2019\u00e9conomie burkinab\u00e8 est par\u00e9e pour la relance"},"content":{"rendered":"<p><span style=\"color: #ff6600\"><strong><a href=\"https:\/\/www.africa-press.net\/\">Africa-Press<\/a> &#8211; <a href=\"https:\/\/www.africa-press.net\/burkina-faso\">Burkina Faso<\/a>. <\/strong><\/span>M\u00eame si la crise sanitaire a entra\u00een\u00e9 une r\u00e9cession de \u2013 2 % en 2020, le cadre budg\u00e9taire reste ma\u00eetris\u00e9 et la reprise semble d\u00e9j\u00e0 amorc\u00e9e. Le bon \u00e9l\u00e8ve burkinab\u00e8 a \u00e9t\u00e9 injustement puni par la pand\u00e9mie venue d\u2019ailleurs. Il avait fait de gros efforts pour contenir ses d\u00e9ficits. Il avait commenc\u00e9 \u00e0 prendre des mesures pour ma\u00eetriser l\u2019inflation galopante des salaires de sa fonction publique.<\/p>\n<p>Il avait ferraill\u00e9 contre la corruption : selon Ousmane Kolie, sp\u00e9cialiste du secteur public \u00e0 la Banque mondiale (BM), \u00e0 la fin de 2020, 97 % des assujettis de l\u2019ex\u00e9cutif et du l\u00e9gislatif avaient effectu\u00e9 leurs d\u00e9clarations de patrimoine, publi\u00e9es au Journal officiel\u2026Mais rien n\u2019y a fait : le pays a vu sa croissance fauch\u00e9e nette. Celle-ci avait atteint 5,7 % en 2019 et s\u2019est mu\u00e9e en r\u00e9cession de \u2013 2 % en 2020 selon les projections du FMI.<\/p>\n","protected":false},"excerpt":{"rendered":"<p>Africa-Press &#8211; Burkina Faso. M\u00eame si la crise sanitaire a entra\u00een\u00e9 une r\u00e9cession de \u2013 2 % en 2020, le cadre budg\u00e9taire reste ma\u00eetris\u00e9 et la reprise semble d\u00e9j\u00e0 amorc\u00e9e. Le bon \u00e9l\u00e8ve burkinab\u00e8 a \u00e9t\u00e9 injustement puni par la pand\u00e9mie venue d\u2019ailleurs. Il avait fait de gros efforts pour contenir ses d\u00e9ficits. Il avait [&hellip;]<\/p>\n","protected":false},"author":82,"featured_media":9477,"comment_status":"open","ping_status":"closed","sticky":false,"template":"","format":"standard","meta":{"footnotes":""},"categories":[3,11,20,10],"tags":[111,725,29],"class_list":["post-9478","post","type-post","status-publish","format-standard","has-post-thumbnail","hentry","category-economie","category-homepage-french","category-top-nouvelles","category-toutes-les-actualites","tag-africa-press","tag-africa-press-burkina-faso","tag-burkina-faso"],"yoast_head":"<!-- This site is optimized with the Yoast SEO Premium plugin v26.1 (Yoast SEO v27.0) - https:\/\/yoast.com\/product\/yoast-seo-premium-wordpress\/ -->\n<title>[Analyse] Pourquoi l\u2019\u00e9conomie burkinab\u00e8 est par\u00e9e pour la relance - Burkina Faso<\/title>\n<meta name=\"description\" content=\"M\u00eame si la crise sanitaire a entra\u00een\u00e9 une r\u00e9cession de \u2013 2 % en 2020, le cadre budg\u00e9taire reste ma\u00eetris\u00e9 et la reprise s ...\" \/>\n<meta name=\"robots\" content=\"index, follow, max-snippet:-1, max-image-preview:large, max-video-preview:-1\" \/>\n<link rel=\"canonical\" href=\"https:\/\/www.africa-press.net\/burkina-faso\/economie\/analyse-pourquoi-leconomie-burkinabe-est-paree-pour-la-relance\" \/>\n<meta property=\"og:locale\" content=\"fr_FR\" \/>\n<meta property=\"og:type\" content=\"article\" \/>\n<meta property=\"og:title\" content=\"[Analyse] Pourquoi l\u2019\u00e9conomie burkinab\u00e8 est par\u00e9e pour la relance\" \/>\n<meta property=\"og:description\" content=\"M\u00eame si la crise sanitaire a entra\u00een\u00e9 une r\u00e9cession de \u2013 2 % en 2020, le cadre budg\u00e9taire reste ma\u00eetris\u00e9 et la reprise s ...\" \/>\n<meta property=\"og:url\" content=\"https:\/\/www.africa-press.net\/burkina-faso\/economie\/analyse-pourquoi-leconomie-burkinabe-est-paree-pour-la-relance\" \/>\n<meta property=\"og:site_name\" content=\"Burkina Faso\" \/>\n<meta property=\"article:published_time\" content=\"2021-04-08T11:43:27+00:00\" \/>\n<meta property=\"article:modified_time\" content=\"2021-04-08T14:26:22+00:00\" \/>\n<meta property=\"og:image\" content=\"https:\/\/static.africa-press.net\/burkina\/sites\/42\/2021\/04\/img-606ecc348d943.jpg\" \/>\n\t<meta property=\"og:image:width\" content=\"720\" \/>\n\t<meta property=\"og:image:height\" content=\"360\" \/>\n\t<meta property=\"og:image:type\" content=\"image\/jpeg\" \/>\n<meta name=\"author\" content=\"cfeditorfr\" \/>\n<meta name=\"twitter:card\" content=\"summary_large_image\" \/>\n<meta name=\"twitter:label1\" content=\"\u00c9crit par\" \/>\n\t<meta name=\"twitter:data1\" content=\"cfeditorfr\" \/>\n\t<meta name=\"twitter:label2\" content=\"Dur\u00e9e de lecture estim\u00e9e\" \/>\n\t<meta name=\"twitter:data2\" content=\"1 minute\" \/>\n<script type=\"application\/ld+json\" class=\"yoast-schema-graph\">{\"@context\":\"https:\/\/schema.org\",\"@graph\":[{\"@type\":\"Article\",\"@id\":\"https:\/\/www.africa-press.net\/burkina-faso\/economie\/analyse-pourquoi-leconomie-burkinabe-est-paree-pour-la-relance#article\",\"isPartOf\":{\"@id\":\"https:\/\/www.africa-press.net\/burkina-faso\/economie\/analyse-pourquoi-leconomie-burkinabe-est-paree-pour-la-relance\"},\"author\":{\"name\":\"cfeditorfr\",\"@id\":\"https:\/\/www.africa-press.net\/burkina-faso\/#\/schema\/person\/2b1cf3cd81a31e3cd26889ca66d677f1\"},\"headline\":\"[Analyse] Pourquoi l\u2019\u00e9conomie burkinab\u00e8 est par\u00e9e pour la relance\",\"datePublished\":\"2021-04-08T11:43:27+00:00\",\"dateModified\":\"2021-04-08T14:26:22+00:00\",\"mainEntityOfPage\":{\"@id\":\"https:\/\/www.africa-press.net\/burkina-faso\/economie\/analyse-pourquoi-leconomie-burkinabe-est-paree-pour-la-relance\"},\"wordCount\":166,\"commentCount\":0,\"image\":{\"@id\":\"https:\/\/www.africa-press.net\/burkina-faso\/economie\/analyse-pourquoi-leconomie-burkinabe-est-paree-pour-la-relance#primaryimage\"},\"thumbnailUrl\":\"https:\/\/static.africa-press.net\/burkina\/sites\/42\/2021\/04\/img-606ecc348d943.jpg\",\"keywords\":[\"Africa Press\",\"Africa Press-Burkina Faso\",\"Burkina Faso\"],\"articleSection\":[\"\u00c9conomie\",\"homepage-french\",\"Top Nouvelles\",\"Toutes les actualit\u00e9s\"],\"inLanguage\":\"fr-FR\",\"potentialAction\":[{\"@type\":\"CommentAction\",\"name\":\"Comment\",\"target\":[\"https:\/\/www.africa-press.net\/burkina-faso\/economie\/analyse-pourquoi-leconomie-burkinabe-est-paree-pour-la-relance#respond\"]}]},{\"@type\":\"WebPage\",\"@id\":\"https:\/\/www.africa-press.net\/burkina-faso\/economie\/analyse-pourquoi-leconomie-burkinabe-est-paree-pour-la-relance\",\"url\":\"https:\/\/www.africa-press.net\/burkina-faso\/economie\/analyse-pourquoi-leconomie-burkinabe-est-paree-pour-la-relance\",\"name\":\"[Analyse] Pourquoi l\u2019\u00e9conomie burkinab\u00e8 est par\u00e9e pour la relance - Burkina Faso\",\"isPartOf\":{\"@id\":\"https:\/\/www.africa-press.net\/burkina-faso\/#website\"},\"primaryImageOfPage\":{\"@id\":\"https:\/\/www.africa-press.net\/burkina-faso\/economie\/analyse-pourquoi-leconomie-burkinabe-est-paree-pour-la-relance#primaryimage\"},\"image\":{\"@id\":\"https:\/\/www.africa-press.net\/burkina-faso\/economie\/analyse-pourquoi-leconomie-burkinabe-est-paree-pour-la-relance#primaryimage\"},\"thumbnailUrl\":\"https:\/\/static.africa-press.net\/burkina\/sites\/42\/2021\/04\/img-606ecc348d943.jpg\",\"datePublished\":\"2021-04-08T11:43:27+00:00\",\"dateModified\":\"2021-04-08T14:26:22+00:00\",\"author\":{\"@id\":\"https:\/\/www.africa-press.net\/burkina-faso\/#\/schema\/person\/2b1cf3cd81a31e3cd26889ca66d677f1\"},\"description\":\"M\u00eame si la crise sanitaire a entra\u00een\u00e9 une r\u00e9cession de \u2013 2 % en 2020, le cadre budg\u00e9taire reste ma\u00eetris\u00e9 et la reprise s ...\",\"breadcrumb\":{\"@id\":\"https:\/\/www.africa-press.net\/burkina-faso\/economie\/analyse-pourquoi-leconomie-burkinabe-est-paree-pour-la-relance#breadcrumb\"},\"inLanguage\":\"fr-FR\",\"potentialAction\":[{\"@type\":\"ReadAction\",\"target\":[\"https:\/\/www.africa-press.net\/burkina-faso\/economie\/analyse-pourquoi-leconomie-burkinabe-est-paree-pour-la-relance\"]}]},{\"@type\":\"ImageObject\",\"inLanguage\":\"fr-FR\",\"@id\":\"https:\/\/www.africa-press.net\/burkina-faso\/economie\/analyse-pourquoi-leconomie-burkinabe-est-paree-pour-la-relance#primaryimage\",\"url\":\"https:\/\/static.africa-press.net\/burkina\/sites\/42\/2021\/04\/img-606ecc348d943.jpg\",\"contentUrl\":\"https:\/\/static.africa-press.net\/burkina\/sites\/42\/2021\/04\/img-606ecc348d943.jpg\",\"width\":720,\"height\":360,\"caption\":\"[Analyse] Pourquoi l\u2019\u00e9conomie burkinab\u00e8 est par\u00e9e pour la relance\"},{\"@type\":\"BreadcrumbList\",\"@id\":\"https:\/\/www.africa-press.net\/burkina-faso\/economie\/analyse-pourquoi-leconomie-burkinabe-est-paree-pour-la-relance#breadcrumb\",\"itemListElement\":[{\"@type\":\"ListItem\",\"position\":1,\"name\":\"Accueil\",\"item\":\"https:\/\/www.africa-press.net\/burkina-faso\/\"},{\"@type\":\"ListItem\",\"position\":2,\"name\":\"[Analyse] Pourquoi l\u2019\u00e9conomie burkinab\u00e8 est par\u00e9e pour la relance\"}]},{\"@type\":\"WebSite\",\"@id\":\"https:\/\/www.africa-press.net\/burkina-faso\/#website\",\"url\":\"https:\/\/www.africa-press.net\/burkina-faso\/\",\"name\":\"Burkina Faso\",\"description\":\"Just another Africa News Agency Sites site\",\"potentialAction\":[{\"@type\":\"SearchAction\",\"target\":{\"@type\":\"EntryPoint\",\"urlTemplate\":\"https:\/\/www.africa-press.net\/burkina-faso\/?s={search_term_string}\"},\"query-input\":{\"@type\":\"PropertyValueSpecification\",\"valueRequired\":true,\"valueName\":\"search_term_string\"}}],\"inLanguage\":\"fr-FR\"},{\"@type\":\"Person\",\"@id\":\"https:\/\/www.africa-press.net\/burkina-faso\/#\/schema\/person\/2b1cf3cd81a31e3cd26889ca66d677f1\",\"name\":\"cfeditorfr\"}]}<\/script>\n<!-- \/ Yoast SEO Premium plugin. -->","yoast_head_json":{"title":"[Analyse] Pourquoi l\u2019\u00e9conomie burkinab\u00e8 est par\u00e9e pour la relance - Burkina Faso","description":"M\u00eame si la crise sanitaire a entra\u00een\u00e9 une r\u00e9cession de \u2013 2 % en 2020, le cadre budg\u00e9taire reste ma\u00eetris\u00e9 et la reprise s ...","robots":{"index":"index","follow":"follow","max-snippet":"max-snippet:-1","max-image-preview":"max-image-preview:large","max-video-preview":"max-video-preview:-1"},"canonical":"https:\/\/www.africa-press.net\/burkina-faso\/economie\/analyse-pourquoi-leconomie-burkinabe-est-paree-pour-la-relance","og_locale":"fr_FR","og_type":"article","og_title":"[Analyse] Pourquoi l\u2019\u00e9conomie burkinab\u00e8 est par\u00e9e pour la relance","og_description":"M\u00eame si la crise sanitaire a entra\u00een\u00e9 une r\u00e9cession de \u2013 2 % en 2020, le cadre budg\u00e9taire reste ma\u00eetris\u00e9 et la reprise s ...","og_url":"https:\/\/www.africa-press.net\/burkina-faso\/economie\/analyse-pourquoi-leconomie-burkinabe-est-paree-pour-la-relance","og_site_name":"Burkina Faso","article_published_time":"2021-04-08T11:43:27+00:00","article_modified_time":"2021-04-08T14:26:22+00:00","og_image":[{"width":720,"height":360,"url":"https:\/\/static.africa-press.net\/burkina\/sites\/42\/2021\/04\/img-606ecc348d943.jpg","type":"image\/jpeg"}],"author":"cfeditorfr","twitter_card":"summary_large_image","twitter_misc":{"\u00c9crit par":"cfeditorfr","Dur\u00e9e de lecture estim\u00e9e":"1 minute"},"schema":{"@context":"https:\/\/schema.org","@graph":[{"@type":"Article","@id":"https:\/\/www.africa-press.net\/burkina-faso\/economie\/analyse-pourquoi-leconomie-burkinabe-est-paree-pour-la-relance#article","isPartOf":{"@id":"https:\/\/www.africa-press.net\/burkina-faso\/economie\/analyse-pourquoi-leconomie-burkinabe-est-paree-pour-la-relance"},"author":{"name":"cfeditorfr","@id":"https:\/\/www.africa-press.net\/burkina-faso\/#\/schema\/person\/2b1cf3cd81a31e3cd26889ca66d677f1"},"headline":"[Analyse] Pourquoi l\u2019\u00e9conomie burkinab\u00e8 est par\u00e9e pour la relance","datePublished":"2021-04-08T11:43:27+00:00","dateModified":"2021-04-08T14:26:22+00:00","mainEntityOfPage":{"@id":"https:\/\/www.africa-press.net\/burkina-faso\/economie\/analyse-pourquoi-leconomie-burkinabe-est-paree-pour-la-relance"},"wordCount":166,"commentCount":0,"image":{"@id":"https:\/\/www.africa-press.net\/burkina-faso\/economie\/analyse-pourquoi-leconomie-burkinabe-est-paree-pour-la-relance#primaryimage"},"thumbnailUrl":"https:\/\/static.africa-press.net\/burkina\/sites\/42\/2021\/04\/img-606ecc348d943.jpg","keywords":["Africa Press","Africa Press-Burkina Faso","Burkina Faso"],"articleSection":["\u00c9conomie","homepage-french","Top Nouvelles","Toutes les actualit\u00e9s"],"inLanguage":"fr-FR","potentialAction":[{"@type":"CommentAction","name":"Comment","target":["https:\/\/www.africa-press.net\/burkina-faso\/economie\/analyse-pourquoi-leconomie-burkinabe-est-paree-pour-la-relance#respond"]}]},{"@type":"WebPage","@id":"https:\/\/www.africa-press.net\/burkina-faso\/economie\/analyse-pourquoi-leconomie-burkinabe-est-paree-pour-la-relance","url":"https:\/\/www.africa-press.net\/burkina-faso\/economie\/analyse-pourquoi-leconomie-burkinabe-est-paree-pour-la-relance","name":"[Analyse] Pourquoi l\u2019\u00e9conomie burkinab\u00e8 est par\u00e9e pour la relance - Burkina Faso","isPartOf":{"@id":"https:\/\/www.africa-press.net\/burkina-faso\/#website"},"primaryImageOfPage":{"@id":"https:\/\/www.africa-press.net\/burkina-faso\/economie\/analyse-pourquoi-leconomie-burkinabe-est-paree-pour-la-relance#primaryimage"},"image":{"@id":"https:\/\/www.africa-press.net\/burkina-faso\/economie\/analyse-pourquoi-leconomie-burkinabe-est-paree-pour-la-relance#primaryimage"},"thumbnailUrl":"https:\/\/static.africa-press.net\/burkina\/sites\/42\/2021\/04\/img-606ecc348d943.jpg","datePublished":"2021-04-08T11:43:27+00:00","dateModified":"2021-04-08T14:26:22+00:00","author":{"@id":"https:\/\/www.africa-press.net\/burkina-faso\/#\/schema\/person\/2b1cf3cd81a31e3cd26889ca66d677f1"},"description":"M\u00eame si la crise sanitaire a entra\u00een\u00e9 une r\u00e9cession de \u2013 2 % en 2020, le cadre budg\u00e9taire reste ma\u00eetris\u00e9 et la reprise s ...","breadcrumb":{"@id":"https:\/\/www.africa-press.net\/burkina-faso\/economie\/analyse-pourquoi-leconomie-burkinabe-est-paree-pour-la-relance#breadcrumb"},"inLanguage":"fr-FR","potentialAction":[{"@type":"ReadAction","target":["https:\/\/www.africa-press.net\/burkina-faso\/economie\/analyse-pourquoi-leconomie-burkinabe-est-paree-pour-la-relance"]}]},{"@type":"ImageObject","inLanguage":"fr-FR","@id":"https:\/\/www.africa-press.net\/burkina-faso\/economie\/analyse-pourquoi-leconomie-burkinabe-est-paree-pour-la-relance#primaryimage","url":"https:\/\/static.africa-press.net\/burkina\/sites\/42\/2021\/04\/img-606ecc348d943.jpg","contentUrl":"https:\/\/static.africa-press.net\/burkina\/sites\/42\/2021\/04\/img-606ecc348d943.jpg","width":720,"height":360,"caption":"[Analyse] Pourquoi l\u2019\u00e9conomie burkinab\u00e8 est par\u00e9e pour la relance"},{"@type":"BreadcrumbList","@id":"https:\/\/www.africa-press.net\/burkina-faso\/economie\/analyse-pourquoi-leconomie-burkinabe-est-paree-pour-la-relance#breadcrumb","itemListElement":[{"@type":"ListItem","position":1,"name":"Accueil","item":"https:\/\/www.africa-press.net\/burkina-faso\/"},{"@type":"ListItem","position":2,"name":"[Analyse] Pourquoi l\u2019\u00e9conomie burkinab\u00e8 est par\u00e9e pour la relance"}]},{"@type":"WebSite","@id":"https:\/\/www.africa-press.net\/burkina-faso\/#website","url":"https:\/\/www.africa-press.net\/burkina-faso\/","name":"Burkina Faso","description":"Just another Africa News Agency Sites site","potentialAction":[{"@type":"SearchAction","target":{"@type":"EntryPoint","urlTemplate":"https:\/\/www.africa-press.net\/burkina-faso\/?s={search_term_string}"},"query-input":{"@type":"PropertyValueSpecification","valueRequired":true,"valueName":"search_term_string"}}],"inLanguage":"fr-FR"},{"@type":"Person","@id":"https:\/\/www.africa-press.net\/burkina-faso\/#\/schema\/person\/2b1cf3cd81a31e3cd26889ca66d677f1","name":"cfeditorfr"}]}},"_links":{"self":[{"href":"https:\/\/www.africa-press.net\/burkina-faso\/wp-json\/wp\/v2\/posts\/9478","targetHints":{"allow":["GET"]}}],"collection":[{"href":"https:\/\/www.africa-press.net\/burkina-faso\/wp-json\/wp\/v2\/posts"}],"about":[{"href":"https:\/\/www.africa-press.net\/burkina-faso\/wp-json\/wp\/v2\/types\/post"}],"author":[{"embeddable":true,"href":"https:\/\/www.africa-press.net\/burkina-faso\/wp-json\/wp\/v2\/users\/82"}],"replies":[{"embeddable":true,"href":"https:\/\/www.africa-press.net\/burkina-faso\/wp-json\/wp\/v2\/comments?post=9478"}],"version-history":[{"count":0,"href":"https:\/\/www.africa-press.net\/burkina-faso\/wp-json\/wp\/v2\/posts\/9478\/revisions"}],"wp:featuredmedia":[{"embeddable":true,"href":"https:\/\/www.africa-press.net\/burkina-faso\/wp-json\/wp\/v2\/media\/9477"}],"wp:attachment":[{"href":"https:\/\/www.africa-press.net\/burkina-faso\/wp-json\/wp\/v2\/media?parent=9478"}],"wp:term":[{"taxonomy":"category","embeddable":true,"href":"https:\/\/www.africa-press.net\/burkina-faso\/wp-json\/wp\/v2\/categories?post=9478"},{"taxonomy":"post_tag","embeddable":true,"href":"https:\/\/www.africa-press.net\/burkina-faso\/wp-json\/wp\/v2\/tags?post=9478"}],"curies":[{"name":"wp","href":"https:\/\/api.w.org\/{rel}","templated":true}]}}