{"id":9484,"date":"2021-04-08T11:56:46","date_gmt":"2021-04-08T11:56:46","guid":{"rendered":"https:\/\/www.africa-press.net\/burkina-faso\/?p=9484"},"modified":"2021-04-17T12:27:58","modified_gmt":"2021-04-17T12:27:58","slug":"aikido-un-stage-de-renforcement-pour-favoriser-la-pratique-de-la-discipline-au-burkina","status":"publish","type":"post","link":"https:\/\/www.africa-press.net\/burkina-faso\/homepage-french\/aikido-un-stage-de-renforcement-pour-favoriser-la-pratique-de-la-discipline-au-burkina","title":{"rendered":"A\u00efkido : Un stage de renforcement pour favoriser la pratique de la discipline au Burkina"},"content":{"rendered":"<p><span style=\"color: #ff6600\"><strong><a href=\"https:\/\/www.africa-press.net\/\">Africa-Press<\/a> &#8211; <a href=\"https:\/\/www.africa-press.net\/burkina-faso\">Burkina Faso<\/a>. <\/strong><\/span><b>Dans le cadre du renforcement des capacit\u00e9s et de la coop\u00e9ration entre le Burkina Faso et le Mali, il s\u2019est tenu les 1er et 3 avril 2021 \u00e0 Ouagadougou, un stage de perfectionnement et de passage de grades pour une vingtaine de pratiquants en a\u00efkido.<\/b><\/p>\n<p>Parrain\u00e9 par l\u2019ambassadeur du Japon et dirig\u00e9 par maitre Raymond Carter, ceinture noire 7e dan, les participants ont pu r\u00e9viser leurs gammes \u00e0 travers plusieurs exercices. Ainsi dans un premier temps, selon le directeur du cours, les stagiaires ont travaill\u00e9 sur les techniques pratiqu\u00e9es au a\u00efkido, notamment la technique du b\u00e2ton, de la main nue et du couteau. Puis dans un second temps, la phase de passage de grades en ceinture noire 3e, 2e et 1er dan pour trois pratiquants.<\/p>\n<p>Satisfait du d\u00e9roulement du stage, le directeur du cours, maitre Carter, a exprim\u00e9 ses remerciements \u00e0 l\u2019ambassade du Japon, \u00e0 la direction de l\u2019\u00c9cole nationale de la police, \u00e0 celle de l\u2019Acad\u00e9mie des couteaux du Mali et \u00e0 l\u2019Association des pratiquants de l\u2019a\u00efkido au Burkina Faso.<\/p>\n<p>Ce stage, esp\u00e8re-t-il, permettra \u00e0 la discipline d\u2019\u00eatre mieux connue et d\u2019avoir de nombreux pratiquants. Aussi a-t-il invit\u00e9 tous ceux qui d\u00e9sirent pratiquer l\u2019a\u00efkido \u00e0 venir s\u2019essayer, car il faut toujours faire la diff\u00e9rence entre le sport de combat o\u00f9 l\u2019important est de gagner et la pratique du sport o\u00f9 l\u2019important est de ne pas perdre. Deux esprits selon lui qui sont diff\u00e9rents, mais qui se compl\u00e8tent dans de bonnes conditions.<\/p>\n<p>Pour Patrick Kisito Zoungrana, pr\u00e9sident de l\u2019Association burkinab\u00e8 des pratiquants de l\u2019a\u00efkido, la tenue du stage est une v\u00e9ritable opportunit\u00e9 de promotion de la discipline. Aussi a-t-il saisi l\u2019occasion pour remercier maitre Carter et l\u2019ambassade du Japon pour leur implication dans le d\u00e9veloppement des arts martiaux au Burkina Faso.<\/p>\n<p>Pour l\u2019historique de l\u2019a\u00efkido au Burkina Faso, maitre Zoungrana r\u00e9v\u00e8lera que la discipline a une d\u00e9cennie d\u2019existence avec trois clubs qui sont l\u2019AS ONATEL et l\u2019AS POLICE \u00e0 Ouagadougou, et le club de Fada N\u2019Gourma. L\u2019a\u00efkido n\u2019est pas encore \u00e9rig\u00e9 en f\u00e9d\u00e9ration, pr\u00e9cise-t-il, au regard des dispositions des textes, car la mise en place d\u2019une f\u00e9d\u00e9ration implique l\u2019existence de clubs en districts et en ligues. Pour ce fait, il soulignera que l\u2019expansion de la discipline sur le plan national est pr\u00e9sentement le cheval de bataille de l\u2019association et les villes de Bobo-Dioulasso, Koudougou et Ouahigouya sont en prospection.<\/p>\n<p>En rappel, l\u2019a\u00efkido est un art martial japonais, fond\u00e9 par Morihei Ueshiba Osensei entre 1925 et 1969. Il a \u00e9t\u00e9 cr\u00e9\u00e9 \u00e0 partir de l\u2019exp\u00e9rience de son fondateur avec l\u2019enseignement des \u00e9coles d\u2019arts martiaux anciennes et l\u2019\u00e9cole r\u00e9cente des arts du sabre japonais. L\u2019a\u00efkido est la rencontre entre ces techniques de combat et une r\u00e9flexion m\u00e9taphysique de son cr\u00e9ateur sur le sens de la pratique martiale \u00e0 l\u2019\u00e8re moderne. Il se compose de techniques avec armes, \u00e0 mains nues, utilisant la force de l\u2019adversaire, ou plut\u00f4t son agressivit\u00e9 et sa volont\u00e9 de nuire. Ces techniques visent non pas \u00e0 vaincre l\u2019adversaire, mais \u00e0 r\u00e9duire sa tentative d\u2019agression \u00e0 n\u00e9ant.<\/p>\n<p><b>\u00a0<\/b><\/p>\n","protected":false},"excerpt":{"rendered":"<p>Africa-Press &#8211; Burkina Faso. Dans le cadre du renforcement des capacit\u00e9s et de la coop\u00e9ration entre le Burkina Faso et le Mali, il s\u2019est tenu les 1er et 3 avril 2021 \u00e0 Ouagadougou, un stage de perfectionnement et de passage de grades pour une vingtaine de pratiquants en a\u00efkido. Parrain\u00e9 par l\u2019ambassadeur du Japon et [&hellip;]<\/p>\n","protected":false},"author":82,"featured_media":9483,"comment_status":"open","ping_status":"closed","sticky":false,"template":"","format":"standard","meta":{"footnotes":""},"categories":[11,6,10],"tags":[111,725,29],"class_list":["post-9484","post","type-post","status-publish","format-standard","has-post-thumbnail","hentry","category-homepage-french","category-sports","category-toutes-les-actualites","tag-africa-press","tag-africa-press-burkina-faso","tag-burkina-faso"],"yoast_head":"<!-- This site is optimized with the Yoast SEO Premium plugin v26.1 (Yoast SEO v27.0) - https:\/\/yoast.com\/product\/yoast-seo-premium-wordpress\/ -->\n<title>A\u00efkido : Un stage de renforcement pour favoriser la pratique de la discipline au Burkina - Burkina Faso<\/title>\n<meta name=\"description\" content=\"Dans le cadre du renforcement des capacit\u00e9s et de la coop\u00e9ration entre le Burkina Faso et le Mali, il s\u2019est tenu les ...\" \/>\n<meta name=\"robots\" content=\"index, follow, max-snippet:-1, max-image-preview:large, max-video-preview:-1\" \/>\n<link rel=\"canonical\" href=\"https:\/\/www.africa-press.net\/burkina-faso\/homepage-french\/aikido-un-stage-de-renforcement-pour-favoriser-la-pratique-de-la-discipline-au-burkina\" \/>\n<meta property=\"og:locale\" content=\"fr_FR\" \/>\n<meta property=\"og:type\" content=\"article\" \/>\n<meta property=\"og:title\" content=\"A\u00efkido : Un stage de renforcement pour favoriser la pratique de la discipline au Burkina\" \/>\n<meta property=\"og:description\" content=\"Dans le cadre du renforcement des capacit\u00e9s et de la coop\u00e9ration entre le Burkina Faso et le Mali, il s\u2019est tenu les ...\" \/>\n<meta property=\"og:url\" content=\"https:\/\/www.africa-press.net\/burkina-faso\/homepage-french\/aikido-un-stage-de-renforcement-pour-favoriser-la-pratique-de-la-discipline-au-burkina\" \/>\n<meta property=\"og:site_name\" content=\"Burkina Faso\" \/>\n<meta property=\"article:published_time\" content=\"2021-04-08T11:56:46+00:00\" \/>\n<meta property=\"article:modified_time\" content=\"2021-04-17T12:27:58+00:00\" \/>\n<meta property=\"og:image\" content=\"https:\/\/static.africa-press.net\/burkina\/sites\/42\/2021\/04\/img-606ecc849a961.jpg\" \/>\n\t<meta property=\"og:image:width\" content=\"720\" \/>\n\t<meta property=\"og:image:height\" content=\"540\" \/>\n\t<meta property=\"og:image:type\" content=\"image\/jpeg\" \/>\n<meta name=\"author\" content=\"cfeditorfr\" \/>\n<meta name=\"twitter:card\" content=\"summary_large_image\" \/>\n<meta name=\"twitter:label1\" content=\"\u00c9crit par\" \/>\n\t<meta name=\"twitter:data1\" content=\"cfeditorfr\" \/>\n\t<meta name=\"twitter:label2\" content=\"Dur\u00e9e de lecture estim\u00e9e\" \/>\n\t<meta name=\"twitter:data2\" content=\"3 minutes\" \/>\n<script type=\"application\/ld+json\" class=\"yoast-schema-graph\">{\"@context\":\"https:\/\/schema.org\",\"@graph\":[{\"@type\":\"Article\",\"@id\":\"https:\/\/www.africa-press.net\/burkina-faso\/homepage-french\/aikido-un-stage-de-renforcement-pour-favoriser-la-pratique-de-la-discipline-au-burkina#article\",\"isPartOf\":{\"@id\":\"https:\/\/www.africa-press.net\/burkina-faso\/homepage-french\/aikido-un-stage-de-renforcement-pour-favoriser-la-pratique-de-la-discipline-au-burkina\"},\"author\":{\"name\":\"cfeditorfr\",\"@id\":\"https:\/\/www.africa-press.net\/burkina-faso\/#\/schema\/person\/2b1cf3cd81a31e3cd26889ca66d677f1\"},\"headline\":\"A\u00efkido : Un stage de renforcement pour favoriser la pratique de la discipline au Burkina\",\"datePublished\":\"2021-04-08T11:56:46+00:00\",\"dateModified\":\"2021-04-17T12:27:58+00:00\",\"mainEntityOfPage\":{\"@id\":\"https:\/\/www.africa-press.net\/burkina-faso\/homepage-french\/aikido-un-stage-de-renforcement-pour-favoriser-la-pratique-de-la-discipline-au-burkina\"},\"wordCount\":578,\"commentCount\":0,\"image\":{\"@id\":\"https:\/\/www.africa-press.net\/burkina-faso\/homepage-french\/aikido-un-stage-de-renforcement-pour-favoriser-la-pratique-de-la-discipline-au-burkina#primaryimage\"},\"thumbnailUrl\":\"https:\/\/static.africa-press.net\/burkina\/sites\/42\/2021\/04\/img-606ecc849a961.jpg\",\"keywords\":[\"Africa Press\",\"Africa Press-Burkina Faso\",\"Burkina Faso\"],\"articleSection\":[\"homepage-french\",\"Sports\",\"Toutes les actualit\u00e9s\"],\"inLanguage\":\"fr-FR\",\"potentialAction\":[{\"@type\":\"CommentAction\",\"name\":\"Comment\",\"target\":[\"https:\/\/www.africa-press.net\/burkina-faso\/homepage-french\/aikido-un-stage-de-renforcement-pour-favoriser-la-pratique-de-la-discipline-au-burkina#respond\"]}]},{\"@type\":\"WebPage\",\"@id\":\"https:\/\/www.africa-press.net\/burkina-faso\/homepage-french\/aikido-un-stage-de-renforcement-pour-favoriser-la-pratique-de-la-discipline-au-burkina\",\"url\":\"https:\/\/www.africa-press.net\/burkina-faso\/homepage-french\/aikido-un-stage-de-renforcement-pour-favoriser-la-pratique-de-la-discipline-au-burkina\",\"name\":\"A\u00efkido : Un stage de renforcement pour favoriser la pratique de la discipline au Burkina - Burkina Faso\",\"isPartOf\":{\"@id\":\"https:\/\/www.africa-press.net\/burkina-faso\/#website\"},\"primaryImageOfPage\":{\"@id\":\"https:\/\/www.africa-press.net\/burkina-faso\/homepage-french\/aikido-un-stage-de-renforcement-pour-favoriser-la-pratique-de-la-discipline-au-burkina#primaryimage\"},\"image\":{\"@id\":\"https:\/\/www.africa-press.net\/burkina-faso\/homepage-french\/aikido-un-stage-de-renforcement-pour-favoriser-la-pratique-de-la-discipline-au-burkina#primaryimage\"},\"thumbnailUrl\":\"https:\/\/static.africa-press.net\/burkina\/sites\/42\/2021\/04\/img-606ecc849a961.jpg\",\"datePublished\":\"2021-04-08T11:56:46+00:00\",\"dateModified\":\"2021-04-17T12:27:58+00:00\",\"author\":{\"@id\":\"https:\/\/www.africa-press.net\/burkina-faso\/#\/schema\/person\/2b1cf3cd81a31e3cd26889ca66d677f1\"},\"description\":\"Dans le cadre du renforcement des capacit\u00e9s et de la coop\u00e9ration entre le Burkina Faso et le Mali, il s\u2019est tenu les ...\",\"breadcrumb\":{\"@id\":\"https:\/\/www.africa-press.net\/burkina-faso\/homepage-french\/aikido-un-stage-de-renforcement-pour-favoriser-la-pratique-de-la-discipline-au-burkina#breadcrumb\"},\"inLanguage\":\"fr-FR\",\"potentialAction\":[{\"@type\":\"ReadAction\",\"target\":[\"https:\/\/www.africa-press.net\/burkina-faso\/homepage-french\/aikido-un-stage-de-renforcement-pour-favoriser-la-pratique-de-la-discipline-au-burkina\"]}]},{\"@type\":\"ImageObject\",\"inLanguage\":\"fr-FR\",\"@id\":\"https:\/\/www.africa-press.net\/burkina-faso\/homepage-french\/aikido-un-stage-de-renforcement-pour-favoriser-la-pratique-de-la-discipline-au-burkina#primaryimage\",\"url\":\"https:\/\/static.africa-press.net\/burkina\/sites\/42\/2021\/04\/img-606ecc849a961.jpg\",\"contentUrl\":\"https:\/\/static.africa-press.net\/burkina\/sites\/42\/2021\/04\/img-606ecc849a961.jpg\",\"width\":720,\"height\":540,\"caption\":\"A\u00efkido : Un stage de renforcement pour favoriser la pratique de la discipline au Burkina\"},{\"@type\":\"BreadcrumbList\",\"@id\":\"https:\/\/www.africa-press.net\/burkina-faso\/homepage-french\/aikido-un-stage-de-renforcement-pour-favoriser-la-pratique-de-la-discipline-au-burkina#breadcrumb\",\"itemListElement\":[{\"@type\":\"ListItem\",\"position\":1,\"name\":\"Accueil\",\"item\":\"https:\/\/www.africa-press.net\/burkina-faso\/\"},{\"@type\":\"ListItem\",\"position\":2,\"name\":\"A\u00efkido : Un stage de renforcement pour favoriser la pratique de la discipline au Burkina\"}]},{\"@type\":\"WebSite\",\"@id\":\"https:\/\/www.africa-press.net\/burkina-faso\/#website\",\"url\":\"https:\/\/www.africa-press.net\/burkina-faso\/\",\"name\":\"Burkina Faso\",\"description\":\"Just another Africa News Agency Sites site\",\"potentialAction\":[{\"@type\":\"SearchAction\",\"target\":{\"@type\":\"EntryPoint\",\"urlTemplate\":\"https:\/\/www.africa-press.net\/burkina-faso\/?s={search_term_string}\"},\"query-input\":{\"@type\":\"PropertyValueSpecification\",\"valueRequired\":true,\"valueName\":\"search_term_string\"}}],\"inLanguage\":\"fr-FR\"},{\"@type\":\"Person\",\"@id\":\"https:\/\/www.africa-press.net\/burkina-faso\/#\/schema\/person\/2b1cf3cd81a31e3cd26889ca66d677f1\",\"name\":\"cfeditorfr\"}]}<\/script>\n<!-- \/ Yoast SEO Premium plugin. -->","yoast_head_json":{"title":"A\u00efkido : Un stage de renforcement pour favoriser la pratique de la discipline au Burkina - Burkina Faso","description":"Dans le cadre du renforcement des capacit\u00e9s et de la coop\u00e9ration entre le Burkina Faso et le Mali, il s\u2019est tenu les ...","robots":{"index":"index","follow":"follow","max-snippet":"max-snippet:-1","max-image-preview":"max-image-preview:large","max-video-preview":"max-video-preview:-1"},"canonical":"https:\/\/www.africa-press.net\/burkina-faso\/homepage-french\/aikido-un-stage-de-renforcement-pour-favoriser-la-pratique-de-la-discipline-au-burkina","og_locale":"fr_FR","og_type":"article","og_title":"A\u00efkido : Un stage de renforcement pour favoriser la pratique de la discipline au Burkina","og_description":"Dans le cadre du renforcement des capacit\u00e9s et de la coop\u00e9ration entre le Burkina Faso et le Mali, il s\u2019est tenu les ...","og_url":"https:\/\/www.africa-press.net\/burkina-faso\/homepage-french\/aikido-un-stage-de-renforcement-pour-favoriser-la-pratique-de-la-discipline-au-burkina","og_site_name":"Burkina Faso","article_published_time":"2021-04-08T11:56:46+00:00","article_modified_time":"2021-04-17T12:27:58+00:00","og_image":[{"width":720,"height":540,"url":"https:\/\/static.africa-press.net\/burkina\/sites\/42\/2021\/04\/img-606ecc849a961.jpg","type":"image\/jpeg"}],"author":"cfeditorfr","twitter_card":"summary_large_image","twitter_misc":{"\u00c9crit par":"cfeditorfr","Dur\u00e9e de lecture estim\u00e9e":"3 minutes"},"schema":{"@context":"https:\/\/schema.org","@graph":[{"@type":"Article","@id":"https:\/\/www.africa-press.net\/burkina-faso\/homepage-french\/aikido-un-stage-de-renforcement-pour-favoriser-la-pratique-de-la-discipline-au-burkina#article","isPartOf":{"@id":"https:\/\/www.africa-press.net\/burkina-faso\/homepage-french\/aikido-un-stage-de-renforcement-pour-favoriser-la-pratique-de-la-discipline-au-burkina"},"author":{"name":"cfeditorfr","@id":"https:\/\/www.africa-press.net\/burkina-faso\/#\/schema\/person\/2b1cf3cd81a31e3cd26889ca66d677f1"},"headline":"A\u00efkido : Un stage de renforcement pour favoriser la pratique de la discipline au Burkina","datePublished":"2021-04-08T11:56:46+00:00","dateModified":"2021-04-17T12:27:58+00:00","mainEntityOfPage":{"@id":"https:\/\/www.africa-press.net\/burkina-faso\/homepage-french\/aikido-un-stage-de-renforcement-pour-favoriser-la-pratique-de-la-discipline-au-burkina"},"wordCount":578,"commentCount":0,"image":{"@id":"https:\/\/www.africa-press.net\/burkina-faso\/homepage-french\/aikido-un-stage-de-renforcement-pour-favoriser-la-pratique-de-la-discipline-au-burkina#primaryimage"},"thumbnailUrl":"https:\/\/static.africa-press.net\/burkina\/sites\/42\/2021\/04\/img-606ecc849a961.jpg","keywords":["Africa Press","Africa Press-Burkina Faso","Burkina Faso"],"articleSection":["homepage-french","Sports","Toutes les actualit\u00e9s"],"inLanguage":"fr-FR","potentialAction":[{"@type":"CommentAction","name":"Comment","target":["https:\/\/www.africa-press.net\/burkina-faso\/homepage-french\/aikido-un-stage-de-renforcement-pour-favoriser-la-pratique-de-la-discipline-au-burkina#respond"]}]},{"@type":"WebPage","@id":"https:\/\/www.africa-press.net\/burkina-faso\/homepage-french\/aikido-un-stage-de-renforcement-pour-favoriser-la-pratique-de-la-discipline-au-burkina","url":"https:\/\/www.africa-press.net\/burkina-faso\/homepage-french\/aikido-un-stage-de-renforcement-pour-favoriser-la-pratique-de-la-discipline-au-burkina","name":"A\u00efkido : Un stage de renforcement pour favoriser la pratique de la discipline au Burkina - Burkina Faso","isPartOf":{"@id":"https:\/\/www.africa-press.net\/burkina-faso\/#website"},"primaryImageOfPage":{"@id":"https:\/\/www.africa-press.net\/burkina-faso\/homepage-french\/aikido-un-stage-de-renforcement-pour-favoriser-la-pratique-de-la-discipline-au-burkina#primaryimage"},"image":{"@id":"https:\/\/www.africa-press.net\/burkina-faso\/homepage-french\/aikido-un-stage-de-renforcement-pour-favoriser-la-pratique-de-la-discipline-au-burkina#primaryimage"},"thumbnailUrl":"https:\/\/static.africa-press.net\/burkina\/sites\/42\/2021\/04\/img-606ecc849a961.jpg","datePublished":"2021-04-08T11:56:46+00:00","dateModified":"2021-04-17T12:27:58+00:00","author":{"@id":"https:\/\/www.africa-press.net\/burkina-faso\/#\/schema\/person\/2b1cf3cd81a31e3cd26889ca66d677f1"},"description":"Dans le cadre du renforcement des capacit\u00e9s et de la coop\u00e9ration entre le Burkina Faso et le Mali, il s\u2019est tenu les ...","breadcrumb":{"@id":"https:\/\/www.africa-press.net\/burkina-faso\/homepage-french\/aikido-un-stage-de-renforcement-pour-favoriser-la-pratique-de-la-discipline-au-burkina#breadcrumb"},"inLanguage":"fr-FR","potentialAction":[{"@type":"ReadAction","target":["https:\/\/www.africa-press.net\/burkina-faso\/homepage-french\/aikido-un-stage-de-renforcement-pour-favoriser-la-pratique-de-la-discipline-au-burkina"]}]},{"@type":"ImageObject","inLanguage":"fr-FR","@id":"https:\/\/www.africa-press.net\/burkina-faso\/homepage-french\/aikido-un-stage-de-renforcement-pour-favoriser-la-pratique-de-la-discipline-au-burkina#primaryimage","url":"https:\/\/static.africa-press.net\/burkina\/sites\/42\/2021\/04\/img-606ecc849a961.jpg","contentUrl":"https:\/\/static.africa-press.net\/burkina\/sites\/42\/2021\/04\/img-606ecc849a961.jpg","width":720,"height":540,"caption":"A\u00efkido : Un stage de renforcement pour favoriser la pratique de la discipline au Burkina"},{"@type":"BreadcrumbList","@id":"https:\/\/www.africa-press.net\/burkina-faso\/homepage-french\/aikido-un-stage-de-renforcement-pour-favoriser-la-pratique-de-la-discipline-au-burkina#breadcrumb","itemListElement":[{"@type":"ListItem","position":1,"name":"Accueil","item":"https:\/\/www.africa-press.net\/burkina-faso\/"},{"@type":"ListItem","position":2,"name":"A\u00efkido : Un stage de renforcement pour favoriser la pratique de la discipline au Burkina"}]},{"@type":"WebSite","@id":"https:\/\/www.africa-press.net\/burkina-faso\/#website","url":"https:\/\/www.africa-press.net\/burkina-faso\/","name":"Burkina Faso","description":"Just another Africa News Agency Sites site","potentialAction":[{"@type":"SearchAction","target":{"@type":"EntryPoint","urlTemplate":"https:\/\/www.africa-press.net\/burkina-faso\/?s={search_term_string}"},"query-input":{"@type":"PropertyValueSpecification","valueRequired":true,"valueName":"search_term_string"}}],"inLanguage":"fr-FR"},{"@type":"Person","@id":"https:\/\/www.africa-press.net\/burkina-faso\/#\/schema\/person\/2b1cf3cd81a31e3cd26889ca66d677f1","name":"cfeditorfr"}]}},"_links":{"self":[{"href":"https:\/\/www.africa-press.net\/burkina-faso\/wp-json\/wp\/v2\/posts\/9484","targetHints":{"allow":["GET"]}}],"collection":[{"href":"https:\/\/www.africa-press.net\/burkina-faso\/wp-json\/wp\/v2\/posts"}],"about":[{"href":"https:\/\/www.africa-press.net\/burkina-faso\/wp-json\/wp\/v2\/types\/post"}],"author":[{"embeddable":true,"href":"https:\/\/www.africa-press.net\/burkina-faso\/wp-json\/wp\/v2\/users\/82"}],"replies":[{"embeddable":true,"href":"https:\/\/www.africa-press.net\/burkina-faso\/wp-json\/wp\/v2\/comments?post=9484"}],"version-history":[{"count":0,"href":"https:\/\/www.africa-press.net\/burkina-faso\/wp-json\/wp\/v2\/posts\/9484\/revisions"}],"wp:featuredmedia":[{"embeddable":true,"href":"https:\/\/www.africa-press.net\/burkina-faso\/wp-json\/wp\/v2\/media\/9483"}],"wp:attachment":[{"href":"https:\/\/www.africa-press.net\/burkina-faso\/wp-json\/wp\/v2\/media?parent=9484"}],"wp:term":[{"taxonomy":"category","embeddable":true,"href":"https:\/\/www.africa-press.net\/burkina-faso\/wp-json\/wp\/v2\/categories?post=9484"},{"taxonomy":"post_tag","embeddable":true,"href":"https:\/\/www.africa-press.net\/burkina-faso\/wp-json\/wp\/v2\/tags?post=9484"}],"curies":[{"name":"wp","href":"https:\/\/api.w.org\/{rel}","templated":true}]}}