{"id":9496,"date":"2021-04-08T12:25:49","date_gmt":"2021-04-08T12:25:49","guid":{"rendered":"https:\/\/www.africa-press.net\/burkina-faso\/?p=9496"},"modified":"2021-04-08T14:27:34","modified_gmt":"2021-04-08T14:27:34","slug":"agriculture-la-22e-edition-de-la-journee-nationale-du-paysan-se-tiendra-le-23-avril-2021-a-manga","status":"publish","type":"post","link":"https:\/\/www.africa-press.net\/burkina-faso\/economie\/agriculture-la-22e-edition-de-la-journee-nationale-du-paysan-se-tiendra-le-23-avril-2021-a-manga","title":{"rendered":"Agriculture : La 22e \u00e9dition de la journ\u00e9e nationale du paysan se tiendra le 23 avril 2021 \u00e0 Manga"},"content":{"rendered":"<p><span style=\"color: #ff6600\"><strong><a href=\"https:\/\/www.africa-press.net\/\">Africa-Press<\/a> &#8211; <a href=\"https:\/\/www.africa-press.net\/burkina-faso\">Burkina Faso<\/a>. <\/strong><\/span><b>Le ministre de l\u2019Agriculture, des Am\u00e9nagements hydro-agricoles et de la M\u00e9canisation, Salifou Ou\u00e9draogo, a proc\u00e9d\u00e9 ce mardi 6 avril 2021 \u00e0 l\u2019installation du Comit\u00e9 national d\u2019orientation et de pilotage ainsi que du Comit\u00e9 national d\u2019organisation de la journ\u00e9e nationale du paysan. La 22e \u00e9dition se tiendra le 23 avril 2021 sous le th\u00e8me : \u00ab Impacts socio-\u00e9conomiques des crises s\u00e9curitaires et sanitaires sur les secteurs productifs du monde rural : quelles strat\u00e9gies de r\u00e9silience ? \u00bb.<\/b><\/p>\n<p>Apr\u00e8s Gaoua en 2019, c\u2019est Manga chef-lieu de la r\u00e9gion du Centre-Sud qui accueille cette ann\u00e9e la Journ\u00e9e nationale du paysan (JNP). La JNP faut-il le rappeler, a pour objectif de proposer des solutions pour am\u00e9liorer le d\u00e9veloppement du secteur agricole. Au regard du contexte sanitaire engendr\u00e9 par la pand\u00e9mie du covid-19, plusieurs r\u00e9am\u00e9nagements ont \u00e9t\u00e9 faits au niveau des activit\u00e9s au programme.<br \/>\nD\u00e9j\u00e0, toutes les activit\u00e9s que sont la d\u00e9coration des producteurs m\u00e9ritants ainsi que l\u2019entretien direct entre les acteurs du monde rural et le chef de l\u2019Etat vont se tenir dans la seule et m\u00eame journ\u00e9e du 23 avril 2021.<\/p>\n<p>Aussi, le nombre de participants a \u00e9t\u00e9 r\u00e9duit \u00e0 600 contre 1500 pour les \u00e9ditions ant\u00e9rieures, et la Foire agro-sylvo-pastorale, halieutique et faunique n\u2019aura pas lieu cette ann\u00e9e. Afin de pr\u00e9parer le face \u00e0 face avec le pr\u00e9sident du Faso, des fora se tiendront dans les r\u00e9gions et seront suivis d\u2019une mise en commun qui va permettre de faire le point des d\u00e9cisions prises par les organisations du monde rural. Il est \u00e9galement pr\u00e9vu, selon le ministre en charge de l\u2019agriculture, un atelier national sectoriel qui va concerner l\u2019\u00e9levage, l\u2019agriculture, l\u2019environnement pour tirer des enseignements qui seront partag\u00e9s lors des \u00e9changes avec le chef de l\u2019Etat.<\/p>\n<p>En installant le Comit\u00e9 national d\u2019organisation, Salifou Ou\u00e9draogo a invit\u00e9 les membres qui le composent \u00e0 d\u00e9marrer instamment leurs travaux respectifs afin que le rendez-vous du 23 avril avec les acteurs du monde rural soit respect\u00e9. \u00ab Nous attendons du comit\u00e9 qu\u2019il puisse se mettre rapidement \u00e0 la t\u00e2che. Qu\u2019il puisse au niveau de chaque secteur, d\u00e9finir le r\u00f4le de chaque acteur, le budget \u00e0 allouer, ainsi que les dispositions \u00e0 prendre pour que tous les paysans qui vont venir de toutes les r\u00e9gions puissent \u00eatre bien nourris, bien log\u00e9s et que le transport et la s\u00e9curit\u00e9 soient assur\u00e9s. Nous voudrons donc que d\u00e8s aujourd\u2019hui, l\u2019installation de ce comit\u00e9 d\u2019organisation puisse faire en sorte que cette 22e journ\u00e9e nationale du paysan puisse se tenir dans de bonnes conditions \u00bb, a-t-il affirm\u00e9.<\/p>\n<p>A l\u2019issue de leur installation, le Comit\u00e9 national d\u2019orientation et de pilotage et le Comit\u00e9 national d\u2019organisation de la journ\u00e9e nationale du paysan ont eu une s\u00e9ance de travail avec le ministre de l\u2019Agriculture.<\/p>\n<p><b>\u00a0<\/b><\/p>\n","protected":false},"excerpt":{"rendered":"<p>Africa-Press &#8211; Burkina Faso. Le ministre de l\u2019Agriculture, des Am\u00e9nagements hydro-agricoles et de la M\u00e9canisation, Salifou Ou\u00e9draogo, a proc\u00e9d\u00e9 ce mardi 6 avril 2021 \u00e0 l\u2019installation du Comit\u00e9 national d\u2019orientation et de pilotage ainsi que du Comit\u00e9 national d\u2019organisation de la journ\u00e9e nationale du paysan. La 22e \u00e9dition se tiendra le 23 avril 2021 sous [&hellip;]<\/p>\n","protected":false},"author":82,"featured_media":9495,"comment_status":"open","ping_status":"closed","sticky":false,"template":"","format":"standard","meta":{"footnotes":""},"categories":[3,11,10],"tags":[111,725,29],"class_list":["post-9496","post","type-post","status-publish","format-standard","has-post-thumbnail","hentry","category-economie","category-homepage-french","category-toutes-les-actualites","tag-africa-press","tag-africa-press-burkina-faso","tag-burkina-faso"],"yoast_head":"<!-- This site is optimized with the Yoast SEO Premium plugin v26.1 (Yoast SEO v27.0) - https:\/\/yoast.com\/product\/yoast-seo-premium-wordpress\/ -->\n<title>Agriculture : La 22e \u00e9dition de la journ\u00e9e nationale du paysan se tiendra le 23 avril 2021 \u00e0 Manga - Burkina Faso<\/title>\n<meta name=\"description\" content=\"Le ministre de l\u2019Agriculture, des Am\u00e9nagements hydro-agricoles et de la M\u00e9canisation, Salifou Ou\u00e9draogo, a proc\u00e9d\u00e9 ce ...\" \/>\n<meta name=\"robots\" content=\"index, follow, max-snippet:-1, max-image-preview:large, max-video-preview:-1\" \/>\n<link rel=\"canonical\" href=\"https:\/\/www.africa-press.net\/burkina-faso\/economie\/agriculture-la-22e-edition-de-la-journee-nationale-du-paysan-se-tiendra-le-23-avril-2021-a-manga\" \/>\n<meta property=\"og:locale\" content=\"fr_FR\" \/>\n<meta property=\"og:type\" content=\"article\" \/>\n<meta property=\"og:title\" content=\"Agriculture : La 22e \u00e9dition de la journ\u00e9e nationale du paysan se tiendra le 23 avril 2021 \u00e0 Manga\" \/>\n<meta property=\"og:description\" content=\"Le ministre de l\u2019Agriculture, des Am\u00e9nagements hydro-agricoles et de la M\u00e9canisation, Salifou Ou\u00e9draogo, a proc\u00e9d\u00e9 ce ...\" \/>\n<meta property=\"og:url\" content=\"https:\/\/www.africa-press.net\/burkina-faso\/economie\/agriculture-la-22e-edition-de-la-journee-nationale-du-paysan-se-tiendra-le-23-avril-2021-a-manga\" \/>\n<meta property=\"og:site_name\" content=\"Burkina Faso\" \/>\n<meta property=\"article:published_time\" content=\"2021-04-08T12:25:49+00:00\" \/>\n<meta property=\"article:modified_time\" content=\"2021-04-08T14:27:34+00:00\" \/>\n<meta property=\"og:image\" content=\"https:\/\/static.africa-press.net\/burkina\/sites\/42\/2021\/04\/img-606ecd3b32246.jpg\" \/>\n\t<meta property=\"og:image:width\" content=\"720\" \/>\n\t<meta property=\"og:image:height\" content=\"731\" \/>\n\t<meta property=\"og:image:type\" content=\"image\/jpeg\" \/>\n<meta name=\"author\" content=\"cfeditorfr\" \/>\n<meta name=\"twitter:card\" content=\"summary_large_image\" \/>\n<meta name=\"twitter:label1\" content=\"\u00c9crit par\" \/>\n\t<meta name=\"twitter:data1\" content=\"cfeditorfr\" \/>\n\t<meta name=\"twitter:label2\" content=\"Dur\u00e9e de lecture estim\u00e9e\" \/>\n\t<meta name=\"twitter:data2\" content=\"2 minutes\" \/>\n<script type=\"application\/ld+json\" class=\"yoast-schema-graph\">{\"@context\":\"https:\/\/schema.org\",\"@graph\":[{\"@type\":\"Article\",\"@id\":\"https:\/\/www.africa-press.net\/burkina-faso\/economie\/agriculture-la-22e-edition-de-la-journee-nationale-du-paysan-se-tiendra-le-23-avril-2021-a-manga#article\",\"isPartOf\":{\"@id\":\"https:\/\/www.africa-press.net\/burkina-faso\/economie\/agriculture-la-22e-edition-de-la-journee-nationale-du-paysan-se-tiendra-le-23-avril-2021-a-manga\"},\"author\":{\"name\":\"cfeditorfr\",\"@id\":\"https:\/\/www.africa-press.net\/burkina-faso\/#\/schema\/person\/2b1cf3cd81a31e3cd26889ca66d677f1\"},\"headline\":\"Agriculture : La 22e \u00e9dition de la journ\u00e9e nationale du paysan se tiendra le 23 avril 2021 \u00e0 Manga\",\"datePublished\":\"2021-04-08T12:25:49+00:00\",\"dateModified\":\"2021-04-08T14:27:34+00:00\",\"mainEntityOfPage\":{\"@id\":\"https:\/\/www.africa-press.net\/burkina-faso\/economie\/agriculture-la-22e-edition-de-la-journee-nationale-du-paysan-se-tiendra-le-23-avril-2021-a-manga\"},\"wordCount\":517,\"commentCount\":0,\"image\":{\"@id\":\"https:\/\/www.africa-press.net\/burkina-faso\/economie\/agriculture-la-22e-edition-de-la-journee-nationale-du-paysan-se-tiendra-le-23-avril-2021-a-manga#primaryimage\"},\"thumbnailUrl\":\"https:\/\/static.africa-press.net\/burkina\/sites\/42\/2021\/04\/img-606ecd3b32246.jpg\",\"keywords\":[\"Africa Press\",\"Africa Press-Burkina Faso\",\"Burkina Faso\"],\"articleSection\":[\"\u00c9conomie\",\"homepage-french\",\"Toutes les actualit\u00e9s\"],\"inLanguage\":\"fr-FR\",\"potentialAction\":[{\"@type\":\"CommentAction\",\"name\":\"Comment\",\"target\":[\"https:\/\/www.africa-press.net\/burkina-faso\/economie\/agriculture-la-22e-edition-de-la-journee-nationale-du-paysan-se-tiendra-le-23-avril-2021-a-manga#respond\"]}]},{\"@type\":\"WebPage\",\"@id\":\"https:\/\/www.africa-press.net\/burkina-faso\/economie\/agriculture-la-22e-edition-de-la-journee-nationale-du-paysan-se-tiendra-le-23-avril-2021-a-manga\",\"url\":\"https:\/\/www.africa-press.net\/burkina-faso\/economie\/agriculture-la-22e-edition-de-la-journee-nationale-du-paysan-se-tiendra-le-23-avril-2021-a-manga\",\"name\":\"Agriculture : La 22e \u00e9dition de la journ\u00e9e nationale du paysan se tiendra le 23 avril 2021 \u00e0 Manga - Burkina Faso\",\"isPartOf\":{\"@id\":\"https:\/\/www.africa-press.net\/burkina-faso\/#website\"},\"primaryImageOfPage\":{\"@id\":\"https:\/\/www.africa-press.net\/burkina-faso\/economie\/agriculture-la-22e-edition-de-la-journee-nationale-du-paysan-se-tiendra-le-23-avril-2021-a-manga#primaryimage\"},\"image\":{\"@id\":\"https:\/\/www.africa-press.net\/burkina-faso\/economie\/agriculture-la-22e-edition-de-la-journee-nationale-du-paysan-se-tiendra-le-23-avril-2021-a-manga#primaryimage\"},\"thumbnailUrl\":\"https:\/\/static.africa-press.net\/burkina\/sites\/42\/2021\/04\/img-606ecd3b32246.jpg\",\"datePublished\":\"2021-04-08T12:25:49+00:00\",\"dateModified\":\"2021-04-08T14:27:34+00:00\",\"author\":{\"@id\":\"https:\/\/www.africa-press.net\/burkina-faso\/#\/schema\/person\/2b1cf3cd81a31e3cd26889ca66d677f1\"},\"description\":\"Le ministre de l\u2019Agriculture, des Am\u00e9nagements hydro-agricoles et de la M\u00e9canisation, Salifou Ou\u00e9draogo, a proc\u00e9d\u00e9 ce ...\",\"breadcrumb\":{\"@id\":\"https:\/\/www.africa-press.net\/burkina-faso\/economie\/agriculture-la-22e-edition-de-la-journee-nationale-du-paysan-se-tiendra-le-23-avril-2021-a-manga#breadcrumb\"},\"inLanguage\":\"fr-FR\",\"potentialAction\":[{\"@type\":\"ReadAction\",\"target\":[\"https:\/\/www.africa-press.net\/burkina-faso\/economie\/agriculture-la-22e-edition-de-la-journee-nationale-du-paysan-se-tiendra-le-23-avril-2021-a-manga\"]}]},{\"@type\":\"ImageObject\",\"inLanguage\":\"fr-FR\",\"@id\":\"https:\/\/www.africa-press.net\/burkina-faso\/economie\/agriculture-la-22e-edition-de-la-journee-nationale-du-paysan-se-tiendra-le-23-avril-2021-a-manga#primaryimage\",\"url\":\"https:\/\/static.africa-press.net\/burkina\/sites\/42\/2021\/04\/img-606ecd3b32246.jpg\",\"contentUrl\":\"https:\/\/static.africa-press.net\/burkina\/sites\/42\/2021\/04\/img-606ecd3b32246.jpg\",\"width\":720,\"height\":731,\"caption\":\"Agriculture : La 22e \u00e9dition de la journ\u00e9e nationale du paysan se tiendra le 23 avril 2021 \u00e0 Manga\"},{\"@type\":\"BreadcrumbList\",\"@id\":\"https:\/\/www.africa-press.net\/burkina-faso\/economie\/agriculture-la-22e-edition-de-la-journee-nationale-du-paysan-se-tiendra-le-23-avril-2021-a-manga#breadcrumb\",\"itemListElement\":[{\"@type\":\"ListItem\",\"position\":1,\"name\":\"Accueil\",\"item\":\"https:\/\/www.africa-press.net\/burkina-faso\/\"},{\"@type\":\"ListItem\",\"position\":2,\"name\":\"Agriculture : La 22e \u00e9dition de la journ\u00e9e nationale du paysan se tiendra le 23 avril 2021 \u00e0 Manga\"}]},{\"@type\":\"WebSite\",\"@id\":\"https:\/\/www.africa-press.net\/burkina-faso\/#website\",\"url\":\"https:\/\/www.africa-press.net\/burkina-faso\/\",\"name\":\"Burkina Faso\",\"description\":\"Just another Africa News Agency Sites site\",\"potentialAction\":[{\"@type\":\"SearchAction\",\"target\":{\"@type\":\"EntryPoint\",\"urlTemplate\":\"https:\/\/www.africa-press.net\/burkina-faso\/?s={search_term_string}\"},\"query-input\":{\"@type\":\"PropertyValueSpecification\",\"valueRequired\":true,\"valueName\":\"search_term_string\"}}],\"inLanguage\":\"fr-FR\"},{\"@type\":\"Person\",\"@id\":\"https:\/\/www.africa-press.net\/burkina-faso\/#\/schema\/person\/2b1cf3cd81a31e3cd26889ca66d677f1\",\"name\":\"cfeditorfr\"}]}<\/script>\n<!-- \/ Yoast SEO Premium plugin. -->","yoast_head_json":{"title":"Agriculture : La 22e \u00e9dition de la journ\u00e9e nationale du paysan se tiendra le 23 avril 2021 \u00e0 Manga - Burkina Faso","description":"Le ministre de l\u2019Agriculture, des Am\u00e9nagements hydro-agricoles et de la M\u00e9canisation, Salifou Ou\u00e9draogo, a proc\u00e9d\u00e9 ce ...","robots":{"index":"index","follow":"follow","max-snippet":"max-snippet:-1","max-image-preview":"max-image-preview:large","max-video-preview":"max-video-preview:-1"},"canonical":"https:\/\/www.africa-press.net\/burkina-faso\/economie\/agriculture-la-22e-edition-de-la-journee-nationale-du-paysan-se-tiendra-le-23-avril-2021-a-manga","og_locale":"fr_FR","og_type":"article","og_title":"Agriculture : La 22e \u00e9dition de la journ\u00e9e nationale du paysan se tiendra le 23 avril 2021 \u00e0 Manga","og_description":"Le ministre de l\u2019Agriculture, des Am\u00e9nagements hydro-agricoles et de la M\u00e9canisation, Salifou Ou\u00e9draogo, a proc\u00e9d\u00e9 ce ...","og_url":"https:\/\/www.africa-press.net\/burkina-faso\/economie\/agriculture-la-22e-edition-de-la-journee-nationale-du-paysan-se-tiendra-le-23-avril-2021-a-manga","og_site_name":"Burkina Faso","article_published_time":"2021-04-08T12:25:49+00:00","article_modified_time":"2021-04-08T14:27:34+00:00","og_image":[{"width":720,"height":731,"url":"https:\/\/static.africa-press.net\/burkina\/sites\/42\/2021\/04\/img-606ecd3b32246.jpg","type":"image\/jpeg"}],"author":"cfeditorfr","twitter_card":"summary_large_image","twitter_misc":{"\u00c9crit par":"cfeditorfr","Dur\u00e9e de lecture estim\u00e9e":"2 minutes"},"schema":{"@context":"https:\/\/schema.org","@graph":[{"@type":"Article","@id":"https:\/\/www.africa-press.net\/burkina-faso\/economie\/agriculture-la-22e-edition-de-la-journee-nationale-du-paysan-se-tiendra-le-23-avril-2021-a-manga#article","isPartOf":{"@id":"https:\/\/www.africa-press.net\/burkina-faso\/economie\/agriculture-la-22e-edition-de-la-journee-nationale-du-paysan-se-tiendra-le-23-avril-2021-a-manga"},"author":{"name":"cfeditorfr","@id":"https:\/\/www.africa-press.net\/burkina-faso\/#\/schema\/person\/2b1cf3cd81a31e3cd26889ca66d677f1"},"headline":"Agriculture : La 22e \u00e9dition de la journ\u00e9e nationale du paysan se tiendra le 23 avril 2021 \u00e0 Manga","datePublished":"2021-04-08T12:25:49+00:00","dateModified":"2021-04-08T14:27:34+00:00","mainEntityOfPage":{"@id":"https:\/\/www.africa-press.net\/burkina-faso\/economie\/agriculture-la-22e-edition-de-la-journee-nationale-du-paysan-se-tiendra-le-23-avril-2021-a-manga"},"wordCount":517,"commentCount":0,"image":{"@id":"https:\/\/www.africa-press.net\/burkina-faso\/economie\/agriculture-la-22e-edition-de-la-journee-nationale-du-paysan-se-tiendra-le-23-avril-2021-a-manga#primaryimage"},"thumbnailUrl":"https:\/\/static.africa-press.net\/burkina\/sites\/42\/2021\/04\/img-606ecd3b32246.jpg","keywords":["Africa Press","Africa Press-Burkina Faso","Burkina Faso"],"articleSection":["\u00c9conomie","homepage-french","Toutes les actualit\u00e9s"],"inLanguage":"fr-FR","potentialAction":[{"@type":"CommentAction","name":"Comment","target":["https:\/\/www.africa-press.net\/burkina-faso\/economie\/agriculture-la-22e-edition-de-la-journee-nationale-du-paysan-se-tiendra-le-23-avril-2021-a-manga#respond"]}]},{"@type":"WebPage","@id":"https:\/\/www.africa-press.net\/burkina-faso\/economie\/agriculture-la-22e-edition-de-la-journee-nationale-du-paysan-se-tiendra-le-23-avril-2021-a-manga","url":"https:\/\/www.africa-press.net\/burkina-faso\/economie\/agriculture-la-22e-edition-de-la-journee-nationale-du-paysan-se-tiendra-le-23-avril-2021-a-manga","name":"Agriculture : La 22e \u00e9dition de la journ\u00e9e nationale du paysan se tiendra le 23 avril 2021 \u00e0 Manga - Burkina Faso","isPartOf":{"@id":"https:\/\/www.africa-press.net\/burkina-faso\/#website"},"primaryImageOfPage":{"@id":"https:\/\/www.africa-press.net\/burkina-faso\/economie\/agriculture-la-22e-edition-de-la-journee-nationale-du-paysan-se-tiendra-le-23-avril-2021-a-manga#primaryimage"},"image":{"@id":"https:\/\/www.africa-press.net\/burkina-faso\/economie\/agriculture-la-22e-edition-de-la-journee-nationale-du-paysan-se-tiendra-le-23-avril-2021-a-manga#primaryimage"},"thumbnailUrl":"https:\/\/static.africa-press.net\/burkina\/sites\/42\/2021\/04\/img-606ecd3b32246.jpg","datePublished":"2021-04-08T12:25:49+00:00","dateModified":"2021-04-08T14:27:34+00:00","author":{"@id":"https:\/\/www.africa-press.net\/burkina-faso\/#\/schema\/person\/2b1cf3cd81a31e3cd26889ca66d677f1"},"description":"Le ministre de l\u2019Agriculture, des Am\u00e9nagements hydro-agricoles et de la M\u00e9canisation, Salifou Ou\u00e9draogo, a proc\u00e9d\u00e9 ce ...","breadcrumb":{"@id":"https:\/\/www.africa-press.net\/burkina-faso\/economie\/agriculture-la-22e-edition-de-la-journee-nationale-du-paysan-se-tiendra-le-23-avril-2021-a-manga#breadcrumb"},"inLanguage":"fr-FR","potentialAction":[{"@type":"ReadAction","target":["https:\/\/www.africa-press.net\/burkina-faso\/economie\/agriculture-la-22e-edition-de-la-journee-nationale-du-paysan-se-tiendra-le-23-avril-2021-a-manga"]}]},{"@type":"ImageObject","inLanguage":"fr-FR","@id":"https:\/\/www.africa-press.net\/burkina-faso\/economie\/agriculture-la-22e-edition-de-la-journee-nationale-du-paysan-se-tiendra-le-23-avril-2021-a-manga#primaryimage","url":"https:\/\/static.africa-press.net\/burkina\/sites\/42\/2021\/04\/img-606ecd3b32246.jpg","contentUrl":"https:\/\/static.africa-press.net\/burkina\/sites\/42\/2021\/04\/img-606ecd3b32246.jpg","width":720,"height":731,"caption":"Agriculture : La 22e \u00e9dition de la journ\u00e9e nationale du paysan se tiendra le 23 avril 2021 \u00e0 Manga"},{"@type":"BreadcrumbList","@id":"https:\/\/www.africa-press.net\/burkina-faso\/economie\/agriculture-la-22e-edition-de-la-journee-nationale-du-paysan-se-tiendra-le-23-avril-2021-a-manga#breadcrumb","itemListElement":[{"@type":"ListItem","position":1,"name":"Accueil","item":"https:\/\/www.africa-press.net\/burkina-faso\/"},{"@type":"ListItem","position":2,"name":"Agriculture : La 22e \u00e9dition de la journ\u00e9e nationale du paysan se tiendra le 23 avril 2021 \u00e0 Manga"}]},{"@type":"WebSite","@id":"https:\/\/www.africa-press.net\/burkina-faso\/#website","url":"https:\/\/www.africa-press.net\/burkina-faso\/","name":"Burkina Faso","description":"Just another Africa News Agency Sites site","potentialAction":[{"@type":"SearchAction","target":{"@type":"EntryPoint","urlTemplate":"https:\/\/www.africa-press.net\/burkina-faso\/?s={search_term_string}"},"query-input":{"@type":"PropertyValueSpecification","valueRequired":true,"valueName":"search_term_string"}}],"inLanguage":"fr-FR"},{"@type":"Person","@id":"https:\/\/www.africa-press.net\/burkina-faso\/#\/schema\/person\/2b1cf3cd81a31e3cd26889ca66d677f1","name":"cfeditorfr"}]}},"_links":{"self":[{"href":"https:\/\/www.africa-press.net\/burkina-faso\/wp-json\/wp\/v2\/posts\/9496","targetHints":{"allow":["GET"]}}],"collection":[{"href":"https:\/\/www.africa-press.net\/burkina-faso\/wp-json\/wp\/v2\/posts"}],"about":[{"href":"https:\/\/www.africa-press.net\/burkina-faso\/wp-json\/wp\/v2\/types\/post"}],"author":[{"embeddable":true,"href":"https:\/\/www.africa-press.net\/burkina-faso\/wp-json\/wp\/v2\/users\/82"}],"replies":[{"embeddable":true,"href":"https:\/\/www.africa-press.net\/burkina-faso\/wp-json\/wp\/v2\/comments?post=9496"}],"version-history":[{"count":0,"href":"https:\/\/www.africa-press.net\/burkina-faso\/wp-json\/wp\/v2\/posts\/9496\/revisions"}],"wp:featuredmedia":[{"embeddable":true,"href":"https:\/\/www.africa-press.net\/burkina-faso\/wp-json\/wp\/v2\/media\/9495"}],"wp:attachment":[{"href":"https:\/\/www.africa-press.net\/burkina-faso\/wp-json\/wp\/v2\/media?parent=9496"}],"wp:term":[{"taxonomy":"category","embeddable":true,"href":"https:\/\/www.africa-press.net\/burkina-faso\/wp-json\/wp\/v2\/categories?post=9496"},{"taxonomy":"post_tag","embeddable":true,"href":"https:\/\/www.africa-press.net\/burkina-faso\/wp-json\/wp\/v2\/tags?post=9496"}],"curies":[{"name":"wp","href":"https:\/\/api.w.org\/{rel}","templated":true}]}}