{"id":95539,"date":"2024-09-16T17:35:19","date_gmt":"2024-09-16T17:35:19","guid":{"rendered":"https:\/\/www.africa-press.net\/burkina-faso\/politique\/an-i-de-lalliance-des-etats-du-sahel-aes-bientot-une-banque-dinvestissement-et-un-fonds-de-stabilisation"},"modified":"2024-09-16T17:55:07","modified_gmt":"2024-09-16T17:55:07","slug":"an-i-de-lalliance-des-etats-du-sahel-aes-bientot-une-banque-dinvestissement-et-un-fonds-de-stabilisation","status":"publish","type":"post","link":"https:\/\/www.africa-press.net\/burkina-faso\/politique\/an-i-de-lalliance-des-etats-du-sahel-aes-bientot-une-banque-dinvestissement-et-un-fonds-de-stabilisation","title":{"rendered":"An I de l&rsquo;Alliance des Etats du Sahel (AES) : Bient\u00f4t une Banque d&rsquo;investissement et un Fonds de stabilisation"},"content":{"rendered":"<p><span style=\"color: #ff6600\"><strong>Africa-Press &#8211; Burkina Faso. <\/strong><\/span>Le pre\u0301sident en exercice de l\u2019Alliance des E\u0301tats du Sahel, le Colonel Assimi Goi\u0308ta a livre\u0301 un message ce 15 septembre 2024 a\u0300 l\u2019occasion du premier anniversaire de la signature de la Charte qui a donne\u0301 naissance a\u0300 l\u2019AES.<\/p>\n<p>Dans son allocution, il souligne que dans le cadre de cette alliance, le Burkina Faso, le Mali et le Niger me\u0300nent conjointement la lutte contre le terrorisme avec des victoires a\u0300 la cle\u0301 et travaillent quotidiennement a\u0300 relever les de\u0301fis se\u0301curitaires.<\/p>\n<p>Il indique qu\u2019outre la se\u0301curite\u0301, la confe\u0301de\u0301ration se fonde sur deux autres piliers que sont la diplomatie et le de\u0301veloppement.<\/p>\n<p>L\u2019AES reste ainsi ouverte a\u0300 tous les partenariats avec les pays de la sous-re\u0301gion dans le strict respect de la souverainete\u0301 de chaque pays et du principe de non inge\u0301rence.<\/p>\n<p>Le colonel Assimi Goi\u0308ta de\u0301clare par ailleurs, que l\u2019AES est avant tout une alliance des peuples et travaille a\u0300 prote\u0300ger les populations et ame\u0301liorer leur bien-e\u0302tre.<\/p>\n<p>En ce qui concerne le de\u0301veloppement, l\u2019AES veut renforcer l\u2019inte\u0301gration e\u0301conomique et sociale en ame\u0301liorant la libre circulation des biens et des personnes.<\/p>\n<p>Il est ainsi pre\u0301vu la cre\u0301ation d\u2019une Banque d\u2019investissement et un Fonds de stabilisation.<\/p>\n<p>Il est aussi pre\u0301vu la mise en circulation d\u2019un passeport AES.<\/p>\n<p>L\u2019autre annonce faite par le pre\u0301sident en exercice de l\u2019AES est la cre\u0301ation d\u2019une chaine d\u2019information commune pour assurer une diffusion harmonieuse des informations des trois pays.<\/p>\n<p>Pour conclure, Assimi Goi\u0308ta de\u0301clare que l\u2019AES s\u2019engage a\u0300 travailler a\u0300 faire du Sahel un espace de paix.<\/p>\n<p><strong>Pour plus d&rsquo;informations et d&rsquo;analyses sur la Burkina Faso, suivez Africa-Press<\/strong><\/p>\n","protected":false},"excerpt":{"rendered":"<p>Africa-Press &#8211; Burkina Faso. Le pre\u0301sident en exercice de l\u2019Alliance des E\u0301tats du Sahel, le Colonel Assimi Goi\u0308ta a livre\u0301 un message ce 15 septembre 2024 a\u0300 l\u2019occasion du premier anniversaire de la signature de la Charte qui a donne\u0301 naissance a\u0300 l\u2019AES. Dans son allocution, il souligne que dans le cadre de cette alliance, [&hellip;]<\/p>\n","protected":false},"author":82,"featured_media":95538,"comment_status":"open","ping_status":"closed","sticky":false,"template":"","format":"standard","meta":{"footnotes":""},"categories":[2,10],"tags":[29],"class_list":["post-95539","post","type-post","status-publish","format-standard","has-post-thumbnail","hentry","category-politique","category-toutes-les-actualites","tag-burkina-faso"],"yoast_head":"<!-- This site is optimized with the Yoast SEO Premium plugin v26.1 (Yoast SEO v27.0) - https:\/\/yoast.com\/product\/yoast-seo-premium-wordpress\/ -->\n<title>An I de l&#039;Alliance des Etats du Sahel (AES) : Bient\u00f4t une Banque d&#039;investissement et un Fonds de stabilisation - Burkina Faso<\/title>\n<meta name=\"description\" content=\"Le pre\u0301sident en exercice de l\u2019Alliance des E\u0301tats du Sahel, le Colonel Assimi Goi\u0308ta a livre\u0301 un message ce 15 septembr ...\" \/>\n<meta name=\"robots\" content=\"index, follow, max-snippet:-1, max-image-preview:large, max-video-preview:-1\" \/>\n<link rel=\"canonical\" href=\"https:\/\/www.africa-press.net\/burkina-faso\/politique\/an-i-de-lalliance-des-etats-du-sahel-aes-bientot-une-banque-dinvestissement-et-un-fonds-de-stabilisation\" \/>\n<meta property=\"og:locale\" content=\"fr_FR\" \/>\n<meta property=\"og:type\" content=\"article\" \/>\n<meta property=\"og:title\" content=\"An I de l&#039;Alliance des Etats du Sahel (AES) : Bient\u00f4t une Banque d&#039;investissement et un Fonds de stabilisation\" \/>\n<meta property=\"og:description\" content=\"Le pre\u0301sident en exercice de l\u2019Alliance des E\u0301tats du Sahel, le Colonel Assimi Goi\u0308ta a livre\u0301 un message ce 15 septembr ...\" \/>\n<meta property=\"og:url\" content=\"https:\/\/www.africa-press.net\/burkina-faso\/politique\/an-i-de-lalliance-des-etats-du-sahel-aes-bientot-une-banque-dinvestissement-et-un-fonds-de-stabilisation\" \/>\n<meta property=\"og:site_name\" content=\"Burkina Faso\" \/>\n<meta property=\"article:published_time\" content=\"2024-09-16T17:35:19+00:00\" \/>\n<meta property=\"article:modified_time\" content=\"2024-09-16T17:55:07+00:00\" \/>\n<meta property=\"og:image\" content=\"https:\/\/static.africa-press.net\/burkina\/sites\/42\/2024\/09\/sm_1726496689.985772.jpg\" \/>\n\t<meta property=\"og:image:width\" content=\"720\" \/>\n\t<meta property=\"og:image:height\" content=\"460\" \/>\n\t<meta property=\"og:image:type\" content=\"image\/jpeg\" \/>\n<meta name=\"author\" content=\"cfeditorfr\" \/>\n<meta name=\"twitter:card\" content=\"summary_large_image\" \/>\n<meta name=\"twitter:label1\" content=\"\u00c9crit par\" \/>\n\t<meta name=\"twitter:data1\" content=\"cfeditorfr\" \/>\n\t<meta name=\"twitter:label2\" content=\"Dur\u00e9e de lecture estim\u00e9e\" \/>\n\t<meta name=\"twitter:data2\" content=\"2 minutes\" \/>\n<script type=\"application\/ld+json\" class=\"yoast-schema-graph\">{\"@context\":\"https:\/\/schema.org\",\"@graph\":[{\"@type\":\"Article\",\"@id\":\"https:\/\/www.africa-press.net\/burkina-faso\/politique\/an-i-de-lalliance-des-etats-du-sahel-aes-bientot-une-banque-dinvestissement-et-un-fonds-de-stabilisation#article\",\"isPartOf\":{\"@id\":\"https:\/\/www.africa-press.net\/burkina-faso\/politique\/an-i-de-lalliance-des-etats-du-sahel-aes-bientot-une-banque-dinvestissement-et-un-fonds-de-stabilisation\"},\"author\":{\"name\":\"cfeditorfr\",\"@id\":\"https:\/\/www.africa-press.net\/burkina-faso\/#\/schema\/person\/2b1cf3cd81a31e3cd26889ca66d677f1\"},\"headline\":\"An I de l&rsquo;Alliance des Etats du Sahel (AES) : Bient\u00f4t une Banque d&rsquo;investissement et un Fonds de stabilisation\",\"datePublished\":\"2024-09-16T17:35:19+00:00\",\"dateModified\":\"2024-09-16T17:55:07+00:00\",\"mainEntityOfPage\":{\"@id\":\"https:\/\/www.africa-press.net\/burkina-faso\/politique\/an-i-de-lalliance-des-etats-du-sahel-aes-bientot-une-banque-dinvestissement-et-un-fonds-de-stabilisation\"},\"wordCount\":330,\"commentCount\":0,\"image\":{\"@id\":\"https:\/\/www.africa-press.net\/burkina-faso\/politique\/an-i-de-lalliance-des-etats-du-sahel-aes-bientot-une-banque-dinvestissement-et-un-fonds-de-stabilisation#primaryimage\"},\"thumbnailUrl\":\"https:\/\/static.africa-press.net\/burkina\/sites\/42\/2024\/09\/sm_1726496689.985772.jpg\",\"keywords\":[\"Burkina Faso\"],\"articleSection\":[\"Politique\",\"Toutes les actualit\u00e9s\"],\"inLanguage\":\"fr-FR\",\"potentialAction\":[{\"@type\":\"CommentAction\",\"name\":\"Comment\",\"target\":[\"https:\/\/www.africa-press.net\/burkina-faso\/politique\/an-i-de-lalliance-des-etats-du-sahel-aes-bientot-une-banque-dinvestissement-et-un-fonds-de-stabilisation#respond\"]}]},{\"@type\":\"WebPage\",\"@id\":\"https:\/\/www.africa-press.net\/burkina-faso\/politique\/an-i-de-lalliance-des-etats-du-sahel-aes-bientot-une-banque-dinvestissement-et-un-fonds-de-stabilisation\",\"url\":\"https:\/\/www.africa-press.net\/burkina-faso\/politique\/an-i-de-lalliance-des-etats-du-sahel-aes-bientot-une-banque-dinvestissement-et-un-fonds-de-stabilisation\",\"name\":\"An I de l'Alliance des Etats du Sahel (AES) : Bient\u00f4t une Banque d'investissement et un Fonds de stabilisation - Burkina Faso\",\"isPartOf\":{\"@id\":\"https:\/\/www.africa-press.net\/burkina-faso\/#website\"},\"primaryImageOfPage\":{\"@id\":\"https:\/\/www.africa-press.net\/burkina-faso\/politique\/an-i-de-lalliance-des-etats-du-sahel-aes-bientot-une-banque-dinvestissement-et-un-fonds-de-stabilisation#primaryimage\"},\"image\":{\"@id\":\"https:\/\/www.africa-press.net\/burkina-faso\/politique\/an-i-de-lalliance-des-etats-du-sahel-aes-bientot-une-banque-dinvestissement-et-un-fonds-de-stabilisation#primaryimage\"},\"thumbnailUrl\":\"https:\/\/static.africa-press.net\/burkina\/sites\/42\/2024\/09\/sm_1726496689.985772.jpg\",\"datePublished\":\"2024-09-16T17:35:19+00:00\",\"dateModified\":\"2024-09-16T17:55:07+00:00\",\"author\":{\"@id\":\"https:\/\/www.africa-press.net\/burkina-faso\/#\/schema\/person\/2b1cf3cd81a31e3cd26889ca66d677f1\"},\"description\":\"Le pre\u0301sident en exercice de l\u2019Alliance des E\u0301tats du Sahel, le Colonel Assimi Goi\u0308ta a livre\u0301 un message ce 15 septembr ...\",\"breadcrumb\":{\"@id\":\"https:\/\/www.africa-press.net\/burkina-faso\/politique\/an-i-de-lalliance-des-etats-du-sahel-aes-bientot-une-banque-dinvestissement-et-un-fonds-de-stabilisation#breadcrumb\"},\"inLanguage\":\"fr-FR\",\"potentialAction\":[{\"@type\":\"ReadAction\",\"target\":[\"https:\/\/www.africa-press.net\/burkina-faso\/politique\/an-i-de-lalliance-des-etats-du-sahel-aes-bientot-une-banque-dinvestissement-et-un-fonds-de-stabilisation\"]}]},{\"@type\":\"ImageObject\",\"inLanguage\":\"fr-FR\",\"@id\":\"https:\/\/www.africa-press.net\/burkina-faso\/politique\/an-i-de-lalliance-des-etats-du-sahel-aes-bientot-une-banque-dinvestissement-et-un-fonds-de-stabilisation#primaryimage\",\"url\":\"https:\/\/static.africa-press.net\/burkina\/sites\/42\/2024\/09\/sm_1726496689.985772.jpg\",\"contentUrl\":\"https:\/\/static.africa-press.net\/burkina\/sites\/42\/2024\/09\/sm_1726496689.985772.jpg\",\"width\":720,\"height\":460,\"caption\":\"An I de l'Alliance des Etats du Sahel (AES) : Bient\u00f4t une Banque d'investissement et un Fonds de stabilisation\"},{\"@type\":\"BreadcrumbList\",\"@id\":\"https:\/\/www.africa-press.net\/burkina-faso\/politique\/an-i-de-lalliance-des-etats-du-sahel-aes-bientot-une-banque-dinvestissement-et-un-fonds-de-stabilisation#breadcrumb\",\"itemListElement\":[{\"@type\":\"ListItem\",\"position\":1,\"name\":\"Accueil\",\"item\":\"https:\/\/www.africa-press.net\/burkina-faso\/\"},{\"@type\":\"ListItem\",\"position\":2,\"name\":\"An I de l&#8217;Alliance des Etats du Sahel (AES) : Bient\u00f4t une Banque d&#8217;investissement et un Fonds de stabilisation\"}]},{\"@type\":\"WebSite\",\"@id\":\"https:\/\/www.africa-press.net\/burkina-faso\/#website\",\"url\":\"https:\/\/www.africa-press.net\/burkina-faso\/\",\"name\":\"Burkina Faso\",\"description\":\"Just another Africa News Agency Sites site\",\"potentialAction\":[{\"@type\":\"SearchAction\",\"target\":{\"@type\":\"EntryPoint\",\"urlTemplate\":\"https:\/\/www.africa-press.net\/burkina-faso\/?s={search_term_string}\"},\"query-input\":{\"@type\":\"PropertyValueSpecification\",\"valueRequired\":true,\"valueName\":\"search_term_string\"}}],\"inLanguage\":\"fr-FR\"},{\"@type\":\"Person\",\"@id\":\"https:\/\/www.africa-press.net\/burkina-faso\/#\/schema\/person\/2b1cf3cd81a31e3cd26889ca66d677f1\",\"name\":\"cfeditorfr\"}]}<\/script>\n<!-- \/ Yoast SEO Premium plugin. -->","yoast_head_json":{"title":"An I de l'Alliance des Etats du Sahel (AES) : Bient\u00f4t une Banque d'investissement et un Fonds de stabilisation - Burkina Faso","description":"Le pre\u0301sident en exercice de l\u2019Alliance des E\u0301tats du Sahel, le Colonel Assimi Goi\u0308ta a livre\u0301 un message ce 15 septembr ...","robots":{"index":"index","follow":"follow","max-snippet":"max-snippet:-1","max-image-preview":"max-image-preview:large","max-video-preview":"max-video-preview:-1"},"canonical":"https:\/\/www.africa-press.net\/burkina-faso\/politique\/an-i-de-lalliance-des-etats-du-sahel-aes-bientot-une-banque-dinvestissement-et-un-fonds-de-stabilisation","og_locale":"fr_FR","og_type":"article","og_title":"An I de l'Alliance des Etats du Sahel (AES) : Bient\u00f4t une Banque d'investissement et un Fonds de stabilisation","og_description":"Le pre\u0301sident en exercice de l\u2019Alliance des E\u0301tats du Sahel, le Colonel Assimi Goi\u0308ta a livre\u0301 un message ce 15 septembr ...","og_url":"https:\/\/www.africa-press.net\/burkina-faso\/politique\/an-i-de-lalliance-des-etats-du-sahel-aes-bientot-une-banque-dinvestissement-et-un-fonds-de-stabilisation","og_site_name":"Burkina Faso","article_published_time":"2024-09-16T17:35:19+00:00","article_modified_time":"2024-09-16T17:55:07+00:00","og_image":[{"width":720,"height":460,"url":"https:\/\/static.africa-press.net\/burkina\/sites\/42\/2024\/09\/sm_1726496689.985772.jpg","type":"image\/jpeg"}],"author":"cfeditorfr","twitter_card":"summary_large_image","twitter_misc":{"\u00c9crit par":"cfeditorfr","Dur\u00e9e de lecture estim\u00e9e":"2 minutes"},"schema":{"@context":"https:\/\/schema.org","@graph":[{"@type":"Article","@id":"https:\/\/www.africa-press.net\/burkina-faso\/politique\/an-i-de-lalliance-des-etats-du-sahel-aes-bientot-une-banque-dinvestissement-et-un-fonds-de-stabilisation#article","isPartOf":{"@id":"https:\/\/www.africa-press.net\/burkina-faso\/politique\/an-i-de-lalliance-des-etats-du-sahel-aes-bientot-une-banque-dinvestissement-et-un-fonds-de-stabilisation"},"author":{"name":"cfeditorfr","@id":"https:\/\/www.africa-press.net\/burkina-faso\/#\/schema\/person\/2b1cf3cd81a31e3cd26889ca66d677f1"},"headline":"An I de l&rsquo;Alliance des Etats du Sahel (AES) : Bient\u00f4t une Banque d&rsquo;investissement et un Fonds de stabilisation","datePublished":"2024-09-16T17:35:19+00:00","dateModified":"2024-09-16T17:55:07+00:00","mainEntityOfPage":{"@id":"https:\/\/www.africa-press.net\/burkina-faso\/politique\/an-i-de-lalliance-des-etats-du-sahel-aes-bientot-une-banque-dinvestissement-et-un-fonds-de-stabilisation"},"wordCount":330,"commentCount":0,"image":{"@id":"https:\/\/www.africa-press.net\/burkina-faso\/politique\/an-i-de-lalliance-des-etats-du-sahel-aes-bientot-une-banque-dinvestissement-et-un-fonds-de-stabilisation#primaryimage"},"thumbnailUrl":"https:\/\/static.africa-press.net\/burkina\/sites\/42\/2024\/09\/sm_1726496689.985772.jpg","keywords":["Burkina Faso"],"articleSection":["Politique","Toutes les actualit\u00e9s"],"inLanguage":"fr-FR","potentialAction":[{"@type":"CommentAction","name":"Comment","target":["https:\/\/www.africa-press.net\/burkina-faso\/politique\/an-i-de-lalliance-des-etats-du-sahel-aes-bientot-une-banque-dinvestissement-et-un-fonds-de-stabilisation#respond"]}]},{"@type":"WebPage","@id":"https:\/\/www.africa-press.net\/burkina-faso\/politique\/an-i-de-lalliance-des-etats-du-sahel-aes-bientot-une-banque-dinvestissement-et-un-fonds-de-stabilisation","url":"https:\/\/www.africa-press.net\/burkina-faso\/politique\/an-i-de-lalliance-des-etats-du-sahel-aes-bientot-une-banque-dinvestissement-et-un-fonds-de-stabilisation","name":"An I de l'Alliance des Etats du Sahel (AES) : Bient\u00f4t une Banque d'investissement et un Fonds de stabilisation - Burkina Faso","isPartOf":{"@id":"https:\/\/www.africa-press.net\/burkina-faso\/#website"},"primaryImageOfPage":{"@id":"https:\/\/www.africa-press.net\/burkina-faso\/politique\/an-i-de-lalliance-des-etats-du-sahel-aes-bientot-une-banque-dinvestissement-et-un-fonds-de-stabilisation#primaryimage"},"image":{"@id":"https:\/\/www.africa-press.net\/burkina-faso\/politique\/an-i-de-lalliance-des-etats-du-sahel-aes-bientot-une-banque-dinvestissement-et-un-fonds-de-stabilisation#primaryimage"},"thumbnailUrl":"https:\/\/static.africa-press.net\/burkina\/sites\/42\/2024\/09\/sm_1726496689.985772.jpg","datePublished":"2024-09-16T17:35:19+00:00","dateModified":"2024-09-16T17:55:07+00:00","author":{"@id":"https:\/\/www.africa-press.net\/burkina-faso\/#\/schema\/person\/2b1cf3cd81a31e3cd26889ca66d677f1"},"description":"Le pre\u0301sident en exercice de l\u2019Alliance des E\u0301tats du Sahel, le Colonel Assimi Goi\u0308ta a livre\u0301 un message ce 15 septembr ...","breadcrumb":{"@id":"https:\/\/www.africa-press.net\/burkina-faso\/politique\/an-i-de-lalliance-des-etats-du-sahel-aes-bientot-une-banque-dinvestissement-et-un-fonds-de-stabilisation#breadcrumb"},"inLanguage":"fr-FR","potentialAction":[{"@type":"ReadAction","target":["https:\/\/www.africa-press.net\/burkina-faso\/politique\/an-i-de-lalliance-des-etats-du-sahel-aes-bientot-une-banque-dinvestissement-et-un-fonds-de-stabilisation"]}]},{"@type":"ImageObject","inLanguage":"fr-FR","@id":"https:\/\/www.africa-press.net\/burkina-faso\/politique\/an-i-de-lalliance-des-etats-du-sahel-aes-bientot-une-banque-dinvestissement-et-un-fonds-de-stabilisation#primaryimage","url":"https:\/\/static.africa-press.net\/burkina\/sites\/42\/2024\/09\/sm_1726496689.985772.jpg","contentUrl":"https:\/\/static.africa-press.net\/burkina\/sites\/42\/2024\/09\/sm_1726496689.985772.jpg","width":720,"height":460,"caption":"An I de l'Alliance des Etats du Sahel (AES) : Bient\u00f4t une Banque d'investissement et un Fonds de stabilisation"},{"@type":"BreadcrumbList","@id":"https:\/\/www.africa-press.net\/burkina-faso\/politique\/an-i-de-lalliance-des-etats-du-sahel-aes-bientot-une-banque-dinvestissement-et-un-fonds-de-stabilisation#breadcrumb","itemListElement":[{"@type":"ListItem","position":1,"name":"Accueil","item":"https:\/\/www.africa-press.net\/burkina-faso\/"},{"@type":"ListItem","position":2,"name":"An I de l&#8217;Alliance des Etats du Sahel (AES) : Bient\u00f4t une Banque d&#8217;investissement et un Fonds de stabilisation"}]},{"@type":"WebSite","@id":"https:\/\/www.africa-press.net\/burkina-faso\/#website","url":"https:\/\/www.africa-press.net\/burkina-faso\/","name":"Burkina Faso","description":"Just another Africa News Agency Sites site","potentialAction":[{"@type":"SearchAction","target":{"@type":"EntryPoint","urlTemplate":"https:\/\/www.africa-press.net\/burkina-faso\/?s={search_term_string}"},"query-input":{"@type":"PropertyValueSpecification","valueRequired":true,"valueName":"search_term_string"}}],"inLanguage":"fr-FR"},{"@type":"Person","@id":"https:\/\/www.africa-press.net\/burkina-faso\/#\/schema\/person\/2b1cf3cd81a31e3cd26889ca66d677f1","name":"cfeditorfr"}]}},"_links":{"self":[{"href":"https:\/\/www.africa-press.net\/burkina-faso\/wp-json\/wp\/v2\/posts\/95539","targetHints":{"allow":["GET"]}}],"collection":[{"href":"https:\/\/www.africa-press.net\/burkina-faso\/wp-json\/wp\/v2\/posts"}],"about":[{"href":"https:\/\/www.africa-press.net\/burkina-faso\/wp-json\/wp\/v2\/types\/post"}],"author":[{"embeddable":true,"href":"https:\/\/www.africa-press.net\/burkina-faso\/wp-json\/wp\/v2\/users\/82"}],"replies":[{"embeddable":true,"href":"https:\/\/www.africa-press.net\/burkina-faso\/wp-json\/wp\/v2\/comments?post=95539"}],"version-history":[{"count":0,"href":"https:\/\/www.africa-press.net\/burkina-faso\/wp-json\/wp\/v2\/posts\/95539\/revisions"}],"wp:featuredmedia":[{"embeddable":true,"href":"https:\/\/www.africa-press.net\/burkina-faso\/wp-json\/wp\/v2\/media\/95538"}],"wp:attachment":[{"href":"https:\/\/www.africa-press.net\/burkina-faso\/wp-json\/wp\/v2\/media?parent=95539"}],"wp:term":[{"taxonomy":"category","embeddable":true,"href":"https:\/\/www.africa-press.net\/burkina-faso\/wp-json\/wp\/v2\/categories?post=95539"},{"taxonomy":"post_tag","embeddable":true,"href":"https:\/\/www.africa-press.net\/burkina-faso\/wp-json\/wp\/v2\/tags?post=95539"}],"curies":[{"name":"wp","href":"https:\/\/api.w.org\/{rel}","templated":true}]}}