{"id":9602,"date":"2021-04-10T10:21:53","date_gmt":"2021-04-10T10:21:53","guid":{"rendered":"https:\/\/www.africa-press.net\/burkina-faso\/?p=9602"},"modified":"2021-04-10T11:14:58","modified_gmt":"2021-04-10T11:14:58","slug":"reformes-de-leducation-au-burkina-faso-le-ministere-joue-la-carte-de-la-sensibilisation","status":"publish","type":"post","link":"https:\/\/www.africa-press.net\/burkina-faso\/culture-et-art\/reformes-de-leducation-au-burkina-faso-le-ministere-joue-la-carte-de-la-sensibilisation","title":{"rendered":"R\u00e9formes de l\u2019\u00e9ducation au Burkina Faso : Le minist\u00e8re joue la carte de la sensibilisation"},"content":{"rendered":"<p><span style=\"color: #ff6600\"><strong><a href=\"https:\/\/www.africa-press.net\/\">Africa-Press<\/a> &#8211; <a href=\"https:\/\/www.africa-press.net\/burkina-faso\">Burkina Faso<\/a>. <\/strong><\/span>Le minist\u00e8re de l\u2019\u00e9ducation nationale, de l\u2019alphab\u00e9tisation et de la promotion des langues nationales (MENAPLN) a tenu ce jeudi 08 avril 2021 son conseil de cabinet ordinaire \u00e9largi aux structures centrales, d\u00e9concentr\u00e9es, rattach\u00e9es et de missions.<\/p>\n<p>Le conseil de cabinet ordinaire \u00e9largi aux structures centrales, d\u00e9concentr\u00e9es, rattach\u00e9es et de missions du MENAPLN, s\u2019est tenu sous le th\u00e8me \u00ab consolidation des acquis et mise en \u0153uvre des reformes pour un syst\u00e8me \u00e9ducatif performant et r\u00e9silient \u00bb. Selon le ministre en charge l\u2019\u00e9ducation nationale, Stanislas Ouaro, le pr\u00e9sent conseil vise une appropriation des grands chantiers par les diff\u00e9rents acteurs.<\/p>\n<p>\u00ab L\u2019objectif de ce conseil de cabinet \u00e9largi est de permettre de vous approprier des dossiers strat\u00e9giques et de donner des orientations pour leur mise en \u0153uvre r\u00e9ussie. C\u2019est \u00e9galement l\u2019occasion d\u2019\u00e9changer et de donner des orientations sur des th\u00e9matiques actuelles de l\u2019administration scolaire \u00bb, a-t-il expliqu\u00e9 \u00e0 la c\u00e9r\u00e9monie d\u2019ouverture. Comme dossiers inscrit \u00e0 l\u2019ordre du jour, on a, entre autres, l\u2019\u00e9tat d\u2019ex\u00e9cution du budget 2021, la probl\u00e9matique de la violence en milieu scolaire et l\u2019organisation d\u2019assises nationales sur l\u2019\u00e9ducation nationale.<\/p>\n<p>Par ailleurs, le ministre en charge de l\u2019\u00e9ducation s\u2019est prononc\u00e9 sur la situation des \u00e9l\u00e8ves qui manifestent contre les reformes. \u00ab Aucune r\u00e9forme ne s\u2019accepte aussi facilement, il faut mener des actions de sensibilisations et c\u2019est ce que nous faisons et continuerons de faire partout. Nous avons demand\u00e9 \u00e0 tous les directeurs r\u00e9gionaux de rencontrer leurs directeurs provinciaux pour leur pr\u00e9senter les diff\u00e9rents points de la reforme afin qu\u2019ils puissent aller sensibiliser les \u00e9l\u00e8ves, les enseignants et les parents d\u2019\u00e9l\u00e8ves \u00bb, a-t-il laiss\u00e9 entendre.<\/p>\n<p>Pour Stanislas Ouaro, il faut continuer les reformes tout en mettant l\u2019accent sur la sensibilisation. Pour ce qui est des \u00e9tablissements ferm\u00e9s, le ministre affirme qu\u2019\u00e0 ce jour, 400 \u00e9tablissements ont \u00e9t\u00e9 ouverts et ont permis \u00e0 73 000 \u00e9l\u00e8ves reprendre le chemin de l\u2019\u00e9cole. Sanata GANSAGNE (Stagiaire)<\/p>\n","protected":false},"excerpt":{"rendered":"<p>Africa-Press &#8211; Burkina Faso. Le minist\u00e8re de l\u2019\u00e9ducation nationale, de l\u2019alphab\u00e9tisation et de la promotion des langues nationales (MENAPLN) a tenu ce jeudi 08 avril 2021 son conseil de cabinet ordinaire \u00e9largi aux structures centrales, d\u00e9concentr\u00e9es, rattach\u00e9es et de missions. Le conseil de cabinet ordinaire \u00e9largi aux structures centrales, d\u00e9concentr\u00e9es, rattach\u00e9es et de missions du [&hellip;]<\/p>\n","protected":false},"author":82,"featured_media":9601,"comment_status":"open","ping_status":"closed","sticky":false,"template":"","format":"standard","meta":{"footnotes":""},"categories":[5,11,10],"tags":[111,725,29],"class_list":["post-9602","post","type-post","status-publish","format-standard","has-post-thumbnail","hentry","category-culture-et-art","category-homepage-french","category-toutes-les-actualites","tag-africa-press","tag-africa-press-burkina-faso","tag-burkina-faso"],"yoast_head":"<!-- This site is optimized with the Yoast SEO Premium plugin v26.1 (Yoast SEO v27.0) - https:\/\/yoast.com\/product\/yoast-seo-premium-wordpress\/ -->\n<title>R\u00e9formes de l\u2019\u00e9ducation au Burkina Faso : Le minist\u00e8re joue la carte de la sensibilisation - Burkina Faso<\/title>\n<meta name=\"description\" content=\"Le minist\u00e8re de l\u2019\u00e9ducation nationale, de l\u2019alphab\u00e9tisation et de la promotion des langues nationales (MENAPLN) a tenu c ...\" \/>\n<meta name=\"robots\" content=\"index, follow, max-snippet:-1, max-image-preview:large, max-video-preview:-1\" \/>\n<link rel=\"canonical\" href=\"https:\/\/www.africa-press.net\/burkina-faso\/culture-et-art\/reformes-de-leducation-au-burkina-faso-le-ministere-joue-la-carte-de-la-sensibilisation\" \/>\n<meta property=\"og:locale\" content=\"fr_FR\" \/>\n<meta property=\"og:type\" content=\"article\" \/>\n<meta property=\"og:title\" content=\"R\u00e9formes de l\u2019\u00e9ducation au Burkina Faso : Le minist\u00e8re joue la carte de la sensibilisation\" \/>\n<meta property=\"og:description\" content=\"Le minist\u00e8re de l\u2019\u00e9ducation nationale, de l\u2019alphab\u00e9tisation et de la promotion des langues nationales (MENAPLN) a tenu c ...\" \/>\n<meta property=\"og:url\" content=\"https:\/\/www.africa-press.net\/burkina-faso\/culture-et-art\/reformes-de-leducation-au-burkina-faso-le-ministere-joue-la-carte-de-la-sensibilisation\" \/>\n<meta property=\"og:site_name\" content=\"Burkina Faso\" \/>\n<meta property=\"article:published_time\" content=\"2021-04-10T10:21:53+00:00\" \/>\n<meta property=\"article:modified_time\" content=\"2021-04-10T11:14:58+00:00\" \/>\n<meta property=\"og:image\" content=\"https:\/\/static.africa-press.net\/burkina\/sites\/42\/2021\/04\/img-60717b0235b9a.jpg\" \/>\n\t<meta property=\"og:image:width\" content=\"1024\" \/>\n\t<meta property=\"og:image:height\" content=\"512\" \/>\n\t<meta property=\"og:image:type\" content=\"image\/jpeg\" \/>\n<meta name=\"author\" content=\"cfeditorfr\" \/>\n<meta name=\"twitter:card\" content=\"summary_large_image\" \/>\n<meta name=\"twitter:label1\" content=\"\u00c9crit par\" \/>\n\t<meta name=\"twitter:data1\" content=\"cfeditorfr\" \/>\n\t<meta name=\"twitter:label2\" content=\"Dur\u00e9e de lecture estim\u00e9e\" \/>\n\t<meta name=\"twitter:data2\" content=\"2 minutes\" \/>\n<script type=\"application\/ld+json\" class=\"yoast-schema-graph\">{\"@context\":\"https:\/\/schema.org\",\"@graph\":[{\"@type\":\"Article\",\"@id\":\"https:\/\/www.africa-press.net\/burkina-faso\/culture-et-art\/reformes-de-leducation-au-burkina-faso-le-ministere-joue-la-carte-de-la-sensibilisation#article\",\"isPartOf\":{\"@id\":\"https:\/\/www.africa-press.net\/burkina-faso\/culture-et-art\/reformes-de-leducation-au-burkina-faso-le-ministere-joue-la-carte-de-la-sensibilisation\"},\"author\":{\"name\":\"cfeditorfr\",\"@id\":\"https:\/\/www.africa-press.net\/burkina-faso\/#\/schema\/person\/2b1cf3cd81a31e3cd26889ca66d677f1\"},\"headline\":\"R\u00e9formes de l\u2019\u00e9ducation au Burkina Faso : Le minist\u00e8re joue la carte de la sensibilisation\",\"datePublished\":\"2021-04-10T10:21:53+00:00\",\"dateModified\":\"2021-04-10T11:14:58+00:00\",\"mainEntityOfPage\":{\"@id\":\"https:\/\/www.africa-press.net\/burkina-faso\/culture-et-art\/reformes-de-leducation-au-burkina-faso-le-ministere-joue-la-carte-de-la-sensibilisation\"},\"wordCount\":369,\"commentCount\":0,\"image\":{\"@id\":\"https:\/\/www.africa-press.net\/burkina-faso\/culture-et-art\/reformes-de-leducation-au-burkina-faso-le-ministere-joue-la-carte-de-la-sensibilisation#primaryimage\"},\"thumbnailUrl\":\"https:\/\/static.africa-press.net\/burkina\/sites\/42\/2021\/04\/img-60717b0235b9a.jpg\",\"keywords\":[\"Africa Press\",\"Africa Press-Burkina Faso\",\"Burkina Faso\"],\"articleSection\":[\"Culture et Art\",\"homepage-french\",\"Toutes les actualit\u00e9s\"],\"inLanguage\":\"fr-FR\",\"potentialAction\":[{\"@type\":\"CommentAction\",\"name\":\"Comment\",\"target\":[\"https:\/\/www.africa-press.net\/burkina-faso\/culture-et-art\/reformes-de-leducation-au-burkina-faso-le-ministere-joue-la-carte-de-la-sensibilisation#respond\"]}]},{\"@type\":\"WebPage\",\"@id\":\"https:\/\/www.africa-press.net\/burkina-faso\/culture-et-art\/reformes-de-leducation-au-burkina-faso-le-ministere-joue-la-carte-de-la-sensibilisation\",\"url\":\"https:\/\/www.africa-press.net\/burkina-faso\/culture-et-art\/reformes-de-leducation-au-burkina-faso-le-ministere-joue-la-carte-de-la-sensibilisation\",\"name\":\"R\u00e9formes de l\u2019\u00e9ducation au Burkina Faso : Le minist\u00e8re joue la carte de la sensibilisation - Burkina Faso\",\"isPartOf\":{\"@id\":\"https:\/\/www.africa-press.net\/burkina-faso\/#website\"},\"primaryImageOfPage\":{\"@id\":\"https:\/\/www.africa-press.net\/burkina-faso\/culture-et-art\/reformes-de-leducation-au-burkina-faso-le-ministere-joue-la-carte-de-la-sensibilisation#primaryimage\"},\"image\":{\"@id\":\"https:\/\/www.africa-press.net\/burkina-faso\/culture-et-art\/reformes-de-leducation-au-burkina-faso-le-ministere-joue-la-carte-de-la-sensibilisation#primaryimage\"},\"thumbnailUrl\":\"https:\/\/static.africa-press.net\/burkina\/sites\/42\/2021\/04\/img-60717b0235b9a.jpg\",\"datePublished\":\"2021-04-10T10:21:53+00:00\",\"dateModified\":\"2021-04-10T11:14:58+00:00\",\"author\":{\"@id\":\"https:\/\/www.africa-press.net\/burkina-faso\/#\/schema\/person\/2b1cf3cd81a31e3cd26889ca66d677f1\"},\"description\":\"Le minist\u00e8re de l\u2019\u00e9ducation nationale, de l\u2019alphab\u00e9tisation et de la promotion des langues nationales (MENAPLN) a tenu c ...\",\"breadcrumb\":{\"@id\":\"https:\/\/www.africa-press.net\/burkina-faso\/culture-et-art\/reformes-de-leducation-au-burkina-faso-le-ministere-joue-la-carte-de-la-sensibilisation#breadcrumb\"},\"inLanguage\":\"fr-FR\",\"potentialAction\":[{\"@type\":\"ReadAction\",\"target\":[\"https:\/\/www.africa-press.net\/burkina-faso\/culture-et-art\/reformes-de-leducation-au-burkina-faso-le-ministere-joue-la-carte-de-la-sensibilisation\"]}]},{\"@type\":\"ImageObject\",\"inLanguage\":\"fr-FR\",\"@id\":\"https:\/\/www.africa-press.net\/burkina-faso\/culture-et-art\/reformes-de-leducation-au-burkina-faso-le-ministere-joue-la-carte-de-la-sensibilisation#primaryimage\",\"url\":\"https:\/\/static.africa-press.net\/burkina\/sites\/42\/2021\/04\/img-60717b0235b9a.jpg\",\"contentUrl\":\"https:\/\/static.africa-press.net\/burkina\/sites\/42\/2021\/04\/img-60717b0235b9a.jpg\",\"width\":1024,\"height\":512,\"caption\":\"R\u00e9formes de l\u2019\u00e9ducation au Burkina Faso : Le minist\u00e8re joue la carte de la sensibilisation\"},{\"@type\":\"BreadcrumbList\",\"@id\":\"https:\/\/www.africa-press.net\/burkina-faso\/culture-et-art\/reformes-de-leducation-au-burkina-faso-le-ministere-joue-la-carte-de-la-sensibilisation#breadcrumb\",\"itemListElement\":[{\"@type\":\"ListItem\",\"position\":1,\"name\":\"Accueil\",\"item\":\"https:\/\/www.africa-press.net\/burkina-faso\/\"},{\"@type\":\"ListItem\",\"position\":2,\"name\":\"R\u00e9formes de l\u2019\u00e9ducation au Burkina Faso : Le minist\u00e8re joue la carte de la sensibilisation\"}]},{\"@type\":\"WebSite\",\"@id\":\"https:\/\/www.africa-press.net\/burkina-faso\/#website\",\"url\":\"https:\/\/www.africa-press.net\/burkina-faso\/\",\"name\":\"Burkina Faso\",\"description\":\"Just another Africa News Agency Sites site\",\"potentialAction\":[{\"@type\":\"SearchAction\",\"target\":{\"@type\":\"EntryPoint\",\"urlTemplate\":\"https:\/\/www.africa-press.net\/burkina-faso\/?s={search_term_string}\"},\"query-input\":{\"@type\":\"PropertyValueSpecification\",\"valueRequired\":true,\"valueName\":\"search_term_string\"}}],\"inLanguage\":\"fr-FR\"},{\"@type\":\"Person\",\"@id\":\"https:\/\/www.africa-press.net\/burkina-faso\/#\/schema\/person\/2b1cf3cd81a31e3cd26889ca66d677f1\",\"name\":\"cfeditorfr\"}]}<\/script>\n<!-- \/ Yoast SEO Premium plugin. -->","yoast_head_json":{"title":"R\u00e9formes de l\u2019\u00e9ducation au Burkina Faso : Le minist\u00e8re joue la carte de la sensibilisation - Burkina Faso","description":"Le minist\u00e8re de l\u2019\u00e9ducation nationale, de l\u2019alphab\u00e9tisation et de la promotion des langues nationales (MENAPLN) a tenu c ...","robots":{"index":"index","follow":"follow","max-snippet":"max-snippet:-1","max-image-preview":"max-image-preview:large","max-video-preview":"max-video-preview:-1"},"canonical":"https:\/\/www.africa-press.net\/burkina-faso\/culture-et-art\/reformes-de-leducation-au-burkina-faso-le-ministere-joue-la-carte-de-la-sensibilisation","og_locale":"fr_FR","og_type":"article","og_title":"R\u00e9formes de l\u2019\u00e9ducation au Burkina Faso : Le minist\u00e8re joue la carte de la sensibilisation","og_description":"Le minist\u00e8re de l\u2019\u00e9ducation nationale, de l\u2019alphab\u00e9tisation et de la promotion des langues nationales (MENAPLN) a tenu c ...","og_url":"https:\/\/www.africa-press.net\/burkina-faso\/culture-et-art\/reformes-de-leducation-au-burkina-faso-le-ministere-joue-la-carte-de-la-sensibilisation","og_site_name":"Burkina Faso","article_published_time":"2021-04-10T10:21:53+00:00","article_modified_time":"2021-04-10T11:14:58+00:00","og_image":[{"width":1024,"height":512,"url":"https:\/\/static.africa-press.net\/burkina\/sites\/42\/2021\/04\/img-60717b0235b9a.jpg","type":"image\/jpeg"}],"author":"cfeditorfr","twitter_card":"summary_large_image","twitter_misc":{"\u00c9crit par":"cfeditorfr","Dur\u00e9e de lecture estim\u00e9e":"2 minutes"},"schema":{"@context":"https:\/\/schema.org","@graph":[{"@type":"Article","@id":"https:\/\/www.africa-press.net\/burkina-faso\/culture-et-art\/reformes-de-leducation-au-burkina-faso-le-ministere-joue-la-carte-de-la-sensibilisation#article","isPartOf":{"@id":"https:\/\/www.africa-press.net\/burkina-faso\/culture-et-art\/reformes-de-leducation-au-burkina-faso-le-ministere-joue-la-carte-de-la-sensibilisation"},"author":{"name":"cfeditorfr","@id":"https:\/\/www.africa-press.net\/burkina-faso\/#\/schema\/person\/2b1cf3cd81a31e3cd26889ca66d677f1"},"headline":"R\u00e9formes de l\u2019\u00e9ducation au Burkina Faso : Le minist\u00e8re joue la carte de la sensibilisation","datePublished":"2021-04-10T10:21:53+00:00","dateModified":"2021-04-10T11:14:58+00:00","mainEntityOfPage":{"@id":"https:\/\/www.africa-press.net\/burkina-faso\/culture-et-art\/reformes-de-leducation-au-burkina-faso-le-ministere-joue-la-carte-de-la-sensibilisation"},"wordCount":369,"commentCount":0,"image":{"@id":"https:\/\/www.africa-press.net\/burkina-faso\/culture-et-art\/reformes-de-leducation-au-burkina-faso-le-ministere-joue-la-carte-de-la-sensibilisation#primaryimage"},"thumbnailUrl":"https:\/\/static.africa-press.net\/burkina\/sites\/42\/2021\/04\/img-60717b0235b9a.jpg","keywords":["Africa Press","Africa Press-Burkina Faso","Burkina Faso"],"articleSection":["Culture et Art","homepage-french","Toutes les actualit\u00e9s"],"inLanguage":"fr-FR","potentialAction":[{"@type":"CommentAction","name":"Comment","target":["https:\/\/www.africa-press.net\/burkina-faso\/culture-et-art\/reformes-de-leducation-au-burkina-faso-le-ministere-joue-la-carte-de-la-sensibilisation#respond"]}]},{"@type":"WebPage","@id":"https:\/\/www.africa-press.net\/burkina-faso\/culture-et-art\/reformes-de-leducation-au-burkina-faso-le-ministere-joue-la-carte-de-la-sensibilisation","url":"https:\/\/www.africa-press.net\/burkina-faso\/culture-et-art\/reformes-de-leducation-au-burkina-faso-le-ministere-joue-la-carte-de-la-sensibilisation","name":"R\u00e9formes de l\u2019\u00e9ducation au Burkina Faso : Le minist\u00e8re joue la carte de la sensibilisation - Burkina Faso","isPartOf":{"@id":"https:\/\/www.africa-press.net\/burkina-faso\/#website"},"primaryImageOfPage":{"@id":"https:\/\/www.africa-press.net\/burkina-faso\/culture-et-art\/reformes-de-leducation-au-burkina-faso-le-ministere-joue-la-carte-de-la-sensibilisation#primaryimage"},"image":{"@id":"https:\/\/www.africa-press.net\/burkina-faso\/culture-et-art\/reformes-de-leducation-au-burkina-faso-le-ministere-joue-la-carte-de-la-sensibilisation#primaryimage"},"thumbnailUrl":"https:\/\/static.africa-press.net\/burkina\/sites\/42\/2021\/04\/img-60717b0235b9a.jpg","datePublished":"2021-04-10T10:21:53+00:00","dateModified":"2021-04-10T11:14:58+00:00","author":{"@id":"https:\/\/www.africa-press.net\/burkina-faso\/#\/schema\/person\/2b1cf3cd81a31e3cd26889ca66d677f1"},"description":"Le minist\u00e8re de l\u2019\u00e9ducation nationale, de l\u2019alphab\u00e9tisation et de la promotion des langues nationales (MENAPLN) a tenu c ...","breadcrumb":{"@id":"https:\/\/www.africa-press.net\/burkina-faso\/culture-et-art\/reformes-de-leducation-au-burkina-faso-le-ministere-joue-la-carte-de-la-sensibilisation#breadcrumb"},"inLanguage":"fr-FR","potentialAction":[{"@type":"ReadAction","target":["https:\/\/www.africa-press.net\/burkina-faso\/culture-et-art\/reformes-de-leducation-au-burkina-faso-le-ministere-joue-la-carte-de-la-sensibilisation"]}]},{"@type":"ImageObject","inLanguage":"fr-FR","@id":"https:\/\/www.africa-press.net\/burkina-faso\/culture-et-art\/reformes-de-leducation-au-burkina-faso-le-ministere-joue-la-carte-de-la-sensibilisation#primaryimage","url":"https:\/\/static.africa-press.net\/burkina\/sites\/42\/2021\/04\/img-60717b0235b9a.jpg","contentUrl":"https:\/\/static.africa-press.net\/burkina\/sites\/42\/2021\/04\/img-60717b0235b9a.jpg","width":1024,"height":512,"caption":"R\u00e9formes de l\u2019\u00e9ducation au Burkina Faso : Le minist\u00e8re joue la carte de la sensibilisation"},{"@type":"BreadcrumbList","@id":"https:\/\/www.africa-press.net\/burkina-faso\/culture-et-art\/reformes-de-leducation-au-burkina-faso-le-ministere-joue-la-carte-de-la-sensibilisation#breadcrumb","itemListElement":[{"@type":"ListItem","position":1,"name":"Accueil","item":"https:\/\/www.africa-press.net\/burkina-faso\/"},{"@type":"ListItem","position":2,"name":"R\u00e9formes de l\u2019\u00e9ducation au Burkina Faso : Le minist\u00e8re joue la carte de la sensibilisation"}]},{"@type":"WebSite","@id":"https:\/\/www.africa-press.net\/burkina-faso\/#website","url":"https:\/\/www.africa-press.net\/burkina-faso\/","name":"Burkina Faso","description":"Just another Africa News Agency Sites site","potentialAction":[{"@type":"SearchAction","target":{"@type":"EntryPoint","urlTemplate":"https:\/\/www.africa-press.net\/burkina-faso\/?s={search_term_string}"},"query-input":{"@type":"PropertyValueSpecification","valueRequired":true,"valueName":"search_term_string"}}],"inLanguage":"fr-FR"},{"@type":"Person","@id":"https:\/\/www.africa-press.net\/burkina-faso\/#\/schema\/person\/2b1cf3cd81a31e3cd26889ca66d677f1","name":"cfeditorfr"}]}},"_links":{"self":[{"href":"https:\/\/www.africa-press.net\/burkina-faso\/wp-json\/wp\/v2\/posts\/9602","targetHints":{"allow":["GET"]}}],"collection":[{"href":"https:\/\/www.africa-press.net\/burkina-faso\/wp-json\/wp\/v2\/posts"}],"about":[{"href":"https:\/\/www.africa-press.net\/burkina-faso\/wp-json\/wp\/v2\/types\/post"}],"author":[{"embeddable":true,"href":"https:\/\/www.africa-press.net\/burkina-faso\/wp-json\/wp\/v2\/users\/82"}],"replies":[{"embeddable":true,"href":"https:\/\/www.africa-press.net\/burkina-faso\/wp-json\/wp\/v2\/comments?post=9602"}],"version-history":[{"count":0,"href":"https:\/\/www.africa-press.net\/burkina-faso\/wp-json\/wp\/v2\/posts\/9602\/revisions"}],"wp:featuredmedia":[{"embeddable":true,"href":"https:\/\/www.africa-press.net\/burkina-faso\/wp-json\/wp\/v2\/media\/9601"}],"wp:attachment":[{"href":"https:\/\/www.africa-press.net\/burkina-faso\/wp-json\/wp\/v2\/media?parent=9602"}],"wp:term":[{"taxonomy":"category","embeddable":true,"href":"https:\/\/www.africa-press.net\/burkina-faso\/wp-json\/wp\/v2\/categories?post=9602"},{"taxonomy":"post_tag","embeddable":true,"href":"https:\/\/www.africa-press.net\/burkina-faso\/wp-json\/wp\/v2\/tags?post=9602"}],"curies":[{"name":"wp","href":"https:\/\/api.w.org\/{rel}","templated":true}]}}