{"id":9605,"date":"2021-04-10T10:25:46","date_gmt":"2021-04-10T10:25:46","guid":{"rendered":"https:\/\/www.africa-press.net\/burkina-faso\/?p=9605"},"modified":"2021-04-17T12:27:24","modified_gmt":"2021-04-17T12:27:24","slug":"classement-fifa-le-burkina-perd-une-place-sur-le-plan-continental","status":"publish","type":"post","link":"https:\/\/www.africa-press.net\/burkina-faso\/homepage-french\/classement-fifa-le-burkina-perd-une-place-sur-le-plan-continental","title":{"rendered":"Classement FIFA : Le Burkina perd une place sur le plan continental"},"content":{"rendered":"<p><span style=\"color: #ff6600\"><strong><a href=\"https:\/\/www.africa-press.net\/\">Africa-Press<\/a> &#8211; <a href=\"https:\/\/www.africa-press.net\/burkina-faso\">Burkina Faso<\/a>. <\/strong><\/span><b>La F\u00e9d\u00e9ration internationale de football et associ\u00e9s (FIFA) a actualis\u00e9 son classement mensuel des meilleures \u00e9quipes nationales masculines le 7 avril 2021. Les Etalons du Burkina ont perdu une place sur le plan africain et deux au plan mondial.<\/b><\/p>\n<p>La F\u00e9d\u00e9ration internationale de football et associ\u00e9s (FIFA) a actualis\u00e9 ce mercredi 7 avril 2021, le classement des meilleures \u00e9quipes nationales masculines du mois de mars. Les Etalons du Burkina, malgr\u00e9 leur premi\u00e8re place dans leur poule pendant les qualifications \u00e0 la CAN 2021 au Cameroun, perdent deux places sur le plan mondial et une place en Afrique.<\/p>\n<p>En effet, de 58e lors du dernier classement, ils occupent d\u00e9sormais la 60e place sur le plan mondial. Au niveau continental, les poulains de Kamou Malo se pointent d\u00e9sormais au 11e rang, c\u00e9dant leur place \u00e0 la C\u00f4te d\u2019Ivoire. Ce classement des co\u00e9quipiers de Charles Kabor\u00e9 s\u2019expliquerait par leur match nul 0-0 contre l\u2019Ouganda et son succ\u00e8s 1-0 face au Soudan du Sud.<\/p>\n<p>Les trois premi\u00e8res places africaines sont occup\u00e9es respectivement par le S\u00e9n\u00e9gal, la Tunisie et le Nigeria. Au niveau mondial, \u00ab les diables rouges \u00bb de la Belgique sont toujours en t\u00eate devant la France et le Br\u00e9sil. Il faut noter que le classement FIFA permet de comparer entre elles, les \u00e9quipes nationales masculines de football mensuellement.<\/p>\n","protected":false},"excerpt":{"rendered":"<p>Africa-Press &#8211; Burkina Faso. La F\u00e9d\u00e9ration internationale de football et associ\u00e9s (FIFA) a actualis\u00e9 son classement mensuel des meilleures \u00e9quipes nationales masculines le 7 avril 2021. Les Etalons du Burkina ont perdu une place sur le plan africain et deux au plan mondial. La F\u00e9d\u00e9ration internationale de football et associ\u00e9s (FIFA) a actualis\u00e9 ce mercredi [&hellip;]<\/p>\n","protected":false},"author":82,"featured_media":9604,"comment_status":"open","ping_status":"closed","sticky":false,"template":"","format":"standard","meta":{"footnotes":""},"categories":[11,6,10],"tags":[111,725,29],"class_list":["post-9605","post","type-post","status-publish","format-standard","has-post-thumbnail","hentry","category-homepage-french","category-sports","category-toutes-les-actualites","tag-africa-press","tag-africa-press-burkina-faso","tag-burkina-faso"],"yoast_head":"<!-- This site is optimized with the Yoast SEO Premium plugin v26.1 (Yoast SEO v27.0) - https:\/\/yoast.com\/product\/yoast-seo-premium-wordpress\/ -->\n<title>Classement FIFA : Le Burkina perd une place sur le plan continental - Burkina Faso<\/title>\n<meta name=\"description\" content=\"La F\u00e9d\u00e9ration internationale de football et associ\u00e9s (FIFA) a actualis\u00e9 son classement mensuel des meilleures \u00e9quipes ...\" \/>\n<meta name=\"robots\" content=\"index, follow, max-snippet:-1, max-image-preview:large, max-video-preview:-1\" \/>\n<link rel=\"canonical\" href=\"https:\/\/www.africa-press.net\/burkina-faso\/homepage-french\/classement-fifa-le-burkina-perd-une-place-sur-le-plan-continental\" \/>\n<meta property=\"og:locale\" content=\"fr_FR\" \/>\n<meta property=\"og:type\" content=\"article\" \/>\n<meta property=\"og:title\" content=\"Classement FIFA : Le Burkina perd une place sur le plan continental\" \/>\n<meta property=\"og:description\" content=\"La F\u00e9d\u00e9ration internationale de football et associ\u00e9s (FIFA) a actualis\u00e9 son classement mensuel des meilleures \u00e9quipes ...\" \/>\n<meta property=\"og:url\" content=\"https:\/\/www.africa-press.net\/burkina-faso\/homepage-french\/classement-fifa-le-burkina-perd-une-place-sur-le-plan-continental\" \/>\n<meta property=\"og:site_name\" content=\"Burkina Faso\" \/>\n<meta property=\"article:published_time\" content=\"2021-04-10T10:25:46+00:00\" \/>\n<meta property=\"article:modified_time\" content=\"2021-04-17T12:27:24+00:00\" \/>\n<meta property=\"og:image\" content=\"https:\/\/static.africa-press.net\/burkina\/sites\/42\/2021\/04\/img-60717b3bc752b.jpg\" \/>\n\t<meta property=\"og:image:width\" content=\"720\" \/>\n\t<meta property=\"og:image:height\" content=\"401\" \/>\n\t<meta property=\"og:image:type\" content=\"image\/jpeg\" \/>\n<meta name=\"author\" content=\"cfeditorfr\" \/>\n<meta name=\"twitter:card\" content=\"summary_large_image\" \/>\n<meta name=\"twitter:label1\" content=\"\u00c9crit par\" \/>\n\t<meta name=\"twitter:data1\" content=\"cfeditorfr\" \/>\n\t<meta name=\"twitter:label2\" content=\"Dur\u00e9e de lecture estim\u00e9e\" \/>\n\t<meta name=\"twitter:data2\" content=\"1 minute\" \/>\n<script type=\"application\/ld+json\" class=\"yoast-schema-graph\">{\"@context\":\"https:\/\/schema.org\",\"@graph\":[{\"@type\":\"Article\",\"@id\":\"https:\/\/www.africa-press.net\/burkina-faso\/homepage-french\/classement-fifa-le-burkina-perd-une-place-sur-le-plan-continental#article\",\"isPartOf\":{\"@id\":\"https:\/\/www.africa-press.net\/burkina-faso\/homepage-french\/classement-fifa-le-burkina-perd-une-place-sur-le-plan-continental\"},\"author\":{\"name\":\"cfeditorfr\",\"@id\":\"https:\/\/www.africa-press.net\/burkina-faso\/#\/schema\/person\/2b1cf3cd81a31e3cd26889ca66d677f1\"},\"headline\":\"Classement FIFA : Le Burkina perd une place sur le plan continental\",\"datePublished\":\"2021-04-10T10:25:46+00:00\",\"dateModified\":\"2021-04-17T12:27:24+00:00\",\"mainEntityOfPage\":{\"@id\":\"https:\/\/www.africa-press.net\/burkina-faso\/homepage-french\/classement-fifa-le-burkina-perd-une-place-sur-le-plan-continental\"},\"wordCount\":244,\"commentCount\":0,\"image\":{\"@id\":\"https:\/\/www.africa-press.net\/burkina-faso\/homepage-french\/classement-fifa-le-burkina-perd-une-place-sur-le-plan-continental#primaryimage\"},\"thumbnailUrl\":\"https:\/\/static.africa-press.net\/burkina\/sites\/42\/2021\/04\/img-60717b3bc752b.jpg\",\"keywords\":[\"Africa Press\",\"Africa Press-Burkina Faso\",\"Burkina Faso\"],\"articleSection\":[\"homepage-french\",\"Sports\",\"Toutes les actualit\u00e9s\"],\"inLanguage\":\"fr-FR\",\"potentialAction\":[{\"@type\":\"CommentAction\",\"name\":\"Comment\",\"target\":[\"https:\/\/www.africa-press.net\/burkina-faso\/homepage-french\/classement-fifa-le-burkina-perd-une-place-sur-le-plan-continental#respond\"]}]},{\"@type\":\"WebPage\",\"@id\":\"https:\/\/www.africa-press.net\/burkina-faso\/homepage-french\/classement-fifa-le-burkina-perd-une-place-sur-le-plan-continental\",\"url\":\"https:\/\/www.africa-press.net\/burkina-faso\/homepage-french\/classement-fifa-le-burkina-perd-une-place-sur-le-plan-continental\",\"name\":\"Classement FIFA : Le Burkina perd une place sur le plan continental - Burkina Faso\",\"isPartOf\":{\"@id\":\"https:\/\/www.africa-press.net\/burkina-faso\/#website\"},\"primaryImageOfPage\":{\"@id\":\"https:\/\/www.africa-press.net\/burkina-faso\/homepage-french\/classement-fifa-le-burkina-perd-une-place-sur-le-plan-continental#primaryimage\"},\"image\":{\"@id\":\"https:\/\/www.africa-press.net\/burkina-faso\/homepage-french\/classement-fifa-le-burkina-perd-une-place-sur-le-plan-continental#primaryimage\"},\"thumbnailUrl\":\"https:\/\/static.africa-press.net\/burkina\/sites\/42\/2021\/04\/img-60717b3bc752b.jpg\",\"datePublished\":\"2021-04-10T10:25:46+00:00\",\"dateModified\":\"2021-04-17T12:27:24+00:00\",\"author\":{\"@id\":\"https:\/\/www.africa-press.net\/burkina-faso\/#\/schema\/person\/2b1cf3cd81a31e3cd26889ca66d677f1\"},\"description\":\"La F\u00e9d\u00e9ration internationale de football et associ\u00e9s (FIFA) a actualis\u00e9 son classement mensuel des meilleures \u00e9quipes ...\",\"breadcrumb\":{\"@id\":\"https:\/\/www.africa-press.net\/burkina-faso\/homepage-french\/classement-fifa-le-burkina-perd-une-place-sur-le-plan-continental#breadcrumb\"},\"inLanguage\":\"fr-FR\",\"potentialAction\":[{\"@type\":\"ReadAction\",\"target\":[\"https:\/\/www.africa-press.net\/burkina-faso\/homepage-french\/classement-fifa-le-burkina-perd-une-place-sur-le-plan-continental\"]}]},{\"@type\":\"ImageObject\",\"inLanguage\":\"fr-FR\",\"@id\":\"https:\/\/www.africa-press.net\/burkina-faso\/homepage-french\/classement-fifa-le-burkina-perd-une-place-sur-le-plan-continental#primaryimage\",\"url\":\"https:\/\/static.africa-press.net\/burkina\/sites\/42\/2021\/04\/img-60717b3bc752b.jpg\",\"contentUrl\":\"https:\/\/static.africa-press.net\/burkina\/sites\/42\/2021\/04\/img-60717b3bc752b.jpg\",\"width\":720,\"height\":401,\"caption\":\"Classement FIFA : Le Burkina perd une place sur le plan continental\"},{\"@type\":\"BreadcrumbList\",\"@id\":\"https:\/\/www.africa-press.net\/burkina-faso\/homepage-french\/classement-fifa-le-burkina-perd-une-place-sur-le-plan-continental#breadcrumb\",\"itemListElement\":[{\"@type\":\"ListItem\",\"position\":1,\"name\":\"Accueil\",\"item\":\"https:\/\/www.africa-press.net\/burkina-faso\/\"},{\"@type\":\"ListItem\",\"position\":2,\"name\":\"Classement FIFA : Le Burkina perd une place sur le plan continental\"}]},{\"@type\":\"WebSite\",\"@id\":\"https:\/\/www.africa-press.net\/burkina-faso\/#website\",\"url\":\"https:\/\/www.africa-press.net\/burkina-faso\/\",\"name\":\"Burkina Faso\",\"description\":\"Just another Africa News Agency Sites site\",\"potentialAction\":[{\"@type\":\"SearchAction\",\"target\":{\"@type\":\"EntryPoint\",\"urlTemplate\":\"https:\/\/www.africa-press.net\/burkina-faso\/?s={search_term_string}\"},\"query-input\":{\"@type\":\"PropertyValueSpecification\",\"valueRequired\":true,\"valueName\":\"search_term_string\"}}],\"inLanguage\":\"fr-FR\"},{\"@type\":\"Person\",\"@id\":\"https:\/\/www.africa-press.net\/burkina-faso\/#\/schema\/person\/2b1cf3cd81a31e3cd26889ca66d677f1\",\"name\":\"cfeditorfr\"}]}<\/script>\n<!-- \/ Yoast SEO Premium plugin. -->","yoast_head_json":{"title":"Classement FIFA : Le Burkina perd une place sur le plan continental - Burkina Faso","description":"La F\u00e9d\u00e9ration internationale de football et associ\u00e9s (FIFA) a actualis\u00e9 son classement mensuel des meilleures \u00e9quipes ...","robots":{"index":"index","follow":"follow","max-snippet":"max-snippet:-1","max-image-preview":"max-image-preview:large","max-video-preview":"max-video-preview:-1"},"canonical":"https:\/\/www.africa-press.net\/burkina-faso\/homepage-french\/classement-fifa-le-burkina-perd-une-place-sur-le-plan-continental","og_locale":"fr_FR","og_type":"article","og_title":"Classement FIFA : Le Burkina perd une place sur le plan continental","og_description":"La F\u00e9d\u00e9ration internationale de football et associ\u00e9s (FIFA) a actualis\u00e9 son classement mensuel des meilleures \u00e9quipes ...","og_url":"https:\/\/www.africa-press.net\/burkina-faso\/homepage-french\/classement-fifa-le-burkina-perd-une-place-sur-le-plan-continental","og_site_name":"Burkina Faso","article_published_time":"2021-04-10T10:25:46+00:00","article_modified_time":"2021-04-17T12:27:24+00:00","og_image":[{"width":720,"height":401,"url":"https:\/\/static.africa-press.net\/burkina\/sites\/42\/2021\/04\/img-60717b3bc752b.jpg","type":"image\/jpeg"}],"author":"cfeditorfr","twitter_card":"summary_large_image","twitter_misc":{"\u00c9crit par":"cfeditorfr","Dur\u00e9e de lecture estim\u00e9e":"1 minute"},"schema":{"@context":"https:\/\/schema.org","@graph":[{"@type":"Article","@id":"https:\/\/www.africa-press.net\/burkina-faso\/homepage-french\/classement-fifa-le-burkina-perd-une-place-sur-le-plan-continental#article","isPartOf":{"@id":"https:\/\/www.africa-press.net\/burkina-faso\/homepage-french\/classement-fifa-le-burkina-perd-une-place-sur-le-plan-continental"},"author":{"name":"cfeditorfr","@id":"https:\/\/www.africa-press.net\/burkina-faso\/#\/schema\/person\/2b1cf3cd81a31e3cd26889ca66d677f1"},"headline":"Classement FIFA : Le Burkina perd une place sur le plan continental","datePublished":"2021-04-10T10:25:46+00:00","dateModified":"2021-04-17T12:27:24+00:00","mainEntityOfPage":{"@id":"https:\/\/www.africa-press.net\/burkina-faso\/homepage-french\/classement-fifa-le-burkina-perd-une-place-sur-le-plan-continental"},"wordCount":244,"commentCount":0,"image":{"@id":"https:\/\/www.africa-press.net\/burkina-faso\/homepage-french\/classement-fifa-le-burkina-perd-une-place-sur-le-plan-continental#primaryimage"},"thumbnailUrl":"https:\/\/static.africa-press.net\/burkina\/sites\/42\/2021\/04\/img-60717b3bc752b.jpg","keywords":["Africa Press","Africa Press-Burkina Faso","Burkina Faso"],"articleSection":["homepage-french","Sports","Toutes les actualit\u00e9s"],"inLanguage":"fr-FR","potentialAction":[{"@type":"CommentAction","name":"Comment","target":["https:\/\/www.africa-press.net\/burkina-faso\/homepage-french\/classement-fifa-le-burkina-perd-une-place-sur-le-plan-continental#respond"]}]},{"@type":"WebPage","@id":"https:\/\/www.africa-press.net\/burkina-faso\/homepage-french\/classement-fifa-le-burkina-perd-une-place-sur-le-plan-continental","url":"https:\/\/www.africa-press.net\/burkina-faso\/homepage-french\/classement-fifa-le-burkina-perd-une-place-sur-le-plan-continental","name":"Classement FIFA : Le Burkina perd une place sur le plan continental - Burkina Faso","isPartOf":{"@id":"https:\/\/www.africa-press.net\/burkina-faso\/#website"},"primaryImageOfPage":{"@id":"https:\/\/www.africa-press.net\/burkina-faso\/homepage-french\/classement-fifa-le-burkina-perd-une-place-sur-le-plan-continental#primaryimage"},"image":{"@id":"https:\/\/www.africa-press.net\/burkina-faso\/homepage-french\/classement-fifa-le-burkina-perd-une-place-sur-le-plan-continental#primaryimage"},"thumbnailUrl":"https:\/\/static.africa-press.net\/burkina\/sites\/42\/2021\/04\/img-60717b3bc752b.jpg","datePublished":"2021-04-10T10:25:46+00:00","dateModified":"2021-04-17T12:27:24+00:00","author":{"@id":"https:\/\/www.africa-press.net\/burkina-faso\/#\/schema\/person\/2b1cf3cd81a31e3cd26889ca66d677f1"},"description":"La F\u00e9d\u00e9ration internationale de football et associ\u00e9s (FIFA) a actualis\u00e9 son classement mensuel des meilleures \u00e9quipes ...","breadcrumb":{"@id":"https:\/\/www.africa-press.net\/burkina-faso\/homepage-french\/classement-fifa-le-burkina-perd-une-place-sur-le-plan-continental#breadcrumb"},"inLanguage":"fr-FR","potentialAction":[{"@type":"ReadAction","target":["https:\/\/www.africa-press.net\/burkina-faso\/homepage-french\/classement-fifa-le-burkina-perd-une-place-sur-le-plan-continental"]}]},{"@type":"ImageObject","inLanguage":"fr-FR","@id":"https:\/\/www.africa-press.net\/burkina-faso\/homepage-french\/classement-fifa-le-burkina-perd-une-place-sur-le-plan-continental#primaryimage","url":"https:\/\/static.africa-press.net\/burkina\/sites\/42\/2021\/04\/img-60717b3bc752b.jpg","contentUrl":"https:\/\/static.africa-press.net\/burkina\/sites\/42\/2021\/04\/img-60717b3bc752b.jpg","width":720,"height":401,"caption":"Classement FIFA : Le Burkina perd une place sur le plan continental"},{"@type":"BreadcrumbList","@id":"https:\/\/www.africa-press.net\/burkina-faso\/homepage-french\/classement-fifa-le-burkina-perd-une-place-sur-le-plan-continental#breadcrumb","itemListElement":[{"@type":"ListItem","position":1,"name":"Accueil","item":"https:\/\/www.africa-press.net\/burkina-faso\/"},{"@type":"ListItem","position":2,"name":"Classement FIFA : Le Burkina perd une place sur le plan continental"}]},{"@type":"WebSite","@id":"https:\/\/www.africa-press.net\/burkina-faso\/#website","url":"https:\/\/www.africa-press.net\/burkina-faso\/","name":"Burkina Faso","description":"Just another Africa News Agency Sites site","potentialAction":[{"@type":"SearchAction","target":{"@type":"EntryPoint","urlTemplate":"https:\/\/www.africa-press.net\/burkina-faso\/?s={search_term_string}"},"query-input":{"@type":"PropertyValueSpecification","valueRequired":true,"valueName":"search_term_string"}}],"inLanguage":"fr-FR"},{"@type":"Person","@id":"https:\/\/www.africa-press.net\/burkina-faso\/#\/schema\/person\/2b1cf3cd81a31e3cd26889ca66d677f1","name":"cfeditorfr"}]}},"_links":{"self":[{"href":"https:\/\/www.africa-press.net\/burkina-faso\/wp-json\/wp\/v2\/posts\/9605","targetHints":{"allow":["GET"]}}],"collection":[{"href":"https:\/\/www.africa-press.net\/burkina-faso\/wp-json\/wp\/v2\/posts"}],"about":[{"href":"https:\/\/www.africa-press.net\/burkina-faso\/wp-json\/wp\/v2\/types\/post"}],"author":[{"embeddable":true,"href":"https:\/\/www.africa-press.net\/burkina-faso\/wp-json\/wp\/v2\/users\/82"}],"replies":[{"embeddable":true,"href":"https:\/\/www.africa-press.net\/burkina-faso\/wp-json\/wp\/v2\/comments?post=9605"}],"version-history":[{"count":0,"href":"https:\/\/www.africa-press.net\/burkina-faso\/wp-json\/wp\/v2\/posts\/9605\/revisions"}],"wp:featuredmedia":[{"embeddable":true,"href":"https:\/\/www.africa-press.net\/burkina-faso\/wp-json\/wp\/v2\/media\/9604"}],"wp:attachment":[{"href":"https:\/\/www.africa-press.net\/burkina-faso\/wp-json\/wp\/v2\/media?parent=9605"}],"wp:term":[{"taxonomy":"category","embeddable":true,"href":"https:\/\/www.africa-press.net\/burkina-faso\/wp-json\/wp\/v2\/categories?post=9605"},{"taxonomy":"post_tag","embeddable":true,"href":"https:\/\/www.africa-press.net\/burkina-faso\/wp-json\/wp\/v2\/tags?post=9605"}],"curies":[{"name":"wp","href":"https:\/\/api.w.org\/{rel}","templated":true}]}}