{"id":9614,"date":"2021-04-10T10:50:57","date_gmt":"2021-04-10T10:50:57","guid":{"rendered":"https:\/\/www.africa-press.net\/burkina-faso\/?p=9614"},"modified":"2021-04-17T12:27:20","modified_gmt":"2021-04-17T12:27:20","slug":"entreprenariat-agricole-portrait-de-trois-jeunes-qui-ont-cru-en-la-terre","status":"publish","type":"post","link":"https:\/\/www.africa-press.net\/burkina-faso\/economie\/entreprenariat-agricole-portrait-de-trois-jeunes-qui-ont-cru-en-la-terre","title":{"rendered":"Entreprenariat agricole : Portrait de trois jeunes qui ont cru en la terre"},"content":{"rendered":"<p><span style=\"color: #ff6600\"><strong><a href=\"https:\/\/www.africa-press.net\/\">Africa-Press<\/a> &#8211; <a href=\"https:\/\/www.africa-press.net\/burkina-faso\">Burkina Faso<\/a>. <\/strong><\/span><b>A Bagr\u00e9, le travail de la terre nourrit son homme. Et si vous doutez, faites un tour dans les champs de Sawadogo Pegdwind\u00e9 Romaric, de Gu\u00e9br\u00e9 Abdou et dans la ferme avicole de D\u00e9doui Kirakouri. Avec de modestes moyens, ils ont su, chacun \u00e0 son niveau, tirer leur \u00e9pingle du jeu dans une localit\u00e9 o\u00f9 partir \u00e0 l\u2019aventure est la r\u00e8gle et rester est l\u2019exception. Portrait.<\/b><\/p>\n<p>A 26 ans, Sawadogo Pegdwend\u00e9 Romaric peut bien rendre gr\u00e2ce \u00e0 Dieu. A \u00e9couter son parcours, il n\u2019a rien \u00e0 envier \u00e0 un salari\u00e9. Apr\u00e8s avoir d\u00e9croch\u00e9 de l\u2019\u00e9cole, il fait son entr\u00e9e en 2015 \u00e0 l\u2019Institut de Formation en D\u00e9veloppement rural (IFODER) o\u00f9 apr\u00e8s deux ann\u00e9es de formation, il sort avec de solides connaissances en agriculture et en \u00e9levage. Mais comme tout novice, il faudra plus que de la volont\u00e9 pour voler de ses propres ailes. Avec 25 000 F CFA en poche \u2013 les \u00e9conomies de son stage d\u2019\u00e9tudes \u2013 il commence \u00e0 exploiter un terrain re\u00e7u de Bagrep\u00f4le. Il y produira cinq tonnes de ma\u00efs \u00e0 l\u2019hectare. Gr\u00e2ce au b\u00e9n\u00e9fice obtenu, il s\u2019ach\u00e8te une nouvelle moto.<\/p>\n<p><b>\u00ab Il n\u2019y a rien de plus rentable que l\u2019agriculture \u00bb<\/b><\/p>\n<p>Outre le ma\u00efs, le jeune Romaric fait de l\u2019embouche bovine avec un cheptel de sept b\u0153ufs, produit de l\u2019oignon sur un demi-hectare et du riz sur deux hectares. La production de riz lui permet de gagner au moins 1 500 000 F CFA par campagne soit 3 millions de francs CFA par an. Sa production est appr\u00e9ci\u00e9e de l\u2019IFODER qui n\u2019h\u00e9site pas \u00e0 s\u2019approvisionner chez lui pour sa cantine. Pour l\u2019accompagner dans ses activit\u00e9s, la Maison de l\u2019entreprise lui a remis 1 520 000 F CFA. Cette somme a servi \u00e0 l\u2019achat de mat\u00e9riel agricole et d\u2019un tricycle.<\/p>\n<p>\u00ab Si c\u2019\u00e9tait \u00e0 refaire, je n\u2019irai pas \u00e0 l\u2019\u00e9cole. Je pr\u00e9f\u00e8rerais faire des formations de courte dur\u00e9e pour me perfectionner en agriculture et en \u00e9levage [\u2026] Aujourd\u2019hui, mes anciens camarades d\u2019\u00e9cole me consid\u00e8rent comme un grand (Rires !!!). Pourtant, je ne suis qu\u2019\u00e0 mes d\u00e9buts \u00bb, explique le jeune entrepreneur qui ne manque de dire \u00e0 qui veut l\u2019entendre : \u00ab Il ne faut pas avoir peur de l\u2019agriculture. Il n\u2019y a rien de plus rentable que l\u2019agriculture \u00bb.<\/p>\n<p><b>Se former avant tout<\/b><\/p>\n<p>D\u00e9doui Kirakouri, lui, est l\u2019ain\u00e9 de Romaric, car il fait partie de la toute premi\u00e8re promotion 2013-2015 de l\u2019IFODER. En 2019, il ouvre une ferme avicole, gr\u00e2ce au soutien de son fr\u00e8re ain\u00e9. Avec seize t\u00eates de poules locales au d\u00e9part, il commande au bout de quelques semaines 100 poussins de race am\u00e9lior\u00e9e \u00ab Poulet du Faso \u00bb. Lors de notre passage \u00e0 Bagr\u00e9, le 11 mars 2021, sa ferme comptait plus de 500 poulets.<\/p>\n<p>\u00ab L\u2019activit\u00e9 marche et il n\u2019y a aucun probl\u00e8me \u00bb, rassure D\u00e9doui Kirakouri. M\u00eame s\u2019il n\u2019est qu\u2019\u00e0 ses premiers pas, le jeune aviculteur re\u00e7oit par moments la visite de jeunes \u00e9leveurs qui veulent emboiter ses pas. \u00ab Ils viennent prendre des conseils avec moi. Mais je leur recommande toujours d\u2019aller se faire former \u00bb, pr\u00e9cise-t-il.<br \/>\nLes poulets, D\u00e9doui Kirakouri les vend \u00e0 un prix n\u00e9gociable de 3 000 F CFA l\u2019unit\u00e9. A Bagr\u00e9, le Centre \u00e9cotouristique demeure son plus gros client avec des commandes avoisinant parfois la centaine de poulets.<\/p>\n<p><b>L\u2019alimentation, principale difficult\u00e9<\/b><\/p>\n<p>L\u2019arbre ne doit cependant pas cacher la for\u00eat. Le jeune aviculteur rencontre des difficult\u00e9s li\u00e9es principalement au co\u00fbt \u00e9lev\u00e9 de l\u2019alimentation de la volaille. A l\u2019en croire, le sac de 50 kg co\u00fbte 12 500 F CFA. A cela s\u2019ajoute les frais de transport depuis Ouagadougou. Pour pallier ce probl\u00e8me, il a d\u00e9cid\u00e9 de produire lui-m\u00eame les aliments \u00e0 base de soja, de ma\u00efs, du son de riz et d\u2019ar\u00eates de poissons.<\/p>\n<p><b>\u00ab L\u2019homme doit manger \u00e0 la sueur de son front \u00bb<\/b><\/p>\n<p>Aujourd\u2019hui en location, le fermier n\u2019a qu\u2019une dol\u00e9ance. Avoir un terrain ne serait-ce qu\u2019un demi hectare, pour mieux d\u00e9velopper son \u00e9levage. \u00ab Ici au Burkina, la terre ne ment pas. La Bible dit que l\u2019homme doit manger \u00e0 la sueur de son front. Gr\u00e2ce \u00e0 cette activit\u00e9, j\u2019arrive \u00e0 subvenir \u00e0 mes besoins. Je ne demande plus les billets de 1000 FCFA \u00e0 mon fr\u00e8re pour mes besoins. Si vous voulez vous lancer dans cette activit\u00e9, n\u2019h\u00e9sitez pas. Formez-vous d\u2019abord \u00bb, conseille D\u00e9doui Kirakouri.<\/p>\n<p><b>Le p\u00e9riple angolais<\/b><\/p>\n<p>Le troisi\u00e8me jeune qui gagne bien sa vie se nomme Gu\u00e9br\u00e9 Abdou. Il s\u2019agit d\u2019un producteur de riz, ancien aventurier. \u00ab Je suis parti de Bagr\u00e9 en 2010 pour l\u2019Angola et je suis rentr\u00e9 en 2019. Je me suis retrouv\u00e9 en Angola par voie clandestine en passant par les deux Congo. J\u2019ai march\u00e9 pendant 21 jours avant d\u2019arriver en Angola \u00bb, relate l\u2019homme.<\/p>\n<p>Il passera des semaines \u00e0 la fronti\u00e8re avant que les services de migration ne mettent le grappin sur lui et ses compagnons d\u2019infortune. Mais en contrepartie, il fallait d\u00e9bourser la somme de 350 000 F CFA pour atteindre la capitale Luanda. Au total, il d\u00e9pensera 1 250 000 F CFA pour atteindre \u00ab l\u2019Eldorado \u00bb. L\u00e0, il y fera le commerce de produits. Non sans difficult\u00e9s.<\/p>\n<p>\u00ab On avait toujours les services de migration \u00e0 nos trousses. Et c\u2019est la peur au ventre qu\u2019on sortait de la maison. Je n\u2019ai jamais connu la prison ici au Burkina. Mais l\u00e0-bas, j\u2019ai \u00e9t\u00e9 mis en prison au moins une dizaine de fois. Dans ma premi\u00e8re prison, j\u2019ai \u00e9t\u00e9 tortur\u00e9 mais pour les prochains cas, on remettait aux gardes nos gains. M\u00eame si l\u2019aventure n\u2019a pas march\u00e9 pour moi, je suis rentr\u00e9 en bonne sant\u00e9 pour b\u00e2tir ma terre natale. Et c\u2019est le principal. \u00bb, r\u00e9pond Gu\u00e9br\u00e9 Abdou.<\/p>\n<p><b>Le retour gagnant<\/b><\/p>\n<p>Quelle \u00e9tait la r\u00e9action de ses proches ? A cette question, le producteur r\u00e9pond en \u00e9mettant quelques soupirs. \u00ab Mes proches n\u2019\u00e9taient pas contents. Ils ont dit que je n\u2019ai rien foutu \u00e0 l\u2019aventure. Je leur ai r\u00e9pondu que ce n\u2019\u00e9tait pas le cas et que chacun avait sa chance. Mon bonheur ne se trouvait pas \u00e0 l\u2019ext\u00e9rieur mais au Burkina dans la rizi\u00e8re. A mon retour, au bout de deux ans, j\u2019ai gagn\u00e9 plus que ce que j\u2019ai obtenu en Angola \u00bb.<\/p>\n<p>De retour donc au bercail, Gu\u00e9br\u00e9 Abdou se remet vite dans la production du riz, son ancien boulot qui lui avait permis de financer son voyage en Angola. Il produit trois \u00e0 quatre tonnes de riz par an sur une superficie d\u2019un hectare qu\u2019il exploite. Gr\u00e2ce \u00e0 cette production, il a r\u00e9ussi \u00e0 construire une maison.<\/p>\n<p>\u00ab Tout ce qu\u2019on cherche \u00e0 l\u2019aventure se trouve ici au Burkina. Pour r\u00e9ussir ici, il suffit d\u2019abord d\u2019avoir la mentalit\u00e9 du travail et s\u2019armer de courage. Rien ne s\u2019acquiert facilement. Il faut travailler dur \u00bb, se convainc le jeune producteur de riz.<\/p>\n<p><b>\u00a0<\/b><\/p>\n","protected":false},"excerpt":{"rendered":"<p>Africa-Press &#8211; Burkina Faso. A Bagr\u00e9, le travail de la terre nourrit son homme. Et si vous doutez, faites un tour dans les champs de Sawadogo Pegdwind\u00e9 Romaric, de Gu\u00e9br\u00e9 Abdou et dans la ferme avicole de D\u00e9doui Kirakouri. Avec de modestes moyens, ils ont su, chacun \u00e0 son niveau, tirer leur \u00e9pingle du jeu [&hellip;]<\/p>\n","protected":false},"author":82,"featured_media":9613,"comment_status":"open","ping_status":"closed","sticky":false,"template":"","format":"standard","meta":{"footnotes":""},"categories":[3,11,10],"tags":[111,725,29],"class_list":["post-9614","post","type-post","status-publish","format-standard","has-post-thumbnail","hentry","category-economie","category-homepage-french","category-toutes-les-actualites","tag-africa-press","tag-africa-press-burkina-faso","tag-burkina-faso"],"yoast_head":"<!-- This site is optimized with the Yoast SEO Premium plugin v26.1 (Yoast SEO v27.0) - https:\/\/yoast.com\/product\/yoast-seo-premium-wordpress\/ -->\n<title>Entreprenariat agricole : Portrait de trois jeunes qui ont cru en la terre - Burkina Faso<\/title>\n<meta name=\"description\" content=\"A Bagr\u00e9, le travail de la terre nourrit son homme. Et si vous doutez, faites un tour dans les champs de Sawadogo Pegd ...\" \/>\n<meta name=\"robots\" content=\"index, follow, max-snippet:-1, max-image-preview:large, max-video-preview:-1\" \/>\n<link rel=\"canonical\" href=\"https:\/\/www.africa-press.net\/burkina-faso\/economie\/entreprenariat-agricole-portrait-de-trois-jeunes-qui-ont-cru-en-la-terre\" \/>\n<meta property=\"og:locale\" content=\"fr_FR\" \/>\n<meta property=\"og:type\" content=\"article\" \/>\n<meta property=\"og:title\" content=\"Entreprenariat agricole : Portrait de trois jeunes qui ont cru en la terre\" \/>\n<meta property=\"og:description\" content=\"A Bagr\u00e9, le travail de la terre nourrit son homme. Et si vous doutez, faites un tour dans les champs de Sawadogo Pegd ...\" \/>\n<meta property=\"og:url\" content=\"https:\/\/www.africa-press.net\/burkina-faso\/economie\/entreprenariat-agricole-portrait-de-trois-jeunes-qui-ont-cru-en-la-terre\" \/>\n<meta property=\"og:site_name\" content=\"Burkina Faso\" \/>\n<meta property=\"article:published_time\" content=\"2021-04-10T10:50:57+00:00\" \/>\n<meta property=\"article:modified_time\" content=\"2021-04-17T12:27:20+00:00\" \/>\n<meta property=\"og:image\" content=\"https:\/\/static.africa-press.net\/burkina\/sites\/42\/2021\/04\/img-60717bbe1c5c2.jpg\" \/>\n\t<meta property=\"og:image:width\" content=\"720\" \/>\n\t<meta property=\"og:image:height\" content=\"423\" \/>\n\t<meta property=\"og:image:type\" content=\"image\/jpeg\" \/>\n<meta name=\"author\" content=\"cfeditorfr\" \/>\n<meta name=\"twitter:card\" content=\"summary_large_image\" \/>\n<meta name=\"twitter:label1\" content=\"\u00c9crit par\" \/>\n\t<meta name=\"twitter:data1\" content=\"cfeditorfr\" \/>\n\t<meta name=\"twitter:label2\" content=\"Dur\u00e9e de lecture estim\u00e9e\" \/>\n\t<meta name=\"twitter:data2\" content=\"5 minutes\" \/>\n<script type=\"application\/ld+json\" class=\"yoast-schema-graph\">{\"@context\":\"https:\/\/schema.org\",\"@graph\":[{\"@type\":\"Article\",\"@id\":\"https:\/\/www.africa-press.net\/burkina-faso\/economie\/entreprenariat-agricole-portrait-de-trois-jeunes-qui-ont-cru-en-la-terre#article\",\"isPartOf\":{\"@id\":\"https:\/\/www.africa-press.net\/burkina-faso\/economie\/entreprenariat-agricole-portrait-de-trois-jeunes-qui-ont-cru-en-la-terre\"},\"author\":{\"name\":\"cfeditorfr\",\"@id\":\"https:\/\/www.africa-press.net\/burkina-faso\/#\/schema\/person\/2b1cf3cd81a31e3cd26889ca66d677f1\"},\"headline\":\"Entreprenariat agricole : Portrait de trois jeunes qui ont cru en la terre\",\"datePublished\":\"2021-04-10T10:50:57+00:00\",\"dateModified\":\"2021-04-17T12:27:20+00:00\",\"mainEntityOfPage\":{\"@id\":\"https:\/\/www.africa-press.net\/burkina-faso\/economie\/entreprenariat-agricole-portrait-de-trois-jeunes-qui-ont-cru-en-la-terre\"},\"wordCount\":1207,\"commentCount\":0,\"image\":{\"@id\":\"https:\/\/www.africa-press.net\/burkina-faso\/economie\/entreprenariat-agricole-portrait-de-trois-jeunes-qui-ont-cru-en-la-terre#primaryimage\"},\"thumbnailUrl\":\"https:\/\/static.africa-press.net\/burkina\/sites\/42\/2021\/04\/img-60717bbe1c5c2.jpg\",\"keywords\":[\"Africa Press\",\"Africa Press-Burkina Faso\",\"Burkina Faso\"],\"articleSection\":[\"\u00c9conomie\",\"homepage-french\",\"Toutes les actualit\u00e9s\"],\"inLanguage\":\"fr-FR\",\"potentialAction\":[{\"@type\":\"CommentAction\",\"name\":\"Comment\",\"target\":[\"https:\/\/www.africa-press.net\/burkina-faso\/economie\/entreprenariat-agricole-portrait-de-trois-jeunes-qui-ont-cru-en-la-terre#respond\"]}]},{\"@type\":\"WebPage\",\"@id\":\"https:\/\/www.africa-press.net\/burkina-faso\/economie\/entreprenariat-agricole-portrait-de-trois-jeunes-qui-ont-cru-en-la-terre\",\"url\":\"https:\/\/www.africa-press.net\/burkina-faso\/economie\/entreprenariat-agricole-portrait-de-trois-jeunes-qui-ont-cru-en-la-terre\",\"name\":\"Entreprenariat agricole : Portrait de trois jeunes qui ont cru en la terre - Burkina Faso\",\"isPartOf\":{\"@id\":\"https:\/\/www.africa-press.net\/burkina-faso\/#website\"},\"primaryImageOfPage\":{\"@id\":\"https:\/\/www.africa-press.net\/burkina-faso\/economie\/entreprenariat-agricole-portrait-de-trois-jeunes-qui-ont-cru-en-la-terre#primaryimage\"},\"image\":{\"@id\":\"https:\/\/www.africa-press.net\/burkina-faso\/economie\/entreprenariat-agricole-portrait-de-trois-jeunes-qui-ont-cru-en-la-terre#primaryimage\"},\"thumbnailUrl\":\"https:\/\/static.africa-press.net\/burkina\/sites\/42\/2021\/04\/img-60717bbe1c5c2.jpg\",\"datePublished\":\"2021-04-10T10:50:57+00:00\",\"dateModified\":\"2021-04-17T12:27:20+00:00\",\"author\":{\"@id\":\"https:\/\/www.africa-press.net\/burkina-faso\/#\/schema\/person\/2b1cf3cd81a31e3cd26889ca66d677f1\"},\"description\":\"A Bagr\u00e9, le travail de la terre nourrit son homme. Et si vous doutez, faites un tour dans les champs de Sawadogo Pegd ...\",\"breadcrumb\":{\"@id\":\"https:\/\/www.africa-press.net\/burkina-faso\/economie\/entreprenariat-agricole-portrait-de-trois-jeunes-qui-ont-cru-en-la-terre#breadcrumb\"},\"inLanguage\":\"fr-FR\",\"potentialAction\":[{\"@type\":\"ReadAction\",\"target\":[\"https:\/\/www.africa-press.net\/burkina-faso\/economie\/entreprenariat-agricole-portrait-de-trois-jeunes-qui-ont-cru-en-la-terre\"]}]},{\"@type\":\"ImageObject\",\"inLanguage\":\"fr-FR\",\"@id\":\"https:\/\/www.africa-press.net\/burkina-faso\/economie\/entreprenariat-agricole-portrait-de-trois-jeunes-qui-ont-cru-en-la-terre#primaryimage\",\"url\":\"https:\/\/static.africa-press.net\/burkina\/sites\/42\/2021\/04\/img-60717bbe1c5c2.jpg\",\"contentUrl\":\"https:\/\/static.africa-press.net\/burkina\/sites\/42\/2021\/04\/img-60717bbe1c5c2.jpg\",\"width\":720,\"height\":423,\"caption\":\"Entreprenariat agricole : Portrait de trois jeunes qui ont cru en la terre\"},{\"@type\":\"BreadcrumbList\",\"@id\":\"https:\/\/www.africa-press.net\/burkina-faso\/economie\/entreprenariat-agricole-portrait-de-trois-jeunes-qui-ont-cru-en-la-terre#breadcrumb\",\"itemListElement\":[{\"@type\":\"ListItem\",\"position\":1,\"name\":\"Accueil\",\"item\":\"https:\/\/www.africa-press.net\/burkina-faso\/\"},{\"@type\":\"ListItem\",\"position\":2,\"name\":\"Entreprenariat agricole : Portrait de trois jeunes qui ont cru en la terre\"}]},{\"@type\":\"WebSite\",\"@id\":\"https:\/\/www.africa-press.net\/burkina-faso\/#website\",\"url\":\"https:\/\/www.africa-press.net\/burkina-faso\/\",\"name\":\"Burkina Faso\",\"description\":\"Just another Africa News Agency Sites site\",\"potentialAction\":[{\"@type\":\"SearchAction\",\"target\":{\"@type\":\"EntryPoint\",\"urlTemplate\":\"https:\/\/www.africa-press.net\/burkina-faso\/?s={search_term_string}\"},\"query-input\":{\"@type\":\"PropertyValueSpecification\",\"valueRequired\":true,\"valueName\":\"search_term_string\"}}],\"inLanguage\":\"fr-FR\"},{\"@type\":\"Person\",\"@id\":\"https:\/\/www.africa-press.net\/burkina-faso\/#\/schema\/person\/2b1cf3cd81a31e3cd26889ca66d677f1\",\"name\":\"cfeditorfr\"}]}<\/script>\n<!-- \/ Yoast SEO Premium plugin. -->","yoast_head_json":{"title":"Entreprenariat agricole : Portrait de trois jeunes qui ont cru en la terre - Burkina Faso","description":"A Bagr\u00e9, le travail de la terre nourrit son homme. Et si vous doutez, faites un tour dans les champs de Sawadogo Pegd ...","robots":{"index":"index","follow":"follow","max-snippet":"max-snippet:-1","max-image-preview":"max-image-preview:large","max-video-preview":"max-video-preview:-1"},"canonical":"https:\/\/www.africa-press.net\/burkina-faso\/economie\/entreprenariat-agricole-portrait-de-trois-jeunes-qui-ont-cru-en-la-terre","og_locale":"fr_FR","og_type":"article","og_title":"Entreprenariat agricole : Portrait de trois jeunes qui ont cru en la terre","og_description":"A Bagr\u00e9, le travail de la terre nourrit son homme. Et si vous doutez, faites un tour dans les champs de Sawadogo Pegd ...","og_url":"https:\/\/www.africa-press.net\/burkina-faso\/economie\/entreprenariat-agricole-portrait-de-trois-jeunes-qui-ont-cru-en-la-terre","og_site_name":"Burkina Faso","article_published_time":"2021-04-10T10:50:57+00:00","article_modified_time":"2021-04-17T12:27:20+00:00","og_image":[{"width":720,"height":423,"url":"https:\/\/static.africa-press.net\/burkina\/sites\/42\/2021\/04\/img-60717bbe1c5c2.jpg","type":"image\/jpeg"}],"author":"cfeditorfr","twitter_card":"summary_large_image","twitter_misc":{"\u00c9crit par":"cfeditorfr","Dur\u00e9e de lecture estim\u00e9e":"5 minutes"},"schema":{"@context":"https:\/\/schema.org","@graph":[{"@type":"Article","@id":"https:\/\/www.africa-press.net\/burkina-faso\/economie\/entreprenariat-agricole-portrait-de-trois-jeunes-qui-ont-cru-en-la-terre#article","isPartOf":{"@id":"https:\/\/www.africa-press.net\/burkina-faso\/economie\/entreprenariat-agricole-portrait-de-trois-jeunes-qui-ont-cru-en-la-terre"},"author":{"name":"cfeditorfr","@id":"https:\/\/www.africa-press.net\/burkina-faso\/#\/schema\/person\/2b1cf3cd81a31e3cd26889ca66d677f1"},"headline":"Entreprenariat agricole : Portrait de trois jeunes qui ont cru en la terre","datePublished":"2021-04-10T10:50:57+00:00","dateModified":"2021-04-17T12:27:20+00:00","mainEntityOfPage":{"@id":"https:\/\/www.africa-press.net\/burkina-faso\/economie\/entreprenariat-agricole-portrait-de-trois-jeunes-qui-ont-cru-en-la-terre"},"wordCount":1207,"commentCount":0,"image":{"@id":"https:\/\/www.africa-press.net\/burkina-faso\/economie\/entreprenariat-agricole-portrait-de-trois-jeunes-qui-ont-cru-en-la-terre#primaryimage"},"thumbnailUrl":"https:\/\/static.africa-press.net\/burkina\/sites\/42\/2021\/04\/img-60717bbe1c5c2.jpg","keywords":["Africa Press","Africa Press-Burkina Faso","Burkina Faso"],"articleSection":["\u00c9conomie","homepage-french","Toutes les actualit\u00e9s"],"inLanguage":"fr-FR","potentialAction":[{"@type":"CommentAction","name":"Comment","target":["https:\/\/www.africa-press.net\/burkina-faso\/economie\/entreprenariat-agricole-portrait-de-trois-jeunes-qui-ont-cru-en-la-terre#respond"]}]},{"@type":"WebPage","@id":"https:\/\/www.africa-press.net\/burkina-faso\/economie\/entreprenariat-agricole-portrait-de-trois-jeunes-qui-ont-cru-en-la-terre","url":"https:\/\/www.africa-press.net\/burkina-faso\/economie\/entreprenariat-agricole-portrait-de-trois-jeunes-qui-ont-cru-en-la-terre","name":"Entreprenariat agricole : Portrait de trois jeunes qui ont cru en la terre - Burkina Faso","isPartOf":{"@id":"https:\/\/www.africa-press.net\/burkina-faso\/#website"},"primaryImageOfPage":{"@id":"https:\/\/www.africa-press.net\/burkina-faso\/economie\/entreprenariat-agricole-portrait-de-trois-jeunes-qui-ont-cru-en-la-terre#primaryimage"},"image":{"@id":"https:\/\/www.africa-press.net\/burkina-faso\/economie\/entreprenariat-agricole-portrait-de-trois-jeunes-qui-ont-cru-en-la-terre#primaryimage"},"thumbnailUrl":"https:\/\/static.africa-press.net\/burkina\/sites\/42\/2021\/04\/img-60717bbe1c5c2.jpg","datePublished":"2021-04-10T10:50:57+00:00","dateModified":"2021-04-17T12:27:20+00:00","author":{"@id":"https:\/\/www.africa-press.net\/burkina-faso\/#\/schema\/person\/2b1cf3cd81a31e3cd26889ca66d677f1"},"description":"A Bagr\u00e9, le travail de la terre nourrit son homme. Et si vous doutez, faites un tour dans les champs de Sawadogo Pegd ...","breadcrumb":{"@id":"https:\/\/www.africa-press.net\/burkina-faso\/economie\/entreprenariat-agricole-portrait-de-trois-jeunes-qui-ont-cru-en-la-terre#breadcrumb"},"inLanguage":"fr-FR","potentialAction":[{"@type":"ReadAction","target":["https:\/\/www.africa-press.net\/burkina-faso\/economie\/entreprenariat-agricole-portrait-de-trois-jeunes-qui-ont-cru-en-la-terre"]}]},{"@type":"ImageObject","inLanguage":"fr-FR","@id":"https:\/\/www.africa-press.net\/burkina-faso\/economie\/entreprenariat-agricole-portrait-de-trois-jeunes-qui-ont-cru-en-la-terre#primaryimage","url":"https:\/\/static.africa-press.net\/burkina\/sites\/42\/2021\/04\/img-60717bbe1c5c2.jpg","contentUrl":"https:\/\/static.africa-press.net\/burkina\/sites\/42\/2021\/04\/img-60717bbe1c5c2.jpg","width":720,"height":423,"caption":"Entreprenariat agricole : Portrait de trois jeunes qui ont cru en la terre"},{"@type":"BreadcrumbList","@id":"https:\/\/www.africa-press.net\/burkina-faso\/economie\/entreprenariat-agricole-portrait-de-trois-jeunes-qui-ont-cru-en-la-terre#breadcrumb","itemListElement":[{"@type":"ListItem","position":1,"name":"Accueil","item":"https:\/\/www.africa-press.net\/burkina-faso\/"},{"@type":"ListItem","position":2,"name":"Entreprenariat agricole : Portrait de trois jeunes qui ont cru en la terre"}]},{"@type":"WebSite","@id":"https:\/\/www.africa-press.net\/burkina-faso\/#website","url":"https:\/\/www.africa-press.net\/burkina-faso\/","name":"Burkina Faso","description":"Just another Africa News Agency Sites site","potentialAction":[{"@type":"SearchAction","target":{"@type":"EntryPoint","urlTemplate":"https:\/\/www.africa-press.net\/burkina-faso\/?s={search_term_string}"},"query-input":{"@type":"PropertyValueSpecification","valueRequired":true,"valueName":"search_term_string"}}],"inLanguage":"fr-FR"},{"@type":"Person","@id":"https:\/\/www.africa-press.net\/burkina-faso\/#\/schema\/person\/2b1cf3cd81a31e3cd26889ca66d677f1","name":"cfeditorfr"}]}},"_links":{"self":[{"href":"https:\/\/www.africa-press.net\/burkina-faso\/wp-json\/wp\/v2\/posts\/9614","targetHints":{"allow":["GET"]}}],"collection":[{"href":"https:\/\/www.africa-press.net\/burkina-faso\/wp-json\/wp\/v2\/posts"}],"about":[{"href":"https:\/\/www.africa-press.net\/burkina-faso\/wp-json\/wp\/v2\/types\/post"}],"author":[{"embeddable":true,"href":"https:\/\/www.africa-press.net\/burkina-faso\/wp-json\/wp\/v2\/users\/82"}],"replies":[{"embeddable":true,"href":"https:\/\/www.africa-press.net\/burkina-faso\/wp-json\/wp\/v2\/comments?post=9614"}],"version-history":[{"count":0,"href":"https:\/\/www.africa-press.net\/burkina-faso\/wp-json\/wp\/v2\/posts\/9614\/revisions"}],"wp:featuredmedia":[{"embeddable":true,"href":"https:\/\/www.africa-press.net\/burkina-faso\/wp-json\/wp\/v2\/media\/9613"}],"wp:attachment":[{"href":"https:\/\/www.africa-press.net\/burkina-faso\/wp-json\/wp\/v2\/media?parent=9614"}],"wp:term":[{"taxonomy":"category","embeddable":true,"href":"https:\/\/www.africa-press.net\/burkina-faso\/wp-json\/wp\/v2\/categories?post=9614"},{"taxonomy":"post_tag","embeddable":true,"href":"https:\/\/www.africa-press.net\/burkina-faso\/wp-json\/wp\/v2\/tags?post=9614"}],"curies":[{"name":"wp","href":"https:\/\/api.w.org\/{rel}","templated":true}]}}