{"id":9620,"date":"2021-04-10T11:05:31","date_gmt":"2021-04-10T11:05:31","guid":{"rendered":"https:\/\/www.africa-press.net\/burkina-faso\/?p=9620"},"modified":"2021-04-10T11:11:28","modified_gmt":"2021-04-10T11:11:28","slug":"burkina-faso-la-television-nationale-ouvre-ses-portes-au-public-du-16-au-18-avril-2021","status":"publish","type":"post","link":"https:\/\/www.africa-press.net\/burkina-faso\/culture-et-art\/burkina-faso-la-television-nationale-ouvre-ses-portes-au-public-du-16-au-18-avril-2021","title":{"rendered":"La t\u00e9l\u00e9vision nationale ouvre ses portes au public du 16 au 18 avril 2021"},"content":{"rendered":"<p><span style=\"color: #ff6600\"><strong><a href=\"https:\/\/www.africa-press.net\/\">Africa-Press<\/a> &#8211; <a href=\"https:\/\/www.africa-press.net\/burkina-faso\">Burkina Faso<\/a>. <\/strong><\/span>La Radiodiffusion T\u00e9l\u00e9vision du Burkina (RTB) a organise des journ\u00e9es portes ouvertes du 16 au 18 avril 2021. Plac\u00e9e sous le patronage du pr\u00e9sident de l\u2019Assembl\u00e9e nationale, Alassane Bala Sakand\u00e9, et du parrainage du ministre en charge de la communication, Ousseni Tamboura, la Radiodiffusion T\u00e9l\u00e9vision du Burkina Faso (RTB) compte organiser la premi\u00e8re \u00e9dition de ses journ\u00e9es portes ouvertes (JPO) pr\u00e9vues du 16 au 18 avril 2021.<\/p>\n<p>C\u2019est une occasion pour les t\u00e9l\u00e9spectateurs de d\u00e9couvrir les studios de la t\u00e9l\u00e9vision nationale et d\u2019\u00e9changer avec les agents. Le directeur de la RTB\/t\u00e9l\u00e9, Evariste Combary, est revenu sur les trois missions principales de la t\u00e9l\u00e9vision \u00e0 savoir informer, \u00e9duquer et distraire. Egalement, il a fait savoir que les 72 heures de la t\u00e9l\u00e9vision nationale visent trois objectifs principaux.<\/p>\n<p>A l\u2019\u00e9couter, il s\u2019agit de cr\u00e9er un cadre de communion et d\u2019\u00e9changes avec le grand public, de renforcer la coh\u00e9sion et la solidarit\u00e9 entre les agents de la t\u00e9l\u00e9vision du Burkina Faso et de renforcer les relations entre la t\u00e9l\u00e9vision et ses partenaires.<\/p>\n<p>Durant les trois jours, de nouvelles \u00e9missions seront pr\u00e9sent\u00e9es, notamment le \u00ab retour \u00e0 l\u2019\u00e9cran des anciens \u00bb. Pour le directeur de la RTB\/t\u00e9l\u00e9, l\u2019id\u00e9e est de permettre aux anciens de revivre les \u00e9motions des moments pass\u00e9s tout en communiquant avec la nouvelle g\u00e9n\u00e9ration et par l\u00e0 permettre aux t\u00e9l\u00e9spectateurs de d\u00e9couvrir ces anciennes vedettes de la chaine nationale.<\/p>\n<p>En plus, une conf\u00e9rence publique anim\u00e9e par le Pr Serge Th\u00e9ophile Balima, des expositions de vieux mat\u00e9riels techniques, un concert avec des artistes, des activit\u00e9s sportives et une journ\u00e9e de salubrit\u00e9, tels sont, entre autres, les diff\u00e9rentes articulations durant ces journ\u00e9es.<\/p>\n<p>Evariste Combary a pr\u00e9cis\u00e9 que le pr\u00e9sident du Conseil Sup\u00e9rieur de la Communication (CSC), Mathias Tankoano, sera l\u2019invit\u00e9 d\u2019honneur des JPO. Sanata GANSAGNE (stagiaire)<\/p>\n","protected":false},"excerpt":{"rendered":"<p>Africa-Press &#8211; Burkina Faso. La Radiodiffusion T\u00e9l\u00e9vision du Burkina (RTB) a organise des journ\u00e9es portes ouvertes du 16 au 18 avril 2021. Plac\u00e9e sous le patronage du pr\u00e9sident de l\u2019Assembl\u00e9e nationale, Alassane Bala Sakand\u00e9, et du parrainage du ministre en charge de la communication, Ousseni Tamboura, la Radiodiffusion T\u00e9l\u00e9vision du Burkina Faso (RTB) compte organiser [&hellip;]<\/p>\n","protected":false},"author":82,"featured_media":9619,"comment_status":"open","ping_status":"closed","sticky":false,"template":"","format":"standard","meta":{"footnotes":""},"categories":[5,11,10],"tags":[111,725,29],"class_list":["post-9620","post","type-post","status-publish","format-standard","has-post-thumbnail","hentry","category-culture-et-art","category-homepage-french","category-toutes-les-actualites","tag-africa-press","tag-africa-press-burkina-faso","tag-burkina-faso"],"yoast_head":"<!-- This site is optimized with the Yoast SEO Premium plugin v26.1 (Yoast SEO v27.0) - https:\/\/yoast.com\/product\/yoast-seo-premium-wordpress\/ -->\n<title>La t\u00e9l\u00e9vision nationale ouvre ses portes au public du 16 au 18 avril 2021 - Burkina Faso<\/title>\n<meta name=\"description\" content=\"La Radiodiffusion T\u00e9l\u00e9vision du Burkina (RTB) a organise des journ\u00e9es portes ouvertes du 16 au 18 avril 2021. Plac\u00e9e sou ...\" \/>\n<meta name=\"robots\" content=\"index, follow, max-snippet:-1, max-image-preview:large, max-video-preview:-1\" \/>\n<link rel=\"canonical\" href=\"https:\/\/www.africa-press.net\/burkina-faso\/culture-et-art\/burkina-faso-la-television-nationale-ouvre-ses-portes-au-public-du-16-au-18-avril-2021\" \/>\n<meta property=\"og:locale\" content=\"fr_FR\" \/>\n<meta property=\"og:type\" content=\"article\" \/>\n<meta property=\"og:title\" content=\"La t\u00e9l\u00e9vision nationale ouvre ses portes au public du 16 au 18 avril 2021\" \/>\n<meta property=\"og:description\" content=\"La Radiodiffusion T\u00e9l\u00e9vision du Burkina (RTB) a organise des journ\u00e9es portes ouvertes du 16 au 18 avril 2021. Plac\u00e9e sou ...\" \/>\n<meta property=\"og:url\" content=\"https:\/\/www.africa-press.net\/burkina-faso\/culture-et-art\/burkina-faso-la-television-nationale-ouvre-ses-portes-au-public-du-16-au-18-avril-2021\" \/>\n<meta property=\"og:site_name\" content=\"Burkina Faso\" \/>\n<meta property=\"article:published_time\" content=\"2021-04-10T11:05:31+00:00\" \/>\n<meta property=\"article:modified_time\" content=\"2021-04-10T11:11:28+00:00\" \/>\n<meta property=\"og:image\" content=\"https:\/\/static.africa-press.net\/burkina\/sites\/42\/2021\/04\/img-60717c1bd72f3.jpg\" \/>\n\t<meta property=\"og:image:width\" content=\"750\" \/>\n\t<meta property=\"og:image:height\" content=\"327\" \/>\n\t<meta property=\"og:image:type\" content=\"image\/jpeg\" \/>\n<meta name=\"author\" content=\"cfeditorfr\" \/>\n<meta name=\"twitter:card\" content=\"summary_large_image\" \/>\n<meta name=\"twitter:label1\" content=\"\u00c9crit par\" \/>\n\t<meta name=\"twitter:data1\" content=\"cfeditorfr\" \/>\n\t<meta name=\"twitter:label2\" content=\"Dur\u00e9e de lecture estim\u00e9e\" \/>\n\t<meta name=\"twitter:data2\" content=\"2 minutes\" \/>\n<script type=\"application\/ld+json\" class=\"yoast-schema-graph\">{\"@context\":\"https:\/\/schema.org\",\"@graph\":[{\"@type\":\"Article\",\"@id\":\"https:\/\/www.africa-press.net\/burkina-faso\/culture-et-art\/burkina-faso-la-television-nationale-ouvre-ses-portes-au-public-du-16-au-18-avril-2021#article\",\"isPartOf\":{\"@id\":\"https:\/\/www.africa-press.net\/burkina-faso\/culture-et-art\/burkina-faso-la-television-nationale-ouvre-ses-portes-au-public-du-16-au-18-avril-2021\"},\"author\":{\"name\":\"cfeditorfr\",\"@id\":\"https:\/\/www.africa-press.net\/burkina-faso\/#\/schema\/person\/2b1cf3cd81a31e3cd26889ca66d677f1\"},\"headline\":\"La t\u00e9l\u00e9vision nationale ouvre ses portes au public du 16 au 18 avril 2021\",\"datePublished\":\"2021-04-10T11:05:31+00:00\",\"dateModified\":\"2021-04-10T11:11:28+00:00\",\"mainEntityOfPage\":{\"@id\":\"https:\/\/www.africa-press.net\/burkina-faso\/culture-et-art\/burkina-faso-la-television-nationale-ouvre-ses-portes-au-public-du-16-au-18-avril-2021\"},\"wordCount\":359,\"commentCount\":0,\"image\":{\"@id\":\"https:\/\/www.africa-press.net\/burkina-faso\/culture-et-art\/burkina-faso-la-television-nationale-ouvre-ses-portes-au-public-du-16-au-18-avril-2021#primaryimage\"},\"thumbnailUrl\":\"https:\/\/static.africa-press.net\/burkina\/sites\/42\/2021\/04\/img-60717c1bd72f3.jpg\",\"keywords\":[\"Africa Press\",\"Africa Press-Burkina Faso\",\"Burkina Faso\"],\"articleSection\":[\"Culture et Art\",\"homepage-french\",\"Toutes les actualit\u00e9s\"],\"inLanguage\":\"fr-FR\",\"potentialAction\":[{\"@type\":\"CommentAction\",\"name\":\"Comment\",\"target\":[\"https:\/\/www.africa-press.net\/burkina-faso\/culture-et-art\/burkina-faso-la-television-nationale-ouvre-ses-portes-au-public-du-16-au-18-avril-2021#respond\"]}]},{\"@type\":\"WebPage\",\"@id\":\"https:\/\/www.africa-press.net\/burkina-faso\/culture-et-art\/burkina-faso-la-television-nationale-ouvre-ses-portes-au-public-du-16-au-18-avril-2021\",\"url\":\"https:\/\/www.africa-press.net\/burkina-faso\/culture-et-art\/burkina-faso-la-television-nationale-ouvre-ses-portes-au-public-du-16-au-18-avril-2021\",\"name\":\"La t\u00e9l\u00e9vision nationale ouvre ses portes au public du 16 au 18 avril 2021 - Burkina Faso\",\"isPartOf\":{\"@id\":\"https:\/\/www.africa-press.net\/burkina-faso\/#website\"},\"primaryImageOfPage\":{\"@id\":\"https:\/\/www.africa-press.net\/burkina-faso\/culture-et-art\/burkina-faso-la-television-nationale-ouvre-ses-portes-au-public-du-16-au-18-avril-2021#primaryimage\"},\"image\":{\"@id\":\"https:\/\/www.africa-press.net\/burkina-faso\/culture-et-art\/burkina-faso-la-television-nationale-ouvre-ses-portes-au-public-du-16-au-18-avril-2021#primaryimage\"},\"thumbnailUrl\":\"https:\/\/static.africa-press.net\/burkina\/sites\/42\/2021\/04\/img-60717c1bd72f3.jpg\",\"datePublished\":\"2021-04-10T11:05:31+00:00\",\"dateModified\":\"2021-04-10T11:11:28+00:00\",\"author\":{\"@id\":\"https:\/\/www.africa-press.net\/burkina-faso\/#\/schema\/person\/2b1cf3cd81a31e3cd26889ca66d677f1\"},\"description\":\"La Radiodiffusion T\u00e9l\u00e9vision du Burkina (RTB) a organise des journ\u00e9es portes ouvertes du 16 au 18 avril 2021. Plac\u00e9e sou ...\",\"breadcrumb\":{\"@id\":\"https:\/\/www.africa-press.net\/burkina-faso\/culture-et-art\/burkina-faso-la-television-nationale-ouvre-ses-portes-au-public-du-16-au-18-avril-2021#breadcrumb\"},\"inLanguage\":\"fr-FR\",\"potentialAction\":[{\"@type\":\"ReadAction\",\"target\":[\"https:\/\/www.africa-press.net\/burkina-faso\/culture-et-art\/burkina-faso-la-television-nationale-ouvre-ses-portes-au-public-du-16-au-18-avril-2021\"]}]},{\"@type\":\"ImageObject\",\"inLanguage\":\"fr-FR\",\"@id\":\"https:\/\/www.africa-press.net\/burkina-faso\/culture-et-art\/burkina-faso-la-television-nationale-ouvre-ses-portes-au-public-du-16-au-18-avril-2021#primaryimage\",\"url\":\"https:\/\/static.africa-press.net\/burkina\/sites\/42\/2021\/04\/img-60717c1bd72f3.jpg\",\"contentUrl\":\"https:\/\/static.africa-press.net\/burkina\/sites\/42\/2021\/04\/img-60717c1bd72f3.jpg\",\"width\":750,\"height\":327,\"caption\":\"Burkina Faso\u00a0: La t\u00e9l\u00e9vision nationale ouvre ses portes au public du 16 au 18 avril 2021\"},{\"@type\":\"BreadcrumbList\",\"@id\":\"https:\/\/www.africa-press.net\/burkina-faso\/culture-et-art\/burkina-faso-la-television-nationale-ouvre-ses-portes-au-public-du-16-au-18-avril-2021#breadcrumb\",\"itemListElement\":[{\"@type\":\"ListItem\",\"position\":1,\"name\":\"Accueil\",\"item\":\"https:\/\/www.africa-press.net\/burkina-faso\/\"},{\"@type\":\"ListItem\",\"position\":2,\"name\":\"La t\u00e9l\u00e9vision nationale ouvre ses portes au public du 16 au 18 avril 2021\"}]},{\"@type\":\"WebSite\",\"@id\":\"https:\/\/www.africa-press.net\/burkina-faso\/#website\",\"url\":\"https:\/\/www.africa-press.net\/burkina-faso\/\",\"name\":\"Burkina Faso\",\"description\":\"Just another Africa News Agency Sites site\",\"potentialAction\":[{\"@type\":\"SearchAction\",\"target\":{\"@type\":\"EntryPoint\",\"urlTemplate\":\"https:\/\/www.africa-press.net\/burkina-faso\/?s={search_term_string}\"},\"query-input\":{\"@type\":\"PropertyValueSpecification\",\"valueRequired\":true,\"valueName\":\"search_term_string\"}}],\"inLanguage\":\"fr-FR\"},{\"@type\":\"Person\",\"@id\":\"https:\/\/www.africa-press.net\/burkina-faso\/#\/schema\/person\/2b1cf3cd81a31e3cd26889ca66d677f1\",\"name\":\"cfeditorfr\"}]}<\/script>\n<!-- \/ Yoast SEO Premium plugin. -->","yoast_head_json":{"title":"La t\u00e9l\u00e9vision nationale ouvre ses portes au public du 16 au 18 avril 2021 - Burkina Faso","description":"La Radiodiffusion T\u00e9l\u00e9vision du Burkina (RTB) a organise des journ\u00e9es portes ouvertes du 16 au 18 avril 2021. Plac\u00e9e sou ...","robots":{"index":"index","follow":"follow","max-snippet":"max-snippet:-1","max-image-preview":"max-image-preview:large","max-video-preview":"max-video-preview:-1"},"canonical":"https:\/\/www.africa-press.net\/burkina-faso\/culture-et-art\/burkina-faso-la-television-nationale-ouvre-ses-portes-au-public-du-16-au-18-avril-2021","og_locale":"fr_FR","og_type":"article","og_title":"La t\u00e9l\u00e9vision nationale ouvre ses portes au public du 16 au 18 avril 2021","og_description":"La Radiodiffusion T\u00e9l\u00e9vision du Burkina (RTB) a organise des journ\u00e9es portes ouvertes du 16 au 18 avril 2021. Plac\u00e9e sou ...","og_url":"https:\/\/www.africa-press.net\/burkina-faso\/culture-et-art\/burkina-faso-la-television-nationale-ouvre-ses-portes-au-public-du-16-au-18-avril-2021","og_site_name":"Burkina Faso","article_published_time":"2021-04-10T11:05:31+00:00","article_modified_time":"2021-04-10T11:11:28+00:00","og_image":[{"width":750,"height":327,"url":"https:\/\/static.africa-press.net\/burkina\/sites\/42\/2021\/04\/img-60717c1bd72f3.jpg","type":"image\/jpeg"}],"author":"cfeditorfr","twitter_card":"summary_large_image","twitter_misc":{"\u00c9crit par":"cfeditorfr","Dur\u00e9e de lecture estim\u00e9e":"2 minutes"},"schema":{"@context":"https:\/\/schema.org","@graph":[{"@type":"Article","@id":"https:\/\/www.africa-press.net\/burkina-faso\/culture-et-art\/burkina-faso-la-television-nationale-ouvre-ses-portes-au-public-du-16-au-18-avril-2021#article","isPartOf":{"@id":"https:\/\/www.africa-press.net\/burkina-faso\/culture-et-art\/burkina-faso-la-television-nationale-ouvre-ses-portes-au-public-du-16-au-18-avril-2021"},"author":{"name":"cfeditorfr","@id":"https:\/\/www.africa-press.net\/burkina-faso\/#\/schema\/person\/2b1cf3cd81a31e3cd26889ca66d677f1"},"headline":"La t\u00e9l\u00e9vision nationale ouvre ses portes au public du 16 au 18 avril 2021","datePublished":"2021-04-10T11:05:31+00:00","dateModified":"2021-04-10T11:11:28+00:00","mainEntityOfPage":{"@id":"https:\/\/www.africa-press.net\/burkina-faso\/culture-et-art\/burkina-faso-la-television-nationale-ouvre-ses-portes-au-public-du-16-au-18-avril-2021"},"wordCount":359,"commentCount":0,"image":{"@id":"https:\/\/www.africa-press.net\/burkina-faso\/culture-et-art\/burkina-faso-la-television-nationale-ouvre-ses-portes-au-public-du-16-au-18-avril-2021#primaryimage"},"thumbnailUrl":"https:\/\/static.africa-press.net\/burkina\/sites\/42\/2021\/04\/img-60717c1bd72f3.jpg","keywords":["Africa Press","Africa Press-Burkina Faso","Burkina Faso"],"articleSection":["Culture et Art","homepage-french","Toutes les actualit\u00e9s"],"inLanguage":"fr-FR","potentialAction":[{"@type":"CommentAction","name":"Comment","target":["https:\/\/www.africa-press.net\/burkina-faso\/culture-et-art\/burkina-faso-la-television-nationale-ouvre-ses-portes-au-public-du-16-au-18-avril-2021#respond"]}]},{"@type":"WebPage","@id":"https:\/\/www.africa-press.net\/burkina-faso\/culture-et-art\/burkina-faso-la-television-nationale-ouvre-ses-portes-au-public-du-16-au-18-avril-2021","url":"https:\/\/www.africa-press.net\/burkina-faso\/culture-et-art\/burkina-faso-la-television-nationale-ouvre-ses-portes-au-public-du-16-au-18-avril-2021","name":"La t\u00e9l\u00e9vision nationale ouvre ses portes au public du 16 au 18 avril 2021 - Burkina Faso","isPartOf":{"@id":"https:\/\/www.africa-press.net\/burkina-faso\/#website"},"primaryImageOfPage":{"@id":"https:\/\/www.africa-press.net\/burkina-faso\/culture-et-art\/burkina-faso-la-television-nationale-ouvre-ses-portes-au-public-du-16-au-18-avril-2021#primaryimage"},"image":{"@id":"https:\/\/www.africa-press.net\/burkina-faso\/culture-et-art\/burkina-faso-la-television-nationale-ouvre-ses-portes-au-public-du-16-au-18-avril-2021#primaryimage"},"thumbnailUrl":"https:\/\/static.africa-press.net\/burkina\/sites\/42\/2021\/04\/img-60717c1bd72f3.jpg","datePublished":"2021-04-10T11:05:31+00:00","dateModified":"2021-04-10T11:11:28+00:00","author":{"@id":"https:\/\/www.africa-press.net\/burkina-faso\/#\/schema\/person\/2b1cf3cd81a31e3cd26889ca66d677f1"},"description":"La Radiodiffusion T\u00e9l\u00e9vision du Burkina (RTB) a organise des journ\u00e9es portes ouvertes du 16 au 18 avril 2021. Plac\u00e9e sou ...","breadcrumb":{"@id":"https:\/\/www.africa-press.net\/burkina-faso\/culture-et-art\/burkina-faso-la-television-nationale-ouvre-ses-portes-au-public-du-16-au-18-avril-2021#breadcrumb"},"inLanguage":"fr-FR","potentialAction":[{"@type":"ReadAction","target":["https:\/\/www.africa-press.net\/burkina-faso\/culture-et-art\/burkina-faso-la-television-nationale-ouvre-ses-portes-au-public-du-16-au-18-avril-2021"]}]},{"@type":"ImageObject","inLanguage":"fr-FR","@id":"https:\/\/www.africa-press.net\/burkina-faso\/culture-et-art\/burkina-faso-la-television-nationale-ouvre-ses-portes-au-public-du-16-au-18-avril-2021#primaryimage","url":"https:\/\/static.africa-press.net\/burkina\/sites\/42\/2021\/04\/img-60717c1bd72f3.jpg","contentUrl":"https:\/\/static.africa-press.net\/burkina\/sites\/42\/2021\/04\/img-60717c1bd72f3.jpg","width":750,"height":327,"caption":"Burkina Faso\u00a0: La t\u00e9l\u00e9vision nationale ouvre ses portes au public du 16 au 18 avril 2021"},{"@type":"BreadcrumbList","@id":"https:\/\/www.africa-press.net\/burkina-faso\/culture-et-art\/burkina-faso-la-television-nationale-ouvre-ses-portes-au-public-du-16-au-18-avril-2021#breadcrumb","itemListElement":[{"@type":"ListItem","position":1,"name":"Accueil","item":"https:\/\/www.africa-press.net\/burkina-faso\/"},{"@type":"ListItem","position":2,"name":"La t\u00e9l\u00e9vision nationale ouvre ses portes au public du 16 au 18 avril 2021"}]},{"@type":"WebSite","@id":"https:\/\/www.africa-press.net\/burkina-faso\/#website","url":"https:\/\/www.africa-press.net\/burkina-faso\/","name":"Burkina Faso","description":"Just another Africa News Agency Sites site","potentialAction":[{"@type":"SearchAction","target":{"@type":"EntryPoint","urlTemplate":"https:\/\/www.africa-press.net\/burkina-faso\/?s={search_term_string}"},"query-input":{"@type":"PropertyValueSpecification","valueRequired":true,"valueName":"search_term_string"}}],"inLanguage":"fr-FR"},{"@type":"Person","@id":"https:\/\/www.africa-press.net\/burkina-faso\/#\/schema\/person\/2b1cf3cd81a31e3cd26889ca66d677f1","name":"cfeditorfr"}]}},"_links":{"self":[{"href":"https:\/\/www.africa-press.net\/burkina-faso\/wp-json\/wp\/v2\/posts\/9620","targetHints":{"allow":["GET"]}}],"collection":[{"href":"https:\/\/www.africa-press.net\/burkina-faso\/wp-json\/wp\/v2\/posts"}],"about":[{"href":"https:\/\/www.africa-press.net\/burkina-faso\/wp-json\/wp\/v2\/types\/post"}],"author":[{"embeddable":true,"href":"https:\/\/www.africa-press.net\/burkina-faso\/wp-json\/wp\/v2\/users\/82"}],"replies":[{"embeddable":true,"href":"https:\/\/www.africa-press.net\/burkina-faso\/wp-json\/wp\/v2\/comments?post=9620"}],"version-history":[{"count":0,"href":"https:\/\/www.africa-press.net\/burkina-faso\/wp-json\/wp\/v2\/posts\/9620\/revisions"}],"wp:featuredmedia":[{"embeddable":true,"href":"https:\/\/www.africa-press.net\/burkina-faso\/wp-json\/wp\/v2\/media\/9619"}],"wp:attachment":[{"href":"https:\/\/www.africa-press.net\/burkina-faso\/wp-json\/wp\/v2\/media?parent=9620"}],"wp:term":[{"taxonomy":"category","embeddable":true,"href":"https:\/\/www.africa-press.net\/burkina-faso\/wp-json\/wp\/v2\/categories?post=9620"},{"taxonomy":"post_tag","embeddable":true,"href":"https:\/\/www.africa-press.net\/burkina-faso\/wp-json\/wp\/v2\/tags?post=9620"}],"curies":[{"name":"wp","href":"https:\/\/api.w.org\/{rel}","templated":true}]}}