{"id":9623,"date":"2021-04-10T11:11:15","date_gmt":"2021-04-10T11:11:15","guid":{"rendered":"https:\/\/www.africa-press.net\/burkina-faso\/?p=9623"},"modified":"2021-04-10T11:11:39","modified_gmt":"2021-04-10T11:11:39","slug":"ramadan-2021-au-burkina-faso-des-muezzins-se-preparent","status":"publish","type":"post","link":"https:\/\/www.africa-press.net\/burkina-faso\/culture-et-art\/ramadan-2021-au-burkina-faso-des-muezzins-se-preparent","title":{"rendered":"Ramadan 2021 au Burkina Faso : Des muezzins se pr\u00e9parent"},"content":{"rendered":"<p><span style=\"color: #ff6600\"><strong><a href=\"https:\/\/www.africa-press.net\/\">Africa-Press<\/a> &#8211; <a href=\"https:\/\/www.africa-press.net\/burkina-faso\">Burkina Faso<\/a>. <\/strong><\/span>L\u2019Association des muezzins Sa\u00efd Bilal du Burkina Faso (AMSB\/BF) pr\u00e9pare ses membres \u00e0 accueillir le mois de Ramadan. Du 9 au 11 avril 2021, un s\u00e9minaire de formation, en pr\u00e9lude au Ramadan, regroupe plus de 500 muezzins \u00e0 l\u2019institut franco-arabe EL ILMI sis au quartier Hamdalaye de Ouagadougou.<\/p>\n<p>Durant trois jours, il s\u2019agit de renforcer les capacit\u00e9s des muezzins afin qu\u2019ils puissent servir au mieux aux fid\u00e8les musulmans pendant le mois saint.<\/p>\n<p>Selon El Hadj Mahamadi Dera, Pr\u00e9sident de l\u2019Association des muezzins Sa\u00efd Bilal du Burkina Faso (AMSB\/BF), ces voix, qui appellent cinq fois par jour les mahom\u00e9tans \u00e0 venir s\u2019acquitter de la pri\u00e8re, sont issues des 45 provinces du pays.<\/p>\n<p>\u00ab La formation vise \u00e0 pr\u00e9parer la venue du mois de Ramadan, p\u00e9riode \u00e0 laquelle les muezzins jouent un grand r\u00f4le \u00bb, a-t-il indiqu\u00e9. Des cours seront dispens\u00e9s pendant les trois jours par des \u00e9rudits du Burkina Faso sous forme de th\u00e9matiques portant, entre autres, sur la valeur du muezzin en Islam, son comportement dans la Mosqu\u00e9e, l\u2019histoire du muezzin selon le proph\u00e8te Mahomet (PSL).<\/p>\n<p>La formation est initi\u00e9e par l\u2019Association des muezzins Sa\u00efd Bilal du Burkina Faso (AMSB\/BF). Elle est organis\u00e9e sous le parrainage du Cheick Aboubakar Doukour\u00e9, et le co-parrainage du Cheick Moussa Ciss\u00e9.<\/p>\n<p>Il faut noter que dans le cadre des pr\u00e9paratifs du Ramadan 2021, la commission technique nationale lune de la F\u00e9d\u00e9ration des associations islamiques du Burkina (FAIB) a effectu\u00e9 une sortie terrain dans la soir\u00e9e du lundi 5 avril dans l\u2019objectif d\u2019observer le d\u00e9but du fadjir S\u014ddiq.<\/p>\n","protected":false},"excerpt":{"rendered":"<p>Africa-Press &#8211; Burkina Faso. L\u2019Association des muezzins Sa\u00efd Bilal du Burkina Faso (AMSB\/BF) pr\u00e9pare ses membres \u00e0 accueillir le mois de Ramadan. Du 9 au 11 avril 2021, un s\u00e9minaire de formation, en pr\u00e9lude au Ramadan, regroupe plus de 500 muezzins \u00e0 l\u2019institut franco-arabe EL ILMI sis au quartier Hamdalaye de Ouagadougou. Durant trois jours, [&hellip;]<\/p>\n","protected":false},"author":82,"featured_media":9622,"comment_status":"open","ping_status":"closed","sticky":false,"template":"","format":"standard","meta":{"footnotes":""},"categories":[5,11,10],"tags":[111,725,29],"class_list":["post-9623","post","type-post","status-publish","format-standard","has-post-thumbnail","hentry","category-culture-et-art","category-homepage-french","category-toutes-les-actualites","tag-africa-press","tag-africa-press-burkina-faso","tag-burkina-faso"],"yoast_head":"<!-- This site is optimized with the Yoast SEO Premium plugin v26.1 (Yoast SEO v27.0) - https:\/\/yoast.com\/product\/yoast-seo-premium-wordpress\/ -->\n<title>Ramadan 2021 au Burkina Faso : Des muezzins se pr\u00e9parent - Burkina Faso<\/title>\n<meta name=\"description\" content=\"L\u2019Association des muezzins Sa\u00efd Bilal du Burkina Faso (AMSB\/BF) pr\u00e9pare ses membres \u00e0 accueillir le mois de Ramadan. Du ...\" \/>\n<meta name=\"robots\" content=\"index, follow, max-snippet:-1, max-image-preview:large, max-video-preview:-1\" \/>\n<link rel=\"canonical\" href=\"https:\/\/www.africa-press.net\/burkina-faso\/culture-et-art\/ramadan-2021-au-burkina-faso-des-muezzins-se-preparent\" \/>\n<meta property=\"og:locale\" content=\"fr_FR\" \/>\n<meta property=\"og:type\" content=\"article\" \/>\n<meta property=\"og:title\" content=\"Ramadan 2021 au Burkina Faso : Des muezzins se pr\u00e9parent\" \/>\n<meta property=\"og:description\" content=\"L\u2019Association des muezzins Sa\u00efd Bilal du Burkina Faso (AMSB\/BF) pr\u00e9pare ses membres \u00e0 accueillir le mois de Ramadan. Du ...\" \/>\n<meta property=\"og:url\" content=\"https:\/\/www.africa-press.net\/burkina-faso\/culture-et-art\/ramadan-2021-au-burkina-faso-des-muezzins-se-preparent\" \/>\n<meta property=\"og:site_name\" content=\"Burkina Faso\" \/>\n<meta property=\"article:published_time\" content=\"2021-04-10T11:11:15+00:00\" \/>\n<meta property=\"article:modified_time\" content=\"2021-04-10T11:11:39+00:00\" \/>\n<meta property=\"og:image\" content=\"https:\/\/static.africa-press.net\/burkina\/sites\/42\/2021\/04\/img-60717c47bf5cf.jpg\" \/>\n\t<meta property=\"og:image:width\" content=\"720\" \/>\n\t<meta property=\"og:image:height\" content=\"660\" \/>\n\t<meta property=\"og:image:type\" content=\"image\/jpeg\" \/>\n<meta name=\"author\" content=\"cfeditorfr\" \/>\n<meta name=\"twitter:card\" content=\"summary_large_image\" \/>\n<meta name=\"twitter:label1\" content=\"\u00c9crit par\" \/>\n\t<meta name=\"twitter:data1\" content=\"cfeditorfr\" \/>\n\t<meta name=\"twitter:label2\" content=\"Dur\u00e9e de lecture estim\u00e9e\" \/>\n\t<meta name=\"twitter:data2\" content=\"1 minute\" \/>\n<script type=\"application\/ld+json\" class=\"yoast-schema-graph\">{\"@context\":\"https:\/\/schema.org\",\"@graph\":[{\"@type\":\"Article\",\"@id\":\"https:\/\/www.africa-press.net\/burkina-faso\/culture-et-art\/ramadan-2021-au-burkina-faso-des-muezzins-se-preparent#article\",\"isPartOf\":{\"@id\":\"https:\/\/www.africa-press.net\/burkina-faso\/culture-et-art\/ramadan-2021-au-burkina-faso-des-muezzins-se-preparent\"},\"author\":{\"name\":\"cfeditorfr\",\"@id\":\"https:\/\/www.africa-press.net\/burkina-faso\/#\/schema\/person\/2b1cf3cd81a31e3cd26889ca66d677f1\"},\"headline\":\"Ramadan 2021 au Burkina Faso : Des muezzins se pr\u00e9parent\",\"datePublished\":\"2021-04-10T11:11:15+00:00\",\"dateModified\":\"2021-04-10T11:11:39+00:00\",\"mainEntityOfPage\":{\"@id\":\"https:\/\/www.africa-press.net\/burkina-faso\/culture-et-art\/ramadan-2021-au-burkina-faso-des-muezzins-se-preparent\"},\"wordCount\":291,\"commentCount\":0,\"image\":{\"@id\":\"https:\/\/www.africa-press.net\/burkina-faso\/culture-et-art\/ramadan-2021-au-burkina-faso-des-muezzins-se-preparent#primaryimage\"},\"thumbnailUrl\":\"https:\/\/static.africa-press.net\/burkina\/sites\/42\/2021\/04\/img-60717c47bf5cf.jpg\",\"keywords\":[\"Africa Press\",\"Africa Press-Burkina Faso\",\"Burkina Faso\"],\"articleSection\":[\"Culture et Art\",\"homepage-french\",\"Toutes les actualit\u00e9s\"],\"inLanguage\":\"fr-FR\",\"potentialAction\":[{\"@type\":\"CommentAction\",\"name\":\"Comment\",\"target\":[\"https:\/\/www.africa-press.net\/burkina-faso\/culture-et-art\/ramadan-2021-au-burkina-faso-des-muezzins-se-preparent#respond\"]}]},{\"@type\":\"WebPage\",\"@id\":\"https:\/\/www.africa-press.net\/burkina-faso\/culture-et-art\/ramadan-2021-au-burkina-faso-des-muezzins-se-preparent\",\"url\":\"https:\/\/www.africa-press.net\/burkina-faso\/culture-et-art\/ramadan-2021-au-burkina-faso-des-muezzins-se-preparent\",\"name\":\"Ramadan 2021 au Burkina Faso : Des muezzins se pr\u00e9parent - Burkina Faso\",\"isPartOf\":{\"@id\":\"https:\/\/www.africa-press.net\/burkina-faso\/#website\"},\"primaryImageOfPage\":{\"@id\":\"https:\/\/www.africa-press.net\/burkina-faso\/culture-et-art\/ramadan-2021-au-burkina-faso-des-muezzins-se-preparent#primaryimage\"},\"image\":{\"@id\":\"https:\/\/www.africa-press.net\/burkina-faso\/culture-et-art\/ramadan-2021-au-burkina-faso-des-muezzins-se-preparent#primaryimage\"},\"thumbnailUrl\":\"https:\/\/static.africa-press.net\/burkina\/sites\/42\/2021\/04\/img-60717c47bf5cf.jpg\",\"datePublished\":\"2021-04-10T11:11:15+00:00\",\"dateModified\":\"2021-04-10T11:11:39+00:00\",\"author\":{\"@id\":\"https:\/\/www.africa-press.net\/burkina-faso\/#\/schema\/person\/2b1cf3cd81a31e3cd26889ca66d677f1\"},\"description\":\"L\u2019Association des muezzins Sa\u00efd Bilal du Burkina Faso (AMSB\/BF) pr\u00e9pare ses membres \u00e0 accueillir le mois de Ramadan. Du ...\",\"breadcrumb\":{\"@id\":\"https:\/\/www.africa-press.net\/burkina-faso\/culture-et-art\/ramadan-2021-au-burkina-faso-des-muezzins-se-preparent#breadcrumb\"},\"inLanguage\":\"fr-FR\",\"potentialAction\":[{\"@type\":\"ReadAction\",\"target\":[\"https:\/\/www.africa-press.net\/burkina-faso\/culture-et-art\/ramadan-2021-au-burkina-faso-des-muezzins-se-preparent\"]}]},{\"@type\":\"ImageObject\",\"inLanguage\":\"fr-FR\",\"@id\":\"https:\/\/www.africa-press.net\/burkina-faso\/culture-et-art\/ramadan-2021-au-burkina-faso-des-muezzins-se-preparent#primaryimage\",\"url\":\"https:\/\/static.africa-press.net\/burkina\/sites\/42\/2021\/04\/img-60717c47bf5cf.jpg\",\"contentUrl\":\"https:\/\/static.africa-press.net\/burkina\/sites\/42\/2021\/04\/img-60717c47bf5cf.jpg\",\"width\":720,\"height\":660,\"caption\":\"Ramadan 2021 au Burkina Faso : Des muezzins se pr\u00e9parent\"},{\"@type\":\"BreadcrumbList\",\"@id\":\"https:\/\/www.africa-press.net\/burkina-faso\/culture-et-art\/ramadan-2021-au-burkina-faso-des-muezzins-se-preparent#breadcrumb\",\"itemListElement\":[{\"@type\":\"ListItem\",\"position\":1,\"name\":\"Accueil\",\"item\":\"https:\/\/www.africa-press.net\/burkina-faso\/\"},{\"@type\":\"ListItem\",\"position\":2,\"name\":\"Ramadan 2021 au Burkina Faso : Des muezzins se pr\u00e9parent\"}]},{\"@type\":\"WebSite\",\"@id\":\"https:\/\/www.africa-press.net\/burkina-faso\/#website\",\"url\":\"https:\/\/www.africa-press.net\/burkina-faso\/\",\"name\":\"Burkina Faso\",\"description\":\"Just another Africa News Agency Sites site\",\"potentialAction\":[{\"@type\":\"SearchAction\",\"target\":{\"@type\":\"EntryPoint\",\"urlTemplate\":\"https:\/\/www.africa-press.net\/burkina-faso\/?s={search_term_string}\"},\"query-input\":{\"@type\":\"PropertyValueSpecification\",\"valueRequired\":true,\"valueName\":\"search_term_string\"}}],\"inLanguage\":\"fr-FR\"},{\"@type\":\"Person\",\"@id\":\"https:\/\/www.africa-press.net\/burkina-faso\/#\/schema\/person\/2b1cf3cd81a31e3cd26889ca66d677f1\",\"name\":\"cfeditorfr\"}]}<\/script>\n<!-- \/ Yoast SEO Premium plugin. -->","yoast_head_json":{"title":"Ramadan 2021 au Burkina Faso : Des muezzins se pr\u00e9parent - Burkina Faso","description":"L\u2019Association des muezzins Sa\u00efd Bilal du Burkina Faso (AMSB\/BF) pr\u00e9pare ses membres \u00e0 accueillir le mois de Ramadan. Du ...","robots":{"index":"index","follow":"follow","max-snippet":"max-snippet:-1","max-image-preview":"max-image-preview:large","max-video-preview":"max-video-preview:-1"},"canonical":"https:\/\/www.africa-press.net\/burkina-faso\/culture-et-art\/ramadan-2021-au-burkina-faso-des-muezzins-se-preparent","og_locale":"fr_FR","og_type":"article","og_title":"Ramadan 2021 au Burkina Faso : Des muezzins se pr\u00e9parent","og_description":"L\u2019Association des muezzins Sa\u00efd Bilal du Burkina Faso (AMSB\/BF) pr\u00e9pare ses membres \u00e0 accueillir le mois de Ramadan. Du ...","og_url":"https:\/\/www.africa-press.net\/burkina-faso\/culture-et-art\/ramadan-2021-au-burkina-faso-des-muezzins-se-preparent","og_site_name":"Burkina Faso","article_published_time":"2021-04-10T11:11:15+00:00","article_modified_time":"2021-04-10T11:11:39+00:00","og_image":[{"width":720,"height":660,"url":"https:\/\/static.africa-press.net\/burkina\/sites\/42\/2021\/04\/img-60717c47bf5cf.jpg","type":"image\/jpeg"}],"author":"cfeditorfr","twitter_card":"summary_large_image","twitter_misc":{"\u00c9crit par":"cfeditorfr","Dur\u00e9e de lecture estim\u00e9e":"1 minute"},"schema":{"@context":"https:\/\/schema.org","@graph":[{"@type":"Article","@id":"https:\/\/www.africa-press.net\/burkina-faso\/culture-et-art\/ramadan-2021-au-burkina-faso-des-muezzins-se-preparent#article","isPartOf":{"@id":"https:\/\/www.africa-press.net\/burkina-faso\/culture-et-art\/ramadan-2021-au-burkina-faso-des-muezzins-se-preparent"},"author":{"name":"cfeditorfr","@id":"https:\/\/www.africa-press.net\/burkina-faso\/#\/schema\/person\/2b1cf3cd81a31e3cd26889ca66d677f1"},"headline":"Ramadan 2021 au Burkina Faso : Des muezzins se pr\u00e9parent","datePublished":"2021-04-10T11:11:15+00:00","dateModified":"2021-04-10T11:11:39+00:00","mainEntityOfPage":{"@id":"https:\/\/www.africa-press.net\/burkina-faso\/culture-et-art\/ramadan-2021-au-burkina-faso-des-muezzins-se-preparent"},"wordCount":291,"commentCount":0,"image":{"@id":"https:\/\/www.africa-press.net\/burkina-faso\/culture-et-art\/ramadan-2021-au-burkina-faso-des-muezzins-se-preparent#primaryimage"},"thumbnailUrl":"https:\/\/static.africa-press.net\/burkina\/sites\/42\/2021\/04\/img-60717c47bf5cf.jpg","keywords":["Africa Press","Africa Press-Burkina Faso","Burkina Faso"],"articleSection":["Culture et Art","homepage-french","Toutes les actualit\u00e9s"],"inLanguage":"fr-FR","potentialAction":[{"@type":"CommentAction","name":"Comment","target":["https:\/\/www.africa-press.net\/burkina-faso\/culture-et-art\/ramadan-2021-au-burkina-faso-des-muezzins-se-preparent#respond"]}]},{"@type":"WebPage","@id":"https:\/\/www.africa-press.net\/burkina-faso\/culture-et-art\/ramadan-2021-au-burkina-faso-des-muezzins-se-preparent","url":"https:\/\/www.africa-press.net\/burkina-faso\/culture-et-art\/ramadan-2021-au-burkina-faso-des-muezzins-se-preparent","name":"Ramadan 2021 au Burkina Faso : Des muezzins se pr\u00e9parent - Burkina Faso","isPartOf":{"@id":"https:\/\/www.africa-press.net\/burkina-faso\/#website"},"primaryImageOfPage":{"@id":"https:\/\/www.africa-press.net\/burkina-faso\/culture-et-art\/ramadan-2021-au-burkina-faso-des-muezzins-se-preparent#primaryimage"},"image":{"@id":"https:\/\/www.africa-press.net\/burkina-faso\/culture-et-art\/ramadan-2021-au-burkina-faso-des-muezzins-se-preparent#primaryimage"},"thumbnailUrl":"https:\/\/static.africa-press.net\/burkina\/sites\/42\/2021\/04\/img-60717c47bf5cf.jpg","datePublished":"2021-04-10T11:11:15+00:00","dateModified":"2021-04-10T11:11:39+00:00","author":{"@id":"https:\/\/www.africa-press.net\/burkina-faso\/#\/schema\/person\/2b1cf3cd81a31e3cd26889ca66d677f1"},"description":"L\u2019Association des muezzins Sa\u00efd Bilal du Burkina Faso (AMSB\/BF) pr\u00e9pare ses membres \u00e0 accueillir le mois de Ramadan. Du ...","breadcrumb":{"@id":"https:\/\/www.africa-press.net\/burkina-faso\/culture-et-art\/ramadan-2021-au-burkina-faso-des-muezzins-se-preparent#breadcrumb"},"inLanguage":"fr-FR","potentialAction":[{"@type":"ReadAction","target":["https:\/\/www.africa-press.net\/burkina-faso\/culture-et-art\/ramadan-2021-au-burkina-faso-des-muezzins-se-preparent"]}]},{"@type":"ImageObject","inLanguage":"fr-FR","@id":"https:\/\/www.africa-press.net\/burkina-faso\/culture-et-art\/ramadan-2021-au-burkina-faso-des-muezzins-se-preparent#primaryimage","url":"https:\/\/static.africa-press.net\/burkina\/sites\/42\/2021\/04\/img-60717c47bf5cf.jpg","contentUrl":"https:\/\/static.africa-press.net\/burkina\/sites\/42\/2021\/04\/img-60717c47bf5cf.jpg","width":720,"height":660,"caption":"Ramadan 2021 au Burkina Faso : Des muezzins se pr\u00e9parent"},{"@type":"BreadcrumbList","@id":"https:\/\/www.africa-press.net\/burkina-faso\/culture-et-art\/ramadan-2021-au-burkina-faso-des-muezzins-se-preparent#breadcrumb","itemListElement":[{"@type":"ListItem","position":1,"name":"Accueil","item":"https:\/\/www.africa-press.net\/burkina-faso\/"},{"@type":"ListItem","position":2,"name":"Ramadan 2021 au Burkina Faso : Des muezzins se pr\u00e9parent"}]},{"@type":"WebSite","@id":"https:\/\/www.africa-press.net\/burkina-faso\/#website","url":"https:\/\/www.africa-press.net\/burkina-faso\/","name":"Burkina Faso","description":"Just another Africa News Agency Sites site","potentialAction":[{"@type":"SearchAction","target":{"@type":"EntryPoint","urlTemplate":"https:\/\/www.africa-press.net\/burkina-faso\/?s={search_term_string}"},"query-input":{"@type":"PropertyValueSpecification","valueRequired":true,"valueName":"search_term_string"}}],"inLanguage":"fr-FR"},{"@type":"Person","@id":"https:\/\/www.africa-press.net\/burkina-faso\/#\/schema\/person\/2b1cf3cd81a31e3cd26889ca66d677f1","name":"cfeditorfr"}]}},"_links":{"self":[{"href":"https:\/\/www.africa-press.net\/burkina-faso\/wp-json\/wp\/v2\/posts\/9623","targetHints":{"allow":["GET"]}}],"collection":[{"href":"https:\/\/www.africa-press.net\/burkina-faso\/wp-json\/wp\/v2\/posts"}],"about":[{"href":"https:\/\/www.africa-press.net\/burkina-faso\/wp-json\/wp\/v2\/types\/post"}],"author":[{"embeddable":true,"href":"https:\/\/www.africa-press.net\/burkina-faso\/wp-json\/wp\/v2\/users\/82"}],"replies":[{"embeddable":true,"href":"https:\/\/www.africa-press.net\/burkina-faso\/wp-json\/wp\/v2\/comments?post=9623"}],"version-history":[{"count":0,"href":"https:\/\/www.africa-press.net\/burkina-faso\/wp-json\/wp\/v2\/posts\/9623\/revisions"}],"wp:featuredmedia":[{"embeddable":true,"href":"https:\/\/www.africa-press.net\/burkina-faso\/wp-json\/wp\/v2\/media\/9622"}],"wp:attachment":[{"href":"https:\/\/www.africa-press.net\/burkina-faso\/wp-json\/wp\/v2\/media?parent=9623"}],"wp:term":[{"taxonomy":"category","embeddable":true,"href":"https:\/\/www.africa-press.net\/burkina-faso\/wp-json\/wp\/v2\/categories?post=9623"},{"taxonomy":"post_tag","embeddable":true,"href":"https:\/\/www.africa-press.net\/burkina-faso\/wp-json\/wp\/v2\/tags?post=9623"}],"curies":[{"name":"wp","href":"https:\/\/api.w.org\/{rel}","templated":true}]}}