{"id":9638,"date":"2021-04-10T11:55:31","date_gmt":"2021-04-10T11:55:31","guid":{"rendered":"https:\/\/www.africa-press.net\/burkina-faso\/?p=9638"},"modified":"2021-04-10T11:12:25","modified_gmt":"2021-04-10T11:12:25","slug":"gestion-du-fret-au-burkina-faso-leternelle-crise-des-routiers-preoccupe-le-chef-de-letat","status":"publish","type":"post","link":"https:\/\/www.africa-press.net\/burkina-faso\/economie\/gestion-du-fret-au-burkina-faso-leternelle-crise-des-routiers-preoccupe-le-chef-de-letat","title":{"rendered":"Gestion du fret au Burkina Faso : l\u2019\u00e9ternelle crise des routiers pr\u00e9occupe  le chef de l\u2019Etat"},"content":{"rendered":"<p><span style=\"color: #ff6600\"><strong><a href=\"https:\/\/www.africa-press.net\/\">Africa-Press<\/a> &#8211; <a href=\"https:\/\/www.africa-press.net\/burkina-faso\">Burkina Faso<\/a>. <\/strong><\/span>Le Pr\u00e9sident du Faso, Roch Marc Christian Kabor\u00e9, a re\u00e7u en audience, le jeudi 8 avril 2021 au palais de Kosyam, les conseils d\u2019administration du Conseil burkinab\u00e8 des chargeurs et de la Coalition des r\u00e9seaux et associations burkinab\u00e8 (CORAB) de lutte contre le VIH\/SIDA et la promotion de la sant\u00e9.<\/p>\n<p>Le Pr\u00e9sident du Faso, Roch Marc Christian Kabor\u00e9, veut d\u2019une r\u00e9solution rapide de la crise entretenue par les acteurs du transport, freinant l\u2019essor \u00e9conomique du pays. Lors d\u2019une audience accord\u00e9e \u00e0 la hi\u00e9rarchie du Conseil burkinab\u00e8 des chargeurs (CBC), le chef de l\u2019Etat l\u2019a signifi\u00e9 au pr\u00e9sident du conseil d\u2019administration du CBC, Al Hassane Si\u00e9nou. Celui-ci a pr\u00e9cis\u00e9 que l\u2019audience a \u00e9t\u00e9 sollicit\u00e9e dans le but de \u00ab pr\u00e9senter la vie et les difficult\u00e9s que traverse le CBC \u00bb. En effet, a expliqu\u00e9 M. Si\u00e9nou, depuis un certain temps, le CBC n\u2019avait plus eu ni de Conseil d\u2019administration ni d\u2019Assembl\u00e9e g\u00e9n\u00e9rale (AG). \u00ab C\u2019est pourquoi d\u00e8s notre r\u00e9\u00e9lection en tant que PCA, nous avons entrepris de remettre toutes les instances en bon \u00e9tat de marche. Ce qui nous a permis de valider et de certifier les \u00e9tats financiers du CBC. Aujourd\u2019hui, la maison CBC est bien tenue par le DG et son \u00e9quipe et nous avons rassur\u00e9 le pr\u00e9sident du Faso avant de lui faire part des ambitions futures de la structure \u00bb, a indiqu\u00e9 le PCA Si\u00e9nou. Aussi a-t-il pos\u00e9 des dol\u00e9ances allant dans le sens de la r\u00e9novation de la structure, alliant digitalisation et gestion du fret de fa\u00e7on efficace et efficiente. L\u2019\u00e9pineuse question qui tracasse jusque-l\u00e0 le CBC, comme l\u2019a indiqu\u00e9 son PCA, est bien la gestion du fret en provenance et \u00e0 destination du Burkina Faso. \u00ab Rien que ce matin 8 avril, nous avons appris que les chauffeurs routiers ont bloqu\u00e9 le corridor Lom\u00e9-Cinkans\u00e9-Ouagadougou \u00bb, a d\u00e9plor\u00e9 M. Si\u00e9nou. Selon lui, le CBC est dans son r\u00f4le de servir le pays et de g\u00e9rer le fret conform\u00e9ment \u00e0 la feuille de route \u00e0 lui confi\u00e9e par le gouvernement. Et le PCA de rassurer qu\u2019\u00e0 ce jour, le CBC dispose de ressources humaines qualifi\u00e9es et est bien \u00e9quip\u00e9e en logistique en vue de r\u00e9pondre \u00e0 la desserte du pays en marchandises. Pour M. Si\u00e9nou, la crise qui oppose les diff\u00e9rentes fa\u00eeti\u00e8res du secteur des transports a trop dur\u00e9. \u2018\u2019 Nous exhortons les parties prenantes \u00e0 un tour de table afin de r\u00e9soudre le probl\u00e8me de fa\u00e7on d\u00e9finitive pour la gestion du fret\u2019\u2019. C\u2019est leur affaire avant tout, le CBC ne fait qu\u2019accompagner et soutenir les transporteurs pour faciliter certaines proc\u00e9dures \u00bb, a indiqu\u00e9 le PCA. Pour cela, il a fait savoir qu\u2019il est temps de taire les divergences et de songer \u00e0 l\u2019int\u00e9r\u00eat sup\u00e9rieur du pays. Il a rassur\u00e9 que le CBC a re\u00e7u quitus du chef de l\u2019Etat qui, lui-m\u00eame \u00e9tait d\u00e9j\u00e0 bien impr\u00e9gn\u00e9 des sujets \u00e0 lui pr\u00e9sent\u00e9s, de continuer les discussions et de r\u00e9gler le probl\u00e8me sans plus attendre. Et ce, dans le dialogue avec les acteurs afin de trouver une solution d\u00e9finitive \u00e0 cette crise. \u00ab Le pr\u00e9sident du Faso nous a invit\u00e9s \u00e0 \u0153uvrer pour une sortie d\u00e9finitive de crise \u00bb, a pr\u00e9cis\u00e9 le PCA. A la suite du CBC le pr\u00e9sident du Faso a \u00e9chang\u00e9 avec une d\u00e9l\u00e9gation de la Coalition des r\u00e9seaux et associations burkinab\u00e8 (CORAB) de lutte contre le VIH\/SIDA et la promotion de la sant\u00e9, conduite par le PCA de la structure, Edouard Diapa. Ce dernier a indiqu\u00e9 que cette audience marque la volont\u00e9 de la soci\u00e9t\u00e9 civile \u00e0 accompagner l\u2019Etat pour une meilleure lutte contre le VIH\/ SIDA au Burkina Faso afin de faire de l\u2019objectif fin du VIH d\u2019ici \u00e0 l\u2019horizon 2030, une r\u00e9alit\u00e9 au \u00ab pays des Hommes int\u00e8gres \u00bb. Pour cela, a expliqu\u00e9 M. Diapa, il convient de mieux outiller la soci\u00e9t\u00e9 civile mais aussi de mettre en place un fonds commun dont le but serait de soutenir les initiatives de lutte contre le VIH. Ce fonds va recevoir les diff\u00e9rents dons des partenaires techniques et financiers et sera g\u00e9r\u00e9 par le Secr\u00e9tariat permanent de lutte contre le SIDA et les infections sexuellement transmissibles (SP\/CNLS\/IST) \u00ab Actuellement, nous sommes \u00e0 la phase de l\u2019\u00e9limination du mal et cela demande plus d\u2019engagement et d\u2019appui multiformes afin d\u2019\u00e9liminer les derniers postes restants\u00bb, a conclu M. Diapa.<\/p>\n<p><b>Wanl\u00e9 G\u00e9rard COULIBALY<\/b><\/p>\n","protected":false},"excerpt":{"rendered":"<p>Africa-Press &#8211; Burkina Faso. Le Pr\u00e9sident du Faso, Roch Marc Christian Kabor\u00e9, a re\u00e7u en audience, le jeudi 8 avril 2021 au palais de Kosyam, les conseils d\u2019administration du Conseil burkinab\u00e8 des chargeurs et de la Coalition des r\u00e9seaux et associations burkinab\u00e8 (CORAB) de lutte contre le VIH\/SIDA et la promotion de la sant\u00e9. Le [&hellip;]<\/p>\n","protected":false},"author":82,"featured_media":9637,"comment_status":"open","ping_status":"closed","sticky":false,"template":"","format":"standard","meta":{"footnotes":""},"categories":[3,11,10],"tags":[111,725,29],"class_list":["post-9638","post","type-post","status-publish","format-standard","has-post-thumbnail","hentry","category-economie","category-homepage-french","category-toutes-les-actualites","tag-africa-press","tag-africa-press-burkina-faso","tag-burkina-faso"],"yoast_head":"<!-- This site is optimized with the Yoast SEO Premium plugin v26.1 (Yoast SEO v27.0) - https:\/\/yoast.com\/product\/yoast-seo-premium-wordpress\/ -->\n<title>Gestion du fret au Burkina Faso : l\u2019\u00e9ternelle crise des routiers pr\u00e9occupe le chef de l\u2019Etat - Burkina Faso<\/title>\n<meta name=\"description\" content=\"Le Pr\u00e9sident du Faso, Roch Marc Christian Kabor\u00e9, a re\u00e7u en audience, le jeudi 8 avril 2021 au palais de Kosyam, les con ...\" \/>\n<meta name=\"robots\" content=\"index, follow, max-snippet:-1, max-image-preview:large, max-video-preview:-1\" \/>\n<link rel=\"canonical\" href=\"https:\/\/www.africa-press.net\/burkina-faso\/economie\/gestion-du-fret-au-burkina-faso-leternelle-crise-des-routiers-preoccupe-le-chef-de-letat\" \/>\n<meta property=\"og:locale\" content=\"fr_FR\" \/>\n<meta property=\"og:type\" content=\"article\" \/>\n<meta property=\"og:title\" content=\"Gestion du fret au Burkina Faso : l\u2019\u00e9ternelle crise des routiers pr\u00e9occupe le chef de l\u2019Etat\" \/>\n<meta property=\"og:description\" content=\"Le Pr\u00e9sident du Faso, Roch Marc Christian Kabor\u00e9, a re\u00e7u en audience, le jeudi 8 avril 2021 au palais de Kosyam, les con ...\" \/>\n<meta property=\"og:url\" content=\"https:\/\/www.africa-press.net\/burkina-faso\/economie\/gestion-du-fret-au-burkina-faso-leternelle-crise-des-routiers-preoccupe-le-chef-de-letat\" \/>\n<meta property=\"og:site_name\" content=\"Burkina Faso\" \/>\n<meta property=\"article:published_time\" content=\"2021-04-10T11:55:31+00:00\" \/>\n<meta property=\"og:image\" content=\"https:\/\/static.africa-press.net\/burkina\/sites\/42\/2021\/04\/img-60717d4531939.jpg\" \/>\n\t<meta property=\"og:image:width\" content=\"720\" \/>\n\t<meta property=\"og:image:height\" content=\"550\" \/>\n\t<meta property=\"og:image:type\" content=\"image\/jpeg\" \/>\n<meta name=\"author\" content=\"cfeditorfr\" \/>\n<meta name=\"twitter:card\" content=\"summary_large_image\" \/>\n<meta name=\"twitter:label1\" content=\"\u00c9crit par\" \/>\n\t<meta name=\"twitter:data1\" content=\"cfeditorfr\" \/>\n\t<meta name=\"twitter:label2\" content=\"Dur\u00e9e de lecture estim\u00e9e\" \/>\n\t<meta name=\"twitter:data2\" content=\"4 minutes\" \/>\n<script type=\"application\/ld+json\" class=\"yoast-schema-graph\">{\"@context\":\"https:\/\/schema.org\",\"@graph\":[{\"@type\":\"Article\",\"@id\":\"https:\/\/www.africa-press.net\/burkina-faso\/economie\/gestion-du-fret-au-burkina-faso-leternelle-crise-des-routiers-preoccupe-le-chef-de-letat#article\",\"isPartOf\":{\"@id\":\"https:\/\/www.africa-press.net\/burkina-faso\/economie\/gestion-du-fret-au-burkina-faso-leternelle-crise-des-routiers-preoccupe-le-chef-de-letat\"},\"author\":{\"name\":\"cfeditorfr\",\"@id\":\"https:\/\/www.africa-press.net\/burkina-faso\/#\/schema\/person\/2b1cf3cd81a31e3cd26889ca66d677f1\"},\"headline\":\"Gestion du fret au Burkina Faso : l\u2019\u00e9ternelle crise des routiers pr\u00e9occupe le chef de l\u2019Etat\",\"datePublished\":\"2021-04-10T11:55:31+00:00\",\"mainEntityOfPage\":{\"@id\":\"https:\/\/www.africa-press.net\/burkina-faso\/economie\/gestion-du-fret-au-burkina-faso-leternelle-crise-des-routiers-preoccupe-le-chef-de-letat\"},\"wordCount\":810,\"commentCount\":0,\"image\":{\"@id\":\"https:\/\/www.africa-press.net\/burkina-faso\/economie\/gestion-du-fret-au-burkina-faso-leternelle-crise-des-routiers-preoccupe-le-chef-de-letat#primaryimage\"},\"thumbnailUrl\":\"https:\/\/static.africa-press.net\/burkina\/sites\/42\/2021\/04\/img-60717d4531939.jpg\",\"keywords\":[\"Africa Press\",\"Africa Press-Burkina Faso\",\"Burkina Faso\"],\"articleSection\":[\"\u00c9conomie\",\"homepage-french\",\"Toutes les actualit\u00e9s\"],\"inLanguage\":\"fr-FR\",\"potentialAction\":[{\"@type\":\"CommentAction\",\"name\":\"Comment\",\"target\":[\"https:\/\/www.africa-press.net\/burkina-faso\/economie\/gestion-du-fret-au-burkina-faso-leternelle-crise-des-routiers-preoccupe-le-chef-de-letat#respond\"]}]},{\"@type\":\"WebPage\",\"@id\":\"https:\/\/www.africa-press.net\/burkina-faso\/economie\/gestion-du-fret-au-burkina-faso-leternelle-crise-des-routiers-preoccupe-le-chef-de-letat\",\"url\":\"https:\/\/www.africa-press.net\/burkina-faso\/economie\/gestion-du-fret-au-burkina-faso-leternelle-crise-des-routiers-preoccupe-le-chef-de-letat\",\"name\":\"Gestion du fret au Burkina Faso : l\u2019\u00e9ternelle crise des routiers pr\u00e9occupe le chef de l\u2019Etat - Burkina Faso\",\"isPartOf\":{\"@id\":\"https:\/\/www.africa-press.net\/burkina-faso\/#website\"},\"primaryImageOfPage\":{\"@id\":\"https:\/\/www.africa-press.net\/burkina-faso\/economie\/gestion-du-fret-au-burkina-faso-leternelle-crise-des-routiers-preoccupe-le-chef-de-letat#primaryimage\"},\"image\":{\"@id\":\"https:\/\/www.africa-press.net\/burkina-faso\/economie\/gestion-du-fret-au-burkina-faso-leternelle-crise-des-routiers-preoccupe-le-chef-de-letat#primaryimage\"},\"thumbnailUrl\":\"https:\/\/static.africa-press.net\/burkina\/sites\/42\/2021\/04\/img-60717d4531939.jpg\",\"datePublished\":\"2021-04-10T11:55:31+00:00\",\"author\":{\"@id\":\"https:\/\/www.africa-press.net\/burkina-faso\/#\/schema\/person\/2b1cf3cd81a31e3cd26889ca66d677f1\"},\"description\":\"Le Pr\u00e9sident du Faso, Roch Marc Christian Kabor\u00e9, a re\u00e7u en audience, le jeudi 8 avril 2021 au palais de Kosyam, les con ...\",\"breadcrumb\":{\"@id\":\"https:\/\/www.africa-press.net\/burkina-faso\/economie\/gestion-du-fret-au-burkina-faso-leternelle-crise-des-routiers-preoccupe-le-chef-de-letat#breadcrumb\"},\"inLanguage\":\"fr-FR\",\"potentialAction\":[{\"@type\":\"ReadAction\",\"target\":[\"https:\/\/www.africa-press.net\/burkina-faso\/economie\/gestion-du-fret-au-burkina-faso-leternelle-crise-des-routiers-preoccupe-le-chef-de-letat\"]}]},{\"@type\":\"ImageObject\",\"inLanguage\":\"fr-FR\",\"@id\":\"https:\/\/www.africa-press.net\/burkina-faso\/economie\/gestion-du-fret-au-burkina-faso-leternelle-crise-des-routiers-preoccupe-le-chef-de-letat#primaryimage\",\"url\":\"https:\/\/static.africa-press.net\/burkina\/sites\/42\/2021\/04\/img-60717d4531939.jpg\",\"contentUrl\":\"https:\/\/static.africa-press.net\/burkina\/sites\/42\/2021\/04\/img-60717d4531939.jpg\",\"width\":720,\"height\":550,\"caption\":\"Gestion du fret au Burkina Faso : l\u2019\u00e9ternelle crise des routiers pr\u00e9occupe le chef de l\u2019Etat\"},{\"@type\":\"BreadcrumbList\",\"@id\":\"https:\/\/www.africa-press.net\/burkina-faso\/economie\/gestion-du-fret-au-burkina-faso-leternelle-crise-des-routiers-preoccupe-le-chef-de-letat#breadcrumb\",\"itemListElement\":[{\"@type\":\"ListItem\",\"position\":1,\"name\":\"Accueil\",\"item\":\"https:\/\/www.africa-press.net\/burkina-faso\/\"},{\"@type\":\"ListItem\",\"position\":2,\"name\":\"Gestion du fret au Burkina Faso : l\u2019\u00e9ternelle crise des routiers pr\u00e9occupe le chef de l\u2019Etat\"}]},{\"@type\":\"WebSite\",\"@id\":\"https:\/\/www.africa-press.net\/burkina-faso\/#website\",\"url\":\"https:\/\/www.africa-press.net\/burkina-faso\/\",\"name\":\"Burkina Faso\",\"description\":\"Just another Africa News Agency Sites site\",\"potentialAction\":[{\"@type\":\"SearchAction\",\"target\":{\"@type\":\"EntryPoint\",\"urlTemplate\":\"https:\/\/www.africa-press.net\/burkina-faso\/?s={search_term_string}\"},\"query-input\":{\"@type\":\"PropertyValueSpecification\",\"valueRequired\":true,\"valueName\":\"search_term_string\"}}],\"inLanguage\":\"fr-FR\"},{\"@type\":\"Person\",\"@id\":\"https:\/\/www.africa-press.net\/burkina-faso\/#\/schema\/person\/2b1cf3cd81a31e3cd26889ca66d677f1\",\"name\":\"cfeditorfr\"}]}<\/script>\n<!-- \/ Yoast SEO Premium plugin. -->","yoast_head_json":{"title":"Gestion du fret au Burkina Faso : l\u2019\u00e9ternelle crise des routiers pr\u00e9occupe le chef de l\u2019Etat - Burkina Faso","description":"Le Pr\u00e9sident du Faso, Roch Marc Christian Kabor\u00e9, a re\u00e7u en audience, le jeudi 8 avril 2021 au palais de Kosyam, les con ...","robots":{"index":"index","follow":"follow","max-snippet":"max-snippet:-1","max-image-preview":"max-image-preview:large","max-video-preview":"max-video-preview:-1"},"canonical":"https:\/\/www.africa-press.net\/burkina-faso\/economie\/gestion-du-fret-au-burkina-faso-leternelle-crise-des-routiers-preoccupe-le-chef-de-letat","og_locale":"fr_FR","og_type":"article","og_title":"Gestion du fret au Burkina Faso : l\u2019\u00e9ternelle crise des routiers pr\u00e9occupe le chef de l\u2019Etat","og_description":"Le Pr\u00e9sident du Faso, Roch Marc Christian Kabor\u00e9, a re\u00e7u en audience, le jeudi 8 avril 2021 au palais de Kosyam, les con ...","og_url":"https:\/\/www.africa-press.net\/burkina-faso\/economie\/gestion-du-fret-au-burkina-faso-leternelle-crise-des-routiers-preoccupe-le-chef-de-letat","og_site_name":"Burkina Faso","article_published_time":"2021-04-10T11:55:31+00:00","og_image":[{"width":720,"height":550,"url":"https:\/\/static.africa-press.net\/burkina\/sites\/42\/2021\/04\/img-60717d4531939.jpg","type":"image\/jpeg"}],"author":"cfeditorfr","twitter_card":"summary_large_image","twitter_misc":{"\u00c9crit par":"cfeditorfr","Dur\u00e9e de lecture estim\u00e9e":"4 minutes"},"schema":{"@context":"https:\/\/schema.org","@graph":[{"@type":"Article","@id":"https:\/\/www.africa-press.net\/burkina-faso\/economie\/gestion-du-fret-au-burkina-faso-leternelle-crise-des-routiers-preoccupe-le-chef-de-letat#article","isPartOf":{"@id":"https:\/\/www.africa-press.net\/burkina-faso\/economie\/gestion-du-fret-au-burkina-faso-leternelle-crise-des-routiers-preoccupe-le-chef-de-letat"},"author":{"name":"cfeditorfr","@id":"https:\/\/www.africa-press.net\/burkina-faso\/#\/schema\/person\/2b1cf3cd81a31e3cd26889ca66d677f1"},"headline":"Gestion du fret au Burkina Faso : l\u2019\u00e9ternelle crise des routiers pr\u00e9occupe le chef de l\u2019Etat","datePublished":"2021-04-10T11:55:31+00:00","mainEntityOfPage":{"@id":"https:\/\/www.africa-press.net\/burkina-faso\/economie\/gestion-du-fret-au-burkina-faso-leternelle-crise-des-routiers-preoccupe-le-chef-de-letat"},"wordCount":810,"commentCount":0,"image":{"@id":"https:\/\/www.africa-press.net\/burkina-faso\/economie\/gestion-du-fret-au-burkina-faso-leternelle-crise-des-routiers-preoccupe-le-chef-de-letat#primaryimage"},"thumbnailUrl":"https:\/\/static.africa-press.net\/burkina\/sites\/42\/2021\/04\/img-60717d4531939.jpg","keywords":["Africa Press","Africa Press-Burkina Faso","Burkina Faso"],"articleSection":["\u00c9conomie","homepage-french","Toutes les actualit\u00e9s"],"inLanguage":"fr-FR","potentialAction":[{"@type":"CommentAction","name":"Comment","target":["https:\/\/www.africa-press.net\/burkina-faso\/economie\/gestion-du-fret-au-burkina-faso-leternelle-crise-des-routiers-preoccupe-le-chef-de-letat#respond"]}]},{"@type":"WebPage","@id":"https:\/\/www.africa-press.net\/burkina-faso\/economie\/gestion-du-fret-au-burkina-faso-leternelle-crise-des-routiers-preoccupe-le-chef-de-letat","url":"https:\/\/www.africa-press.net\/burkina-faso\/economie\/gestion-du-fret-au-burkina-faso-leternelle-crise-des-routiers-preoccupe-le-chef-de-letat","name":"Gestion du fret au Burkina Faso : l\u2019\u00e9ternelle crise des routiers pr\u00e9occupe le chef de l\u2019Etat - Burkina Faso","isPartOf":{"@id":"https:\/\/www.africa-press.net\/burkina-faso\/#website"},"primaryImageOfPage":{"@id":"https:\/\/www.africa-press.net\/burkina-faso\/economie\/gestion-du-fret-au-burkina-faso-leternelle-crise-des-routiers-preoccupe-le-chef-de-letat#primaryimage"},"image":{"@id":"https:\/\/www.africa-press.net\/burkina-faso\/economie\/gestion-du-fret-au-burkina-faso-leternelle-crise-des-routiers-preoccupe-le-chef-de-letat#primaryimage"},"thumbnailUrl":"https:\/\/static.africa-press.net\/burkina\/sites\/42\/2021\/04\/img-60717d4531939.jpg","datePublished":"2021-04-10T11:55:31+00:00","author":{"@id":"https:\/\/www.africa-press.net\/burkina-faso\/#\/schema\/person\/2b1cf3cd81a31e3cd26889ca66d677f1"},"description":"Le Pr\u00e9sident du Faso, Roch Marc Christian Kabor\u00e9, a re\u00e7u en audience, le jeudi 8 avril 2021 au palais de Kosyam, les con ...","breadcrumb":{"@id":"https:\/\/www.africa-press.net\/burkina-faso\/economie\/gestion-du-fret-au-burkina-faso-leternelle-crise-des-routiers-preoccupe-le-chef-de-letat#breadcrumb"},"inLanguage":"fr-FR","potentialAction":[{"@type":"ReadAction","target":["https:\/\/www.africa-press.net\/burkina-faso\/economie\/gestion-du-fret-au-burkina-faso-leternelle-crise-des-routiers-preoccupe-le-chef-de-letat"]}]},{"@type":"ImageObject","inLanguage":"fr-FR","@id":"https:\/\/www.africa-press.net\/burkina-faso\/economie\/gestion-du-fret-au-burkina-faso-leternelle-crise-des-routiers-preoccupe-le-chef-de-letat#primaryimage","url":"https:\/\/static.africa-press.net\/burkina\/sites\/42\/2021\/04\/img-60717d4531939.jpg","contentUrl":"https:\/\/static.africa-press.net\/burkina\/sites\/42\/2021\/04\/img-60717d4531939.jpg","width":720,"height":550,"caption":"Gestion du fret au Burkina Faso : l\u2019\u00e9ternelle crise des routiers pr\u00e9occupe le chef de l\u2019Etat"},{"@type":"BreadcrumbList","@id":"https:\/\/www.africa-press.net\/burkina-faso\/economie\/gestion-du-fret-au-burkina-faso-leternelle-crise-des-routiers-preoccupe-le-chef-de-letat#breadcrumb","itemListElement":[{"@type":"ListItem","position":1,"name":"Accueil","item":"https:\/\/www.africa-press.net\/burkina-faso\/"},{"@type":"ListItem","position":2,"name":"Gestion du fret au Burkina Faso : l\u2019\u00e9ternelle crise des routiers pr\u00e9occupe le chef de l\u2019Etat"}]},{"@type":"WebSite","@id":"https:\/\/www.africa-press.net\/burkina-faso\/#website","url":"https:\/\/www.africa-press.net\/burkina-faso\/","name":"Burkina Faso","description":"Just another Africa News Agency Sites site","potentialAction":[{"@type":"SearchAction","target":{"@type":"EntryPoint","urlTemplate":"https:\/\/www.africa-press.net\/burkina-faso\/?s={search_term_string}"},"query-input":{"@type":"PropertyValueSpecification","valueRequired":true,"valueName":"search_term_string"}}],"inLanguage":"fr-FR"},{"@type":"Person","@id":"https:\/\/www.africa-press.net\/burkina-faso\/#\/schema\/person\/2b1cf3cd81a31e3cd26889ca66d677f1","name":"cfeditorfr"}]}},"_links":{"self":[{"href":"https:\/\/www.africa-press.net\/burkina-faso\/wp-json\/wp\/v2\/posts\/9638","targetHints":{"allow":["GET"]}}],"collection":[{"href":"https:\/\/www.africa-press.net\/burkina-faso\/wp-json\/wp\/v2\/posts"}],"about":[{"href":"https:\/\/www.africa-press.net\/burkina-faso\/wp-json\/wp\/v2\/types\/post"}],"author":[{"embeddable":true,"href":"https:\/\/www.africa-press.net\/burkina-faso\/wp-json\/wp\/v2\/users\/82"}],"replies":[{"embeddable":true,"href":"https:\/\/www.africa-press.net\/burkina-faso\/wp-json\/wp\/v2\/comments?post=9638"}],"version-history":[{"count":0,"href":"https:\/\/www.africa-press.net\/burkina-faso\/wp-json\/wp\/v2\/posts\/9638\/revisions"}],"wp:featuredmedia":[{"embeddable":true,"href":"https:\/\/www.africa-press.net\/burkina-faso\/wp-json\/wp\/v2\/media\/9637"}],"wp:attachment":[{"href":"https:\/\/www.africa-press.net\/burkina-faso\/wp-json\/wp\/v2\/media?parent=9638"}],"wp:term":[{"taxonomy":"category","embeddable":true,"href":"https:\/\/www.africa-press.net\/burkina-faso\/wp-json\/wp\/v2\/categories?post=9638"},{"taxonomy":"post_tag","embeddable":true,"href":"https:\/\/www.africa-press.net\/burkina-faso\/wp-json\/wp\/v2\/tags?post=9638"}],"curies":[{"name":"wp","href":"https:\/\/api.w.org\/{rel}","templated":true}]}}