{"id":9644,"date":"2021-04-10T12:08:14","date_gmt":"2021-04-10T12:08:14","guid":{"rendered":"https:\/\/www.africa-press.net\/burkina-faso\/?p=9644"},"modified":"2021-04-17T12:27:17","modified_gmt":"2021-04-17T12:27:17","slug":"dr-bachir-ismael-ouedraogo-secretaire-national-des-jeunes-du-mpp-nous-devons-accompagner-le-president-du-faso-dans-les-reformes","status":"publish","type":"post","link":"https:\/\/www.africa-press.net\/burkina-faso\/homepage-french\/dr-bachir-ismael-ouedraogo-secretaire-national-des-jeunes-du-mpp-nous-devons-accompagner-le-president-du-faso-dans-les-reformes","title":{"rendered":"Dr Bachir Isma\u00ebl Ou\u00e9draogo, secr\u00e9taire national des jeunes du MPP : \u00ab Nous devons accompagner le pr\u00e9sident du Faso dans les r\u00e9formes \u00bb"},"content":{"rendered":"<p><span style=\"color: #ff6600\"><strong><a href=\"https:\/\/www.africa-press.net\/\">Africa-Press<\/a> &#8211; <a href=\"https:\/\/www.africa-press.net\/burkina-faso\">Burkina Faso<\/a>. <\/strong><\/span><b>Le forum national des jeunes du Mouvement du Peuple pour le Progr\u00e8s (MPP) se tient les 9 et 10 avril 2021, \u00e0 Ouagadougou, sur le th\u00e8me \u00abR\u00e9formes politiques et institutionnelles : quelle contribution de la jeunesse du MPP ? \u00bb. Le secr\u00e9taire national des jeunes du parti, Dr Bachir Isma\u00ebl Ou\u00e9draogo, nous \u00e9difie, entre autres, sur les enjeux dudit forum.<\/b><\/p>\n<p><b>Sidwaya (S) : Le forum national des jeunes du MPP se tient les 9 et 10 avril sous le th\u00e8me : \u00ab R\u00e9formes politiques et institutionnelles : quelle contribution de la jeunesse du MPP ? A quoi faites-vous allusion quand vous parlez de r\u00e9formes politiques et institutionnelles ?<\/b><\/p>\n<p><b>Bachir Isma\u00ebl Ou\u00e9draogo (B. I. O.)<\/b><\/p>\n<p>: Le pr\u00e9sident Roch Marc Christian Kabor\u00e9 a \u00e9t\u00e9 r\u00e9\u00e9lu avec pr\u00e8s de 59% des voix en novembre dernier. Son poursuivant imm\u00e9diat en a eu que 15% des voix. Nous avons une population o\u00f9 les 75% constituent les jeunes. Au cours de la campagne \u00e9lectorale pass\u00e9e, il y a eu une mobilisation exceptionnelle de la jeunesse pour accompagner le pr\u00e9sident Roch Marc Christian Kabor\u00e9. Les jeunes lui ont donn\u00e9 leurs voix. C\u2019est donc une joie et une fiert\u00e9 pour la jeunesse du MPP pour les r\u00e9sultats que nous avons engrang\u00e9s, que ce soit pour les l\u00e9gislatives et la pr\u00e9sidentielle. A la fin des \u00e9lections, nous n\u2019avons pas pu repartir dans les 13 r\u00e9gions et 45 provinces pour remercier l\u2019ensemble des jeunes pour le travail formidable qui a \u00e9t\u00e9 abattu. Nous avons voulu d\u2019une mani\u00e8re ou d\u2019une autre trouver un cadre pour leur dire merci pour ce qu\u2019ils ont fait pour la r\u00e9\u00e9lection du pr\u00e9sident Kabor\u00e9.<br \/>\nDans le programme quinquennal du chef de l\u2019Etat, les r\u00e9formes politiques et institutionnelles occupent une place de choix. C\u2019est dans la suite du programme pr\u00e9sidentiel que les jeunes du MPP ont d\u00e9cid\u00e9 de se retrouver \u00e0 Ouagadougou, non seulement pour se congratuler, mais aussi pour voir de quelle mani\u00e8re nous pourrons l\u2019accompagner durant son quinquennat. Cela est important d\u2019autant plus qu\u2019il a fait confiance en la jeunesse dans son gouvernement. Il n\u2019y a pas un pr\u00e9sident en Afrique de l\u2019Ouest qui a autant responsabilis\u00e9 des jeunes \u00e0 des postes r\u00e9galiens comme les infrastructures, l\u2019\u00e9ducation, les t\u00e9l\u00e9communications, l\u2019\u00e9nergie, les mines et carri\u00e8res, l\u2019\u00e9conomie et le budget. Ce ne sont pas des r\u00f4les de figuration, il a simplement cru en la jeunesse, d\u2019o\u00f9 la n\u00e9cessit\u00e9 pour nous jeunes de nous mobiliser pour voir comment l\u2019aider afin qu\u2019il puisse r\u00e9pondre aux aspirations profondes de la population. C\u2019est la raison pour laquelle nous avons d\u00e9cid\u00e9 de mener la r\u00e9flexion autour du th\u00e8me \u00ab R\u00e9formes politiques et institutionnelles : quelle contribution de la jeunesse du MPP ? \u00bb. Notre contribution doit aussi compter dans toutes ces discussions qui se m\u00e8nent autour des r\u00e9formes. La particularit\u00e9 est qu\u2019apr\u00e8s les deux jours du forum, nous allons poursuivre la r\u00e9flexion avec nos camarades de l\u2019Alliance des partis de la majorit\u00e9 pr\u00e9sidentielle (APMP) pour sortir un document qui sera transmis au pr\u00e9sident du Faso, au pr\u00e9sident du parti et au pr\u00e9sident de l\u2019Assembl\u00e9e nationale.<\/p>\n<p><b>S : En quoi les jeunes du MPP peuvent-ils jouer un r\u00f4le dans ce processus ?<\/b><\/p>\n<p><b>B. I. O.<\/b><\/p>\n<p>: Nous sommes des jeunes tout court. Si \u00e7a va pour les jeunes du Burkina, il en ira pour les jeunes du MPP aussi et vice-versa. Il faut savoir que nous sommes tous dans un processus o\u00f9 nous avons la responsabilit\u00e9 de faire en sorte que les choses puissent bien marcher. Dans notre pays, lorsque vous observez tout ce qui arrive, les jeunes sont d\u2019une mani\u00e8re ou d\u2019une autre impliqu\u00e9s, d\u2019o\u00f9 la n\u00e9cessit\u00e9 pour nous de savoir que nous sommes embarqu\u00e9s dans le m\u00eame bateau. Si les r\u00e9sultats sont probants, ils vont profiter \u00e0 tout le monde. Les jeunes du MPP comme tous les autres du pays, cherchent tous de l\u2019emploi. C\u2019est cela notre objectif premier. Tout jeune que vous rencontrez ne cherche qu\u2019\u00e0 avoir un emploi, se prendre en charge, s\u2019occuper de ses parents et mener une vie d\u00e9cente. Nous avons tous l\u2019obligation de regarder \u00e0 ce niveau parce que les r\u00e9formes politiques et institutionnelles doivent nous permettre d\u2019avoir une \u00e9conomie qui est florissante, qui cr\u00e9e plus d\u2019emplois et qui permet aux jeunes d\u2019entreprendre. Tout cela doit concourir \u00e0 am\u00e9liorer les conditions de vie de tous les Burkinab\u00e8.<\/p>\n<p><b>S : Quels sont les enjeux de ce forum ?<\/b><\/p>\n<p><b>B. I. O.<\/b><\/p>\n<p>: Les enjeux du forum sont de plusieurs ordres dans la mesure o\u00f9 nous avons \u00e9clat\u00e9 le th\u00e8me en sous-th\u00e8mes. Nous avons une sous-commission qui va r\u00e9fl\u00e9chir aux r\u00e9formes du syst\u00e8me des services sociaux de base comme la sant\u00e9, l\u2019\u00e9ducation, le foncier et le logement. Un jeune qui souhaite avoir un terrain va, par exemple, s\u2019endetter \u00e0 huit millions F CFA. Il va mettre sept \u00e0 huit ans pour rembourser ce pr\u00eat. Pendant ce temps, il vit en location pour attendre la fin de son pr\u00eat pour se rendetter afin de mettre en valeur son terrain. Ce sont autant de probl\u00e8mes que vivent les jeunes au quotidien. En tant que jeunes du MPP, nous avons la responsabilit\u00e9 de voir comment nous pouvons contribuer \u00e0 la r\u00e9flexion pour que des solutions soient trouv\u00e9es. Nous avons une autre sous-commission qui va se pencher sur les r\u00e9formes du secteur du d\u00e9veloppement rural. 80% de notre population vit d\u2019agriculture et d\u2019\u00e9levage. Les questions inh\u00e9rentes \u00e0 l\u2019agriculture, l\u2019eau et l\u2019environnement seront abord\u00e9es \u00e0 ce niveau. Nous savons que l\u2019agriculture et l\u2019\u00e9levage sont des secteurs qui peuvent \u00eatre pourvoyeurs d\u2019emplois pour les jeunes. Nous verrons ce qui peut \u00eatre fait pour insuffler un dynamisme \u00e0 ces deux secteurs. Il y a la commission d\u00e9mocratie et justice. Quand on parle de la r\u00e9conciliation nationale, il y a une implication de la justice. Les jeunes ont quelque chose \u00e0 dire \u00e0 ce niveau. Il y a aussi les r\u00e9formes de l\u2019administration publique et celles du syst\u00e8me de d\u00e9fense et de s\u00e9curit\u00e9. Aujourd\u2019hui, les Volontaires pour la d\u00e9fense de la patrie (VDP) sont des jeunes engag\u00e9s pour la cause de la patrie. Nous avons le devoir d\u2019aider \u00e0 mieux g\u00e9rer cette probl\u00e9matique. Il y a \u00e9galement le secteur d\u2019appui \u00e0 l\u2019\u00e9conomie. Si l\u2019\u00e9conomie est florissante, ce sera une opportunit\u00e9 pour les jeunes d\u2019avoir de l\u2019emploi. Je n\u2019oublie pas les r\u00e9formes des institutions telles que le Conseil \u00e9conomique et social (CES), le M\u00e9diateur du Faso et le Haut Conseil pour la R\u00e9conciliation et l\u2019unit\u00e9 nationale (HCRUN). Nous dirons notre mot par rapport \u00e0 ces questions. Il ne faut pas omettre la formation et l\u2019emploi des jeunes. Est-ce que notre syst\u00e8me \u00e9ducatif r\u00e9pond aux besoins r\u00e9els du secteur de l\u2019emploi ? Ce sont autant d\u2019enjeux que nous mettrons sur la table au cours de ce forum.<br \/>\nEn plus, nous allons \u00e9couter la vision du parti par rapport \u00e0 ces r\u00e9formes. Nous sommes dans la logique et la discipline du parti et ce sont des r\u00e9formes qui doivent s\u2019op\u00e9rer dans la vision du parti. Le secr\u00e9tariat ex\u00e9cutif du parti aura une communication sur ces questions. Le premier vice-pr\u00e9sident va nous parler \u00e9galement de la r\u00e9conciliation nationale et de la vision du parti par rapport \u00e0 cela. Le pr\u00e9sident du parti, Simon Compaor\u00e9, vient de nous donner une lecture au cours de ce forum. A l\u2019issue des deux jours de travaux, nous allons formuler des recommandations et d\u00e9signer des pr\u00e9sidents de sous-commissions qui iront \u00e0 la rencontre des jeunes des 45 provinces et nous revenir avec un document.<\/p>\n<p><b>S. : Qu\u2019elle peut \u00eatre la port\u00e9e de ce forum qui se tient avant le congr\u00e8s du parti ?<\/b><\/p>\n<p><b>B. I. O.<\/b><\/p>\n<p>: Ce forum des jeunes n\u2019a rien \u00e0 voir avec le congr\u00e8s du parti. C\u2019est comme je l\u2019ai soulign\u00e9 tant\u00f4t, apr\u00e8s les \u00e9lections, c\u2019est la premi\u00e8re fois que nous nous retrouvons. Bient\u00f4t, nous allons entamer le je\u00fbne musulman et nous risquons d\u2019aller jusqu\u2019en juin sans que les jeunes du parti ne puissent se r\u00e9unir afin de pouvoir \u00e9changer. Il \u00e9tait quand m\u00eame important qu\u2019apr\u00e8s tout le travail qu\u2019ils ont eu \u00e0 faire pour accompagner le pr\u00e9sident et le parti, il \u00e9tait important que ce forum puisse avoir lieu afin de nous permettre de joindre l\u2019utile \u00e0 l\u2019agr\u00e9able. Les jeunes du MPP des 45 provinces ne peuvent pas juste se r\u00e9unir pour faire la f\u00eate. Ce forum est un moyen pour nous de nous r\u00e9unir pour mener la r\u00e9flexion sur des questions importantes. Je suis le plus jeune membre du gouvernement, mais je pense qu\u2019il y a des jeunes aussi valeureux qui peuvent apporter leur contribution face aux enjeux du moment. C\u2019est une occasion pour nous qui sommes au gouvernement de pouvoir dire aux jeunes ce que nous faisons.<\/p>\n<p><b>S : Avez-vous le sentiment que les jeunes sont sous repr\u00e9sent\u00e9s dans les postes de responsabilit\u00e9 au Burkina Faso comme le pr\u00e9tendent de nombreux citoyens ?<\/b><\/p>\n<p><b>B. I. O.<\/b><\/p>\n<p>: Je voudrais honn\u00eatement dire merci au pr\u00e9sident du Faso et \u00e0 la direction du parti. Le parti qui a le plus responsabilis\u00e9 de jeunes \u00e0 l\u2019Assembl\u00e9e nationale, c\u2019est le MPP. C\u2019est \u00e9galement le pr\u00e9sident, Roch Marc Christian Kabor\u00e9, qui a le plus responsabilis\u00e9 des jeunes \u00e0 des postes r\u00e9galiens dans son gouvernement. Il est vrai qu\u2019on ne peut pas se satisfaire de tout, mais quand c\u2019est bon, il faut avoir l\u2019honn\u00eatet\u00e9 intellectuelle et morale de le reconna\u00eetre. Je suis le patron des jeunes et je veux encore plus de jeunes directeurs g\u00e9n\u00e9raux, d\u00e9put\u00e9s, ministres, mais je suis aussi r\u00e9aliste. Au cours du forum, nous aurons une motion de remerciements \u00e0 l\u2019endroit du pr\u00e9sident Kabor\u00e9 et du parti pour ce qu\u2019ils ont eu \u00e0 faire. Nous allons leur demander de nous faire davantage confiance. Nous sommes reconnaissants pour ce qui est d\u00e9j\u00e0 fait.<\/p>\n<p><b>S : Bachir Isma\u00ebl Ou\u00e9draogo ambitionne-t-il c\u00e9der sa place pour viser plus haut au sein du parti au moment o\u00f9 il est question de plus en plus de renouvellement de la classe dirigeante ?<\/b><\/p>\n<p><b>B. I. O.<\/b><\/p>\n<p>: Quand on m\u2019a nomm\u00e9 \u00e0 la t\u00eate de la jeunesse, je ne suis pas all\u00e9 demander cela. Je n\u2019ai pas non plus fait campagne pour cela. C\u2019est la direction du parti qui a d\u00e9cid\u00e9 de m\u2019y mettre et j\u2019y suis all\u00e9 faire mon travail correctement. Je n\u2019ambitionne \u00e0 rien, c\u2019est la philosophie du parti qui d\u00e9cide tout. Si je n\u2019ai rien fait pour qu\u2019on me responsabilise \u00e0 des postes d\u00e8s les premiers moments, pourquoi le ferai-je maintenant ? Je suis fid\u00e8le \u00e0 la discipline du parti et j\u2019ai pleinement confiance en la direction du MPP. L\u00e0 o\u00f9 on me dira d\u2019aller travailler, j\u2019irai dans la mesure o\u00f9 je me consid\u00e8re comme un serviteur du parti. Ma plus grande fiert\u00e9, c\u2019est de toujours pouvoir faire correctement le travail qu\u2019on m\u2019a demand\u00e9. Je suis \u00e0 la disposition du parti. Je suis encore dans l\u2019apprentissage parce que je suis jeune. Nous sommes dans une dynamique d\u2019accompagnement des devanciers. Nous avons besoin de leurs conseils avis\u00e9s pour que nous puissions constituer le fer de lance du parti. Nous devons \u00eatre dans l\u2019animation du parti. Nous devons \u00eatre capables d\u2019avoir des initiatives, de bouger pour faire vivre le parti.<\/p>\n<p>Nous invitons tous nos camarades \u00e0 venir prendre connaissance de la quintessence des travaux le samedi 10 avril. Je r\u00e9it\u00e8re mes remerciements \u00e0 la jeunesse du parti pour tout ce qu\u2019elle a fait pour accompagner le pr\u00e9sident Roch Marc Christian Kabor\u00e9. C\u2019est notre candidat et nous devons l\u2019accompagner pour qu\u2019il puisse initier les r\u00e9formes n\u00e9cessaires afin que le Burkina Faso aille de l\u2019avant. Nous sommes enti\u00e8rement \u00e0 sa disposition pour l\u2019aider \u00e0 pouvoir \u00e9crire les plus belles pages de l\u2019histoire de notre pays.<\/p>\n<p><b>Propos recueillis par Karim BADOLO<\/b><\/p>\n","protected":false},"excerpt":{"rendered":"<p>Africa-Press &#8211; Burkina Faso. Le forum national des jeunes du Mouvement du Peuple pour le Progr\u00e8s (MPP) se tient les 9 et 10 avril 2021, \u00e0 Ouagadougou, sur le th\u00e8me \u00abR\u00e9formes politiques et institutionnelles : quelle contribution de la jeunesse du MPP ? \u00bb. Le secr\u00e9taire national des jeunes du parti, Dr Bachir Isma\u00ebl Ou\u00e9draogo, [&hellip;]<\/p>\n","protected":false},"author":82,"featured_media":9643,"comment_status":"open","ping_status":"closed","sticky":false,"template":"","format":"standard","meta":{"footnotes":""},"categories":[11,2,10],"tags":[111,725,29,1805,1806],"class_list":["post-9644","post","type-post","status-publish","format-standard","has-post-thumbnail","hentry","category-homepage-french","category-politique","category-toutes-les-actualites","tag-africa-press","tag-africa-press-burkina-faso","tag-burkina-faso","tag-dr-bachir-ismael-ouedraogo","tag-secretaire-national-jeunes-mpp"],"yoast_head":"<!-- This site is optimized with the Yoast SEO Premium plugin v26.1 (Yoast SEO v27.0) - https:\/\/yoast.com\/product\/yoast-seo-premium-wordpress\/ -->\n<title>Dr Bachir Isma\u00ebl Ou\u00e9draogo, secr\u00e9taire national des jeunes du MPP : \u00ab Nous devons accompagner le pr\u00e9sident du Faso dans les r\u00e9formes \u00bb - Burkina Faso<\/title>\n<meta name=\"description\" content=\"Le forum national des jeunes du Mouvement du Peuple pour le Progr\u00e8s (MPP) se tient les 9 et 10 avril 2021, \u00e0 Ouagadou ...\" \/>\n<meta name=\"robots\" content=\"index, follow, max-snippet:-1, max-image-preview:large, max-video-preview:-1\" \/>\n<link rel=\"canonical\" href=\"https:\/\/www.africa-press.net\/burkina-faso\/homepage-french\/dr-bachir-ismael-ouedraogo-secretaire-national-des-jeunes-du-mpp-nous-devons-accompagner-le-president-du-faso-dans-les-reformes\" \/>\n<meta property=\"og:locale\" content=\"fr_FR\" \/>\n<meta property=\"og:type\" content=\"article\" \/>\n<meta property=\"og:title\" content=\"Dr Bachir Isma\u00ebl Ou\u00e9draogo, secr\u00e9taire national des jeunes du MPP : \u00ab Nous devons accompagner le pr\u00e9sident du Faso dans les r\u00e9formes \u00bb\" \/>\n<meta property=\"og:description\" content=\"Le forum national des jeunes du Mouvement du Peuple pour le Progr\u00e8s (MPP) se tient les 9 et 10 avril 2021, \u00e0 Ouagadou ...\" \/>\n<meta property=\"og:url\" content=\"https:\/\/www.africa-press.net\/burkina-faso\/homepage-french\/dr-bachir-ismael-ouedraogo-secretaire-national-des-jeunes-du-mpp-nous-devons-accompagner-le-president-du-faso-dans-les-reformes\" \/>\n<meta property=\"og:site_name\" content=\"Burkina Faso\" \/>\n<meta property=\"article:published_time\" content=\"2021-04-10T12:08:14+00:00\" \/>\n<meta property=\"article:modified_time\" content=\"2021-04-17T12:27:17+00:00\" \/>\n<meta property=\"og:image\" content=\"https:\/\/static.africa-press.net\/burkina\/sites\/42\/2021\/04\/img-60717dabcbb82.jpg\" \/>\n\t<meta property=\"og:image:width\" content=\"720\" \/>\n\t<meta property=\"og:image:height\" content=\"480\" \/>\n\t<meta property=\"og:image:type\" content=\"image\/jpeg\" \/>\n<meta name=\"author\" content=\"cfeditorfr\" \/>\n<meta name=\"twitter:card\" content=\"summary_large_image\" \/>\n<meta name=\"twitter:label1\" content=\"\u00c9crit par\" \/>\n\t<meta name=\"twitter:data1\" content=\"cfeditorfr\" \/>\n\t<meta name=\"twitter:label2\" content=\"Dur\u00e9e de lecture estim\u00e9e\" \/>\n\t<meta name=\"twitter:data2\" content=\"11 minutes\" \/>\n<script type=\"application\/ld+json\" class=\"yoast-schema-graph\">{\"@context\":\"https:\/\/schema.org\",\"@graph\":[{\"@type\":\"Article\",\"@id\":\"https:\/\/www.africa-press.net\/burkina-faso\/homepage-french\/dr-bachir-ismael-ouedraogo-secretaire-national-des-jeunes-du-mpp-nous-devons-accompagner-le-president-du-faso-dans-les-reformes#article\",\"isPartOf\":{\"@id\":\"https:\/\/www.africa-press.net\/burkina-faso\/homepage-french\/dr-bachir-ismael-ouedraogo-secretaire-national-des-jeunes-du-mpp-nous-devons-accompagner-le-president-du-faso-dans-les-reformes\"},\"author\":{\"name\":\"cfeditorfr\",\"@id\":\"https:\/\/www.africa-press.net\/burkina-faso\/#\/schema\/person\/2b1cf3cd81a31e3cd26889ca66d677f1\"},\"headline\":\"Dr Bachir Isma\u00ebl Ou\u00e9draogo, secr\u00e9taire national des jeunes du MPP : \u00ab Nous devons accompagner le pr\u00e9sident du Faso dans les r\u00e9formes \u00bb\",\"datePublished\":\"2021-04-10T12:08:14+00:00\",\"dateModified\":\"2021-04-17T12:27:17+00:00\",\"mainEntityOfPage\":{\"@id\":\"https:\/\/www.africa-press.net\/burkina-faso\/homepage-french\/dr-bachir-ismael-ouedraogo-secretaire-national-des-jeunes-du-mpp-nous-devons-accompagner-le-president-du-faso-dans-les-reformes\"},\"wordCount\":2126,\"commentCount\":0,\"image\":{\"@id\":\"https:\/\/www.africa-press.net\/burkina-faso\/homepage-french\/dr-bachir-ismael-ouedraogo-secretaire-national-des-jeunes-du-mpp-nous-devons-accompagner-le-president-du-faso-dans-les-reformes#primaryimage\"},\"thumbnailUrl\":\"https:\/\/static.africa-press.net\/burkina\/sites\/42\/2021\/04\/img-60717dabcbb82.jpg\",\"keywords\":[\"Africa Press\",\"Africa Press-Burkina Faso\",\"Burkina Faso\",\"Dr Bachir Isma\u00ebl Ou\u00e9draogo\",\"secr\u00e9taire; national; jeunes; MPP\"],\"articleSection\":[\"homepage-french\",\"Politique\",\"Toutes les actualit\u00e9s\"],\"inLanguage\":\"fr-FR\",\"potentialAction\":[{\"@type\":\"CommentAction\",\"name\":\"Comment\",\"target\":[\"https:\/\/www.africa-press.net\/burkina-faso\/homepage-french\/dr-bachir-ismael-ouedraogo-secretaire-national-des-jeunes-du-mpp-nous-devons-accompagner-le-president-du-faso-dans-les-reformes#respond\"]}]},{\"@type\":\"WebPage\",\"@id\":\"https:\/\/www.africa-press.net\/burkina-faso\/homepage-french\/dr-bachir-ismael-ouedraogo-secretaire-national-des-jeunes-du-mpp-nous-devons-accompagner-le-president-du-faso-dans-les-reformes\",\"url\":\"https:\/\/www.africa-press.net\/burkina-faso\/homepage-french\/dr-bachir-ismael-ouedraogo-secretaire-national-des-jeunes-du-mpp-nous-devons-accompagner-le-president-du-faso-dans-les-reformes\",\"name\":\"Dr Bachir Isma\u00ebl Ou\u00e9draogo, secr\u00e9taire national des jeunes du MPP : \u00ab Nous devons accompagner le pr\u00e9sident du Faso dans les r\u00e9formes \u00bb - Burkina Faso\",\"isPartOf\":{\"@id\":\"https:\/\/www.africa-press.net\/burkina-faso\/#website\"},\"primaryImageOfPage\":{\"@id\":\"https:\/\/www.africa-press.net\/burkina-faso\/homepage-french\/dr-bachir-ismael-ouedraogo-secretaire-national-des-jeunes-du-mpp-nous-devons-accompagner-le-president-du-faso-dans-les-reformes#primaryimage\"},\"image\":{\"@id\":\"https:\/\/www.africa-press.net\/burkina-faso\/homepage-french\/dr-bachir-ismael-ouedraogo-secretaire-national-des-jeunes-du-mpp-nous-devons-accompagner-le-president-du-faso-dans-les-reformes#primaryimage\"},\"thumbnailUrl\":\"https:\/\/static.africa-press.net\/burkina\/sites\/42\/2021\/04\/img-60717dabcbb82.jpg\",\"datePublished\":\"2021-04-10T12:08:14+00:00\",\"dateModified\":\"2021-04-17T12:27:17+00:00\",\"author\":{\"@id\":\"https:\/\/www.africa-press.net\/burkina-faso\/#\/schema\/person\/2b1cf3cd81a31e3cd26889ca66d677f1\"},\"description\":\"Le forum national des jeunes du Mouvement du Peuple pour le Progr\u00e8s (MPP) se tient les 9 et 10 avril 2021, \u00e0 Ouagadou ...\",\"breadcrumb\":{\"@id\":\"https:\/\/www.africa-press.net\/burkina-faso\/homepage-french\/dr-bachir-ismael-ouedraogo-secretaire-national-des-jeunes-du-mpp-nous-devons-accompagner-le-president-du-faso-dans-les-reformes#breadcrumb\"},\"inLanguage\":\"fr-FR\",\"potentialAction\":[{\"@type\":\"ReadAction\",\"target\":[\"https:\/\/www.africa-press.net\/burkina-faso\/homepage-french\/dr-bachir-ismael-ouedraogo-secretaire-national-des-jeunes-du-mpp-nous-devons-accompagner-le-president-du-faso-dans-les-reformes\"]}]},{\"@type\":\"ImageObject\",\"inLanguage\":\"fr-FR\",\"@id\":\"https:\/\/www.africa-press.net\/burkina-faso\/homepage-french\/dr-bachir-ismael-ouedraogo-secretaire-national-des-jeunes-du-mpp-nous-devons-accompagner-le-president-du-faso-dans-les-reformes#primaryimage\",\"url\":\"https:\/\/static.africa-press.net\/burkina\/sites\/42\/2021\/04\/img-60717dabcbb82.jpg\",\"contentUrl\":\"https:\/\/static.africa-press.net\/burkina\/sites\/42\/2021\/04\/img-60717dabcbb82.jpg\",\"width\":720,\"height\":480,\"caption\":\"Dr Bachir Isma\u00ebl Ou\u00e9draogo, secr\u00e9taire national des jeunes du MPP : \u00ab Nous devons accompagner le pr\u00e9sident du Faso dans les r\u00e9formes \u00bb\"},{\"@type\":\"BreadcrumbList\",\"@id\":\"https:\/\/www.africa-press.net\/burkina-faso\/homepage-french\/dr-bachir-ismael-ouedraogo-secretaire-national-des-jeunes-du-mpp-nous-devons-accompagner-le-president-du-faso-dans-les-reformes#breadcrumb\",\"itemListElement\":[{\"@type\":\"ListItem\",\"position\":1,\"name\":\"Accueil\",\"item\":\"https:\/\/www.africa-press.net\/burkina-faso\/\"},{\"@type\":\"ListItem\",\"position\":2,\"name\":\"Dr Bachir Isma\u00ebl Ou\u00e9draogo, secr\u00e9taire national des jeunes du MPP : \u00ab Nous devons accompagner le pr\u00e9sident du Faso dans les r\u00e9formes \u00bb\"}]},{\"@type\":\"WebSite\",\"@id\":\"https:\/\/www.africa-press.net\/burkina-faso\/#website\",\"url\":\"https:\/\/www.africa-press.net\/burkina-faso\/\",\"name\":\"Burkina Faso\",\"description\":\"Just another Africa News Agency Sites site\",\"potentialAction\":[{\"@type\":\"SearchAction\",\"target\":{\"@type\":\"EntryPoint\",\"urlTemplate\":\"https:\/\/www.africa-press.net\/burkina-faso\/?s={search_term_string}\"},\"query-input\":{\"@type\":\"PropertyValueSpecification\",\"valueRequired\":true,\"valueName\":\"search_term_string\"}}],\"inLanguage\":\"fr-FR\"},{\"@type\":\"Person\",\"@id\":\"https:\/\/www.africa-press.net\/burkina-faso\/#\/schema\/person\/2b1cf3cd81a31e3cd26889ca66d677f1\",\"name\":\"cfeditorfr\"}]}<\/script>\n<!-- \/ Yoast SEO Premium plugin. -->","yoast_head_json":{"title":"Dr Bachir Isma\u00ebl Ou\u00e9draogo, secr\u00e9taire national des jeunes du MPP : \u00ab Nous devons accompagner le pr\u00e9sident du Faso dans les r\u00e9formes \u00bb - Burkina Faso","description":"Le forum national des jeunes du Mouvement du Peuple pour le Progr\u00e8s (MPP) se tient les 9 et 10 avril 2021, \u00e0 Ouagadou ...","robots":{"index":"index","follow":"follow","max-snippet":"max-snippet:-1","max-image-preview":"max-image-preview:large","max-video-preview":"max-video-preview:-1"},"canonical":"https:\/\/www.africa-press.net\/burkina-faso\/homepage-french\/dr-bachir-ismael-ouedraogo-secretaire-national-des-jeunes-du-mpp-nous-devons-accompagner-le-president-du-faso-dans-les-reformes","og_locale":"fr_FR","og_type":"article","og_title":"Dr Bachir Isma\u00ebl Ou\u00e9draogo, secr\u00e9taire national des jeunes du MPP : \u00ab Nous devons accompagner le pr\u00e9sident du Faso dans les r\u00e9formes \u00bb","og_description":"Le forum national des jeunes du Mouvement du Peuple pour le Progr\u00e8s (MPP) se tient les 9 et 10 avril 2021, \u00e0 Ouagadou ...","og_url":"https:\/\/www.africa-press.net\/burkina-faso\/homepage-french\/dr-bachir-ismael-ouedraogo-secretaire-national-des-jeunes-du-mpp-nous-devons-accompagner-le-president-du-faso-dans-les-reformes","og_site_name":"Burkina Faso","article_published_time":"2021-04-10T12:08:14+00:00","article_modified_time":"2021-04-17T12:27:17+00:00","og_image":[{"width":720,"height":480,"url":"https:\/\/static.africa-press.net\/burkina\/sites\/42\/2021\/04\/img-60717dabcbb82.jpg","type":"image\/jpeg"}],"author":"cfeditorfr","twitter_card":"summary_large_image","twitter_misc":{"\u00c9crit par":"cfeditorfr","Dur\u00e9e de lecture estim\u00e9e":"11 minutes"},"schema":{"@context":"https:\/\/schema.org","@graph":[{"@type":"Article","@id":"https:\/\/www.africa-press.net\/burkina-faso\/homepage-french\/dr-bachir-ismael-ouedraogo-secretaire-national-des-jeunes-du-mpp-nous-devons-accompagner-le-president-du-faso-dans-les-reformes#article","isPartOf":{"@id":"https:\/\/www.africa-press.net\/burkina-faso\/homepage-french\/dr-bachir-ismael-ouedraogo-secretaire-national-des-jeunes-du-mpp-nous-devons-accompagner-le-president-du-faso-dans-les-reformes"},"author":{"name":"cfeditorfr","@id":"https:\/\/www.africa-press.net\/burkina-faso\/#\/schema\/person\/2b1cf3cd81a31e3cd26889ca66d677f1"},"headline":"Dr Bachir Isma\u00ebl Ou\u00e9draogo, secr\u00e9taire national des jeunes du MPP : \u00ab Nous devons accompagner le pr\u00e9sident du Faso dans les r\u00e9formes \u00bb","datePublished":"2021-04-10T12:08:14+00:00","dateModified":"2021-04-17T12:27:17+00:00","mainEntityOfPage":{"@id":"https:\/\/www.africa-press.net\/burkina-faso\/homepage-french\/dr-bachir-ismael-ouedraogo-secretaire-national-des-jeunes-du-mpp-nous-devons-accompagner-le-president-du-faso-dans-les-reformes"},"wordCount":2126,"commentCount":0,"image":{"@id":"https:\/\/www.africa-press.net\/burkina-faso\/homepage-french\/dr-bachir-ismael-ouedraogo-secretaire-national-des-jeunes-du-mpp-nous-devons-accompagner-le-president-du-faso-dans-les-reformes#primaryimage"},"thumbnailUrl":"https:\/\/static.africa-press.net\/burkina\/sites\/42\/2021\/04\/img-60717dabcbb82.jpg","keywords":["Africa Press","Africa Press-Burkina Faso","Burkina Faso","Dr Bachir Isma\u00ebl Ou\u00e9draogo","secr\u00e9taire; national; jeunes; MPP"],"articleSection":["homepage-french","Politique","Toutes les actualit\u00e9s"],"inLanguage":"fr-FR","potentialAction":[{"@type":"CommentAction","name":"Comment","target":["https:\/\/www.africa-press.net\/burkina-faso\/homepage-french\/dr-bachir-ismael-ouedraogo-secretaire-national-des-jeunes-du-mpp-nous-devons-accompagner-le-president-du-faso-dans-les-reformes#respond"]}]},{"@type":"WebPage","@id":"https:\/\/www.africa-press.net\/burkina-faso\/homepage-french\/dr-bachir-ismael-ouedraogo-secretaire-national-des-jeunes-du-mpp-nous-devons-accompagner-le-president-du-faso-dans-les-reformes","url":"https:\/\/www.africa-press.net\/burkina-faso\/homepage-french\/dr-bachir-ismael-ouedraogo-secretaire-national-des-jeunes-du-mpp-nous-devons-accompagner-le-president-du-faso-dans-les-reformes","name":"Dr Bachir Isma\u00ebl Ou\u00e9draogo, secr\u00e9taire national des jeunes du MPP : \u00ab Nous devons accompagner le pr\u00e9sident du Faso dans les r\u00e9formes \u00bb - Burkina Faso","isPartOf":{"@id":"https:\/\/www.africa-press.net\/burkina-faso\/#website"},"primaryImageOfPage":{"@id":"https:\/\/www.africa-press.net\/burkina-faso\/homepage-french\/dr-bachir-ismael-ouedraogo-secretaire-national-des-jeunes-du-mpp-nous-devons-accompagner-le-president-du-faso-dans-les-reformes#primaryimage"},"image":{"@id":"https:\/\/www.africa-press.net\/burkina-faso\/homepage-french\/dr-bachir-ismael-ouedraogo-secretaire-national-des-jeunes-du-mpp-nous-devons-accompagner-le-president-du-faso-dans-les-reformes#primaryimage"},"thumbnailUrl":"https:\/\/static.africa-press.net\/burkina\/sites\/42\/2021\/04\/img-60717dabcbb82.jpg","datePublished":"2021-04-10T12:08:14+00:00","dateModified":"2021-04-17T12:27:17+00:00","author":{"@id":"https:\/\/www.africa-press.net\/burkina-faso\/#\/schema\/person\/2b1cf3cd81a31e3cd26889ca66d677f1"},"description":"Le forum national des jeunes du Mouvement du Peuple pour le Progr\u00e8s (MPP) se tient les 9 et 10 avril 2021, \u00e0 Ouagadou ...","breadcrumb":{"@id":"https:\/\/www.africa-press.net\/burkina-faso\/homepage-french\/dr-bachir-ismael-ouedraogo-secretaire-national-des-jeunes-du-mpp-nous-devons-accompagner-le-president-du-faso-dans-les-reformes#breadcrumb"},"inLanguage":"fr-FR","potentialAction":[{"@type":"ReadAction","target":["https:\/\/www.africa-press.net\/burkina-faso\/homepage-french\/dr-bachir-ismael-ouedraogo-secretaire-national-des-jeunes-du-mpp-nous-devons-accompagner-le-president-du-faso-dans-les-reformes"]}]},{"@type":"ImageObject","inLanguage":"fr-FR","@id":"https:\/\/www.africa-press.net\/burkina-faso\/homepage-french\/dr-bachir-ismael-ouedraogo-secretaire-national-des-jeunes-du-mpp-nous-devons-accompagner-le-president-du-faso-dans-les-reformes#primaryimage","url":"https:\/\/static.africa-press.net\/burkina\/sites\/42\/2021\/04\/img-60717dabcbb82.jpg","contentUrl":"https:\/\/static.africa-press.net\/burkina\/sites\/42\/2021\/04\/img-60717dabcbb82.jpg","width":720,"height":480,"caption":"Dr Bachir Isma\u00ebl Ou\u00e9draogo, secr\u00e9taire national des jeunes du MPP : \u00ab Nous devons accompagner le pr\u00e9sident du Faso dans les r\u00e9formes \u00bb"},{"@type":"BreadcrumbList","@id":"https:\/\/www.africa-press.net\/burkina-faso\/homepage-french\/dr-bachir-ismael-ouedraogo-secretaire-national-des-jeunes-du-mpp-nous-devons-accompagner-le-president-du-faso-dans-les-reformes#breadcrumb","itemListElement":[{"@type":"ListItem","position":1,"name":"Accueil","item":"https:\/\/www.africa-press.net\/burkina-faso\/"},{"@type":"ListItem","position":2,"name":"Dr Bachir Isma\u00ebl Ou\u00e9draogo, secr\u00e9taire national des jeunes du MPP : \u00ab Nous devons accompagner le pr\u00e9sident du Faso dans les r\u00e9formes \u00bb"}]},{"@type":"WebSite","@id":"https:\/\/www.africa-press.net\/burkina-faso\/#website","url":"https:\/\/www.africa-press.net\/burkina-faso\/","name":"Burkina Faso","description":"Just another Africa News Agency Sites site","potentialAction":[{"@type":"SearchAction","target":{"@type":"EntryPoint","urlTemplate":"https:\/\/www.africa-press.net\/burkina-faso\/?s={search_term_string}"},"query-input":{"@type":"PropertyValueSpecification","valueRequired":true,"valueName":"search_term_string"}}],"inLanguage":"fr-FR"},{"@type":"Person","@id":"https:\/\/www.africa-press.net\/burkina-faso\/#\/schema\/person\/2b1cf3cd81a31e3cd26889ca66d677f1","name":"cfeditorfr"}]}},"_links":{"self":[{"href":"https:\/\/www.africa-press.net\/burkina-faso\/wp-json\/wp\/v2\/posts\/9644","targetHints":{"allow":["GET"]}}],"collection":[{"href":"https:\/\/www.africa-press.net\/burkina-faso\/wp-json\/wp\/v2\/posts"}],"about":[{"href":"https:\/\/www.africa-press.net\/burkina-faso\/wp-json\/wp\/v2\/types\/post"}],"author":[{"embeddable":true,"href":"https:\/\/www.africa-press.net\/burkina-faso\/wp-json\/wp\/v2\/users\/82"}],"replies":[{"embeddable":true,"href":"https:\/\/www.africa-press.net\/burkina-faso\/wp-json\/wp\/v2\/comments?post=9644"}],"version-history":[{"count":0,"href":"https:\/\/www.africa-press.net\/burkina-faso\/wp-json\/wp\/v2\/posts\/9644\/revisions"}],"wp:featuredmedia":[{"embeddable":true,"href":"https:\/\/www.africa-press.net\/burkina-faso\/wp-json\/wp\/v2\/media\/9643"}],"wp:attachment":[{"href":"https:\/\/www.africa-press.net\/burkina-faso\/wp-json\/wp\/v2\/media?parent=9644"}],"wp:term":[{"taxonomy":"category","embeddable":true,"href":"https:\/\/www.africa-press.net\/burkina-faso\/wp-json\/wp\/v2\/categories?post=9644"},{"taxonomy":"post_tag","embeddable":true,"href":"https:\/\/www.africa-press.net\/burkina-faso\/wp-json\/wp\/v2\/tags?post=9644"}],"curies":[{"name":"wp","href":"https:\/\/api.w.org\/{rel}","templated":true}]}}