{"id":9647,"date":"2021-04-10T12:15:04","date_gmt":"2021-04-10T12:15:04","guid":{"rendered":"https:\/\/www.africa-press.net\/burkina-faso\/?p=9647"},"modified":"2021-04-10T11:13:03","modified_gmt":"2021-04-10T11:13:03","slug":"prevention-et-gestion-des-conflits-lassociation-iqra-outille-les-responsables-de-ses-cadres-de-dialogue","status":"publish","type":"post","link":"https:\/\/www.africa-press.net\/burkina-faso\/culture-et-art\/prevention-et-gestion-des-conflits-lassociation-iqra-outille-les-responsables-de-ses-cadres-de-dialogue","title":{"rendered":"Pr\u00e9vention et gestion des conflits : L\u2019association IQRA outille les responsables de ses cadres de dialogue"},"content":{"rendered":"<p><span style=\"color: #ff6600\"><strong><a href=\"https:\/\/www.africa-press.net\/\">Africa-Press<\/a> &#8211; <a href=\"https:\/\/www.africa-press.net\/burkina-faso\">Burkina Faso<\/a>. <\/strong><\/span><b>Dans le cadre de sa mission dans la mise en \u0153uvre du projet \u00ab Dialogue et changement social \u00bb, l\u2019association IQRA (qui signifie lire en langue arabe) tient du 9 au 10 avril 2021 \u00e0 Ouagadougou, un atelier de renforcement des capacit\u00e9s des responsables de ses cadres de dialogue et coh\u00e9sion sociale. Le but est de mieux outiller ces responsables de sorte qu\u2019ils puissent programmer des activit\u00e9s allant dans le cadre de la pr\u00e9vention et de la gestion des conflits. L\u2019ouverture a eu lieu, le vendredi 9 avril 2021, en pr\u00e9sence du repr\u00e9sentant de la directrice pays de Diakonia, Alexandre Ou\u00e9draogo.<\/b><\/p>\n<p>L\u2019association IQRA \u0153uvre dans la promotion de l\u2019\u00e9ducation en faveur des couches d\u00e9favoris\u00e9es de la population, en particulier les apprenants des foyers coraniques, les enfants en situation de rue et les femmes. Elle participe de ce fait, depuis 2018 avec un consortium d\u2019ONG, \u00e0 la mise en \u0153uvre du \u00ab projet d\u2019am\u00e9lioration de l\u2019inclusion sociale des apprenants des foyers coraniques par l\u2019\u00e9ducation et le dialogue, en abr\u00e9g\u00e9 \u2018\u2019Dialogue et changement social\u2019\u2019 \u00bb.<\/p>\n<p>Financ\u00e9 par l\u2019Union europ\u00e9enne, et avec pour partenaire technique l\u2019ONG Diakonia, ce projet a pour objectif de contribuer, \u00e0 travers l\u2019\u00e9ducation, \u00e0 l\u2019am\u00e9lioration des conditions de vie sociale et \u00e9conomique des jeunes filles et gar\u00e7ons en vue de r\u00e9duire les risques de radicalisation au Burkina Faso.<\/p>\n<p>Selon la coordinatrice d\u2019IQRA, Hawa Guira\/Bissiri, la mission de l\u2019association dans la mise en \u0153uvre du projet consistait \u00e0 cr\u00e9er des instances de dialogue fonctionnelles qui participent \u00e0 la sensibilisation des communaut\u00e9s et au suivi de l\u2019\u00e9ducation. Ce qui a \u00e9t\u00e9 fait. Un cadre de dialogue et de coh\u00e9sion sociale a \u00e9t\u00e9 mis en place par l\u2019association dans les quatre r\u00e9gions couvertes par le projet, \u00e0 savoir la Boucle du Mouhoun, les Hauts-Bassins, le Nord et le Sahel. Ces cadres r\u00e9pondent \u00e0 la question de la mobilisation des communaut\u00e9s dans la mise en \u0153uvre dudit projet. D\u2019o\u00f9 l\u2019initiative de cet atelier en faveur des responsables de ces cadres de dialogue.<\/p>\n<p>A en croire la coordinatrice, il leur permettra non seulement un renforcement de capacit\u00e9s en mati\u00e8re de pr\u00e9vention des conflits, mais aussi sera une opportunit\u00e9 pour eux de faire le bilan de leur plan d\u2019action et un partage d\u2019exp\u00e9riences. \u00ab Ces cadres sont constitu\u00e9s de diff\u00e9rentes composantes de la communaut\u00e9 pour mener la r\u00e9flexion sur l\u2019inclusion de ces personnes marginalis\u00e9es que sont les talib\u00e9s. Ils m\u00e8nent aussi des activit\u00e9s de sensibilisation de la communaut\u00e9 \u00bb, a d\u00e9clar\u00e9 Hawa Guira\/Bissiri. Elle pr\u00e9cise que l\u2019association m\u00e8ne aussi des activit\u00e9s g\u00e9n\u00e9ratrices de revenus (AGR) en vue d\u2019accroitre la r\u00e9silience de ces communaut\u00e9s.<\/p>\n<p>Il s\u2019agira donc pour les participants, au cours de ces 48 heures, de pr\u00e9senter le bilan des activit\u00e9s des diff\u00e9rents cadres ; de clarifier les diff\u00e9rents concepts cl\u00e9s de conflits, de paix ; d\u2019identifier et analyser des facteurs entravant la coh\u00e9sion sociale ainsi que les valeurs communes n\u00e9cessaires au vivre-ensemble.<\/p>\n<p><b>Des cadres de dialogue \u00e0 encourager<\/b><\/p>\n<p>Selon le repr\u00e9sentant de la directrice pays de Diakonia, Alexandre Ou\u00e9draogo, ces cadres de dialogue sont \u00e0 encourager en ce sens qu\u2019ils constituent des actions concr\u00e8tes sur le terrain favorisant l\u2019inclusion des personnes d\u00e9favoris\u00e9s. \u00ab Cet atelier est tr\u00e8s important, car qu\u2019il permettra \u00e0 ces personnes qui sont d\u00e9j\u00e0 sur le terrain de mieux orienter leurs actions pour un meilleur impact sur le terrain \u00bb, a-t-il soulign\u00e9. Pour lui, ce projet demande l\u2019implication de tout le monde vu qu\u2019il d\u00e9fend une cause nationale.<\/p>\n<p>Quant au choix des quatre r\u00e9gions, cela se justifie par le fait que ces derni\u00e8res ont beaucoup abrit\u00e9 les foyers coraniques ces derni\u00e8res ann\u00e9es. Ainsi, il fallait partir de l\u00e0 pour avoir un impact important \u00e0 travers la mise en place des AGR qui permettront aux foyers coraniques d\u2019avoir de la comp\u00e9tence, la qualification professionnelle afin d\u2019\u00eatre autonomes dans les jours \u00e0 venir. Pour l\u2019occasion, il a invit\u00e9 les participants \u00e0 de fructueux \u00e9changes pour l\u2019atteinte des objectifs du pr\u00e9sent projet qui, au-del\u00e0 de ses attentes, doit servir \u00e0 toutes les communaut\u00e9s \u00e0 la base qui connaissent aujourd\u2019hui des mouvements qui se voient \u00e0 travers les m\u00e9dias.<\/p>\n<p><b>Judith SANOU<br \/>\n<\/b><\/p>\n","protected":false},"excerpt":{"rendered":"<p>Africa-Press &#8211; Burkina Faso. Dans le cadre de sa mission dans la mise en \u0153uvre du projet \u00ab Dialogue et changement social \u00bb, l\u2019association IQRA (qui signifie lire en langue arabe) tient du 9 au 10 avril 2021 \u00e0 Ouagadougou, un atelier de renforcement des capacit\u00e9s des responsables de ses cadres de dialogue et coh\u00e9sion [&hellip;]<\/p>\n","protected":false},"author":82,"featured_media":9646,"comment_status":"open","ping_status":"closed","sticky":false,"template":"","format":"standard","meta":{"footnotes":""},"categories":[5,11,10],"tags":[111,725,29],"class_list":["post-9647","post","type-post","status-publish","format-standard","has-post-thumbnail","hentry","category-culture-et-art","category-homepage-french","category-toutes-les-actualites","tag-africa-press","tag-africa-press-burkina-faso","tag-burkina-faso"],"yoast_head":"<!-- This site is optimized with the Yoast SEO Premium plugin v26.1 (Yoast SEO v27.0) - https:\/\/yoast.com\/product\/yoast-seo-premium-wordpress\/ -->\n<title>Pr\u00e9vention et gestion des conflits : L\u2019association IQRA outille les responsables de ses cadres de dialogue - Burkina Faso<\/title>\n<meta name=\"description\" content=\"Dans le cadre de sa mission dans la mise en \u0153uvre du projet \u00ab Dialogue et changement social \u00bb, l\u2019association IQRA (qu ...\" \/>\n<meta name=\"robots\" content=\"index, follow, max-snippet:-1, max-image-preview:large, max-video-preview:-1\" \/>\n<link rel=\"canonical\" href=\"https:\/\/www.africa-press.net\/burkina-faso\/culture-et-art\/prevention-et-gestion-des-conflits-lassociation-iqra-outille-les-responsables-de-ses-cadres-de-dialogue\" \/>\n<meta property=\"og:locale\" content=\"fr_FR\" \/>\n<meta property=\"og:type\" content=\"article\" \/>\n<meta property=\"og:title\" content=\"Pr\u00e9vention et gestion des conflits : L\u2019association IQRA outille les responsables de ses cadres de dialogue\" \/>\n<meta property=\"og:description\" content=\"Dans le cadre de sa mission dans la mise en \u0153uvre du projet \u00ab Dialogue et changement social \u00bb, l\u2019association IQRA (qu ...\" \/>\n<meta property=\"og:url\" content=\"https:\/\/www.africa-press.net\/burkina-faso\/culture-et-art\/prevention-et-gestion-des-conflits-lassociation-iqra-outille-les-responsables-de-ses-cadres-de-dialogue\" \/>\n<meta property=\"og:site_name\" content=\"Burkina Faso\" \/>\n<meta property=\"article:published_time\" content=\"2021-04-10T12:15:04+00:00\" \/>\n<meta property=\"og:image\" content=\"https:\/\/static.africa-press.net\/burkina\/sites\/42\/2021\/04\/img-60717ddf441e0.jpg\" \/>\n\t<meta property=\"og:image:width\" content=\"720\" \/>\n\t<meta property=\"og:image:height\" content=\"413\" \/>\n\t<meta property=\"og:image:type\" content=\"image\/jpeg\" \/>\n<meta name=\"author\" content=\"cfeditorfr\" \/>\n<meta name=\"twitter:card\" content=\"summary_large_image\" \/>\n<meta name=\"twitter:label1\" content=\"\u00c9crit par\" \/>\n\t<meta name=\"twitter:data1\" content=\"cfeditorfr\" \/>\n\t<meta name=\"twitter:label2\" content=\"Dur\u00e9e de lecture estim\u00e9e\" \/>\n\t<meta name=\"twitter:data2\" content=\"4 minutes\" \/>\n<script type=\"application\/ld+json\" class=\"yoast-schema-graph\">{\"@context\":\"https:\/\/schema.org\",\"@graph\":[{\"@type\":\"Article\",\"@id\":\"https:\/\/www.africa-press.net\/burkina-faso\/culture-et-art\/prevention-et-gestion-des-conflits-lassociation-iqra-outille-les-responsables-de-ses-cadres-de-dialogue#article\",\"isPartOf\":{\"@id\":\"https:\/\/www.africa-press.net\/burkina-faso\/culture-et-art\/prevention-et-gestion-des-conflits-lassociation-iqra-outille-les-responsables-de-ses-cadres-de-dialogue\"},\"author\":{\"name\":\"cfeditorfr\",\"@id\":\"https:\/\/www.africa-press.net\/burkina-faso\/#\/schema\/person\/2b1cf3cd81a31e3cd26889ca66d677f1\"},\"headline\":\"Pr\u00e9vention et gestion des conflits : L\u2019association IQRA outille les responsables de ses cadres de dialogue\",\"datePublished\":\"2021-04-10T12:15:04+00:00\",\"mainEntityOfPage\":{\"@id\":\"https:\/\/www.africa-press.net\/burkina-faso\/culture-et-art\/prevention-et-gestion-des-conflits-lassociation-iqra-outille-les-responsables-de-ses-cadres-de-dialogue\"},\"wordCount\":764,\"commentCount\":0,\"image\":{\"@id\":\"https:\/\/www.africa-press.net\/burkina-faso\/culture-et-art\/prevention-et-gestion-des-conflits-lassociation-iqra-outille-les-responsables-de-ses-cadres-de-dialogue#primaryimage\"},\"thumbnailUrl\":\"https:\/\/static.africa-press.net\/burkina\/sites\/42\/2021\/04\/img-60717ddf441e0.jpg\",\"keywords\":[\"Africa Press\",\"Africa Press-Burkina Faso\",\"Burkina Faso\"],\"articleSection\":[\"Culture et Art\",\"homepage-french\",\"Toutes les actualit\u00e9s\"],\"inLanguage\":\"fr-FR\",\"potentialAction\":[{\"@type\":\"CommentAction\",\"name\":\"Comment\",\"target\":[\"https:\/\/www.africa-press.net\/burkina-faso\/culture-et-art\/prevention-et-gestion-des-conflits-lassociation-iqra-outille-les-responsables-de-ses-cadres-de-dialogue#respond\"]}]},{\"@type\":\"WebPage\",\"@id\":\"https:\/\/www.africa-press.net\/burkina-faso\/culture-et-art\/prevention-et-gestion-des-conflits-lassociation-iqra-outille-les-responsables-de-ses-cadres-de-dialogue\",\"url\":\"https:\/\/www.africa-press.net\/burkina-faso\/culture-et-art\/prevention-et-gestion-des-conflits-lassociation-iqra-outille-les-responsables-de-ses-cadres-de-dialogue\",\"name\":\"Pr\u00e9vention et gestion des conflits : L\u2019association IQRA outille les responsables de ses cadres de dialogue - Burkina Faso\",\"isPartOf\":{\"@id\":\"https:\/\/www.africa-press.net\/burkina-faso\/#website\"},\"primaryImageOfPage\":{\"@id\":\"https:\/\/www.africa-press.net\/burkina-faso\/culture-et-art\/prevention-et-gestion-des-conflits-lassociation-iqra-outille-les-responsables-de-ses-cadres-de-dialogue#primaryimage\"},\"image\":{\"@id\":\"https:\/\/www.africa-press.net\/burkina-faso\/culture-et-art\/prevention-et-gestion-des-conflits-lassociation-iqra-outille-les-responsables-de-ses-cadres-de-dialogue#primaryimage\"},\"thumbnailUrl\":\"https:\/\/static.africa-press.net\/burkina\/sites\/42\/2021\/04\/img-60717ddf441e0.jpg\",\"datePublished\":\"2021-04-10T12:15:04+00:00\",\"author\":{\"@id\":\"https:\/\/www.africa-press.net\/burkina-faso\/#\/schema\/person\/2b1cf3cd81a31e3cd26889ca66d677f1\"},\"description\":\"Dans le cadre de sa mission dans la mise en \u0153uvre du projet \u00ab Dialogue et changement social \u00bb, l\u2019association IQRA (qu ...\",\"breadcrumb\":{\"@id\":\"https:\/\/www.africa-press.net\/burkina-faso\/culture-et-art\/prevention-et-gestion-des-conflits-lassociation-iqra-outille-les-responsables-de-ses-cadres-de-dialogue#breadcrumb\"},\"inLanguage\":\"fr-FR\",\"potentialAction\":[{\"@type\":\"ReadAction\",\"target\":[\"https:\/\/www.africa-press.net\/burkina-faso\/culture-et-art\/prevention-et-gestion-des-conflits-lassociation-iqra-outille-les-responsables-de-ses-cadres-de-dialogue\"]}]},{\"@type\":\"ImageObject\",\"inLanguage\":\"fr-FR\",\"@id\":\"https:\/\/www.africa-press.net\/burkina-faso\/culture-et-art\/prevention-et-gestion-des-conflits-lassociation-iqra-outille-les-responsables-de-ses-cadres-de-dialogue#primaryimage\",\"url\":\"https:\/\/static.africa-press.net\/burkina\/sites\/42\/2021\/04\/img-60717ddf441e0.jpg\",\"contentUrl\":\"https:\/\/static.africa-press.net\/burkina\/sites\/42\/2021\/04\/img-60717ddf441e0.jpg\",\"width\":720,\"height\":413,\"caption\":\"Pr\u00e9vention et gestion des conflits : L\u2019association IQRA outille les responsables de ses cadres de dialogue\"},{\"@type\":\"BreadcrumbList\",\"@id\":\"https:\/\/www.africa-press.net\/burkina-faso\/culture-et-art\/prevention-et-gestion-des-conflits-lassociation-iqra-outille-les-responsables-de-ses-cadres-de-dialogue#breadcrumb\",\"itemListElement\":[{\"@type\":\"ListItem\",\"position\":1,\"name\":\"Accueil\",\"item\":\"https:\/\/www.africa-press.net\/burkina-faso\/\"},{\"@type\":\"ListItem\",\"position\":2,\"name\":\"Pr\u00e9vention et gestion des conflits : L\u2019association IQRA outille les responsables de ses cadres de dialogue\"}]},{\"@type\":\"WebSite\",\"@id\":\"https:\/\/www.africa-press.net\/burkina-faso\/#website\",\"url\":\"https:\/\/www.africa-press.net\/burkina-faso\/\",\"name\":\"Burkina Faso\",\"description\":\"Just another Africa News Agency Sites site\",\"potentialAction\":[{\"@type\":\"SearchAction\",\"target\":{\"@type\":\"EntryPoint\",\"urlTemplate\":\"https:\/\/www.africa-press.net\/burkina-faso\/?s={search_term_string}\"},\"query-input\":{\"@type\":\"PropertyValueSpecification\",\"valueRequired\":true,\"valueName\":\"search_term_string\"}}],\"inLanguage\":\"fr-FR\"},{\"@type\":\"Person\",\"@id\":\"https:\/\/www.africa-press.net\/burkina-faso\/#\/schema\/person\/2b1cf3cd81a31e3cd26889ca66d677f1\",\"name\":\"cfeditorfr\"}]}<\/script>\n<!-- \/ Yoast SEO Premium plugin. -->","yoast_head_json":{"title":"Pr\u00e9vention et gestion des conflits : L\u2019association IQRA outille les responsables de ses cadres de dialogue - Burkina Faso","description":"Dans le cadre de sa mission dans la mise en \u0153uvre du projet \u00ab Dialogue et changement social \u00bb, l\u2019association IQRA (qu ...","robots":{"index":"index","follow":"follow","max-snippet":"max-snippet:-1","max-image-preview":"max-image-preview:large","max-video-preview":"max-video-preview:-1"},"canonical":"https:\/\/www.africa-press.net\/burkina-faso\/culture-et-art\/prevention-et-gestion-des-conflits-lassociation-iqra-outille-les-responsables-de-ses-cadres-de-dialogue","og_locale":"fr_FR","og_type":"article","og_title":"Pr\u00e9vention et gestion des conflits : L\u2019association IQRA outille les responsables de ses cadres de dialogue","og_description":"Dans le cadre de sa mission dans la mise en \u0153uvre du projet \u00ab Dialogue et changement social \u00bb, l\u2019association IQRA (qu ...","og_url":"https:\/\/www.africa-press.net\/burkina-faso\/culture-et-art\/prevention-et-gestion-des-conflits-lassociation-iqra-outille-les-responsables-de-ses-cadres-de-dialogue","og_site_name":"Burkina Faso","article_published_time":"2021-04-10T12:15:04+00:00","og_image":[{"width":720,"height":413,"url":"https:\/\/static.africa-press.net\/burkina\/sites\/42\/2021\/04\/img-60717ddf441e0.jpg","type":"image\/jpeg"}],"author":"cfeditorfr","twitter_card":"summary_large_image","twitter_misc":{"\u00c9crit par":"cfeditorfr","Dur\u00e9e de lecture estim\u00e9e":"4 minutes"},"schema":{"@context":"https:\/\/schema.org","@graph":[{"@type":"Article","@id":"https:\/\/www.africa-press.net\/burkina-faso\/culture-et-art\/prevention-et-gestion-des-conflits-lassociation-iqra-outille-les-responsables-de-ses-cadres-de-dialogue#article","isPartOf":{"@id":"https:\/\/www.africa-press.net\/burkina-faso\/culture-et-art\/prevention-et-gestion-des-conflits-lassociation-iqra-outille-les-responsables-de-ses-cadres-de-dialogue"},"author":{"name":"cfeditorfr","@id":"https:\/\/www.africa-press.net\/burkina-faso\/#\/schema\/person\/2b1cf3cd81a31e3cd26889ca66d677f1"},"headline":"Pr\u00e9vention et gestion des conflits : L\u2019association IQRA outille les responsables de ses cadres de dialogue","datePublished":"2021-04-10T12:15:04+00:00","mainEntityOfPage":{"@id":"https:\/\/www.africa-press.net\/burkina-faso\/culture-et-art\/prevention-et-gestion-des-conflits-lassociation-iqra-outille-les-responsables-de-ses-cadres-de-dialogue"},"wordCount":764,"commentCount":0,"image":{"@id":"https:\/\/www.africa-press.net\/burkina-faso\/culture-et-art\/prevention-et-gestion-des-conflits-lassociation-iqra-outille-les-responsables-de-ses-cadres-de-dialogue#primaryimage"},"thumbnailUrl":"https:\/\/static.africa-press.net\/burkina\/sites\/42\/2021\/04\/img-60717ddf441e0.jpg","keywords":["Africa Press","Africa Press-Burkina Faso","Burkina Faso"],"articleSection":["Culture et Art","homepage-french","Toutes les actualit\u00e9s"],"inLanguage":"fr-FR","potentialAction":[{"@type":"CommentAction","name":"Comment","target":["https:\/\/www.africa-press.net\/burkina-faso\/culture-et-art\/prevention-et-gestion-des-conflits-lassociation-iqra-outille-les-responsables-de-ses-cadres-de-dialogue#respond"]}]},{"@type":"WebPage","@id":"https:\/\/www.africa-press.net\/burkina-faso\/culture-et-art\/prevention-et-gestion-des-conflits-lassociation-iqra-outille-les-responsables-de-ses-cadres-de-dialogue","url":"https:\/\/www.africa-press.net\/burkina-faso\/culture-et-art\/prevention-et-gestion-des-conflits-lassociation-iqra-outille-les-responsables-de-ses-cadres-de-dialogue","name":"Pr\u00e9vention et gestion des conflits : L\u2019association IQRA outille les responsables de ses cadres de dialogue - Burkina Faso","isPartOf":{"@id":"https:\/\/www.africa-press.net\/burkina-faso\/#website"},"primaryImageOfPage":{"@id":"https:\/\/www.africa-press.net\/burkina-faso\/culture-et-art\/prevention-et-gestion-des-conflits-lassociation-iqra-outille-les-responsables-de-ses-cadres-de-dialogue#primaryimage"},"image":{"@id":"https:\/\/www.africa-press.net\/burkina-faso\/culture-et-art\/prevention-et-gestion-des-conflits-lassociation-iqra-outille-les-responsables-de-ses-cadres-de-dialogue#primaryimage"},"thumbnailUrl":"https:\/\/static.africa-press.net\/burkina\/sites\/42\/2021\/04\/img-60717ddf441e0.jpg","datePublished":"2021-04-10T12:15:04+00:00","author":{"@id":"https:\/\/www.africa-press.net\/burkina-faso\/#\/schema\/person\/2b1cf3cd81a31e3cd26889ca66d677f1"},"description":"Dans le cadre de sa mission dans la mise en \u0153uvre du projet \u00ab Dialogue et changement social \u00bb, l\u2019association IQRA (qu ...","breadcrumb":{"@id":"https:\/\/www.africa-press.net\/burkina-faso\/culture-et-art\/prevention-et-gestion-des-conflits-lassociation-iqra-outille-les-responsables-de-ses-cadres-de-dialogue#breadcrumb"},"inLanguage":"fr-FR","potentialAction":[{"@type":"ReadAction","target":["https:\/\/www.africa-press.net\/burkina-faso\/culture-et-art\/prevention-et-gestion-des-conflits-lassociation-iqra-outille-les-responsables-de-ses-cadres-de-dialogue"]}]},{"@type":"ImageObject","inLanguage":"fr-FR","@id":"https:\/\/www.africa-press.net\/burkina-faso\/culture-et-art\/prevention-et-gestion-des-conflits-lassociation-iqra-outille-les-responsables-de-ses-cadres-de-dialogue#primaryimage","url":"https:\/\/static.africa-press.net\/burkina\/sites\/42\/2021\/04\/img-60717ddf441e0.jpg","contentUrl":"https:\/\/static.africa-press.net\/burkina\/sites\/42\/2021\/04\/img-60717ddf441e0.jpg","width":720,"height":413,"caption":"Pr\u00e9vention et gestion des conflits : L\u2019association IQRA outille les responsables de ses cadres de dialogue"},{"@type":"BreadcrumbList","@id":"https:\/\/www.africa-press.net\/burkina-faso\/culture-et-art\/prevention-et-gestion-des-conflits-lassociation-iqra-outille-les-responsables-de-ses-cadres-de-dialogue#breadcrumb","itemListElement":[{"@type":"ListItem","position":1,"name":"Accueil","item":"https:\/\/www.africa-press.net\/burkina-faso\/"},{"@type":"ListItem","position":2,"name":"Pr\u00e9vention et gestion des conflits : L\u2019association IQRA outille les responsables de ses cadres de dialogue"}]},{"@type":"WebSite","@id":"https:\/\/www.africa-press.net\/burkina-faso\/#website","url":"https:\/\/www.africa-press.net\/burkina-faso\/","name":"Burkina Faso","description":"Just another Africa News Agency Sites site","potentialAction":[{"@type":"SearchAction","target":{"@type":"EntryPoint","urlTemplate":"https:\/\/www.africa-press.net\/burkina-faso\/?s={search_term_string}"},"query-input":{"@type":"PropertyValueSpecification","valueRequired":true,"valueName":"search_term_string"}}],"inLanguage":"fr-FR"},{"@type":"Person","@id":"https:\/\/www.africa-press.net\/burkina-faso\/#\/schema\/person\/2b1cf3cd81a31e3cd26889ca66d677f1","name":"cfeditorfr"}]}},"_links":{"self":[{"href":"https:\/\/www.africa-press.net\/burkina-faso\/wp-json\/wp\/v2\/posts\/9647","targetHints":{"allow":["GET"]}}],"collection":[{"href":"https:\/\/www.africa-press.net\/burkina-faso\/wp-json\/wp\/v2\/posts"}],"about":[{"href":"https:\/\/www.africa-press.net\/burkina-faso\/wp-json\/wp\/v2\/types\/post"}],"author":[{"embeddable":true,"href":"https:\/\/www.africa-press.net\/burkina-faso\/wp-json\/wp\/v2\/users\/82"}],"replies":[{"embeddable":true,"href":"https:\/\/www.africa-press.net\/burkina-faso\/wp-json\/wp\/v2\/comments?post=9647"}],"version-history":[{"count":0,"href":"https:\/\/www.africa-press.net\/burkina-faso\/wp-json\/wp\/v2\/posts\/9647\/revisions"}],"wp:featuredmedia":[{"embeddable":true,"href":"https:\/\/www.africa-press.net\/burkina-faso\/wp-json\/wp\/v2\/media\/9646"}],"wp:attachment":[{"href":"https:\/\/www.africa-press.net\/burkina-faso\/wp-json\/wp\/v2\/media?parent=9647"}],"wp:term":[{"taxonomy":"category","embeddable":true,"href":"https:\/\/www.africa-press.net\/burkina-faso\/wp-json\/wp\/v2\/categories?post=9647"},{"taxonomy":"post_tag","embeddable":true,"href":"https:\/\/www.africa-press.net\/burkina-faso\/wp-json\/wp\/v2\/tags?post=9647"}],"curies":[{"name":"wp","href":"https:\/\/api.w.org\/{rel}","templated":true}]}}