{"id":9650,"date":"2021-04-10T12:24:51","date_gmt":"2021-04-10T12:24:51","guid":{"rendered":"https:\/\/www.africa-press.net\/burkina-faso\/?p=9650"},"modified":"2021-04-10T11:13:11","modified_gmt":"2021-04-10T11:13:11","slug":"palais-de-kosyam-le-president-de-la-commission-de-luemoa-au-bilan-chez-roch-kabore","status":"publish","type":"post","link":"https:\/\/www.africa-press.net\/burkina-faso\/politique\/palais-de-kosyam-le-president-de-la-commission-de-luemoa-au-bilan-chez-roch-kabore","title":{"rendered":"Palais de Kosyam : Le pr\u00e9sident de la commission de l&rsquo;UEMOA au bilan chez Roch Kabor\u00e9"},"content":{"rendered":"<p><span style=\"color: #ff6600\"><strong><a href=\"https:\/\/www.africa-press.net\/\">Africa-Press<\/a> &#8211; <a href=\"https:\/\/www.africa-press.net\/burkina-faso\">Burkina Faso<\/a>. <\/strong><\/span><b>Abdallah Boureima, pr\u00e9sident de la commission de l\u2019Union \u00e9conomique et mon\u00e9taire ouest-africaine (UEMOA), a \u00e9t\u00e9 re\u00e7u ce vendredi 9 avril 2021 par le chef de l\u2019\u00c9tat burkinab\u00e8. A sa sortie d\u2019audience, il a affirm\u00e9 \u00eatre venu non seulement f\u00e9liciter le pr\u00e9sident Kabor\u00e9 pour son \u00e9lection \u00e0 la t\u00eate de la conf\u00e9rence des chefs d\u2019\u00c9tat de l\u2019Union, mais aussi pour lui remettre le bilan de la feuille de route du coll\u00e8ge des commissaires.<\/b><\/p>\n<p>Le pr\u00e9sident du Faso, Roch Kabor\u00e9, a \u00e9t\u00e9 port\u00e9 \u00e0 la t\u00eate de l\u2019UEMOA par ses pairs le 25 mars 2021, lors du sommet des chefs d\u2019\u00c9tat et de gouvernement. C\u2019est pourquoi, Abdallah Boureima est venu, au nom des membres des organes de l\u2019Union, le f\u00e9liciter et lui assurer l\u2019accompagnement des organes de l\u2019Union pour cette mission qui lui a \u00e9t\u00e9 confi\u00e9e. Il n\u2019a pas manqu\u00e9 d\u2019exprimer ses remerciements et sa gratitude au pr\u00e9sident Kabor\u00e9 pour la confiance plac\u00e9e aux commissaires et surtout pour le soutien dont ils ont b\u00e9n\u00e9fici\u00e9 tout au long de leur mandat d\u00e9but\u00e9 en avril 2017 et qui s\u2019ach\u00e8ve en mai 2021.<\/p>\n<p>Et parce qu\u2019ils seront en fin de mandat, le coll\u00e8ge des commissaires de l\u2019UEMOA a \u00e9labor\u00e9 un document faisant le bilan de la feuille de route dress\u00e9e par la conf\u00e9rence des chefs d\u2019\u00c9tat. Avec sa d\u00e9l\u00e9gation, Abdallah Boureima a saisi l\u2019occasion de l\u2019audience pour remettre deux exemplaires du bilan de leurs activit\u00e9s au chef de l\u2019\u00c9tat, Roch Kabor\u00e9.<\/p>\n<p>Pour les ann\u00e9es \u00e0 venir, plusieurs d\u00e9fis se pr\u00e9sentent \u00e0 l\u2019Union selon le pr\u00e9sident de la commission de l\u2019UEMOA. Il s\u2019agit de la question s\u00e9curitaire, la lutte contre le coronavirus ainsi que la reprise de l\u2019activit\u00e9 \u00e9conomique, car la croissance \u00e9conomique est pass\u00e9e de 6 \u00e0 moins de 1% en 2020. \u00ab Sur tous ces sujets, la conf\u00e9rence des chefs d\u2019\u00c9tat r\u00e9unie le 25 mars a pris des d\u00e9cisions importantes notamment sur l\u2019harmonisation des conditions de circulation des citoyens de l\u2019Union dans l\u2019espace. Ces conditions sont actuellement difficiles en ce qui concerne la reconnaissance des tests (Covid-19) par les autres pays, les co\u00fbts de ces tests et la dur\u00e9e de validit\u00e9 en ce qui concerne le transport a\u00e9rien. Mais le plus important c\u2019est la r\u00e9ouverture prochaine des fronti\u00e8res terrestres qui concerne le monde entier \u00bb, a-t-il confi\u00e9.<\/p>\n<p>Le pr\u00e9sident du Faso trouve donc sur sa table, \u00e0 l\u2019entame de son mandat, des dossiers importants qu\u2019il va s\u2019atteler \u00e0 prendre en charge, en trouvant des solutions idoines avec ses pairs.<\/p>\n<p><b>Armelle Ouedraogo<br \/>\n<\/b><\/p>\n","protected":false},"excerpt":{"rendered":"<p>Africa-Press &#8211; Burkina Faso. Abdallah Boureima, pr\u00e9sident de la commission de l\u2019Union \u00e9conomique et mon\u00e9taire ouest-africaine (UEMOA), a \u00e9t\u00e9 re\u00e7u ce vendredi 9 avril 2021 par le chef de l\u2019\u00c9tat burkinab\u00e8. A sa sortie d\u2019audience, il a affirm\u00e9 \u00eatre venu non seulement f\u00e9liciter le pr\u00e9sident Kabor\u00e9 pour son \u00e9lection \u00e0 la t\u00eate de la conf\u00e9rence [&hellip;]<\/p>\n","protected":false},"author":82,"featured_media":9649,"comment_status":"open","ping_status":"closed","sticky":false,"template":"","format":"standard","meta":{"footnotes":""},"categories":[11,2,10],"tags":[111,725,29],"class_list":["post-9650","post","type-post","status-publish","format-standard","has-post-thumbnail","hentry","category-homepage-french","category-politique","category-toutes-les-actualites","tag-africa-press","tag-africa-press-burkina-faso","tag-burkina-faso"],"yoast_head":"<!-- This site is optimized with the Yoast SEO Premium plugin v26.1 (Yoast SEO v27.0) - https:\/\/yoast.com\/product\/yoast-seo-premium-wordpress\/ -->\n<title>Palais de Kosyam : Le pr\u00e9sident de la commission de l&#039;UEMOA au bilan chez Roch Kabor\u00e9 - Burkina Faso<\/title>\n<meta name=\"description\" content=\"Abdallah Boureima, pr\u00e9sident de la commission de l\u2019Union \u00e9conomique et mon\u00e9taire ouest-africaine (UEMOA), a \u00e9t\u00e9 re\u00e7u ...\" \/>\n<meta name=\"robots\" content=\"index, follow, max-snippet:-1, max-image-preview:large, max-video-preview:-1\" \/>\n<link rel=\"canonical\" href=\"https:\/\/www.africa-press.net\/burkina-faso\/politique\/palais-de-kosyam-le-president-de-la-commission-de-luemoa-au-bilan-chez-roch-kabore\" \/>\n<meta property=\"og:locale\" content=\"fr_FR\" \/>\n<meta property=\"og:type\" content=\"article\" \/>\n<meta property=\"og:title\" content=\"Palais de Kosyam : Le pr\u00e9sident de la commission de l&#039;UEMOA au bilan chez Roch Kabor\u00e9\" \/>\n<meta property=\"og:description\" content=\"Abdallah Boureima, pr\u00e9sident de la commission de l\u2019Union \u00e9conomique et mon\u00e9taire ouest-africaine (UEMOA), a \u00e9t\u00e9 re\u00e7u ...\" \/>\n<meta property=\"og:url\" content=\"https:\/\/www.africa-press.net\/burkina-faso\/politique\/palais-de-kosyam-le-president-de-la-commission-de-luemoa-au-bilan-chez-roch-kabore\" \/>\n<meta property=\"og:site_name\" content=\"Burkina Faso\" \/>\n<meta property=\"article:published_time\" content=\"2021-04-10T12:24:51+00:00\" \/>\n<meta property=\"og:image\" content=\"https:\/\/static.africa-press.net\/burkina\/sites\/42\/2021\/04\/img-60717e106e301.jpg\" \/>\n\t<meta property=\"og:image:width\" content=\"720\" \/>\n\t<meta property=\"og:image:height\" content=\"422\" \/>\n\t<meta property=\"og:image:type\" content=\"image\/jpeg\" \/>\n<meta name=\"author\" content=\"cfeditorfr\" \/>\n<meta name=\"twitter:card\" content=\"summary_large_image\" \/>\n<meta name=\"twitter:label1\" content=\"\u00c9crit par\" \/>\n\t<meta name=\"twitter:data1\" content=\"cfeditorfr\" \/>\n\t<meta name=\"twitter:label2\" content=\"Dur\u00e9e de lecture estim\u00e9e\" \/>\n\t<meta name=\"twitter:data2\" content=\"2 minutes\" \/>\n<script type=\"application\/ld+json\" class=\"yoast-schema-graph\">{\"@context\":\"https:\/\/schema.org\",\"@graph\":[{\"@type\":\"Article\",\"@id\":\"https:\/\/www.africa-press.net\/burkina-faso\/politique\/palais-de-kosyam-le-president-de-la-commission-de-luemoa-au-bilan-chez-roch-kabore#article\",\"isPartOf\":{\"@id\":\"https:\/\/www.africa-press.net\/burkina-faso\/politique\/palais-de-kosyam-le-president-de-la-commission-de-luemoa-au-bilan-chez-roch-kabore\"},\"author\":{\"name\":\"cfeditorfr\",\"@id\":\"https:\/\/www.africa-press.net\/burkina-faso\/#\/schema\/person\/2b1cf3cd81a31e3cd26889ca66d677f1\"},\"headline\":\"Palais de Kosyam : Le pr\u00e9sident de la commission de l&rsquo;UEMOA au bilan chez Roch Kabor\u00e9\",\"datePublished\":\"2021-04-10T12:24:51+00:00\",\"mainEntityOfPage\":{\"@id\":\"https:\/\/www.africa-press.net\/burkina-faso\/politique\/palais-de-kosyam-le-president-de-la-commission-de-luemoa-au-bilan-chez-roch-kabore\"},\"wordCount\":480,\"commentCount\":0,\"image\":{\"@id\":\"https:\/\/www.africa-press.net\/burkina-faso\/politique\/palais-de-kosyam-le-president-de-la-commission-de-luemoa-au-bilan-chez-roch-kabore#primaryimage\"},\"thumbnailUrl\":\"https:\/\/static.africa-press.net\/burkina\/sites\/42\/2021\/04\/img-60717e106e301.jpg\",\"keywords\":[\"Africa Press\",\"Africa Press-Burkina Faso\",\"Burkina Faso\"],\"articleSection\":[\"homepage-french\",\"Politique\",\"Toutes les actualit\u00e9s\"],\"inLanguage\":\"fr-FR\",\"potentialAction\":[{\"@type\":\"CommentAction\",\"name\":\"Comment\",\"target\":[\"https:\/\/www.africa-press.net\/burkina-faso\/politique\/palais-de-kosyam-le-president-de-la-commission-de-luemoa-au-bilan-chez-roch-kabore#respond\"]}]},{\"@type\":\"WebPage\",\"@id\":\"https:\/\/www.africa-press.net\/burkina-faso\/politique\/palais-de-kosyam-le-president-de-la-commission-de-luemoa-au-bilan-chez-roch-kabore\",\"url\":\"https:\/\/www.africa-press.net\/burkina-faso\/politique\/palais-de-kosyam-le-president-de-la-commission-de-luemoa-au-bilan-chez-roch-kabore\",\"name\":\"Palais de Kosyam : Le pr\u00e9sident de la commission de l'UEMOA au bilan chez Roch Kabor\u00e9 - Burkina Faso\",\"isPartOf\":{\"@id\":\"https:\/\/www.africa-press.net\/burkina-faso\/#website\"},\"primaryImageOfPage\":{\"@id\":\"https:\/\/www.africa-press.net\/burkina-faso\/politique\/palais-de-kosyam-le-president-de-la-commission-de-luemoa-au-bilan-chez-roch-kabore#primaryimage\"},\"image\":{\"@id\":\"https:\/\/www.africa-press.net\/burkina-faso\/politique\/palais-de-kosyam-le-president-de-la-commission-de-luemoa-au-bilan-chez-roch-kabore#primaryimage\"},\"thumbnailUrl\":\"https:\/\/static.africa-press.net\/burkina\/sites\/42\/2021\/04\/img-60717e106e301.jpg\",\"datePublished\":\"2021-04-10T12:24:51+00:00\",\"author\":{\"@id\":\"https:\/\/www.africa-press.net\/burkina-faso\/#\/schema\/person\/2b1cf3cd81a31e3cd26889ca66d677f1\"},\"description\":\"Abdallah Boureima, pr\u00e9sident de la commission de l\u2019Union \u00e9conomique et mon\u00e9taire ouest-africaine (UEMOA), a \u00e9t\u00e9 re\u00e7u ...\",\"breadcrumb\":{\"@id\":\"https:\/\/www.africa-press.net\/burkina-faso\/politique\/palais-de-kosyam-le-president-de-la-commission-de-luemoa-au-bilan-chez-roch-kabore#breadcrumb\"},\"inLanguage\":\"fr-FR\",\"potentialAction\":[{\"@type\":\"ReadAction\",\"target\":[\"https:\/\/www.africa-press.net\/burkina-faso\/politique\/palais-de-kosyam-le-president-de-la-commission-de-luemoa-au-bilan-chez-roch-kabore\"]}]},{\"@type\":\"ImageObject\",\"inLanguage\":\"fr-FR\",\"@id\":\"https:\/\/www.africa-press.net\/burkina-faso\/politique\/palais-de-kosyam-le-president-de-la-commission-de-luemoa-au-bilan-chez-roch-kabore#primaryimage\",\"url\":\"https:\/\/static.africa-press.net\/burkina\/sites\/42\/2021\/04\/img-60717e106e301.jpg\",\"contentUrl\":\"https:\/\/static.africa-press.net\/burkina\/sites\/42\/2021\/04\/img-60717e106e301.jpg\",\"width\":720,\"height\":422,\"caption\":\"Palais de Kosyam : Le pr\u00e9sident de la commission de l'UEMOA au bilan chez Roch Kabor\u00e9\"},{\"@type\":\"BreadcrumbList\",\"@id\":\"https:\/\/www.africa-press.net\/burkina-faso\/politique\/palais-de-kosyam-le-president-de-la-commission-de-luemoa-au-bilan-chez-roch-kabore#breadcrumb\",\"itemListElement\":[{\"@type\":\"ListItem\",\"position\":1,\"name\":\"Accueil\",\"item\":\"https:\/\/www.africa-press.net\/burkina-faso\/\"},{\"@type\":\"ListItem\",\"position\":2,\"name\":\"Palais de Kosyam : Le pr\u00e9sident de la commission de l&#8217;UEMOA au bilan chez Roch Kabor\u00e9\"}]},{\"@type\":\"WebSite\",\"@id\":\"https:\/\/www.africa-press.net\/burkina-faso\/#website\",\"url\":\"https:\/\/www.africa-press.net\/burkina-faso\/\",\"name\":\"Burkina Faso\",\"description\":\"Just another Africa News Agency Sites site\",\"potentialAction\":[{\"@type\":\"SearchAction\",\"target\":{\"@type\":\"EntryPoint\",\"urlTemplate\":\"https:\/\/www.africa-press.net\/burkina-faso\/?s={search_term_string}\"},\"query-input\":{\"@type\":\"PropertyValueSpecification\",\"valueRequired\":true,\"valueName\":\"search_term_string\"}}],\"inLanguage\":\"fr-FR\"},{\"@type\":\"Person\",\"@id\":\"https:\/\/www.africa-press.net\/burkina-faso\/#\/schema\/person\/2b1cf3cd81a31e3cd26889ca66d677f1\",\"name\":\"cfeditorfr\"}]}<\/script>\n<!-- \/ Yoast SEO Premium plugin. -->","yoast_head_json":{"title":"Palais de Kosyam : Le pr\u00e9sident de la commission de l'UEMOA au bilan chez Roch Kabor\u00e9 - Burkina Faso","description":"Abdallah Boureima, pr\u00e9sident de la commission de l\u2019Union \u00e9conomique et mon\u00e9taire ouest-africaine (UEMOA), a \u00e9t\u00e9 re\u00e7u ...","robots":{"index":"index","follow":"follow","max-snippet":"max-snippet:-1","max-image-preview":"max-image-preview:large","max-video-preview":"max-video-preview:-1"},"canonical":"https:\/\/www.africa-press.net\/burkina-faso\/politique\/palais-de-kosyam-le-president-de-la-commission-de-luemoa-au-bilan-chez-roch-kabore","og_locale":"fr_FR","og_type":"article","og_title":"Palais de Kosyam : Le pr\u00e9sident de la commission de l'UEMOA au bilan chez Roch Kabor\u00e9","og_description":"Abdallah Boureima, pr\u00e9sident de la commission de l\u2019Union \u00e9conomique et mon\u00e9taire ouest-africaine (UEMOA), a \u00e9t\u00e9 re\u00e7u ...","og_url":"https:\/\/www.africa-press.net\/burkina-faso\/politique\/palais-de-kosyam-le-president-de-la-commission-de-luemoa-au-bilan-chez-roch-kabore","og_site_name":"Burkina Faso","article_published_time":"2021-04-10T12:24:51+00:00","og_image":[{"width":720,"height":422,"url":"https:\/\/static.africa-press.net\/burkina\/sites\/42\/2021\/04\/img-60717e106e301.jpg","type":"image\/jpeg"}],"author":"cfeditorfr","twitter_card":"summary_large_image","twitter_misc":{"\u00c9crit par":"cfeditorfr","Dur\u00e9e de lecture estim\u00e9e":"2 minutes"},"schema":{"@context":"https:\/\/schema.org","@graph":[{"@type":"Article","@id":"https:\/\/www.africa-press.net\/burkina-faso\/politique\/palais-de-kosyam-le-president-de-la-commission-de-luemoa-au-bilan-chez-roch-kabore#article","isPartOf":{"@id":"https:\/\/www.africa-press.net\/burkina-faso\/politique\/palais-de-kosyam-le-president-de-la-commission-de-luemoa-au-bilan-chez-roch-kabore"},"author":{"name":"cfeditorfr","@id":"https:\/\/www.africa-press.net\/burkina-faso\/#\/schema\/person\/2b1cf3cd81a31e3cd26889ca66d677f1"},"headline":"Palais de Kosyam : Le pr\u00e9sident de la commission de l&rsquo;UEMOA au bilan chez Roch Kabor\u00e9","datePublished":"2021-04-10T12:24:51+00:00","mainEntityOfPage":{"@id":"https:\/\/www.africa-press.net\/burkina-faso\/politique\/palais-de-kosyam-le-president-de-la-commission-de-luemoa-au-bilan-chez-roch-kabore"},"wordCount":480,"commentCount":0,"image":{"@id":"https:\/\/www.africa-press.net\/burkina-faso\/politique\/palais-de-kosyam-le-president-de-la-commission-de-luemoa-au-bilan-chez-roch-kabore#primaryimage"},"thumbnailUrl":"https:\/\/static.africa-press.net\/burkina\/sites\/42\/2021\/04\/img-60717e106e301.jpg","keywords":["Africa Press","Africa Press-Burkina Faso","Burkina Faso"],"articleSection":["homepage-french","Politique","Toutes les actualit\u00e9s"],"inLanguage":"fr-FR","potentialAction":[{"@type":"CommentAction","name":"Comment","target":["https:\/\/www.africa-press.net\/burkina-faso\/politique\/palais-de-kosyam-le-president-de-la-commission-de-luemoa-au-bilan-chez-roch-kabore#respond"]}]},{"@type":"WebPage","@id":"https:\/\/www.africa-press.net\/burkina-faso\/politique\/palais-de-kosyam-le-president-de-la-commission-de-luemoa-au-bilan-chez-roch-kabore","url":"https:\/\/www.africa-press.net\/burkina-faso\/politique\/palais-de-kosyam-le-president-de-la-commission-de-luemoa-au-bilan-chez-roch-kabore","name":"Palais de Kosyam : Le pr\u00e9sident de la commission de l'UEMOA au bilan chez Roch Kabor\u00e9 - Burkina Faso","isPartOf":{"@id":"https:\/\/www.africa-press.net\/burkina-faso\/#website"},"primaryImageOfPage":{"@id":"https:\/\/www.africa-press.net\/burkina-faso\/politique\/palais-de-kosyam-le-president-de-la-commission-de-luemoa-au-bilan-chez-roch-kabore#primaryimage"},"image":{"@id":"https:\/\/www.africa-press.net\/burkina-faso\/politique\/palais-de-kosyam-le-president-de-la-commission-de-luemoa-au-bilan-chez-roch-kabore#primaryimage"},"thumbnailUrl":"https:\/\/static.africa-press.net\/burkina\/sites\/42\/2021\/04\/img-60717e106e301.jpg","datePublished":"2021-04-10T12:24:51+00:00","author":{"@id":"https:\/\/www.africa-press.net\/burkina-faso\/#\/schema\/person\/2b1cf3cd81a31e3cd26889ca66d677f1"},"description":"Abdallah Boureima, pr\u00e9sident de la commission de l\u2019Union \u00e9conomique et mon\u00e9taire ouest-africaine (UEMOA), a \u00e9t\u00e9 re\u00e7u ...","breadcrumb":{"@id":"https:\/\/www.africa-press.net\/burkina-faso\/politique\/palais-de-kosyam-le-president-de-la-commission-de-luemoa-au-bilan-chez-roch-kabore#breadcrumb"},"inLanguage":"fr-FR","potentialAction":[{"@type":"ReadAction","target":["https:\/\/www.africa-press.net\/burkina-faso\/politique\/palais-de-kosyam-le-president-de-la-commission-de-luemoa-au-bilan-chez-roch-kabore"]}]},{"@type":"ImageObject","inLanguage":"fr-FR","@id":"https:\/\/www.africa-press.net\/burkina-faso\/politique\/palais-de-kosyam-le-president-de-la-commission-de-luemoa-au-bilan-chez-roch-kabore#primaryimage","url":"https:\/\/static.africa-press.net\/burkina\/sites\/42\/2021\/04\/img-60717e106e301.jpg","contentUrl":"https:\/\/static.africa-press.net\/burkina\/sites\/42\/2021\/04\/img-60717e106e301.jpg","width":720,"height":422,"caption":"Palais de Kosyam : Le pr\u00e9sident de la commission de l'UEMOA au bilan chez Roch Kabor\u00e9"},{"@type":"BreadcrumbList","@id":"https:\/\/www.africa-press.net\/burkina-faso\/politique\/palais-de-kosyam-le-president-de-la-commission-de-luemoa-au-bilan-chez-roch-kabore#breadcrumb","itemListElement":[{"@type":"ListItem","position":1,"name":"Accueil","item":"https:\/\/www.africa-press.net\/burkina-faso\/"},{"@type":"ListItem","position":2,"name":"Palais de Kosyam : Le pr\u00e9sident de la commission de l&#8217;UEMOA au bilan chez Roch Kabor\u00e9"}]},{"@type":"WebSite","@id":"https:\/\/www.africa-press.net\/burkina-faso\/#website","url":"https:\/\/www.africa-press.net\/burkina-faso\/","name":"Burkina Faso","description":"Just another Africa News Agency Sites site","potentialAction":[{"@type":"SearchAction","target":{"@type":"EntryPoint","urlTemplate":"https:\/\/www.africa-press.net\/burkina-faso\/?s={search_term_string}"},"query-input":{"@type":"PropertyValueSpecification","valueRequired":true,"valueName":"search_term_string"}}],"inLanguage":"fr-FR"},{"@type":"Person","@id":"https:\/\/www.africa-press.net\/burkina-faso\/#\/schema\/person\/2b1cf3cd81a31e3cd26889ca66d677f1","name":"cfeditorfr"}]}},"_links":{"self":[{"href":"https:\/\/www.africa-press.net\/burkina-faso\/wp-json\/wp\/v2\/posts\/9650","targetHints":{"allow":["GET"]}}],"collection":[{"href":"https:\/\/www.africa-press.net\/burkina-faso\/wp-json\/wp\/v2\/posts"}],"about":[{"href":"https:\/\/www.africa-press.net\/burkina-faso\/wp-json\/wp\/v2\/types\/post"}],"author":[{"embeddable":true,"href":"https:\/\/www.africa-press.net\/burkina-faso\/wp-json\/wp\/v2\/users\/82"}],"replies":[{"embeddable":true,"href":"https:\/\/www.africa-press.net\/burkina-faso\/wp-json\/wp\/v2\/comments?post=9650"}],"version-history":[{"count":0,"href":"https:\/\/www.africa-press.net\/burkina-faso\/wp-json\/wp\/v2\/posts\/9650\/revisions"}],"wp:featuredmedia":[{"embeddable":true,"href":"https:\/\/www.africa-press.net\/burkina-faso\/wp-json\/wp\/v2\/media\/9649"}],"wp:attachment":[{"href":"https:\/\/www.africa-press.net\/burkina-faso\/wp-json\/wp\/v2\/media?parent=9650"}],"wp:term":[{"taxonomy":"category","embeddable":true,"href":"https:\/\/www.africa-press.net\/burkina-faso\/wp-json\/wp\/v2\/categories?post=9650"},{"taxonomy":"post_tag","embeddable":true,"href":"https:\/\/www.africa-press.net\/burkina-faso\/wp-json\/wp\/v2\/tags?post=9650"}],"curies":[{"name":"wp","href":"https:\/\/api.w.org\/{rel}","templated":true}]}}