{"id":9656,"date":"2021-04-10T12:37:27","date_gmt":"2021-04-10T12:37:27","guid":{"rendered":"https:\/\/www.africa-press.net\/burkina-faso\/?p=9656"},"modified":"2021-04-10T11:13:38","modified_gmt":"2021-04-10T11:13:38","slug":"6e-mandat-didriss-deby-un-collectif-de-jeunes-tchadiens-au-burkina-crie-haro","status":"publish","type":"post","link":"https:\/\/www.africa-press.net\/burkina-faso\/politique\/6e-mandat-didriss-deby-un-collectif-de-jeunes-tchadiens-au-burkina-crie-haro","title":{"rendered":"6e mandat d\u2019Idriss Deby : Un Collectif de jeunes tchadiens au Burkina crie haro"},"content":{"rendered":"<p><span style=\"color: #ff6600\"><strong><a href=\"https:\/\/www.africa-press.net\/\">Africa-Press<\/a> &#8211; <a href=\"https:\/\/www.africa-press.net\/burkina-faso\">Burkina Faso<\/a>. <\/strong><\/span><b>Le \u00ab Collectif de Tchadiens indign\u00e9s au Burkina \u00bb est visiblement contre le 6e mandat du Mar\u00e9chal du Tchad Idriss Deby. Les jeunes tchadiens sont mont\u00e9s au cr\u00e9neau ce vendredi 9 avril 2021 au si\u00e8ge du Balai citoyen \u00e0 Ouagadougou, pour dire non \u00e0 la candidature de \u00ab l\u2019homme fort \u00bb du Tchad. Ils pr\u00e9voient une marche le samedi 10 avril devant leur ambassade au Burkina.<\/b><\/p>\n<p>\u00ab Oui \u00e0 l\u2019alternance \u00bb, \u00ab Deby d\u00e9gage \u00bb, \u00ab Non au 6e mandat \u00bb, ce sont des slogans qu\u2019on pouvait lire le vendredi 9 avril 2021, au cours de la conf\u00e9rence de presse du \u00ab Collectif de Tchadiens indign\u00e9s \u00bb. Nzengar Masb\u00e9, Nadjito\u00efde Arnaud et Douswe Bagao ne sont pas all\u00e9s du dos de la cuill\u00e8re pour d\u00e9crier la gouvernance du pr\u00e9sident du Tchad.<\/p>\n<p>En effet, selon les conf\u00e9renciers du jour, sur le plan politique, apr\u00e8s 31 ans de r\u00e8gne, le r\u00e9gime de Deby a \u00ab cultiv\u00e9 la violence, la terreur, la peur, les assassinats, le m\u00e9pris et l\u2019arrogance \u00bb vis-\u00e0-vis de la population tchadienne. En course pour l\u2019\u00e9lection pr\u00e9sidentielle du 11 avril prochain, s\u2019il est r\u00e9\u00e9lu, il sera pr\u00e9sident jusqu\u2019en 2033 soit 43 ans de pouvoir. Car la nouvelle Constitution promulgu\u00e9e en 2018 lui permet de se repr\u00e9senter au terme de son mandat actuel en 2021 pour deux autres mandats cons\u00e9cutifs de six ans. Alors qu\u2019\u00e0 l\u2019entendement des conf\u00e9renciers du jour, \u00ab sous le long r\u00e8gne sans vision, le Tchad \u00e0 presque tout perdu en politique, sur le plan social et \u00e9conomique \u00bb,<\/p>\n<p>\u00ab La situation sociale est invivable. La vie est trop ch\u00e8re avec de maigres salaires abattus sous des gr\u00e8ves perl\u00e9es \u00bb, a d\u00e9plor\u00e9 Nzegar Masb\u00e9, membre du Collectif. D\u2019apr\u00e8s lui, le pr\u00e9sident Idriss Deby a travaill\u00e9 \u00e0 diviser les Tchadiens du nord au sud juste pour assoir son pouvoir, c\u2019est-\u00e0-dire diviser pour mieux r\u00e9gner.<br \/>\nAu plan \u00e9conomique, conform\u00e9ment \u00e0 la Banque mondiale, le nombre de personnes pauvres a augment\u00e9 de 4,7 millions en 2011 \u00e0 environs 6,5 millions en 2019. En plus, en 2018, ce sont 42% de la population qui vivaient en dessous du seuil de la pauvret\u00e9.<\/p>\n<p>C\u2019est ainsi que Nzengar Masb\u00e9 et ses camarades r\u00e9sument la situation \u00e9conomique du Tchad alors que le pays exploite le p\u00e9trole depuis pr\u00e8s de 20 ans.<br \/>\nFort de tout cela, \u00ab Deby doit partir et il partira \u00bb ; il est ind\u00e9niablement le foyer de toutes les pathologies du sous-d\u00e9veloppement du Tchad, foi du Collectif. \u00ab Notre libert\u00e9 naitra de notre courage \u00bb, ont lanc\u00e9 les jeunes tchadiens. Ils pr\u00e9voient d\u2019ailleurs une marche le samedi 10 avril 2021 devant l\u2019ambassade du Tchad au Burkina.<\/p>\n<p><b>\u00a0<\/b><\/p>\n","protected":false},"excerpt":{"rendered":"<p>Africa-Press &#8211; Burkina Faso. Le \u00ab Collectif de Tchadiens indign\u00e9s au Burkina \u00bb est visiblement contre le 6e mandat du Mar\u00e9chal du Tchad Idriss Deby. Les jeunes tchadiens sont mont\u00e9s au cr\u00e9neau ce vendredi 9 avril 2021 au si\u00e8ge du Balai citoyen \u00e0 Ouagadougou, pour dire non \u00e0 la candidature de \u00ab l\u2019homme fort \u00bb [&hellip;]<\/p>\n","protected":false},"author":82,"featured_media":9655,"comment_status":"open","ping_status":"closed","sticky":false,"template":"","format":"standard","meta":{"footnotes":""},"categories":[11,2,10],"tags":[111,725,29],"class_list":["post-9656","post","type-post","status-publish","format-standard","has-post-thumbnail","hentry","category-homepage-french","category-politique","category-toutes-les-actualites","tag-africa-press","tag-africa-press-burkina-faso","tag-burkina-faso"],"yoast_head":"<!-- This site is optimized with the Yoast SEO Premium plugin v26.1 (Yoast SEO v27.0) - https:\/\/yoast.com\/product\/yoast-seo-premium-wordpress\/ -->\n<title>6e mandat d\u2019Idriss Deby : Un Collectif de jeunes tchadiens au Burkina crie haro - Burkina Faso<\/title>\n<meta name=\"description\" content=\"Le \u00ab Collectif de Tchadiens indign\u00e9s au Burkina \u00bb est visiblement contre le 6e mandat du Mar\u00e9chal du Tchad Idriss Deb ...\" \/>\n<meta name=\"robots\" content=\"index, follow, max-snippet:-1, max-image-preview:large, max-video-preview:-1\" \/>\n<link rel=\"canonical\" href=\"https:\/\/www.africa-press.net\/burkina-faso\/politique\/6e-mandat-didriss-deby-un-collectif-de-jeunes-tchadiens-au-burkina-crie-haro\" \/>\n<meta property=\"og:locale\" content=\"fr_FR\" \/>\n<meta property=\"og:type\" content=\"article\" \/>\n<meta property=\"og:title\" content=\"6e mandat d\u2019Idriss Deby : Un Collectif de jeunes tchadiens au Burkina crie haro\" \/>\n<meta property=\"og:description\" content=\"Le \u00ab Collectif de Tchadiens indign\u00e9s au Burkina \u00bb est visiblement contre le 6e mandat du Mar\u00e9chal du Tchad Idriss Deb ...\" \/>\n<meta property=\"og:url\" content=\"https:\/\/www.africa-press.net\/burkina-faso\/politique\/6e-mandat-didriss-deby-un-collectif-de-jeunes-tchadiens-au-burkina-crie-haro\" \/>\n<meta property=\"og:site_name\" content=\"Burkina Faso\" \/>\n<meta property=\"article:published_time\" content=\"2021-04-10T12:37:27+00:00\" \/>\n<meta property=\"og:image\" content=\"https:\/\/static.africa-press.net\/burkina\/sites\/42\/2021\/04\/img-60717e7017e34.jpg\" \/>\n\t<meta property=\"og:image:width\" content=\"720\" \/>\n\t<meta property=\"og:image:height\" content=\"720\" \/>\n\t<meta property=\"og:image:type\" content=\"image\/jpeg\" \/>\n<meta name=\"author\" content=\"cfeditorfr\" \/>\n<meta name=\"twitter:card\" content=\"summary_large_image\" \/>\n<meta name=\"twitter:label1\" content=\"\u00c9crit par\" \/>\n\t<meta name=\"twitter:data1\" content=\"cfeditorfr\" \/>\n\t<meta name=\"twitter:label2\" content=\"Dur\u00e9e de lecture estim\u00e9e\" \/>\n\t<meta name=\"twitter:data2\" content=\"2 minutes\" \/>\n<script type=\"application\/ld+json\" class=\"yoast-schema-graph\">{\"@context\":\"https:\/\/schema.org\",\"@graph\":[{\"@type\":\"Article\",\"@id\":\"https:\/\/www.africa-press.net\/burkina-faso\/politique\/6e-mandat-didriss-deby-un-collectif-de-jeunes-tchadiens-au-burkina-crie-haro#article\",\"isPartOf\":{\"@id\":\"https:\/\/www.africa-press.net\/burkina-faso\/politique\/6e-mandat-didriss-deby-un-collectif-de-jeunes-tchadiens-au-burkina-crie-haro\"},\"author\":{\"name\":\"cfeditorfr\",\"@id\":\"https:\/\/www.africa-press.net\/burkina-faso\/#\/schema\/person\/2b1cf3cd81a31e3cd26889ca66d677f1\"},\"headline\":\"6e mandat d\u2019Idriss Deby : Un Collectif de jeunes tchadiens au Burkina crie haro\",\"datePublished\":\"2021-04-10T12:37:27+00:00\",\"mainEntityOfPage\":{\"@id\":\"https:\/\/www.africa-press.net\/burkina-faso\/politique\/6e-mandat-didriss-deby-un-collectif-de-jeunes-tchadiens-au-burkina-crie-haro\"},\"wordCount\":458,\"commentCount\":0,\"image\":{\"@id\":\"https:\/\/www.africa-press.net\/burkina-faso\/politique\/6e-mandat-didriss-deby-un-collectif-de-jeunes-tchadiens-au-burkina-crie-haro#primaryimage\"},\"thumbnailUrl\":\"https:\/\/static.africa-press.net\/burkina\/sites\/42\/2021\/04\/img-60717e7017e34.jpg\",\"keywords\":[\"Africa Press\",\"Africa Press-Burkina Faso\",\"Burkina Faso\"],\"articleSection\":[\"homepage-french\",\"Politique\",\"Toutes les actualit\u00e9s\"],\"inLanguage\":\"fr-FR\",\"potentialAction\":[{\"@type\":\"CommentAction\",\"name\":\"Comment\",\"target\":[\"https:\/\/www.africa-press.net\/burkina-faso\/politique\/6e-mandat-didriss-deby-un-collectif-de-jeunes-tchadiens-au-burkina-crie-haro#respond\"]}]},{\"@type\":\"WebPage\",\"@id\":\"https:\/\/www.africa-press.net\/burkina-faso\/politique\/6e-mandat-didriss-deby-un-collectif-de-jeunes-tchadiens-au-burkina-crie-haro\",\"url\":\"https:\/\/www.africa-press.net\/burkina-faso\/politique\/6e-mandat-didriss-deby-un-collectif-de-jeunes-tchadiens-au-burkina-crie-haro\",\"name\":\"6e mandat d\u2019Idriss Deby : Un Collectif de jeunes tchadiens au Burkina crie haro - Burkina Faso\",\"isPartOf\":{\"@id\":\"https:\/\/www.africa-press.net\/burkina-faso\/#website\"},\"primaryImageOfPage\":{\"@id\":\"https:\/\/www.africa-press.net\/burkina-faso\/politique\/6e-mandat-didriss-deby-un-collectif-de-jeunes-tchadiens-au-burkina-crie-haro#primaryimage\"},\"image\":{\"@id\":\"https:\/\/www.africa-press.net\/burkina-faso\/politique\/6e-mandat-didriss-deby-un-collectif-de-jeunes-tchadiens-au-burkina-crie-haro#primaryimage\"},\"thumbnailUrl\":\"https:\/\/static.africa-press.net\/burkina\/sites\/42\/2021\/04\/img-60717e7017e34.jpg\",\"datePublished\":\"2021-04-10T12:37:27+00:00\",\"author\":{\"@id\":\"https:\/\/www.africa-press.net\/burkina-faso\/#\/schema\/person\/2b1cf3cd81a31e3cd26889ca66d677f1\"},\"description\":\"Le \u00ab Collectif de Tchadiens indign\u00e9s au Burkina \u00bb est visiblement contre le 6e mandat du Mar\u00e9chal du Tchad Idriss Deb ...\",\"breadcrumb\":{\"@id\":\"https:\/\/www.africa-press.net\/burkina-faso\/politique\/6e-mandat-didriss-deby-un-collectif-de-jeunes-tchadiens-au-burkina-crie-haro#breadcrumb\"},\"inLanguage\":\"fr-FR\",\"potentialAction\":[{\"@type\":\"ReadAction\",\"target\":[\"https:\/\/www.africa-press.net\/burkina-faso\/politique\/6e-mandat-didriss-deby-un-collectif-de-jeunes-tchadiens-au-burkina-crie-haro\"]}]},{\"@type\":\"ImageObject\",\"inLanguage\":\"fr-FR\",\"@id\":\"https:\/\/www.africa-press.net\/burkina-faso\/politique\/6e-mandat-didriss-deby-un-collectif-de-jeunes-tchadiens-au-burkina-crie-haro#primaryimage\",\"url\":\"https:\/\/static.africa-press.net\/burkina\/sites\/42\/2021\/04\/img-60717e7017e34.jpg\",\"contentUrl\":\"https:\/\/static.africa-press.net\/burkina\/sites\/42\/2021\/04\/img-60717e7017e34.jpg\",\"width\":720,\"height\":720,\"caption\":\"6e mandat d\u2019Idriss Deby : Un Collectif de jeunes tchadiens au Burkina crie haro\"},{\"@type\":\"BreadcrumbList\",\"@id\":\"https:\/\/www.africa-press.net\/burkina-faso\/politique\/6e-mandat-didriss-deby-un-collectif-de-jeunes-tchadiens-au-burkina-crie-haro#breadcrumb\",\"itemListElement\":[{\"@type\":\"ListItem\",\"position\":1,\"name\":\"Accueil\",\"item\":\"https:\/\/www.africa-press.net\/burkina-faso\/\"},{\"@type\":\"ListItem\",\"position\":2,\"name\":\"6e mandat d\u2019Idriss Deby : Un Collectif de jeunes tchadiens au Burkina crie haro\"}]},{\"@type\":\"WebSite\",\"@id\":\"https:\/\/www.africa-press.net\/burkina-faso\/#website\",\"url\":\"https:\/\/www.africa-press.net\/burkina-faso\/\",\"name\":\"Burkina Faso\",\"description\":\"Just another Africa News Agency Sites site\",\"potentialAction\":[{\"@type\":\"SearchAction\",\"target\":{\"@type\":\"EntryPoint\",\"urlTemplate\":\"https:\/\/www.africa-press.net\/burkina-faso\/?s={search_term_string}\"},\"query-input\":{\"@type\":\"PropertyValueSpecification\",\"valueRequired\":true,\"valueName\":\"search_term_string\"}}],\"inLanguage\":\"fr-FR\"},{\"@type\":\"Person\",\"@id\":\"https:\/\/www.africa-press.net\/burkina-faso\/#\/schema\/person\/2b1cf3cd81a31e3cd26889ca66d677f1\",\"name\":\"cfeditorfr\"}]}<\/script>\n<!-- \/ Yoast SEO Premium plugin. -->","yoast_head_json":{"title":"6e mandat d\u2019Idriss Deby : Un Collectif de jeunes tchadiens au Burkina crie haro - Burkina Faso","description":"Le \u00ab Collectif de Tchadiens indign\u00e9s au Burkina \u00bb est visiblement contre le 6e mandat du Mar\u00e9chal du Tchad Idriss Deb ...","robots":{"index":"index","follow":"follow","max-snippet":"max-snippet:-1","max-image-preview":"max-image-preview:large","max-video-preview":"max-video-preview:-1"},"canonical":"https:\/\/www.africa-press.net\/burkina-faso\/politique\/6e-mandat-didriss-deby-un-collectif-de-jeunes-tchadiens-au-burkina-crie-haro","og_locale":"fr_FR","og_type":"article","og_title":"6e mandat d\u2019Idriss Deby : Un Collectif de jeunes tchadiens au Burkina crie haro","og_description":"Le \u00ab Collectif de Tchadiens indign\u00e9s au Burkina \u00bb est visiblement contre le 6e mandat du Mar\u00e9chal du Tchad Idriss Deb ...","og_url":"https:\/\/www.africa-press.net\/burkina-faso\/politique\/6e-mandat-didriss-deby-un-collectif-de-jeunes-tchadiens-au-burkina-crie-haro","og_site_name":"Burkina Faso","article_published_time":"2021-04-10T12:37:27+00:00","og_image":[{"width":720,"height":720,"url":"https:\/\/static.africa-press.net\/burkina\/sites\/42\/2021\/04\/img-60717e7017e34.jpg","type":"image\/jpeg"}],"author":"cfeditorfr","twitter_card":"summary_large_image","twitter_misc":{"\u00c9crit par":"cfeditorfr","Dur\u00e9e de lecture estim\u00e9e":"2 minutes"},"schema":{"@context":"https:\/\/schema.org","@graph":[{"@type":"Article","@id":"https:\/\/www.africa-press.net\/burkina-faso\/politique\/6e-mandat-didriss-deby-un-collectif-de-jeunes-tchadiens-au-burkina-crie-haro#article","isPartOf":{"@id":"https:\/\/www.africa-press.net\/burkina-faso\/politique\/6e-mandat-didriss-deby-un-collectif-de-jeunes-tchadiens-au-burkina-crie-haro"},"author":{"name":"cfeditorfr","@id":"https:\/\/www.africa-press.net\/burkina-faso\/#\/schema\/person\/2b1cf3cd81a31e3cd26889ca66d677f1"},"headline":"6e mandat d\u2019Idriss Deby : Un Collectif de jeunes tchadiens au Burkina crie haro","datePublished":"2021-04-10T12:37:27+00:00","mainEntityOfPage":{"@id":"https:\/\/www.africa-press.net\/burkina-faso\/politique\/6e-mandat-didriss-deby-un-collectif-de-jeunes-tchadiens-au-burkina-crie-haro"},"wordCount":458,"commentCount":0,"image":{"@id":"https:\/\/www.africa-press.net\/burkina-faso\/politique\/6e-mandat-didriss-deby-un-collectif-de-jeunes-tchadiens-au-burkina-crie-haro#primaryimage"},"thumbnailUrl":"https:\/\/static.africa-press.net\/burkina\/sites\/42\/2021\/04\/img-60717e7017e34.jpg","keywords":["Africa Press","Africa Press-Burkina Faso","Burkina Faso"],"articleSection":["homepage-french","Politique","Toutes les actualit\u00e9s"],"inLanguage":"fr-FR","potentialAction":[{"@type":"CommentAction","name":"Comment","target":["https:\/\/www.africa-press.net\/burkina-faso\/politique\/6e-mandat-didriss-deby-un-collectif-de-jeunes-tchadiens-au-burkina-crie-haro#respond"]}]},{"@type":"WebPage","@id":"https:\/\/www.africa-press.net\/burkina-faso\/politique\/6e-mandat-didriss-deby-un-collectif-de-jeunes-tchadiens-au-burkina-crie-haro","url":"https:\/\/www.africa-press.net\/burkina-faso\/politique\/6e-mandat-didriss-deby-un-collectif-de-jeunes-tchadiens-au-burkina-crie-haro","name":"6e mandat d\u2019Idriss Deby : Un Collectif de jeunes tchadiens au Burkina crie haro - Burkina Faso","isPartOf":{"@id":"https:\/\/www.africa-press.net\/burkina-faso\/#website"},"primaryImageOfPage":{"@id":"https:\/\/www.africa-press.net\/burkina-faso\/politique\/6e-mandat-didriss-deby-un-collectif-de-jeunes-tchadiens-au-burkina-crie-haro#primaryimage"},"image":{"@id":"https:\/\/www.africa-press.net\/burkina-faso\/politique\/6e-mandat-didriss-deby-un-collectif-de-jeunes-tchadiens-au-burkina-crie-haro#primaryimage"},"thumbnailUrl":"https:\/\/static.africa-press.net\/burkina\/sites\/42\/2021\/04\/img-60717e7017e34.jpg","datePublished":"2021-04-10T12:37:27+00:00","author":{"@id":"https:\/\/www.africa-press.net\/burkina-faso\/#\/schema\/person\/2b1cf3cd81a31e3cd26889ca66d677f1"},"description":"Le \u00ab Collectif de Tchadiens indign\u00e9s au Burkina \u00bb est visiblement contre le 6e mandat du Mar\u00e9chal du Tchad Idriss Deb ...","breadcrumb":{"@id":"https:\/\/www.africa-press.net\/burkina-faso\/politique\/6e-mandat-didriss-deby-un-collectif-de-jeunes-tchadiens-au-burkina-crie-haro#breadcrumb"},"inLanguage":"fr-FR","potentialAction":[{"@type":"ReadAction","target":["https:\/\/www.africa-press.net\/burkina-faso\/politique\/6e-mandat-didriss-deby-un-collectif-de-jeunes-tchadiens-au-burkina-crie-haro"]}]},{"@type":"ImageObject","inLanguage":"fr-FR","@id":"https:\/\/www.africa-press.net\/burkina-faso\/politique\/6e-mandat-didriss-deby-un-collectif-de-jeunes-tchadiens-au-burkina-crie-haro#primaryimage","url":"https:\/\/static.africa-press.net\/burkina\/sites\/42\/2021\/04\/img-60717e7017e34.jpg","contentUrl":"https:\/\/static.africa-press.net\/burkina\/sites\/42\/2021\/04\/img-60717e7017e34.jpg","width":720,"height":720,"caption":"6e mandat d\u2019Idriss Deby : Un Collectif de jeunes tchadiens au Burkina crie haro"},{"@type":"BreadcrumbList","@id":"https:\/\/www.africa-press.net\/burkina-faso\/politique\/6e-mandat-didriss-deby-un-collectif-de-jeunes-tchadiens-au-burkina-crie-haro#breadcrumb","itemListElement":[{"@type":"ListItem","position":1,"name":"Accueil","item":"https:\/\/www.africa-press.net\/burkina-faso\/"},{"@type":"ListItem","position":2,"name":"6e mandat d\u2019Idriss Deby : Un Collectif de jeunes tchadiens au Burkina crie haro"}]},{"@type":"WebSite","@id":"https:\/\/www.africa-press.net\/burkina-faso\/#website","url":"https:\/\/www.africa-press.net\/burkina-faso\/","name":"Burkina Faso","description":"Just another Africa News Agency Sites site","potentialAction":[{"@type":"SearchAction","target":{"@type":"EntryPoint","urlTemplate":"https:\/\/www.africa-press.net\/burkina-faso\/?s={search_term_string}"},"query-input":{"@type":"PropertyValueSpecification","valueRequired":true,"valueName":"search_term_string"}}],"inLanguage":"fr-FR"},{"@type":"Person","@id":"https:\/\/www.africa-press.net\/burkina-faso\/#\/schema\/person\/2b1cf3cd81a31e3cd26889ca66d677f1","name":"cfeditorfr"}]}},"_links":{"self":[{"href":"https:\/\/www.africa-press.net\/burkina-faso\/wp-json\/wp\/v2\/posts\/9656","targetHints":{"allow":["GET"]}}],"collection":[{"href":"https:\/\/www.africa-press.net\/burkina-faso\/wp-json\/wp\/v2\/posts"}],"about":[{"href":"https:\/\/www.africa-press.net\/burkina-faso\/wp-json\/wp\/v2\/types\/post"}],"author":[{"embeddable":true,"href":"https:\/\/www.africa-press.net\/burkina-faso\/wp-json\/wp\/v2\/users\/82"}],"replies":[{"embeddable":true,"href":"https:\/\/www.africa-press.net\/burkina-faso\/wp-json\/wp\/v2\/comments?post=9656"}],"version-history":[{"count":0,"href":"https:\/\/www.africa-press.net\/burkina-faso\/wp-json\/wp\/v2\/posts\/9656\/revisions"}],"wp:featuredmedia":[{"embeddable":true,"href":"https:\/\/www.africa-press.net\/burkina-faso\/wp-json\/wp\/v2\/media\/9655"}],"wp:attachment":[{"href":"https:\/\/www.africa-press.net\/burkina-faso\/wp-json\/wp\/v2\/media?parent=9656"}],"wp:term":[{"taxonomy":"category","embeddable":true,"href":"https:\/\/www.africa-press.net\/burkina-faso\/wp-json\/wp\/v2\/categories?post=9656"},{"taxonomy":"post_tag","embeddable":true,"href":"https:\/\/www.africa-press.net\/burkina-faso\/wp-json\/wp\/v2\/tags?post=9656"}],"curies":[{"name":"wp","href":"https:\/\/api.w.org\/{rel}","templated":true}]}}