{"id":9659,"date":"2021-04-10T12:46:13","date_gmt":"2021-04-10T12:46:13","guid":{"rendered":"https:\/\/www.africa-press.net\/burkina-faso\/?p=9659"},"modified":"2021-04-10T11:13:48","modified_gmt":"2021-04-10T11:13:48","slug":"vie-politique-la-jeunesse-du-mpp-en-rangs-serres-pour-la-mise-en-oeuvre-du-programme-de-roch-kabore","status":"publish","type":"post","link":"https:\/\/www.africa-press.net\/burkina-faso\/politique\/vie-politique-la-jeunesse-du-mpp-en-rangs-serres-pour-la-mise-en-oeuvre-du-programme-de-roch-kabore","title":{"rendered":"Vie politique : La jeunesse du MPP en rangs serr\u00e9s pour la mise en \u0153uvre du programme de Roch Kabor\u00e9"},"content":{"rendered":"<p><span style=\"color: #ff6600\"><strong><a href=\"https:\/\/www.africa-press.net\/\">Africa-Press<\/a> &#8211; <a href=\"https:\/\/www.africa-press.net\/burkina-faso\">Burkina Faso<\/a>. <\/strong><\/span><b>Les jeunes du Mouvement du peuple pour le progr\u00e8s (MPP, parti au pouvoir) sont \u00e0 l\u2019heure du bilan des \u00e9lections de novembre 2020 et des perspectives d\u2019accompagnement de la mise en \u0153uvre de leur candidat r\u00e9\u00e9lu, le pr\u00e9sident Roch Kabor\u00e9. Pour cela, le premier responsable de cette frange sociale militante du parti, Dr Bachir Isma\u00ebl Ou\u00e9draogo, a sonn\u00e9 la mobilisation autour d\u2019un forum national qui se tient les 9 et 10 avril 2021 \u00e0 Ouagadougou, et dont l\u2019ouverture des travaux est intervenue dans la soir\u00e9e de ce vendredi 9 avril.<\/b><\/p>\n<p>Ces jeunes, militants, sont venus des 45 provinces pour prendre part \u00e0 cette assise nationale du parti, premier du genre pour cette frange sociale militante. Occasion donc pour saluer une \u00ab\u00a0jeunesse dynamique et intr\u00e9pide, qui a contribu\u00e9 \u00e0 l\u2019insurrection populaire, \u00e0 la r\u00e9sistance au coup d\u2019\u00c9tat et \u0153uvr\u00e9 pour les victoires aux \u00e9lections pr\u00e9sidentielle et l\u00e9gislatives de 2015, aux municipales de mai 2016 et qui a rebelot\u00e9 \u00e0 travers le scrutin coupl\u00e9 (pr\u00e9sidentiel et l\u00e9gislatif) du 22 novembre 2020\u00a0\u00bb.<\/p>\n<p>Dr Bachir Isma\u00ebl Ou\u00e9draogo, secr\u00e9taire national charg\u00e9 des jeunes du MPP, a salu\u00e9 la mobilisation d\u2019une jeunesse techniquement comp\u00e9tente et politiquement consciente. \u00ab\u00a0Lors de la campagne, les jeunes se sont mobilis\u00e9s fortement sur tous les terrains pour une r\u00e9\u00e9lection brillante du candidat du parti (<br \/>\n57,74% contre 53,46 en 2015, ndlr) et une position confortable \u00e0 l\u2019Assembl\u00e9e nationale (56 d\u00e9put\u00e9s contre 55 en 2015, ndlr. (&#8230;). Nous sommes fiers\u00a0\u00bb, a-t-il clam\u00e9, remerciant tous les premiers responsables du parti d\u2019\u00eatre \u00e0 leurs c\u00f4t\u00e9s.<\/p>\n<p>Ministre en charge de l\u2019\u00e9nergie et des mines, Dr Bachir Isma\u00ebl Ou\u00e9draogo a, ici, ouvert une parenth\u00e8se pour magnifier l\u2019esprit de maturit\u00e9 qui a anim\u00e9 l\u2019ensemble du peuple burkinab\u00e9 lors de ces joutes, permettant ainsi des scrutins apais\u00e9s et, partant, de consolider la d\u00e9mocratie.<\/p>\n<p>Pour lui, la victoire du 22 novembre 2020 pour le parti est une \u00e9tape et une autre, capitale, reste l\u2019accompagnement de la mise en oeuvre du programme quinquennal du candidat r\u00e9\u00e9lu, Roch Kabor\u00e9. D\u2019o\u00f9 le choix du th\u00e8me : \u00ab R\u00e9formes politiques et institutionnelles : quelle contribution de la jeunesse du MPP ? \u00bb.<br \/>\nPar des travaux en commissions, les participants m\u00e8neront des r\u00e9flexions assorties de recommandations et de r\u00e9solutions.<\/p>\n<p>Selon le vice-pr\u00e9sident du parti, charg\u00e9 des relations avec les partis politiques et des alliances au niveau national, Cl\u00e9ment Sawadogo, qui a pr\u00e9sid\u00e9 la c\u00e9r\u00e9monie d\u2019ouverture des travaux, le MPP a un d\u00e9fi important \u00e0 relever au cours de ce mandat (2020-2025), qui est celui de faire comprendre que m\u00eame si Roch Kabor\u00e9, Simon Compaor\u00e9 (pr\u00e9sident du parti), Cl\u00e9ment Sawadogo&#8230;ne sont pas l\u00e0, le parti tient la route.<\/p>\n<p><b>\u00a0<\/b><\/p>\n","protected":false},"excerpt":{"rendered":"<p>Africa-Press &#8211; Burkina Faso. Les jeunes du Mouvement du peuple pour le progr\u00e8s (MPP, parti au pouvoir) sont \u00e0 l\u2019heure du bilan des \u00e9lections de novembre 2020 et des perspectives d\u2019accompagnement de la mise en \u0153uvre de leur candidat r\u00e9\u00e9lu, le pr\u00e9sident Roch Kabor\u00e9. Pour cela, le premier responsable de cette frange sociale militante du [&hellip;]<\/p>\n","protected":false},"author":82,"featured_media":9658,"comment_status":"open","ping_status":"closed","sticky":false,"template":"","format":"standard","meta":{"footnotes":""},"categories":[11,2,10],"tags":[111,725,29],"class_list":["post-9659","post","type-post","status-publish","format-standard","has-post-thumbnail","hentry","category-homepage-french","category-politique","category-toutes-les-actualites","tag-africa-press","tag-africa-press-burkina-faso","tag-burkina-faso"],"yoast_head":"<!-- This site is optimized with the Yoast SEO Premium plugin v26.1 (Yoast SEO v27.0) - https:\/\/yoast.com\/product\/yoast-seo-premium-wordpress\/ -->\n<title>Vie politique : La jeunesse du MPP en rangs serr\u00e9s pour la mise en \u0153uvre du programme de Roch Kabor\u00e9 - Burkina Faso<\/title>\n<meta name=\"description\" content=\"Les jeunes du Mouvement du peuple pour le progr\u00e8s (MPP, parti au pouvoir) sont \u00e0 l\u2019heure du bilan des \u00e9lections de no ...\" \/>\n<meta name=\"robots\" content=\"index, follow, max-snippet:-1, max-image-preview:large, max-video-preview:-1\" \/>\n<link rel=\"canonical\" href=\"https:\/\/www.africa-press.net\/burkina-faso\/politique\/vie-politique-la-jeunesse-du-mpp-en-rangs-serres-pour-la-mise-en-oeuvre-du-programme-de-roch-kabore\" \/>\n<meta property=\"og:locale\" content=\"fr_FR\" \/>\n<meta property=\"og:type\" content=\"article\" \/>\n<meta property=\"og:title\" content=\"Vie politique : La jeunesse du MPP en rangs serr\u00e9s pour la mise en \u0153uvre du programme de Roch Kabor\u00e9\" \/>\n<meta property=\"og:description\" content=\"Les jeunes du Mouvement du peuple pour le progr\u00e8s (MPP, parti au pouvoir) sont \u00e0 l\u2019heure du bilan des \u00e9lections de no ...\" \/>\n<meta property=\"og:url\" content=\"https:\/\/www.africa-press.net\/burkina-faso\/politique\/vie-politique-la-jeunesse-du-mpp-en-rangs-serres-pour-la-mise-en-oeuvre-du-programme-de-roch-kabore\" \/>\n<meta property=\"og:site_name\" content=\"Burkina Faso\" \/>\n<meta property=\"article:published_time\" content=\"2021-04-10T12:46:13+00:00\" \/>\n<meta property=\"og:image\" content=\"https:\/\/static.africa-press.net\/burkina\/sites\/42\/2021\/04\/img-60717e9f0576c.jpg\" \/>\n\t<meta property=\"og:image:width\" content=\"720\" \/>\n\t<meta property=\"og:image:height\" content=\"414\" \/>\n\t<meta property=\"og:image:type\" content=\"image\/jpeg\" \/>\n<meta name=\"author\" content=\"cfeditorfr\" \/>\n<meta name=\"twitter:card\" content=\"summary_large_image\" \/>\n<meta name=\"twitter:label1\" content=\"\u00c9crit par\" \/>\n\t<meta name=\"twitter:data1\" content=\"cfeditorfr\" \/>\n\t<meta name=\"twitter:label2\" content=\"Dur\u00e9e de lecture estim\u00e9e\" \/>\n\t<meta name=\"twitter:data2\" content=\"2 minutes\" \/>\n<script type=\"application\/ld+json\" class=\"yoast-schema-graph\">{\"@context\":\"https:\/\/schema.org\",\"@graph\":[{\"@type\":\"Article\",\"@id\":\"https:\/\/www.africa-press.net\/burkina-faso\/politique\/vie-politique-la-jeunesse-du-mpp-en-rangs-serres-pour-la-mise-en-oeuvre-du-programme-de-roch-kabore#article\",\"isPartOf\":{\"@id\":\"https:\/\/www.africa-press.net\/burkina-faso\/politique\/vie-politique-la-jeunesse-du-mpp-en-rangs-serres-pour-la-mise-en-oeuvre-du-programme-de-roch-kabore\"},\"author\":{\"name\":\"cfeditorfr\",\"@id\":\"https:\/\/www.africa-press.net\/burkina-faso\/#\/schema\/person\/2b1cf3cd81a31e3cd26889ca66d677f1\"},\"headline\":\"Vie politique : La jeunesse du MPP en rangs serr\u00e9s pour la mise en \u0153uvre du programme de Roch Kabor\u00e9\",\"datePublished\":\"2021-04-10T12:46:13+00:00\",\"mainEntityOfPage\":{\"@id\":\"https:\/\/www.africa-press.net\/burkina-faso\/politique\/vie-politique-la-jeunesse-du-mpp-en-rangs-serres-pour-la-mise-en-oeuvre-du-programme-de-roch-kabore\"},\"wordCount\":482,\"commentCount\":0,\"image\":{\"@id\":\"https:\/\/www.africa-press.net\/burkina-faso\/politique\/vie-politique-la-jeunesse-du-mpp-en-rangs-serres-pour-la-mise-en-oeuvre-du-programme-de-roch-kabore#primaryimage\"},\"thumbnailUrl\":\"https:\/\/static.africa-press.net\/burkina\/sites\/42\/2021\/04\/img-60717e9f0576c.jpg\",\"keywords\":[\"Africa Press\",\"Africa Press-Burkina Faso\",\"Burkina Faso\"],\"articleSection\":[\"homepage-french\",\"Politique\",\"Toutes les actualit\u00e9s\"],\"inLanguage\":\"fr-FR\",\"potentialAction\":[{\"@type\":\"CommentAction\",\"name\":\"Comment\",\"target\":[\"https:\/\/www.africa-press.net\/burkina-faso\/politique\/vie-politique-la-jeunesse-du-mpp-en-rangs-serres-pour-la-mise-en-oeuvre-du-programme-de-roch-kabore#respond\"]}]},{\"@type\":\"WebPage\",\"@id\":\"https:\/\/www.africa-press.net\/burkina-faso\/politique\/vie-politique-la-jeunesse-du-mpp-en-rangs-serres-pour-la-mise-en-oeuvre-du-programme-de-roch-kabore\",\"url\":\"https:\/\/www.africa-press.net\/burkina-faso\/politique\/vie-politique-la-jeunesse-du-mpp-en-rangs-serres-pour-la-mise-en-oeuvre-du-programme-de-roch-kabore\",\"name\":\"Vie politique : La jeunesse du MPP en rangs serr\u00e9s pour la mise en \u0153uvre du programme de Roch Kabor\u00e9 - Burkina Faso\",\"isPartOf\":{\"@id\":\"https:\/\/www.africa-press.net\/burkina-faso\/#website\"},\"primaryImageOfPage\":{\"@id\":\"https:\/\/www.africa-press.net\/burkina-faso\/politique\/vie-politique-la-jeunesse-du-mpp-en-rangs-serres-pour-la-mise-en-oeuvre-du-programme-de-roch-kabore#primaryimage\"},\"image\":{\"@id\":\"https:\/\/www.africa-press.net\/burkina-faso\/politique\/vie-politique-la-jeunesse-du-mpp-en-rangs-serres-pour-la-mise-en-oeuvre-du-programme-de-roch-kabore#primaryimage\"},\"thumbnailUrl\":\"https:\/\/static.africa-press.net\/burkina\/sites\/42\/2021\/04\/img-60717e9f0576c.jpg\",\"datePublished\":\"2021-04-10T12:46:13+00:00\",\"author\":{\"@id\":\"https:\/\/www.africa-press.net\/burkina-faso\/#\/schema\/person\/2b1cf3cd81a31e3cd26889ca66d677f1\"},\"description\":\"Les jeunes du Mouvement du peuple pour le progr\u00e8s (MPP, parti au pouvoir) sont \u00e0 l\u2019heure du bilan des \u00e9lections de no ...\",\"breadcrumb\":{\"@id\":\"https:\/\/www.africa-press.net\/burkina-faso\/politique\/vie-politique-la-jeunesse-du-mpp-en-rangs-serres-pour-la-mise-en-oeuvre-du-programme-de-roch-kabore#breadcrumb\"},\"inLanguage\":\"fr-FR\",\"potentialAction\":[{\"@type\":\"ReadAction\",\"target\":[\"https:\/\/www.africa-press.net\/burkina-faso\/politique\/vie-politique-la-jeunesse-du-mpp-en-rangs-serres-pour-la-mise-en-oeuvre-du-programme-de-roch-kabore\"]}]},{\"@type\":\"ImageObject\",\"inLanguage\":\"fr-FR\",\"@id\":\"https:\/\/www.africa-press.net\/burkina-faso\/politique\/vie-politique-la-jeunesse-du-mpp-en-rangs-serres-pour-la-mise-en-oeuvre-du-programme-de-roch-kabore#primaryimage\",\"url\":\"https:\/\/static.africa-press.net\/burkina\/sites\/42\/2021\/04\/img-60717e9f0576c.jpg\",\"contentUrl\":\"https:\/\/static.africa-press.net\/burkina\/sites\/42\/2021\/04\/img-60717e9f0576c.jpg\",\"width\":720,\"height\":414,\"caption\":\"Vie politique : La jeunesse du MPP en rangs serr\u00e9s pour la mise en \u0153uvre du programme de Roch Kabor\u00e9\"},{\"@type\":\"BreadcrumbList\",\"@id\":\"https:\/\/www.africa-press.net\/burkina-faso\/politique\/vie-politique-la-jeunesse-du-mpp-en-rangs-serres-pour-la-mise-en-oeuvre-du-programme-de-roch-kabore#breadcrumb\",\"itemListElement\":[{\"@type\":\"ListItem\",\"position\":1,\"name\":\"Accueil\",\"item\":\"https:\/\/www.africa-press.net\/burkina-faso\/\"},{\"@type\":\"ListItem\",\"position\":2,\"name\":\"Vie politique : La jeunesse du MPP en rangs serr\u00e9s pour la mise en \u0153uvre du programme de Roch Kabor\u00e9\"}]},{\"@type\":\"WebSite\",\"@id\":\"https:\/\/www.africa-press.net\/burkina-faso\/#website\",\"url\":\"https:\/\/www.africa-press.net\/burkina-faso\/\",\"name\":\"Burkina Faso\",\"description\":\"Just another Africa News Agency Sites site\",\"potentialAction\":[{\"@type\":\"SearchAction\",\"target\":{\"@type\":\"EntryPoint\",\"urlTemplate\":\"https:\/\/www.africa-press.net\/burkina-faso\/?s={search_term_string}\"},\"query-input\":{\"@type\":\"PropertyValueSpecification\",\"valueRequired\":true,\"valueName\":\"search_term_string\"}}],\"inLanguage\":\"fr-FR\"},{\"@type\":\"Person\",\"@id\":\"https:\/\/www.africa-press.net\/burkina-faso\/#\/schema\/person\/2b1cf3cd81a31e3cd26889ca66d677f1\",\"name\":\"cfeditorfr\"}]}<\/script>\n<!-- \/ Yoast SEO Premium plugin. -->","yoast_head_json":{"title":"Vie politique : La jeunesse du MPP en rangs serr\u00e9s pour la mise en \u0153uvre du programme de Roch Kabor\u00e9 - Burkina Faso","description":"Les jeunes du Mouvement du peuple pour le progr\u00e8s (MPP, parti au pouvoir) sont \u00e0 l\u2019heure du bilan des \u00e9lections de no ...","robots":{"index":"index","follow":"follow","max-snippet":"max-snippet:-1","max-image-preview":"max-image-preview:large","max-video-preview":"max-video-preview:-1"},"canonical":"https:\/\/www.africa-press.net\/burkina-faso\/politique\/vie-politique-la-jeunesse-du-mpp-en-rangs-serres-pour-la-mise-en-oeuvre-du-programme-de-roch-kabore","og_locale":"fr_FR","og_type":"article","og_title":"Vie politique : La jeunesse du MPP en rangs serr\u00e9s pour la mise en \u0153uvre du programme de Roch Kabor\u00e9","og_description":"Les jeunes du Mouvement du peuple pour le progr\u00e8s (MPP, parti au pouvoir) sont \u00e0 l\u2019heure du bilan des \u00e9lections de no ...","og_url":"https:\/\/www.africa-press.net\/burkina-faso\/politique\/vie-politique-la-jeunesse-du-mpp-en-rangs-serres-pour-la-mise-en-oeuvre-du-programme-de-roch-kabore","og_site_name":"Burkina Faso","article_published_time":"2021-04-10T12:46:13+00:00","og_image":[{"width":720,"height":414,"url":"https:\/\/static.africa-press.net\/burkina\/sites\/42\/2021\/04\/img-60717e9f0576c.jpg","type":"image\/jpeg"}],"author":"cfeditorfr","twitter_card":"summary_large_image","twitter_misc":{"\u00c9crit par":"cfeditorfr","Dur\u00e9e de lecture estim\u00e9e":"2 minutes"},"schema":{"@context":"https:\/\/schema.org","@graph":[{"@type":"Article","@id":"https:\/\/www.africa-press.net\/burkina-faso\/politique\/vie-politique-la-jeunesse-du-mpp-en-rangs-serres-pour-la-mise-en-oeuvre-du-programme-de-roch-kabore#article","isPartOf":{"@id":"https:\/\/www.africa-press.net\/burkina-faso\/politique\/vie-politique-la-jeunesse-du-mpp-en-rangs-serres-pour-la-mise-en-oeuvre-du-programme-de-roch-kabore"},"author":{"name":"cfeditorfr","@id":"https:\/\/www.africa-press.net\/burkina-faso\/#\/schema\/person\/2b1cf3cd81a31e3cd26889ca66d677f1"},"headline":"Vie politique : La jeunesse du MPP en rangs serr\u00e9s pour la mise en \u0153uvre du programme de Roch Kabor\u00e9","datePublished":"2021-04-10T12:46:13+00:00","mainEntityOfPage":{"@id":"https:\/\/www.africa-press.net\/burkina-faso\/politique\/vie-politique-la-jeunesse-du-mpp-en-rangs-serres-pour-la-mise-en-oeuvre-du-programme-de-roch-kabore"},"wordCount":482,"commentCount":0,"image":{"@id":"https:\/\/www.africa-press.net\/burkina-faso\/politique\/vie-politique-la-jeunesse-du-mpp-en-rangs-serres-pour-la-mise-en-oeuvre-du-programme-de-roch-kabore#primaryimage"},"thumbnailUrl":"https:\/\/static.africa-press.net\/burkina\/sites\/42\/2021\/04\/img-60717e9f0576c.jpg","keywords":["Africa Press","Africa Press-Burkina Faso","Burkina Faso"],"articleSection":["homepage-french","Politique","Toutes les actualit\u00e9s"],"inLanguage":"fr-FR","potentialAction":[{"@type":"CommentAction","name":"Comment","target":["https:\/\/www.africa-press.net\/burkina-faso\/politique\/vie-politique-la-jeunesse-du-mpp-en-rangs-serres-pour-la-mise-en-oeuvre-du-programme-de-roch-kabore#respond"]}]},{"@type":"WebPage","@id":"https:\/\/www.africa-press.net\/burkina-faso\/politique\/vie-politique-la-jeunesse-du-mpp-en-rangs-serres-pour-la-mise-en-oeuvre-du-programme-de-roch-kabore","url":"https:\/\/www.africa-press.net\/burkina-faso\/politique\/vie-politique-la-jeunesse-du-mpp-en-rangs-serres-pour-la-mise-en-oeuvre-du-programme-de-roch-kabore","name":"Vie politique : La jeunesse du MPP en rangs serr\u00e9s pour la mise en \u0153uvre du programme de Roch Kabor\u00e9 - Burkina Faso","isPartOf":{"@id":"https:\/\/www.africa-press.net\/burkina-faso\/#website"},"primaryImageOfPage":{"@id":"https:\/\/www.africa-press.net\/burkina-faso\/politique\/vie-politique-la-jeunesse-du-mpp-en-rangs-serres-pour-la-mise-en-oeuvre-du-programme-de-roch-kabore#primaryimage"},"image":{"@id":"https:\/\/www.africa-press.net\/burkina-faso\/politique\/vie-politique-la-jeunesse-du-mpp-en-rangs-serres-pour-la-mise-en-oeuvre-du-programme-de-roch-kabore#primaryimage"},"thumbnailUrl":"https:\/\/static.africa-press.net\/burkina\/sites\/42\/2021\/04\/img-60717e9f0576c.jpg","datePublished":"2021-04-10T12:46:13+00:00","author":{"@id":"https:\/\/www.africa-press.net\/burkina-faso\/#\/schema\/person\/2b1cf3cd81a31e3cd26889ca66d677f1"},"description":"Les jeunes du Mouvement du peuple pour le progr\u00e8s (MPP, parti au pouvoir) sont \u00e0 l\u2019heure du bilan des \u00e9lections de no ...","breadcrumb":{"@id":"https:\/\/www.africa-press.net\/burkina-faso\/politique\/vie-politique-la-jeunesse-du-mpp-en-rangs-serres-pour-la-mise-en-oeuvre-du-programme-de-roch-kabore#breadcrumb"},"inLanguage":"fr-FR","potentialAction":[{"@type":"ReadAction","target":["https:\/\/www.africa-press.net\/burkina-faso\/politique\/vie-politique-la-jeunesse-du-mpp-en-rangs-serres-pour-la-mise-en-oeuvre-du-programme-de-roch-kabore"]}]},{"@type":"ImageObject","inLanguage":"fr-FR","@id":"https:\/\/www.africa-press.net\/burkina-faso\/politique\/vie-politique-la-jeunesse-du-mpp-en-rangs-serres-pour-la-mise-en-oeuvre-du-programme-de-roch-kabore#primaryimage","url":"https:\/\/static.africa-press.net\/burkina\/sites\/42\/2021\/04\/img-60717e9f0576c.jpg","contentUrl":"https:\/\/static.africa-press.net\/burkina\/sites\/42\/2021\/04\/img-60717e9f0576c.jpg","width":720,"height":414,"caption":"Vie politique : La jeunesse du MPP en rangs serr\u00e9s pour la mise en \u0153uvre du programme de Roch Kabor\u00e9"},{"@type":"BreadcrumbList","@id":"https:\/\/www.africa-press.net\/burkina-faso\/politique\/vie-politique-la-jeunesse-du-mpp-en-rangs-serres-pour-la-mise-en-oeuvre-du-programme-de-roch-kabore#breadcrumb","itemListElement":[{"@type":"ListItem","position":1,"name":"Accueil","item":"https:\/\/www.africa-press.net\/burkina-faso\/"},{"@type":"ListItem","position":2,"name":"Vie politique : La jeunesse du MPP en rangs serr\u00e9s pour la mise en \u0153uvre du programme de Roch Kabor\u00e9"}]},{"@type":"WebSite","@id":"https:\/\/www.africa-press.net\/burkina-faso\/#website","url":"https:\/\/www.africa-press.net\/burkina-faso\/","name":"Burkina Faso","description":"Just another Africa News Agency Sites site","potentialAction":[{"@type":"SearchAction","target":{"@type":"EntryPoint","urlTemplate":"https:\/\/www.africa-press.net\/burkina-faso\/?s={search_term_string}"},"query-input":{"@type":"PropertyValueSpecification","valueRequired":true,"valueName":"search_term_string"}}],"inLanguage":"fr-FR"},{"@type":"Person","@id":"https:\/\/www.africa-press.net\/burkina-faso\/#\/schema\/person\/2b1cf3cd81a31e3cd26889ca66d677f1","name":"cfeditorfr"}]}},"_links":{"self":[{"href":"https:\/\/www.africa-press.net\/burkina-faso\/wp-json\/wp\/v2\/posts\/9659","targetHints":{"allow":["GET"]}}],"collection":[{"href":"https:\/\/www.africa-press.net\/burkina-faso\/wp-json\/wp\/v2\/posts"}],"about":[{"href":"https:\/\/www.africa-press.net\/burkina-faso\/wp-json\/wp\/v2\/types\/post"}],"author":[{"embeddable":true,"href":"https:\/\/www.africa-press.net\/burkina-faso\/wp-json\/wp\/v2\/users\/82"}],"replies":[{"embeddable":true,"href":"https:\/\/www.africa-press.net\/burkina-faso\/wp-json\/wp\/v2\/comments?post=9659"}],"version-history":[{"count":0,"href":"https:\/\/www.africa-press.net\/burkina-faso\/wp-json\/wp\/v2\/posts\/9659\/revisions"}],"wp:featuredmedia":[{"embeddable":true,"href":"https:\/\/www.africa-press.net\/burkina-faso\/wp-json\/wp\/v2\/media\/9658"}],"wp:attachment":[{"href":"https:\/\/www.africa-press.net\/burkina-faso\/wp-json\/wp\/v2\/media?parent=9659"}],"wp:term":[{"taxonomy":"category","embeddable":true,"href":"https:\/\/www.africa-press.net\/burkina-faso\/wp-json\/wp\/v2\/categories?post=9659"},{"taxonomy":"post_tag","embeddable":true,"href":"https:\/\/www.africa-press.net\/burkina-faso\/wp-json\/wp\/v2\/tags?post=9659"}],"curies":[{"name":"wp","href":"https:\/\/api.w.org\/{rel}","templated":true}]}}