{"id":9665,"date":"2021-04-10T13:04:43","date_gmt":"2021-04-10T13:04:43","guid":{"rendered":"https:\/\/www.africa-press.net\/burkina-faso\/?p=9665"},"modified":"2021-04-17T12:27:09","modified_gmt":"2021-04-17T12:27:09","slug":"reintegration-des-agents-affectes-dans-les-medias-publics-les-esperances-du-synatic","status":"publish","type":"post","link":"https:\/\/www.africa-press.net\/burkina-faso\/homepage-french\/reintegration-des-agents-affectes-dans-les-medias-publics-les-esperances-du-synatic","title":{"rendered":"R\u00e9int\u00e9gration des agents affect\u00e9s dans les m\u00e9dias publics : Les esp\u00e9rances du SYNATIC"},"content":{"rendered":"<p><span style=\"color: #ff6600\"><strong><a href=\"https:\/\/www.africa-press.net\/\">Africa-Press<\/a> &#8211; <a href=\"https:\/\/www.africa-press.net\/burkina-faso\">Burkina Faso<\/a>.\u00a0 <\/strong><\/span>\u00a0les travailleurs des m\u00e9dias publics (RTB, Sidwaya) se sont r\u00e9unis en assembl\u00e9e g\u00e9n\u00e9rale (AG), sous l\u2019\u00e9gide du Syndicat autonome des travailleurs de l\u2019information et de la culture (SYNATIC), au Centre national de presse Norbert Zongo.<\/p>\n<p>L\u2019assembl\u00e9e g\u00e9n\u00e9rale a fait le point sur les implications du Statut d\u00e9rogatoire accord\u00e9 \u00e0 la RTB et aux Editions Sidwaya et dress\u00e9 des perspectives pour la suite de la lutte.<\/p>\n<p>Les lois adopt\u00e9es sous la transition le 4 septembre 2015 au profit des m\u00e9dias ont suscit\u00e9 un r\u00e9el espoir pour les travailleurs des m\u00e9dias de mani\u00e8re g\u00e9n\u00e9rale et ceux des m\u00e9dias publics en particulier. Pour les m\u00e9dias publics, elles ont act\u00e9 le passage de la RTB et des Editions Sidwaya du statut d\u2019EPE \u00e0 celui de soci\u00e9t\u00e9 d\u2019Etat.<\/p>\n<p>Apr\u00e8s plus de cinq ans de lutte et de n\u00e9gociations avec le gouvernement, on a abouti \u00e0 l\u2019octroi d\u2019un statut d\u00e9rogatoire aux m\u00e9dias publics comme phase transitoire. Le principe \u00e9tant acquis, il fallait finaliser les n\u00e9gociations le 10 mars 2020, ce qui n\u2019a pu \u00eatre fait \u00e0 ce jour, tant le ministre de la Communication avec l\u2019appui du gouvernement avait d\u00e9cid\u00e9 de saboter le processus en expulsant plus de 300 travailleurs des m\u00e9dias publics le 02 mars 2020.<\/p>\n<p>Depuis lors, le SYNATIC a exig\u00e9 comme pr\u00e9alable \u00e0 tout retour autour de la table des discussions, la r\u00e9int\u00e9gration de tous les travailleurs expuls\u00e9s des m\u00e9dias publics afin de pr\u00e9server leurs carri\u00e8res. En effet, l\u2019ex-ministre de la Communication Remis F Dandjinou, a op\u00e9r\u00e9 un passage en force en octroyant une revalorisation salariale sans aucune incidence sur les pensions pour la plupart des travailleurs des m\u00e9dias publics. Depuis plus d\u2019une ann\u00e9e notre position n\u2019a pas chang\u00e9.<\/p>\n<p>Le nouveau ministre de la Communication Ouss\u00e9ni Tamboura d\u00e8s son installation a pris langue avec le SYNATIC. C\u2019est ainsi que le 19 janvier 2021, le Bureau national du SYNATIC a \u00e9t\u00e9 re\u00e7u dans les locaux du minist\u00e8re en charge de la Communication. D\u00e8s cette premi\u00e8re audience, le SYNATIC a exprim\u00e9 au Ministre le souhait de voir tous les agents expuls\u00e9s r\u00e9int\u00e9grer les m\u00e9dias publics. Au cours de la m\u00eame audience, le Ministre Ouss\u00e9ni Tamboura a pris l\u2019engagement de r\u00e9soudre la question des expuls\u00e9s dans un d\u00e9lai de 21 jours.<\/p>\n<p>Il a invit\u00e9 le SYNATIC \u00e0 lui faire parvenir la liste des agents concern\u00e9s dans un d\u00e9lai d\u2019une semaine. Le ministre Tamboura a d\u2019ailleurs, sur le champ, mis en place un comit\u00e9 pour travailler sur le dossier. C\u2019est ainsi qu\u2019il a d\u00e9sign\u00e9 deux de ses collaborateurs pr\u00e9sents dans la salle et invit\u00e9 aussi le SYNATIC \u00e0 d\u00e9signer deux repr\u00e9sentants pour ce comit\u00e9.<\/p>\n<p>Lors de cette premi\u00e8re rencontre, bien d\u2019autres sujets ont \u00e9t\u00e9 abord\u00e9s dont l\u2019impact n\u00e9gatif de l\u2019expulsion des agents sur les m\u00e9dias publics, la qualit\u00e9 du service public d\u2019information offert par les m\u00e9dias publics, la situation pr\u00e9caire des travailleurs des m\u00e9dias priv\u00e9s, la non application de la convention collective des journalistes sign\u00e9e depuis le 6 janvier 2009.<\/p>\n<p>Le Bureau national du SYNATIC est reparti de cette premi\u00e8re rencontre confiant dans la volont\u00e9 du Ministre de r\u00e9soudre les pr\u00e9occupations pressantes des travailleurs des m\u00e9dias publics.<\/p>\n<p>Quelle ne fut alors notre surprise de voir le Ministre Ouss\u00e9ni Tamboura remettre en cause cet engagement fondamental pour nous alors m\u00eame qu\u2019il s\u2019entretenait avec des agents concern\u00e9s par les affectations le 1er avril 2021 dans les locaux du minist\u00e8re. Ainsi, l\u2019AG a fait le constat de ce grave recul et interpelle le Ministre de la Communication \u00e0 respecter la parole donn\u00e9e.<\/p>\n<p>Pour l\u2019AG, dans un contexte o\u00f9 la r\u00e9conciliation est pr\u00e9sent\u00e9e comme une priorit\u00e9 du gouvernement, le Ministre porte-parole du gouvernement tient l\u00e0 l\u2019occasion de donner un coup de pouce au processus en tenant sa parole. Du reste, personne ne comprendrait que l\u2019on pr\u00eache la r\u00e9conciliation, un climat de travail apais\u00e9 dans les m\u00e9dias publics pour ensuite semer les germes de la d\u00e9sunion !<\/p>\n<p>L\u2019adh\u00e9sion formelle du SYNATIC au processus doit encore \u00eatre mat\u00e9rialis\u00e9e par la finalisation des discussions par la signature d\u2019un protocole d\u2019accord devant conclure plus de cinq ans de discussions et l\u2019AG ose esp\u00e9rer que le Ministre Ouss\u00e9ni Tamboura est dans la dynamique de donner la chance \u00e0 un tel aboutissement.<\/p>\n<p>L\u2019AG a r\u00e9solument opt\u00e9 pour le dialogue et esp\u00e8re que le gouvernement est dans cette dynamique. C\u2019est dans cette logique que le Bureau national entreprendra dans les jours \u00e0 venir une s\u00e9rie de rencontres avec les responsables du Minist\u00e8re de la Communication et des m\u00e9dias publics. Aussi, il appelle les travailleurs des m\u00e9dias publics \u00e0 la solidarit\u00e9, et les invite \u00e0 rester mobilis\u00e9s et \u00e0 l\u2019\u00e9coute. Ouagadougou, le 7 avril 2021 Pour le Bureau National, Le Secr\u00e9taire G\u00e9n\u00e9ral Siriki DRAME Chevalier de l\u2019Ordre National<\/p>\n","protected":false},"excerpt":{"rendered":"<p>Africa-Press &#8211; Burkina Faso.\u00a0 \u00a0les travailleurs des m\u00e9dias publics (RTB, Sidwaya) se sont r\u00e9unis en assembl\u00e9e g\u00e9n\u00e9rale (AG), sous l\u2019\u00e9gide du Syndicat autonome des travailleurs de l\u2019information et de la culture (SYNATIC), au Centre national de presse Norbert Zongo. L\u2019assembl\u00e9e g\u00e9n\u00e9rale a fait le point sur les implications du Statut d\u00e9rogatoire accord\u00e9 \u00e0 la RTB [&hellip;]<\/p>\n","protected":false},"author":82,"featured_media":9664,"comment_status":"open","ping_status":"closed","sticky":false,"template":"","format":"standard","meta":{"footnotes":""},"categories":[11,2,10],"tags":[111,725,29],"class_list":["post-9665","post","type-post","status-publish","format-standard","has-post-thumbnail","hentry","category-homepage-french","category-politique","category-toutes-les-actualites","tag-africa-press","tag-africa-press-burkina-faso","tag-burkina-faso"],"yoast_head":"<!-- This site is optimized with the Yoast SEO Premium plugin v26.1 (Yoast SEO v27.0) - https:\/\/yoast.com\/product\/yoast-seo-premium-wordpress\/ -->\n<title>R\u00e9int\u00e9gration des agents affect\u00e9s dans les m\u00e9dias publics : Les esp\u00e9rances du SYNATIC - Burkina Faso<\/title>\n<meta name=\"description\" content=\"Le 7 avril 2021, les travailleurs des m\u00e9dias publics (RTB, Sidwaya) se sont r\u00e9unis en assembl\u00e9e g\u00e9n\u00e9rale (AG), sous l\u2019\u00e9g ...\" \/>\n<meta name=\"robots\" content=\"index, follow, max-snippet:-1, max-image-preview:large, max-video-preview:-1\" \/>\n<link rel=\"canonical\" href=\"https:\/\/www.africa-press.net\/burkina-faso\/homepage-french\/reintegration-des-agents-affectes-dans-les-medias-publics-les-esperances-du-synatic\" \/>\n<meta property=\"og:locale\" content=\"fr_FR\" \/>\n<meta property=\"og:type\" content=\"article\" \/>\n<meta property=\"og:title\" content=\"R\u00e9int\u00e9gration des agents affect\u00e9s dans les m\u00e9dias publics : Les esp\u00e9rances du SYNATIC\" \/>\n<meta property=\"og:description\" content=\"Le 7 avril 2021, les travailleurs des m\u00e9dias publics (RTB, Sidwaya) se sont r\u00e9unis en assembl\u00e9e g\u00e9n\u00e9rale (AG), sous l\u2019\u00e9g ...\" \/>\n<meta property=\"og:url\" content=\"https:\/\/www.africa-press.net\/burkina-faso\/homepage-french\/reintegration-des-agents-affectes-dans-les-medias-publics-les-esperances-du-synatic\" \/>\n<meta property=\"og:site_name\" content=\"Burkina Faso\" \/>\n<meta property=\"article:published_time\" content=\"2021-04-10T13:04:43+00:00\" \/>\n<meta property=\"article:modified_time\" content=\"2021-04-17T12:27:09+00:00\" \/>\n<meta property=\"og:image\" content=\"https:\/\/static.africa-press.net\/burkina\/sites\/42\/2021\/04\/img-60717ef76c7fb.jpg\" \/>\n\t<meta property=\"og:image:width\" content=\"1024\" \/>\n\t<meta property=\"og:image:height\" content=\"576\" \/>\n\t<meta property=\"og:image:type\" content=\"image\/jpeg\" \/>\n<meta name=\"author\" content=\"cfeditorfr\" \/>\n<meta name=\"twitter:card\" content=\"summary_large_image\" \/>\n<meta name=\"twitter:label1\" content=\"\u00c9crit par\" \/>\n\t<meta name=\"twitter:data1\" content=\"cfeditorfr\" \/>\n\t<meta name=\"twitter:label2\" content=\"Dur\u00e9e de lecture estim\u00e9e\" \/>\n\t<meta name=\"twitter:data2\" content=\"4 minutes\" \/>\n<script type=\"application\/ld+json\" class=\"yoast-schema-graph\">{\"@context\":\"https:\/\/schema.org\",\"@graph\":[{\"@type\":\"Article\",\"@id\":\"https:\/\/www.africa-press.net\/burkina-faso\/homepage-french\/reintegration-des-agents-affectes-dans-les-medias-publics-les-esperances-du-synatic#article\",\"isPartOf\":{\"@id\":\"https:\/\/www.africa-press.net\/burkina-faso\/homepage-french\/reintegration-des-agents-affectes-dans-les-medias-publics-les-esperances-du-synatic\"},\"author\":{\"name\":\"cfeditorfr\",\"@id\":\"https:\/\/www.africa-press.net\/burkina-faso\/#\/schema\/person\/2b1cf3cd81a31e3cd26889ca66d677f1\"},\"headline\":\"R\u00e9int\u00e9gration des agents affect\u00e9s dans les m\u00e9dias publics : Les esp\u00e9rances du SYNATIC\",\"datePublished\":\"2021-04-10T13:04:43+00:00\",\"dateModified\":\"2021-04-17T12:27:09+00:00\",\"mainEntityOfPage\":{\"@id\":\"https:\/\/www.africa-press.net\/burkina-faso\/homepage-french\/reintegration-des-agents-affectes-dans-les-medias-publics-les-esperances-du-synatic\"},\"wordCount\":894,\"commentCount\":0,\"image\":{\"@id\":\"https:\/\/www.africa-press.net\/burkina-faso\/homepage-french\/reintegration-des-agents-affectes-dans-les-medias-publics-les-esperances-du-synatic#primaryimage\"},\"thumbnailUrl\":\"https:\/\/static.africa-press.net\/burkina\/sites\/42\/2021\/04\/img-60717ef76c7fb.jpg\",\"keywords\":[\"Africa Press\",\"Africa Press-Burkina Faso\",\"Burkina Faso\"],\"articleSection\":[\"homepage-french\",\"Politique\",\"Toutes les actualit\u00e9s\"],\"inLanguage\":\"fr-FR\",\"potentialAction\":[{\"@type\":\"CommentAction\",\"name\":\"Comment\",\"target\":[\"https:\/\/www.africa-press.net\/burkina-faso\/homepage-french\/reintegration-des-agents-affectes-dans-les-medias-publics-les-esperances-du-synatic#respond\"]}]},{\"@type\":\"WebPage\",\"@id\":\"https:\/\/www.africa-press.net\/burkina-faso\/homepage-french\/reintegration-des-agents-affectes-dans-les-medias-publics-les-esperances-du-synatic\",\"url\":\"https:\/\/www.africa-press.net\/burkina-faso\/homepage-french\/reintegration-des-agents-affectes-dans-les-medias-publics-les-esperances-du-synatic\",\"name\":\"R\u00e9int\u00e9gration des agents affect\u00e9s dans les m\u00e9dias publics : Les esp\u00e9rances du SYNATIC - Burkina Faso\",\"isPartOf\":{\"@id\":\"https:\/\/www.africa-press.net\/burkina-faso\/#website\"},\"primaryImageOfPage\":{\"@id\":\"https:\/\/www.africa-press.net\/burkina-faso\/homepage-french\/reintegration-des-agents-affectes-dans-les-medias-publics-les-esperances-du-synatic#primaryimage\"},\"image\":{\"@id\":\"https:\/\/www.africa-press.net\/burkina-faso\/homepage-french\/reintegration-des-agents-affectes-dans-les-medias-publics-les-esperances-du-synatic#primaryimage\"},\"thumbnailUrl\":\"https:\/\/static.africa-press.net\/burkina\/sites\/42\/2021\/04\/img-60717ef76c7fb.jpg\",\"datePublished\":\"2021-04-10T13:04:43+00:00\",\"dateModified\":\"2021-04-17T12:27:09+00:00\",\"author\":{\"@id\":\"https:\/\/www.africa-press.net\/burkina-faso\/#\/schema\/person\/2b1cf3cd81a31e3cd26889ca66d677f1\"},\"description\":\"Le 7 avril 2021, les travailleurs des m\u00e9dias publics (RTB, Sidwaya) se sont r\u00e9unis en assembl\u00e9e g\u00e9n\u00e9rale (AG), sous l\u2019\u00e9g ...\",\"breadcrumb\":{\"@id\":\"https:\/\/www.africa-press.net\/burkina-faso\/homepage-french\/reintegration-des-agents-affectes-dans-les-medias-publics-les-esperances-du-synatic#breadcrumb\"},\"inLanguage\":\"fr-FR\",\"potentialAction\":[{\"@type\":\"ReadAction\",\"target\":[\"https:\/\/www.africa-press.net\/burkina-faso\/homepage-french\/reintegration-des-agents-affectes-dans-les-medias-publics-les-esperances-du-synatic\"]}]},{\"@type\":\"ImageObject\",\"inLanguage\":\"fr-FR\",\"@id\":\"https:\/\/www.africa-press.net\/burkina-faso\/homepage-french\/reintegration-des-agents-affectes-dans-les-medias-publics-les-esperances-du-synatic#primaryimage\",\"url\":\"https:\/\/static.africa-press.net\/burkina\/sites\/42\/2021\/04\/img-60717ef76c7fb.jpg\",\"contentUrl\":\"https:\/\/static.africa-press.net\/burkina\/sites\/42\/2021\/04\/img-60717ef76c7fb.jpg\",\"width\":1024,\"height\":576,\"caption\":\"R\u00e9int\u00e9gration des agents affect\u00e9s dans les m\u00e9dias publics : Les esp\u00e9rances du SYNATIC\"},{\"@type\":\"BreadcrumbList\",\"@id\":\"https:\/\/www.africa-press.net\/burkina-faso\/homepage-french\/reintegration-des-agents-affectes-dans-les-medias-publics-les-esperances-du-synatic#breadcrumb\",\"itemListElement\":[{\"@type\":\"ListItem\",\"position\":1,\"name\":\"Accueil\",\"item\":\"https:\/\/www.africa-press.net\/burkina-faso\/\"},{\"@type\":\"ListItem\",\"position\":2,\"name\":\"R\u00e9int\u00e9gration des agents affect\u00e9s dans les m\u00e9dias publics : Les esp\u00e9rances du SYNATIC\"}]},{\"@type\":\"WebSite\",\"@id\":\"https:\/\/www.africa-press.net\/burkina-faso\/#website\",\"url\":\"https:\/\/www.africa-press.net\/burkina-faso\/\",\"name\":\"Burkina Faso\",\"description\":\"Just another Africa News Agency Sites site\",\"potentialAction\":[{\"@type\":\"SearchAction\",\"target\":{\"@type\":\"EntryPoint\",\"urlTemplate\":\"https:\/\/www.africa-press.net\/burkina-faso\/?s={search_term_string}\"},\"query-input\":{\"@type\":\"PropertyValueSpecification\",\"valueRequired\":true,\"valueName\":\"search_term_string\"}}],\"inLanguage\":\"fr-FR\"},{\"@type\":\"Person\",\"@id\":\"https:\/\/www.africa-press.net\/burkina-faso\/#\/schema\/person\/2b1cf3cd81a31e3cd26889ca66d677f1\",\"name\":\"cfeditorfr\"}]}<\/script>\n<!-- \/ Yoast SEO Premium plugin. -->","yoast_head_json":{"title":"R\u00e9int\u00e9gration des agents affect\u00e9s dans les m\u00e9dias publics : Les esp\u00e9rances du SYNATIC - Burkina Faso","description":"Le 7 avril 2021, les travailleurs des m\u00e9dias publics (RTB, Sidwaya) se sont r\u00e9unis en assembl\u00e9e g\u00e9n\u00e9rale (AG), sous l\u2019\u00e9g ...","robots":{"index":"index","follow":"follow","max-snippet":"max-snippet:-1","max-image-preview":"max-image-preview:large","max-video-preview":"max-video-preview:-1"},"canonical":"https:\/\/www.africa-press.net\/burkina-faso\/homepage-french\/reintegration-des-agents-affectes-dans-les-medias-publics-les-esperances-du-synatic","og_locale":"fr_FR","og_type":"article","og_title":"R\u00e9int\u00e9gration des agents affect\u00e9s dans les m\u00e9dias publics : Les esp\u00e9rances du SYNATIC","og_description":"Le 7 avril 2021, les travailleurs des m\u00e9dias publics (RTB, Sidwaya) se sont r\u00e9unis en assembl\u00e9e g\u00e9n\u00e9rale (AG), sous l\u2019\u00e9g ...","og_url":"https:\/\/www.africa-press.net\/burkina-faso\/homepage-french\/reintegration-des-agents-affectes-dans-les-medias-publics-les-esperances-du-synatic","og_site_name":"Burkina Faso","article_published_time":"2021-04-10T13:04:43+00:00","article_modified_time":"2021-04-17T12:27:09+00:00","og_image":[{"width":1024,"height":576,"url":"https:\/\/static.africa-press.net\/burkina\/sites\/42\/2021\/04\/img-60717ef76c7fb.jpg","type":"image\/jpeg"}],"author":"cfeditorfr","twitter_card":"summary_large_image","twitter_misc":{"\u00c9crit par":"cfeditorfr","Dur\u00e9e de lecture estim\u00e9e":"4 minutes"},"schema":{"@context":"https:\/\/schema.org","@graph":[{"@type":"Article","@id":"https:\/\/www.africa-press.net\/burkina-faso\/homepage-french\/reintegration-des-agents-affectes-dans-les-medias-publics-les-esperances-du-synatic#article","isPartOf":{"@id":"https:\/\/www.africa-press.net\/burkina-faso\/homepage-french\/reintegration-des-agents-affectes-dans-les-medias-publics-les-esperances-du-synatic"},"author":{"name":"cfeditorfr","@id":"https:\/\/www.africa-press.net\/burkina-faso\/#\/schema\/person\/2b1cf3cd81a31e3cd26889ca66d677f1"},"headline":"R\u00e9int\u00e9gration des agents affect\u00e9s dans les m\u00e9dias publics : Les esp\u00e9rances du SYNATIC","datePublished":"2021-04-10T13:04:43+00:00","dateModified":"2021-04-17T12:27:09+00:00","mainEntityOfPage":{"@id":"https:\/\/www.africa-press.net\/burkina-faso\/homepage-french\/reintegration-des-agents-affectes-dans-les-medias-publics-les-esperances-du-synatic"},"wordCount":894,"commentCount":0,"image":{"@id":"https:\/\/www.africa-press.net\/burkina-faso\/homepage-french\/reintegration-des-agents-affectes-dans-les-medias-publics-les-esperances-du-synatic#primaryimage"},"thumbnailUrl":"https:\/\/static.africa-press.net\/burkina\/sites\/42\/2021\/04\/img-60717ef76c7fb.jpg","keywords":["Africa Press","Africa Press-Burkina Faso","Burkina Faso"],"articleSection":["homepage-french","Politique","Toutes les actualit\u00e9s"],"inLanguage":"fr-FR","potentialAction":[{"@type":"CommentAction","name":"Comment","target":["https:\/\/www.africa-press.net\/burkina-faso\/homepage-french\/reintegration-des-agents-affectes-dans-les-medias-publics-les-esperances-du-synatic#respond"]}]},{"@type":"WebPage","@id":"https:\/\/www.africa-press.net\/burkina-faso\/homepage-french\/reintegration-des-agents-affectes-dans-les-medias-publics-les-esperances-du-synatic","url":"https:\/\/www.africa-press.net\/burkina-faso\/homepage-french\/reintegration-des-agents-affectes-dans-les-medias-publics-les-esperances-du-synatic","name":"R\u00e9int\u00e9gration des agents affect\u00e9s dans les m\u00e9dias publics : Les esp\u00e9rances du SYNATIC - Burkina Faso","isPartOf":{"@id":"https:\/\/www.africa-press.net\/burkina-faso\/#website"},"primaryImageOfPage":{"@id":"https:\/\/www.africa-press.net\/burkina-faso\/homepage-french\/reintegration-des-agents-affectes-dans-les-medias-publics-les-esperances-du-synatic#primaryimage"},"image":{"@id":"https:\/\/www.africa-press.net\/burkina-faso\/homepage-french\/reintegration-des-agents-affectes-dans-les-medias-publics-les-esperances-du-synatic#primaryimage"},"thumbnailUrl":"https:\/\/static.africa-press.net\/burkina\/sites\/42\/2021\/04\/img-60717ef76c7fb.jpg","datePublished":"2021-04-10T13:04:43+00:00","dateModified":"2021-04-17T12:27:09+00:00","author":{"@id":"https:\/\/www.africa-press.net\/burkina-faso\/#\/schema\/person\/2b1cf3cd81a31e3cd26889ca66d677f1"},"description":"Le 7 avril 2021, les travailleurs des m\u00e9dias publics (RTB, Sidwaya) se sont r\u00e9unis en assembl\u00e9e g\u00e9n\u00e9rale (AG), sous l\u2019\u00e9g ...","breadcrumb":{"@id":"https:\/\/www.africa-press.net\/burkina-faso\/homepage-french\/reintegration-des-agents-affectes-dans-les-medias-publics-les-esperances-du-synatic#breadcrumb"},"inLanguage":"fr-FR","potentialAction":[{"@type":"ReadAction","target":["https:\/\/www.africa-press.net\/burkina-faso\/homepage-french\/reintegration-des-agents-affectes-dans-les-medias-publics-les-esperances-du-synatic"]}]},{"@type":"ImageObject","inLanguage":"fr-FR","@id":"https:\/\/www.africa-press.net\/burkina-faso\/homepage-french\/reintegration-des-agents-affectes-dans-les-medias-publics-les-esperances-du-synatic#primaryimage","url":"https:\/\/static.africa-press.net\/burkina\/sites\/42\/2021\/04\/img-60717ef76c7fb.jpg","contentUrl":"https:\/\/static.africa-press.net\/burkina\/sites\/42\/2021\/04\/img-60717ef76c7fb.jpg","width":1024,"height":576,"caption":"R\u00e9int\u00e9gration des agents affect\u00e9s dans les m\u00e9dias publics : Les esp\u00e9rances du SYNATIC"},{"@type":"BreadcrumbList","@id":"https:\/\/www.africa-press.net\/burkina-faso\/homepage-french\/reintegration-des-agents-affectes-dans-les-medias-publics-les-esperances-du-synatic#breadcrumb","itemListElement":[{"@type":"ListItem","position":1,"name":"Accueil","item":"https:\/\/www.africa-press.net\/burkina-faso\/"},{"@type":"ListItem","position":2,"name":"R\u00e9int\u00e9gration des agents affect\u00e9s dans les m\u00e9dias publics : Les esp\u00e9rances du SYNATIC"}]},{"@type":"WebSite","@id":"https:\/\/www.africa-press.net\/burkina-faso\/#website","url":"https:\/\/www.africa-press.net\/burkina-faso\/","name":"Burkina Faso","description":"Just another Africa News Agency Sites site","potentialAction":[{"@type":"SearchAction","target":{"@type":"EntryPoint","urlTemplate":"https:\/\/www.africa-press.net\/burkina-faso\/?s={search_term_string}"},"query-input":{"@type":"PropertyValueSpecification","valueRequired":true,"valueName":"search_term_string"}}],"inLanguage":"fr-FR"},{"@type":"Person","@id":"https:\/\/www.africa-press.net\/burkina-faso\/#\/schema\/person\/2b1cf3cd81a31e3cd26889ca66d677f1","name":"cfeditorfr"}]}},"_links":{"self":[{"href":"https:\/\/www.africa-press.net\/burkina-faso\/wp-json\/wp\/v2\/posts\/9665","targetHints":{"allow":["GET"]}}],"collection":[{"href":"https:\/\/www.africa-press.net\/burkina-faso\/wp-json\/wp\/v2\/posts"}],"about":[{"href":"https:\/\/www.africa-press.net\/burkina-faso\/wp-json\/wp\/v2\/types\/post"}],"author":[{"embeddable":true,"href":"https:\/\/www.africa-press.net\/burkina-faso\/wp-json\/wp\/v2\/users\/82"}],"replies":[{"embeddable":true,"href":"https:\/\/www.africa-press.net\/burkina-faso\/wp-json\/wp\/v2\/comments?post=9665"}],"version-history":[{"count":0,"href":"https:\/\/www.africa-press.net\/burkina-faso\/wp-json\/wp\/v2\/posts\/9665\/revisions"}],"wp:featuredmedia":[{"embeddable":true,"href":"https:\/\/www.africa-press.net\/burkina-faso\/wp-json\/wp\/v2\/media\/9664"}],"wp:attachment":[{"href":"https:\/\/www.africa-press.net\/burkina-faso\/wp-json\/wp\/v2\/media?parent=9665"}],"wp:term":[{"taxonomy":"category","embeddable":true,"href":"https:\/\/www.africa-press.net\/burkina-faso\/wp-json\/wp\/v2\/categories?post=9665"},{"taxonomy":"post_tag","embeddable":true,"href":"https:\/\/www.africa-press.net\/burkina-faso\/wp-json\/wp\/v2\/tags?post=9665"}],"curies":[{"name":"wp","href":"https:\/\/api.w.org\/{rel}","templated":true}]}}