{"id":9703,"date":"2021-04-11T11:25:26","date_gmt":"2021-04-11T11:25:26","guid":{"rendered":"https:\/\/www.africa-press.net\/burkina-faso\/?p=9703"},"modified":"2021-04-11T16:27:03","modified_gmt":"2021-04-11T16:27:03","slug":"burkina-validation-du-plan-national-de-deploiement-et-de-vaccination-contre-la-covid-19","status":"publish","type":"post","link":"https:\/\/www.africa-press.net\/burkina-faso\/toutes-les-actualites\/burkina-validation-du-plan-national-de-deploiement-et-de-vaccination-contre-la-covid-19","title":{"rendered":"Validation du plan national de d\u00e9ploiement et de vaccination contre la COVID-19"},"content":{"rendered":"<p><span style=\"color: #ff6600\"><strong><a href=\"https:\/\/www.africa-press.net\/\">Africa-Press<\/a> &#8211; <a href=\"https:\/\/www.africa-press.net\/burkina-faso\">Burkina Faso<\/a>. <\/strong><\/span><b>Le ministre de la Sant\u00e9, Pr Charlemagne Ou\u00e9draogo, a pr\u00e9sid\u00e9 le vendredi 9 avril 2021, \u00e0 Ouagadougou, la session de la validation du plan national de d\u00e9ploiement et de vaccination contre la maladie \u00e0 coronavirus.<\/b><\/p>\n<p>Cette rencontre a r\u00e9uni les membres du Comit\u00e9 national d\u2019organisation de l\u2019introduction du vaccin contre la COVID-19 au Burkina Faso. La session a permis \u00e0 Pr Ou\u00e9draogo Charlemagne et son \u00e9quipe ainsi que les partenaires techniques et financiers, d\u2019examiner et de porter des amendements au plan national de d\u00e9ploiement et de vaccination contre la COVID-19.<\/p>\n<p>Les \u00e9changes ont essentiellement port\u00e9 sur la logistique dont dispose le pays, les capacit\u00e9s du Burkina Faso \u00e0 g\u00e9rer les vaccins, les diff\u00e9rentes cibles, la strat\u00e9gie qui sera mise en place pour vacciner ces cibles et la communication.<\/p>\n<p>Apr\u00e8s les \u00e9changes et la prise en compte de quelques amendements, le plan national de d\u00e9ploiement et de vaccination contre la COVID-19 a \u00e9t\u00e9 valid\u00e9 par les participants.<\/p>\n<p><b>\u00a0<\/b><\/p>\n","protected":false},"excerpt":{"rendered":"<p>Africa-Press &#8211; Burkina Faso. Le ministre de la Sant\u00e9, Pr Charlemagne Ou\u00e9draogo, a pr\u00e9sid\u00e9 le vendredi 9 avril 2021, \u00e0 Ouagadougou, la session de la validation du plan national de d\u00e9ploiement et de vaccination contre la maladie \u00e0 coronavirus. Cette rencontre a r\u00e9uni les membres du Comit\u00e9 national d\u2019organisation de l\u2019introduction du vaccin contre la [&hellip;]<\/p>\n","protected":false},"author":82,"featured_media":9702,"comment_status":"open","ping_status":"closed","sticky":false,"template":"","format":"standard","meta":{"footnotes":""},"categories":[21,11,10],"tags":[111,725,29],"class_list":["post-9703","post","type-post","status-publish","format-standard","has-post-thumbnail","hentry","category-communaute","category-homepage-french","category-toutes-les-actualites","tag-africa-press","tag-africa-press-burkina-faso","tag-burkina-faso"],"yoast_head":"<!-- This site is optimized with the Yoast SEO Premium plugin v26.1 (Yoast SEO v27.0) - https:\/\/yoast.com\/product\/yoast-seo-premium-wordpress\/ -->\n<title>Validation du plan national de d\u00e9ploiement et de vaccination contre la COVID-19 - Burkina Faso<\/title>\n<meta name=\"description\" content=\"Le ministre de la Sant\u00e9, Pr Charlemagne Ou\u00e9draogo, a pr\u00e9sid\u00e9 le vendredi 9 avril 2021, \u00e0 Ouagadougou, la session de l ...\" \/>\n<meta name=\"robots\" content=\"index, follow, max-snippet:-1, max-image-preview:large, max-video-preview:-1\" \/>\n<link rel=\"canonical\" href=\"https:\/\/www.africa-press.net\/burkina-faso\/toutes-les-actualites\/burkina-validation-du-plan-national-de-deploiement-et-de-vaccination-contre-la-covid-19\" \/>\n<meta property=\"og:locale\" content=\"fr_FR\" \/>\n<meta property=\"og:type\" content=\"article\" \/>\n<meta property=\"og:title\" content=\"Validation du plan national de d\u00e9ploiement et de vaccination contre la COVID-19\" \/>\n<meta property=\"og:description\" content=\"Le ministre de la Sant\u00e9, Pr Charlemagne Ou\u00e9draogo, a pr\u00e9sid\u00e9 le vendredi 9 avril 2021, \u00e0 Ouagadougou, la session de l ...\" \/>\n<meta property=\"og:url\" content=\"https:\/\/www.africa-press.net\/burkina-faso\/toutes-les-actualites\/burkina-validation-du-plan-national-de-deploiement-et-de-vaccination-contre-la-covid-19\" \/>\n<meta property=\"og:site_name\" content=\"Burkina Faso\" \/>\n<meta property=\"article:published_time\" content=\"2021-04-11T11:25:26+00:00\" \/>\n<meta property=\"article:modified_time\" content=\"2021-04-11T16:27:03+00:00\" \/>\n<meta property=\"og:image\" content=\"https:\/\/static.africa-press.net\/burkina\/sites\/42\/2021\/04\/img-6072dbd6cdfe2.jpg\" \/>\n\t<meta property=\"og:image:width\" content=\"1000\" \/>\n\t<meta property=\"og:image:height\" content=\"450\" \/>\n\t<meta property=\"og:image:type\" content=\"image\/jpeg\" \/>\n<meta name=\"author\" content=\"cfeditorfr\" \/>\n<meta name=\"twitter:card\" content=\"summary_large_image\" \/>\n<meta name=\"twitter:label1\" content=\"\u00c9crit par\" \/>\n\t<meta name=\"twitter:data1\" content=\"cfeditorfr\" \/>\n\t<meta name=\"twitter:label2\" content=\"Dur\u00e9e de lecture estim\u00e9e\" \/>\n\t<meta name=\"twitter:data2\" content=\"1 minute\" \/>\n<script type=\"application\/ld+json\" class=\"yoast-schema-graph\">{\"@context\":\"https:\/\/schema.org\",\"@graph\":[{\"@type\":\"Article\",\"@id\":\"https:\/\/www.africa-press.net\/burkina-faso\/toutes-les-actualites\/burkina-validation-du-plan-national-de-deploiement-et-de-vaccination-contre-la-covid-19#article\",\"isPartOf\":{\"@id\":\"https:\/\/www.africa-press.net\/burkina-faso\/toutes-les-actualites\/burkina-validation-du-plan-national-de-deploiement-et-de-vaccination-contre-la-covid-19\"},\"author\":{\"name\":\"cfeditorfr\",\"@id\":\"https:\/\/www.africa-press.net\/burkina-faso\/#\/schema\/person\/2b1cf3cd81a31e3cd26889ca66d677f1\"},\"headline\":\"Validation du plan national de d\u00e9ploiement et de vaccination contre la COVID-19\",\"datePublished\":\"2021-04-11T11:25:26+00:00\",\"dateModified\":\"2021-04-11T16:27:03+00:00\",\"mainEntityOfPage\":{\"@id\":\"https:\/\/www.africa-press.net\/burkina-faso\/toutes-les-actualites\/burkina-validation-du-plan-national-de-deploiement-et-de-vaccination-contre-la-covid-19\"},\"wordCount\":182,\"commentCount\":0,\"image\":{\"@id\":\"https:\/\/www.africa-press.net\/burkina-faso\/toutes-les-actualites\/burkina-validation-du-plan-national-de-deploiement-et-de-vaccination-contre-la-covid-19#primaryimage\"},\"thumbnailUrl\":\"https:\/\/static.africa-press.net\/burkina\/sites\/42\/2021\/04\/img-6072dbd6cdfe2.jpg\",\"keywords\":[\"Africa Press\",\"Africa Press-Burkina Faso\",\"Burkina Faso\"],\"articleSection\":[\"Communaut\u00e9\",\"homepage-french\",\"Toutes les actualit\u00e9s\"],\"inLanguage\":\"fr-FR\",\"potentialAction\":[{\"@type\":\"CommentAction\",\"name\":\"Comment\",\"target\":[\"https:\/\/www.africa-press.net\/burkina-faso\/toutes-les-actualites\/burkina-validation-du-plan-national-de-deploiement-et-de-vaccination-contre-la-covid-19#respond\"]}]},{\"@type\":\"WebPage\",\"@id\":\"https:\/\/www.africa-press.net\/burkina-faso\/toutes-les-actualites\/burkina-validation-du-plan-national-de-deploiement-et-de-vaccination-contre-la-covid-19\",\"url\":\"https:\/\/www.africa-press.net\/burkina-faso\/toutes-les-actualites\/burkina-validation-du-plan-national-de-deploiement-et-de-vaccination-contre-la-covid-19\",\"name\":\"Validation du plan national de d\u00e9ploiement et de vaccination contre la COVID-19 - Burkina Faso\",\"isPartOf\":{\"@id\":\"https:\/\/www.africa-press.net\/burkina-faso\/#website\"},\"primaryImageOfPage\":{\"@id\":\"https:\/\/www.africa-press.net\/burkina-faso\/toutes-les-actualites\/burkina-validation-du-plan-national-de-deploiement-et-de-vaccination-contre-la-covid-19#primaryimage\"},\"image\":{\"@id\":\"https:\/\/www.africa-press.net\/burkina-faso\/toutes-les-actualites\/burkina-validation-du-plan-national-de-deploiement-et-de-vaccination-contre-la-covid-19#primaryimage\"},\"thumbnailUrl\":\"https:\/\/static.africa-press.net\/burkina\/sites\/42\/2021\/04\/img-6072dbd6cdfe2.jpg\",\"datePublished\":\"2021-04-11T11:25:26+00:00\",\"dateModified\":\"2021-04-11T16:27:03+00:00\",\"author\":{\"@id\":\"https:\/\/www.africa-press.net\/burkina-faso\/#\/schema\/person\/2b1cf3cd81a31e3cd26889ca66d677f1\"},\"description\":\"Le ministre de la Sant\u00e9, Pr Charlemagne Ou\u00e9draogo, a pr\u00e9sid\u00e9 le vendredi 9 avril 2021, \u00e0 Ouagadougou, la session de l ...\",\"breadcrumb\":{\"@id\":\"https:\/\/www.africa-press.net\/burkina-faso\/toutes-les-actualites\/burkina-validation-du-plan-national-de-deploiement-et-de-vaccination-contre-la-covid-19#breadcrumb\"},\"inLanguage\":\"fr-FR\",\"potentialAction\":[{\"@type\":\"ReadAction\",\"target\":[\"https:\/\/www.africa-press.net\/burkina-faso\/toutes-les-actualites\/burkina-validation-du-plan-national-de-deploiement-et-de-vaccination-contre-la-covid-19\"]}]},{\"@type\":\"ImageObject\",\"inLanguage\":\"fr-FR\",\"@id\":\"https:\/\/www.africa-press.net\/burkina-faso\/toutes-les-actualites\/burkina-validation-du-plan-national-de-deploiement-et-de-vaccination-contre-la-covid-19#primaryimage\",\"url\":\"https:\/\/static.africa-press.net\/burkina\/sites\/42\/2021\/04\/img-6072dbd6cdfe2.jpg\",\"contentUrl\":\"https:\/\/static.africa-press.net\/burkina\/sites\/42\/2021\/04\/img-6072dbd6cdfe2.jpg\",\"width\":1000,\"height\":450,\"caption\":\"Burkina : Validation du plan national de d\u00e9ploiement et de vaccination contre la COVID-19\"},{\"@type\":\"BreadcrumbList\",\"@id\":\"https:\/\/www.africa-press.net\/burkina-faso\/toutes-les-actualites\/burkina-validation-du-plan-national-de-deploiement-et-de-vaccination-contre-la-covid-19#breadcrumb\",\"itemListElement\":[{\"@type\":\"ListItem\",\"position\":1,\"name\":\"Accueil\",\"item\":\"https:\/\/www.africa-press.net\/burkina-faso\/\"},{\"@type\":\"ListItem\",\"position\":2,\"name\":\"Validation du plan national de d\u00e9ploiement et de vaccination contre la COVID-19\"}]},{\"@type\":\"WebSite\",\"@id\":\"https:\/\/www.africa-press.net\/burkina-faso\/#website\",\"url\":\"https:\/\/www.africa-press.net\/burkina-faso\/\",\"name\":\"Burkina Faso\",\"description\":\"Just another Africa News Agency Sites site\",\"potentialAction\":[{\"@type\":\"SearchAction\",\"target\":{\"@type\":\"EntryPoint\",\"urlTemplate\":\"https:\/\/www.africa-press.net\/burkina-faso\/?s={search_term_string}\"},\"query-input\":{\"@type\":\"PropertyValueSpecification\",\"valueRequired\":true,\"valueName\":\"search_term_string\"}}],\"inLanguage\":\"fr-FR\"},{\"@type\":\"Person\",\"@id\":\"https:\/\/www.africa-press.net\/burkina-faso\/#\/schema\/person\/2b1cf3cd81a31e3cd26889ca66d677f1\",\"name\":\"cfeditorfr\"}]}<\/script>\n<!-- \/ Yoast SEO Premium plugin. -->","yoast_head_json":{"title":"Validation du plan national de d\u00e9ploiement et de vaccination contre la COVID-19 - Burkina Faso","description":"Le ministre de la Sant\u00e9, Pr Charlemagne Ou\u00e9draogo, a pr\u00e9sid\u00e9 le vendredi 9 avril 2021, \u00e0 Ouagadougou, la session de l ...","robots":{"index":"index","follow":"follow","max-snippet":"max-snippet:-1","max-image-preview":"max-image-preview:large","max-video-preview":"max-video-preview:-1"},"canonical":"https:\/\/www.africa-press.net\/burkina-faso\/toutes-les-actualites\/burkina-validation-du-plan-national-de-deploiement-et-de-vaccination-contre-la-covid-19","og_locale":"fr_FR","og_type":"article","og_title":"Validation du plan national de d\u00e9ploiement et de vaccination contre la COVID-19","og_description":"Le ministre de la Sant\u00e9, Pr Charlemagne Ou\u00e9draogo, a pr\u00e9sid\u00e9 le vendredi 9 avril 2021, \u00e0 Ouagadougou, la session de l ...","og_url":"https:\/\/www.africa-press.net\/burkina-faso\/toutes-les-actualites\/burkina-validation-du-plan-national-de-deploiement-et-de-vaccination-contre-la-covid-19","og_site_name":"Burkina Faso","article_published_time":"2021-04-11T11:25:26+00:00","article_modified_time":"2021-04-11T16:27:03+00:00","og_image":[{"width":1000,"height":450,"url":"https:\/\/static.africa-press.net\/burkina\/sites\/42\/2021\/04\/img-6072dbd6cdfe2.jpg","type":"image\/jpeg"}],"author":"cfeditorfr","twitter_card":"summary_large_image","twitter_misc":{"\u00c9crit par":"cfeditorfr","Dur\u00e9e de lecture estim\u00e9e":"1 minute"},"schema":{"@context":"https:\/\/schema.org","@graph":[{"@type":"Article","@id":"https:\/\/www.africa-press.net\/burkina-faso\/toutes-les-actualites\/burkina-validation-du-plan-national-de-deploiement-et-de-vaccination-contre-la-covid-19#article","isPartOf":{"@id":"https:\/\/www.africa-press.net\/burkina-faso\/toutes-les-actualites\/burkina-validation-du-plan-national-de-deploiement-et-de-vaccination-contre-la-covid-19"},"author":{"name":"cfeditorfr","@id":"https:\/\/www.africa-press.net\/burkina-faso\/#\/schema\/person\/2b1cf3cd81a31e3cd26889ca66d677f1"},"headline":"Validation du plan national de d\u00e9ploiement et de vaccination contre la COVID-19","datePublished":"2021-04-11T11:25:26+00:00","dateModified":"2021-04-11T16:27:03+00:00","mainEntityOfPage":{"@id":"https:\/\/www.africa-press.net\/burkina-faso\/toutes-les-actualites\/burkina-validation-du-plan-national-de-deploiement-et-de-vaccination-contre-la-covid-19"},"wordCount":182,"commentCount":0,"image":{"@id":"https:\/\/www.africa-press.net\/burkina-faso\/toutes-les-actualites\/burkina-validation-du-plan-national-de-deploiement-et-de-vaccination-contre-la-covid-19#primaryimage"},"thumbnailUrl":"https:\/\/static.africa-press.net\/burkina\/sites\/42\/2021\/04\/img-6072dbd6cdfe2.jpg","keywords":["Africa Press","Africa Press-Burkina Faso","Burkina Faso"],"articleSection":["Communaut\u00e9","homepage-french","Toutes les actualit\u00e9s"],"inLanguage":"fr-FR","potentialAction":[{"@type":"CommentAction","name":"Comment","target":["https:\/\/www.africa-press.net\/burkina-faso\/toutes-les-actualites\/burkina-validation-du-plan-national-de-deploiement-et-de-vaccination-contre-la-covid-19#respond"]}]},{"@type":"WebPage","@id":"https:\/\/www.africa-press.net\/burkina-faso\/toutes-les-actualites\/burkina-validation-du-plan-national-de-deploiement-et-de-vaccination-contre-la-covid-19","url":"https:\/\/www.africa-press.net\/burkina-faso\/toutes-les-actualites\/burkina-validation-du-plan-national-de-deploiement-et-de-vaccination-contre-la-covid-19","name":"Validation du plan national de d\u00e9ploiement et de vaccination contre la COVID-19 - Burkina Faso","isPartOf":{"@id":"https:\/\/www.africa-press.net\/burkina-faso\/#website"},"primaryImageOfPage":{"@id":"https:\/\/www.africa-press.net\/burkina-faso\/toutes-les-actualites\/burkina-validation-du-plan-national-de-deploiement-et-de-vaccination-contre-la-covid-19#primaryimage"},"image":{"@id":"https:\/\/www.africa-press.net\/burkina-faso\/toutes-les-actualites\/burkina-validation-du-plan-national-de-deploiement-et-de-vaccination-contre-la-covid-19#primaryimage"},"thumbnailUrl":"https:\/\/static.africa-press.net\/burkina\/sites\/42\/2021\/04\/img-6072dbd6cdfe2.jpg","datePublished":"2021-04-11T11:25:26+00:00","dateModified":"2021-04-11T16:27:03+00:00","author":{"@id":"https:\/\/www.africa-press.net\/burkina-faso\/#\/schema\/person\/2b1cf3cd81a31e3cd26889ca66d677f1"},"description":"Le ministre de la Sant\u00e9, Pr Charlemagne Ou\u00e9draogo, a pr\u00e9sid\u00e9 le vendredi 9 avril 2021, \u00e0 Ouagadougou, la session de l ...","breadcrumb":{"@id":"https:\/\/www.africa-press.net\/burkina-faso\/toutes-les-actualites\/burkina-validation-du-plan-national-de-deploiement-et-de-vaccination-contre-la-covid-19#breadcrumb"},"inLanguage":"fr-FR","potentialAction":[{"@type":"ReadAction","target":["https:\/\/www.africa-press.net\/burkina-faso\/toutes-les-actualites\/burkina-validation-du-plan-national-de-deploiement-et-de-vaccination-contre-la-covid-19"]}]},{"@type":"ImageObject","inLanguage":"fr-FR","@id":"https:\/\/www.africa-press.net\/burkina-faso\/toutes-les-actualites\/burkina-validation-du-plan-national-de-deploiement-et-de-vaccination-contre-la-covid-19#primaryimage","url":"https:\/\/static.africa-press.net\/burkina\/sites\/42\/2021\/04\/img-6072dbd6cdfe2.jpg","contentUrl":"https:\/\/static.africa-press.net\/burkina\/sites\/42\/2021\/04\/img-6072dbd6cdfe2.jpg","width":1000,"height":450,"caption":"Burkina : Validation du plan national de d\u00e9ploiement et de vaccination contre la COVID-19"},{"@type":"BreadcrumbList","@id":"https:\/\/www.africa-press.net\/burkina-faso\/toutes-les-actualites\/burkina-validation-du-plan-national-de-deploiement-et-de-vaccination-contre-la-covid-19#breadcrumb","itemListElement":[{"@type":"ListItem","position":1,"name":"Accueil","item":"https:\/\/www.africa-press.net\/burkina-faso\/"},{"@type":"ListItem","position":2,"name":"Validation du plan national de d\u00e9ploiement et de vaccination contre la COVID-19"}]},{"@type":"WebSite","@id":"https:\/\/www.africa-press.net\/burkina-faso\/#website","url":"https:\/\/www.africa-press.net\/burkina-faso\/","name":"Burkina Faso","description":"Just another Africa News Agency Sites site","potentialAction":[{"@type":"SearchAction","target":{"@type":"EntryPoint","urlTemplate":"https:\/\/www.africa-press.net\/burkina-faso\/?s={search_term_string}"},"query-input":{"@type":"PropertyValueSpecification","valueRequired":true,"valueName":"search_term_string"}}],"inLanguage":"fr-FR"},{"@type":"Person","@id":"https:\/\/www.africa-press.net\/burkina-faso\/#\/schema\/person\/2b1cf3cd81a31e3cd26889ca66d677f1","name":"cfeditorfr"}]}},"_links":{"self":[{"href":"https:\/\/www.africa-press.net\/burkina-faso\/wp-json\/wp\/v2\/posts\/9703","targetHints":{"allow":["GET"]}}],"collection":[{"href":"https:\/\/www.africa-press.net\/burkina-faso\/wp-json\/wp\/v2\/posts"}],"about":[{"href":"https:\/\/www.africa-press.net\/burkina-faso\/wp-json\/wp\/v2\/types\/post"}],"author":[{"embeddable":true,"href":"https:\/\/www.africa-press.net\/burkina-faso\/wp-json\/wp\/v2\/users\/82"}],"replies":[{"embeddable":true,"href":"https:\/\/www.africa-press.net\/burkina-faso\/wp-json\/wp\/v2\/comments?post=9703"}],"version-history":[{"count":0,"href":"https:\/\/www.africa-press.net\/burkina-faso\/wp-json\/wp\/v2\/posts\/9703\/revisions"}],"wp:featuredmedia":[{"embeddable":true,"href":"https:\/\/www.africa-press.net\/burkina-faso\/wp-json\/wp\/v2\/media\/9702"}],"wp:attachment":[{"href":"https:\/\/www.africa-press.net\/burkina-faso\/wp-json\/wp\/v2\/media?parent=9703"}],"wp:term":[{"taxonomy":"category","embeddable":true,"href":"https:\/\/www.africa-press.net\/burkina-faso\/wp-json\/wp\/v2\/categories?post=9703"},{"taxonomy":"post_tag","embeddable":true,"href":"https:\/\/www.africa-press.net\/burkina-faso\/wp-json\/wp\/v2\/tags?post=9703"}],"curies":[{"name":"wp","href":"https:\/\/api.w.org\/{rel}","templated":true}]}}