{"id":9706,"date":"2021-04-11T11:31:34","date_gmt":"2021-04-11T11:31:34","guid":{"rendered":"https:\/\/www.africa-press.net\/burkina-faso\/?p=9706"},"modified":"2021-04-11T16:27:14","modified_gmt":"2021-04-11T16:27:14","slug":"lutte-contre-le-cancer-le-burkina-faso-inaugure-son-premier-centre-de-radiotherapie","status":"publish","type":"post","link":"https:\/\/www.africa-press.net\/burkina-faso\/toutes-les-actualites\/lutte-contre-le-cancer-le-burkina-faso-inaugure-son-premier-centre-de-radiotherapie","title":{"rendered":"Lutte contre le cancer : Le Burkina Faso inaugure son premier centre de radioth\u00e9rapie"},"content":{"rendered":"<p><span style=\"color: #ff6600\"><strong><a href=\"https:\/\/www.africa-press.net\/\">Africa-Press<\/a> &#8211; <a href=\"https:\/\/www.africa-press.net\/burkina-faso\">Burkina Faso<\/a>. <\/strong><\/span><b>Le pr\u00e9sident du Faso Roch Kabor\u00e9, avec \u00e0 ses c\u00f4t\u00e9s l\u2019envoy\u00e9 sp\u00e9cial de l\u2019Emir du Qatar, Sheikh Hamad Bin Nasser Al Thani, a proc\u00e9d\u00e9 \u00e0 l\u2019inauguration du centre de radioth\u00e9rapie de Bogodogo ce vendredi 9 avril 2021. Ce centre vient compl\u00e9ter le dispositif de prise en charge des cancers au Burkina au grand soulagement des malades.<\/b><\/p>\n<p>Ce centre, fruit de la coop\u00e9ration entre le Burkina Faso et le Qatar \u00e0 travers le Fonds qatari pour le d\u00e9veloppement, a co\u00fbt\u00e9 huit milliards de FCFA et est compos\u00e9 d\u2019\u00e9quipements de pointe de radioth\u00e9rapie. Finies donc les \u00e9vacuations sanitaires hors du pays pour radioth\u00e9rapie, pourrait-on dire. Le ministre de la Sant\u00e9, Pr Charlemagne Ou\u00e9draogo, a en effet indiqu\u00e9 qu\u2019elle constitue la premi\u00e8re cause d\u2019\u00e9vacuation sanitaire hors du Burkina.<\/p>\n<p>A titre illustratif, au premier trimestre 2021, sur 23 \u00e9vacuations sanitaires, treize l\u2019ont \u00e9t\u00e9 pour radioth\u00e9rapie. Ces \u00e9vacuations, selon Pr Nayi Zongo de la coalition burkinab\u00e8 contre le cancer, co\u00fbtent en moyenne entre 600 000 F CFA et 5 000 000 F CFA et cela sans compter le prix du billet d\u2019avion, l\u2019h\u00e9bergement et l\u2019alimentation durant le s\u00e9jour. Mis ensemble, cela peut revenir \u00e0 pr\u00e8s de huit millions de F CFA pour le patient. Un co\u00fbt support\u00e9 par l\u2019Etat ou par la famille.<\/p>\n<p>Le centre de radioth\u00e9rapie de Bogodogo est donc un ouf de soulagement aussi bien pour les patients que pour l\u2019Etat et les familles, comme l\u2019ont soulign\u00e9 le ministre de la Sant\u00e9 et le Pr Nayi Zongo de la coalition de lutte contre le cancer. \u00ab Avant l\u2019ouverture de ce centre, sur 100 malades qui avaient besoin de radioth\u00e9rapie, il y a peut-\u00eatre deux qui pourront la faire. Ils pourront la faire soit parce que leurs familles sont capables de les faire partir dans d\u2019autres pays qui disposent de la radioth\u00e9rapie, soit parce qu\u2019ils ont b\u00e9n\u00e9fici\u00e9 d\u2019une \u00e9vacuation de la part du minist\u00e8re de la Sant\u00e9. Les 98% restaient sans radioth\u00e9rapie, malgr\u00e9 le besoin de ce traitement. Avoir ce centre de radioth\u00e9rapie est donc une grande joie pour la coalition burkinab\u00e8 contre le cancer et pour toute la population \u00bb, a indiqu\u00e9 Pr Zongo. Dans ce centre, une soixantaine de patients pourraient \u00eatre pris en charge chaque jour.<\/p>\n<p>Si le probl\u00e8me d\u2019accessibilit\u00e9 g\u00e9ographique \u00e0 la radioth\u00e9rapie est r\u00e9gl\u00e9, il reste celui de l\u2019accessibilit\u00e9 financi\u00e8re. Prenant la parole au nom des b\u00e9n\u00e9ficiaires, Pr Nayi Zongo a plaid\u00e9 pour que le co\u00fbt de la radioth\u00e9rapie soit accessible. Sur ce point, le pr\u00e9sident du Faso Roch Kabor\u00e9 a rassur\u00e9 que des r\u00e9flexions seront men\u00e9es pour permettre \u00e0 tous ceux qui en ont besoin, d\u2019y avoir acc\u00e8s.<\/p>\n<p>\u00ab Nous avons instruit pour qu\u2019une r\u00e9flexion soit men\u00e9e l\u00e0-dessus, afin que nous puissions permettre aussi bien \u00e0 ceux qui ont les moyens, qu\u2019\u00e0 ceux qui ne l\u2019ont pas, de pouvoir se soigner au niveau de ce centre. Donc c\u2019est une question sur laquelle nous allons revenir et essayer de trouver des solutions, parce que la lutte contre le cancer est une question fondamentale dans notre pays \u00bb, a indiqu\u00e9 le pr\u00e9sident du Faso.<\/p>\n<p>En vue d\u2019assurer la d\u00e9centralisation de l\u2019offre de service en radioth\u00e9rapie, le pr\u00e9sident du Faso a indiqu\u00e9 qu\u2019apr\u00e8s celui de Bogodogo \u00e0 Ouagadougou, dans les mois \u00e0 venir les travaux pour la construction \u00e0 Bobo-Dioulasso d\u2019un centre de radioth\u00e9rapie d\u00e9marreront. Le financement pour cela a d\u00e9j\u00e0 \u00e9t\u00e9 boucl\u00e9. Il ajoute que des financements seront mobilis\u00e9s pour achever le centre de canc\u00e9rologie de Tengandogo dont les travaux sont \u00e0 un niveau avanc\u00e9.<\/p>\n<p>Roch Kabor\u00e9 n\u2019a pas manqu\u00e9 d\u2019inviter les populations \u00e0 adh\u00e9rer aux campagnes de d\u00e9pistage des cancers, \u00ab car les cancers se gu\u00e9rissent si et seulement si, ils sont diagnostiqu\u00e9s t\u00f4t pour une prise en charge pr\u00e9coce et efficace \u00bb.<\/p>\n<p><b>\u00a0<\/b><\/p>\n","protected":false},"excerpt":{"rendered":"<p>Africa-Press &#8211; Burkina Faso. Le pr\u00e9sident du Faso Roch Kabor\u00e9, avec \u00e0 ses c\u00f4t\u00e9s l\u2019envoy\u00e9 sp\u00e9cial de l\u2019Emir du Qatar, Sheikh Hamad Bin Nasser Al Thani, a proc\u00e9d\u00e9 \u00e0 l\u2019inauguration du centre de radioth\u00e9rapie de Bogodogo ce vendredi 9 avril 2021. Ce centre vient compl\u00e9ter le dispositif de prise en charge des cancers au Burkina [&hellip;]<\/p>\n","protected":false},"author":82,"featured_media":9705,"comment_status":"open","ping_status":"closed","sticky":false,"template":"","format":"standard","meta":{"footnotes":""},"categories":[21,11,10],"tags":[111,725,29],"class_list":["post-9706","post","type-post","status-publish","format-standard","has-post-thumbnail","hentry","category-communaute","category-homepage-french","category-toutes-les-actualites","tag-africa-press","tag-africa-press-burkina-faso","tag-burkina-faso"],"yoast_head":"<!-- This site is optimized with the Yoast SEO Premium plugin v26.1 (Yoast SEO v27.0) - https:\/\/yoast.com\/product\/yoast-seo-premium-wordpress\/ -->\n<title>Lutte contre le cancer : Le Burkina Faso inaugure son premier centre de radioth\u00e9rapie - Burkina Faso<\/title>\n<meta name=\"description\" content=\"Le pr\u00e9sident du Faso Roch Kabor\u00e9, avec \u00e0 ses c\u00f4t\u00e9s l\u2019envoy\u00e9 sp\u00e9cial de l\u2019Emir du Qatar, Sheikh Hamad Bin Nasser Al Th ...\" \/>\n<meta name=\"robots\" content=\"index, follow, max-snippet:-1, max-image-preview:large, max-video-preview:-1\" \/>\n<link rel=\"canonical\" href=\"https:\/\/www.africa-press.net\/burkina-faso\/toutes-les-actualites\/lutte-contre-le-cancer-le-burkina-faso-inaugure-son-premier-centre-de-radiotherapie\" \/>\n<meta property=\"og:locale\" content=\"fr_FR\" \/>\n<meta property=\"og:type\" content=\"article\" \/>\n<meta property=\"og:title\" content=\"Lutte contre le cancer : Le Burkina Faso inaugure son premier centre de radioth\u00e9rapie\" \/>\n<meta property=\"og:description\" content=\"Le pr\u00e9sident du Faso Roch Kabor\u00e9, avec \u00e0 ses c\u00f4t\u00e9s l\u2019envoy\u00e9 sp\u00e9cial de l\u2019Emir du Qatar, Sheikh Hamad Bin Nasser Al Th ...\" \/>\n<meta property=\"og:url\" content=\"https:\/\/www.africa-press.net\/burkina-faso\/toutes-les-actualites\/lutte-contre-le-cancer-le-burkina-faso-inaugure-son-premier-centre-de-radiotherapie\" \/>\n<meta property=\"og:site_name\" content=\"Burkina Faso\" \/>\n<meta property=\"article:published_time\" content=\"2021-04-11T11:31:34+00:00\" \/>\n<meta property=\"article:modified_time\" content=\"2021-04-11T16:27:14+00:00\" \/>\n<meta property=\"og:image\" content=\"https:\/\/static.africa-press.net\/burkina\/sites\/42\/2021\/04\/img-6072dc2710bbe.jpg\" \/>\n\t<meta property=\"og:image:width\" content=\"720\" \/>\n\t<meta property=\"og:image:height\" content=\"388\" \/>\n\t<meta property=\"og:image:type\" content=\"image\/jpeg\" \/>\n<meta name=\"author\" content=\"cfeditorfr\" \/>\n<meta name=\"twitter:card\" content=\"summary_large_image\" \/>\n<meta name=\"twitter:label1\" content=\"\u00c9crit par\" \/>\n\t<meta name=\"twitter:data1\" content=\"cfeditorfr\" \/>\n\t<meta name=\"twitter:label2\" content=\"Dur\u00e9e de lecture estim\u00e9e\" \/>\n\t<meta name=\"twitter:data2\" content=\"3 minutes\" \/>\n<script type=\"application\/ld+json\" class=\"yoast-schema-graph\">{\"@context\":\"https:\/\/schema.org\",\"@graph\":[{\"@type\":\"Article\",\"@id\":\"https:\/\/www.africa-press.net\/burkina-faso\/toutes-les-actualites\/lutte-contre-le-cancer-le-burkina-faso-inaugure-son-premier-centre-de-radiotherapie#article\",\"isPartOf\":{\"@id\":\"https:\/\/www.africa-press.net\/burkina-faso\/toutes-les-actualites\/lutte-contre-le-cancer-le-burkina-faso-inaugure-son-premier-centre-de-radiotherapie\"},\"author\":{\"name\":\"cfeditorfr\",\"@id\":\"https:\/\/www.africa-press.net\/burkina-faso\/#\/schema\/person\/2b1cf3cd81a31e3cd26889ca66d677f1\"},\"headline\":\"Lutte contre le cancer : Le Burkina Faso inaugure son premier centre de radioth\u00e9rapie\",\"datePublished\":\"2021-04-11T11:31:34+00:00\",\"dateModified\":\"2021-04-11T16:27:14+00:00\",\"mainEntityOfPage\":{\"@id\":\"https:\/\/www.africa-press.net\/burkina-faso\/toutes-les-actualites\/lutte-contre-le-cancer-le-burkina-faso-inaugure-son-premier-centre-de-radiotherapie\"},\"wordCount\":693,\"commentCount\":0,\"image\":{\"@id\":\"https:\/\/www.africa-press.net\/burkina-faso\/toutes-les-actualites\/lutte-contre-le-cancer-le-burkina-faso-inaugure-son-premier-centre-de-radiotherapie#primaryimage\"},\"thumbnailUrl\":\"https:\/\/static.africa-press.net\/burkina\/sites\/42\/2021\/04\/img-6072dc2710bbe.jpg\",\"keywords\":[\"Africa Press\",\"Africa Press-Burkina Faso\",\"Burkina Faso\"],\"articleSection\":[\"Communaut\u00e9\",\"homepage-french\",\"Toutes les actualit\u00e9s\"],\"inLanguage\":\"fr-FR\",\"potentialAction\":[{\"@type\":\"CommentAction\",\"name\":\"Comment\",\"target\":[\"https:\/\/www.africa-press.net\/burkina-faso\/toutes-les-actualites\/lutte-contre-le-cancer-le-burkina-faso-inaugure-son-premier-centre-de-radiotherapie#respond\"]}]},{\"@type\":\"WebPage\",\"@id\":\"https:\/\/www.africa-press.net\/burkina-faso\/toutes-les-actualites\/lutte-contre-le-cancer-le-burkina-faso-inaugure-son-premier-centre-de-radiotherapie\",\"url\":\"https:\/\/www.africa-press.net\/burkina-faso\/toutes-les-actualites\/lutte-contre-le-cancer-le-burkina-faso-inaugure-son-premier-centre-de-radiotherapie\",\"name\":\"Lutte contre le cancer : Le Burkina Faso inaugure son premier centre de radioth\u00e9rapie - Burkina Faso\",\"isPartOf\":{\"@id\":\"https:\/\/www.africa-press.net\/burkina-faso\/#website\"},\"primaryImageOfPage\":{\"@id\":\"https:\/\/www.africa-press.net\/burkina-faso\/toutes-les-actualites\/lutte-contre-le-cancer-le-burkina-faso-inaugure-son-premier-centre-de-radiotherapie#primaryimage\"},\"image\":{\"@id\":\"https:\/\/www.africa-press.net\/burkina-faso\/toutes-les-actualites\/lutte-contre-le-cancer-le-burkina-faso-inaugure-son-premier-centre-de-radiotherapie#primaryimage\"},\"thumbnailUrl\":\"https:\/\/static.africa-press.net\/burkina\/sites\/42\/2021\/04\/img-6072dc2710bbe.jpg\",\"datePublished\":\"2021-04-11T11:31:34+00:00\",\"dateModified\":\"2021-04-11T16:27:14+00:00\",\"author\":{\"@id\":\"https:\/\/www.africa-press.net\/burkina-faso\/#\/schema\/person\/2b1cf3cd81a31e3cd26889ca66d677f1\"},\"description\":\"Le pr\u00e9sident du Faso Roch Kabor\u00e9, avec \u00e0 ses c\u00f4t\u00e9s l\u2019envoy\u00e9 sp\u00e9cial de l\u2019Emir du Qatar, Sheikh Hamad Bin Nasser Al Th ...\",\"breadcrumb\":{\"@id\":\"https:\/\/www.africa-press.net\/burkina-faso\/toutes-les-actualites\/lutte-contre-le-cancer-le-burkina-faso-inaugure-son-premier-centre-de-radiotherapie#breadcrumb\"},\"inLanguage\":\"fr-FR\",\"potentialAction\":[{\"@type\":\"ReadAction\",\"target\":[\"https:\/\/www.africa-press.net\/burkina-faso\/toutes-les-actualites\/lutte-contre-le-cancer-le-burkina-faso-inaugure-son-premier-centre-de-radiotherapie\"]}]},{\"@type\":\"ImageObject\",\"inLanguage\":\"fr-FR\",\"@id\":\"https:\/\/www.africa-press.net\/burkina-faso\/toutes-les-actualites\/lutte-contre-le-cancer-le-burkina-faso-inaugure-son-premier-centre-de-radiotherapie#primaryimage\",\"url\":\"https:\/\/static.africa-press.net\/burkina\/sites\/42\/2021\/04\/img-6072dc2710bbe.jpg\",\"contentUrl\":\"https:\/\/static.africa-press.net\/burkina\/sites\/42\/2021\/04\/img-6072dc2710bbe.jpg\",\"width\":720,\"height\":388,\"caption\":\"Lutte contre le cancer : Le Burkina Faso inaugure son premier centre de radioth\u00e9rapie\"},{\"@type\":\"BreadcrumbList\",\"@id\":\"https:\/\/www.africa-press.net\/burkina-faso\/toutes-les-actualites\/lutte-contre-le-cancer-le-burkina-faso-inaugure-son-premier-centre-de-radiotherapie#breadcrumb\",\"itemListElement\":[{\"@type\":\"ListItem\",\"position\":1,\"name\":\"Accueil\",\"item\":\"https:\/\/www.africa-press.net\/burkina-faso\/\"},{\"@type\":\"ListItem\",\"position\":2,\"name\":\"Lutte contre le cancer : Le Burkina Faso inaugure son premier centre de radioth\u00e9rapie\"}]},{\"@type\":\"WebSite\",\"@id\":\"https:\/\/www.africa-press.net\/burkina-faso\/#website\",\"url\":\"https:\/\/www.africa-press.net\/burkina-faso\/\",\"name\":\"Burkina Faso\",\"description\":\"Just another Africa News Agency Sites site\",\"potentialAction\":[{\"@type\":\"SearchAction\",\"target\":{\"@type\":\"EntryPoint\",\"urlTemplate\":\"https:\/\/www.africa-press.net\/burkina-faso\/?s={search_term_string}\"},\"query-input\":{\"@type\":\"PropertyValueSpecification\",\"valueRequired\":true,\"valueName\":\"search_term_string\"}}],\"inLanguage\":\"fr-FR\"},{\"@type\":\"Person\",\"@id\":\"https:\/\/www.africa-press.net\/burkina-faso\/#\/schema\/person\/2b1cf3cd81a31e3cd26889ca66d677f1\",\"name\":\"cfeditorfr\"}]}<\/script>\n<!-- \/ Yoast SEO Premium plugin. -->","yoast_head_json":{"title":"Lutte contre le cancer : Le Burkina Faso inaugure son premier centre de radioth\u00e9rapie - Burkina Faso","description":"Le pr\u00e9sident du Faso Roch Kabor\u00e9, avec \u00e0 ses c\u00f4t\u00e9s l\u2019envoy\u00e9 sp\u00e9cial de l\u2019Emir du Qatar, Sheikh Hamad Bin Nasser Al Th ...","robots":{"index":"index","follow":"follow","max-snippet":"max-snippet:-1","max-image-preview":"max-image-preview:large","max-video-preview":"max-video-preview:-1"},"canonical":"https:\/\/www.africa-press.net\/burkina-faso\/toutes-les-actualites\/lutte-contre-le-cancer-le-burkina-faso-inaugure-son-premier-centre-de-radiotherapie","og_locale":"fr_FR","og_type":"article","og_title":"Lutte contre le cancer : Le Burkina Faso inaugure son premier centre de radioth\u00e9rapie","og_description":"Le pr\u00e9sident du Faso Roch Kabor\u00e9, avec \u00e0 ses c\u00f4t\u00e9s l\u2019envoy\u00e9 sp\u00e9cial de l\u2019Emir du Qatar, Sheikh Hamad Bin Nasser Al Th ...","og_url":"https:\/\/www.africa-press.net\/burkina-faso\/toutes-les-actualites\/lutte-contre-le-cancer-le-burkina-faso-inaugure-son-premier-centre-de-radiotherapie","og_site_name":"Burkina Faso","article_published_time":"2021-04-11T11:31:34+00:00","article_modified_time":"2021-04-11T16:27:14+00:00","og_image":[{"width":720,"height":388,"url":"https:\/\/static.africa-press.net\/burkina\/sites\/42\/2021\/04\/img-6072dc2710bbe.jpg","type":"image\/jpeg"}],"author":"cfeditorfr","twitter_card":"summary_large_image","twitter_misc":{"\u00c9crit par":"cfeditorfr","Dur\u00e9e de lecture estim\u00e9e":"3 minutes"},"schema":{"@context":"https:\/\/schema.org","@graph":[{"@type":"Article","@id":"https:\/\/www.africa-press.net\/burkina-faso\/toutes-les-actualites\/lutte-contre-le-cancer-le-burkina-faso-inaugure-son-premier-centre-de-radiotherapie#article","isPartOf":{"@id":"https:\/\/www.africa-press.net\/burkina-faso\/toutes-les-actualites\/lutte-contre-le-cancer-le-burkina-faso-inaugure-son-premier-centre-de-radiotherapie"},"author":{"name":"cfeditorfr","@id":"https:\/\/www.africa-press.net\/burkina-faso\/#\/schema\/person\/2b1cf3cd81a31e3cd26889ca66d677f1"},"headline":"Lutte contre le cancer : Le Burkina Faso inaugure son premier centre de radioth\u00e9rapie","datePublished":"2021-04-11T11:31:34+00:00","dateModified":"2021-04-11T16:27:14+00:00","mainEntityOfPage":{"@id":"https:\/\/www.africa-press.net\/burkina-faso\/toutes-les-actualites\/lutte-contre-le-cancer-le-burkina-faso-inaugure-son-premier-centre-de-radiotherapie"},"wordCount":693,"commentCount":0,"image":{"@id":"https:\/\/www.africa-press.net\/burkina-faso\/toutes-les-actualites\/lutte-contre-le-cancer-le-burkina-faso-inaugure-son-premier-centre-de-radiotherapie#primaryimage"},"thumbnailUrl":"https:\/\/static.africa-press.net\/burkina\/sites\/42\/2021\/04\/img-6072dc2710bbe.jpg","keywords":["Africa Press","Africa Press-Burkina Faso","Burkina Faso"],"articleSection":["Communaut\u00e9","homepage-french","Toutes les actualit\u00e9s"],"inLanguage":"fr-FR","potentialAction":[{"@type":"CommentAction","name":"Comment","target":["https:\/\/www.africa-press.net\/burkina-faso\/toutes-les-actualites\/lutte-contre-le-cancer-le-burkina-faso-inaugure-son-premier-centre-de-radiotherapie#respond"]}]},{"@type":"WebPage","@id":"https:\/\/www.africa-press.net\/burkina-faso\/toutes-les-actualites\/lutte-contre-le-cancer-le-burkina-faso-inaugure-son-premier-centre-de-radiotherapie","url":"https:\/\/www.africa-press.net\/burkina-faso\/toutes-les-actualites\/lutte-contre-le-cancer-le-burkina-faso-inaugure-son-premier-centre-de-radiotherapie","name":"Lutte contre le cancer : Le Burkina Faso inaugure son premier centre de radioth\u00e9rapie - Burkina Faso","isPartOf":{"@id":"https:\/\/www.africa-press.net\/burkina-faso\/#website"},"primaryImageOfPage":{"@id":"https:\/\/www.africa-press.net\/burkina-faso\/toutes-les-actualites\/lutte-contre-le-cancer-le-burkina-faso-inaugure-son-premier-centre-de-radiotherapie#primaryimage"},"image":{"@id":"https:\/\/www.africa-press.net\/burkina-faso\/toutes-les-actualites\/lutte-contre-le-cancer-le-burkina-faso-inaugure-son-premier-centre-de-radiotherapie#primaryimage"},"thumbnailUrl":"https:\/\/static.africa-press.net\/burkina\/sites\/42\/2021\/04\/img-6072dc2710bbe.jpg","datePublished":"2021-04-11T11:31:34+00:00","dateModified":"2021-04-11T16:27:14+00:00","author":{"@id":"https:\/\/www.africa-press.net\/burkina-faso\/#\/schema\/person\/2b1cf3cd81a31e3cd26889ca66d677f1"},"description":"Le pr\u00e9sident du Faso Roch Kabor\u00e9, avec \u00e0 ses c\u00f4t\u00e9s l\u2019envoy\u00e9 sp\u00e9cial de l\u2019Emir du Qatar, Sheikh Hamad Bin Nasser Al Th ...","breadcrumb":{"@id":"https:\/\/www.africa-press.net\/burkina-faso\/toutes-les-actualites\/lutte-contre-le-cancer-le-burkina-faso-inaugure-son-premier-centre-de-radiotherapie#breadcrumb"},"inLanguage":"fr-FR","potentialAction":[{"@type":"ReadAction","target":["https:\/\/www.africa-press.net\/burkina-faso\/toutes-les-actualites\/lutte-contre-le-cancer-le-burkina-faso-inaugure-son-premier-centre-de-radiotherapie"]}]},{"@type":"ImageObject","inLanguage":"fr-FR","@id":"https:\/\/www.africa-press.net\/burkina-faso\/toutes-les-actualites\/lutte-contre-le-cancer-le-burkina-faso-inaugure-son-premier-centre-de-radiotherapie#primaryimage","url":"https:\/\/static.africa-press.net\/burkina\/sites\/42\/2021\/04\/img-6072dc2710bbe.jpg","contentUrl":"https:\/\/static.africa-press.net\/burkina\/sites\/42\/2021\/04\/img-6072dc2710bbe.jpg","width":720,"height":388,"caption":"Lutte contre le cancer : Le Burkina Faso inaugure son premier centre de radioth\u00e9rapie"},{"@type":"BreadcrumbList","@id":"https:\/\/www.africa-press.net\/burkina-faso\/toutes-les-actualites\/lutte-contre-le-cancer-le-burkina-faso-inaugure-son-premier-centre-de-radiotherapie#breadcrumb","itemListElement":[{"@type":"ListItem","position":1,"name":"Accueil","item":"https:\/\/www.africa-press.net\/burkina-faso\/"},{"@type":"ListItem","position":2,"name":"Lutte contre le cancer : Le Burkina Faso inaugure son premier centre de radioth\u00e9rapie"}]},{"@type":"WebSite","@id":"https:\/\/www.africa-press.net\/burkina-faso\/#website","url":"https:\/\/www.africa-press.net\/burkina-faso\/","name":"Burkina Faso","description":"Just another Africa News Agency Sites site","potentialAction":[{"@type":"SearchAction","target":{"@type":"EntryPoint","urlTemplate":"https:\/\/www.africa-press.net\/burkina-faso\/?s={search_term_string}"},"query-input":{"@type":"PropertyValueSpecification","valueRequired":true,"valueName":"search_term_string"}}],"inLanguage":"fr-FR"},{"@type":"Person","@id":"https:\/\/www.africa-press.net\/burkina-faso\/#\/schema\/person\/2b1cf3cd81a31e3cd26889ca66d677f1","name":"cfeditorfr"}]}},"_links":{"self":[{"href":"https:\/\/www.africa-press.net\/burkina-faso\/wp-json\/wp\/v2\/posts\/9706","targetHints":{"allow":["GET"]}}],"collection":[{"href":"https:\/\/www.africa-press.net\/burkina-faso\/wp-json\/wp\/v2\/posts"}],"about":[{"href":"https:\/\/www.africa-press.net\/burkina-faso\/wp-json\/wp\/v2\/types\/post"}],"author":[{"embeddable":true,"href":"https:\/\/www.africa-press.net\/burkina-faso\/wp-json\/wp\/v2\/users\/82"}],"replies":[{"embeddable":true,"href":"https:\/\/www.africa-press.net\/burkina-faso\/wp-json\/wp\/v2\/comments?post=9706"}],"version-history":[{"count":0,"href":"https:\/\/www.africa-press.net\/burkina-faso\/wp-json\/wp\/v2\/posts\/9706\/revisions"}],"wp:featuredmedia":[{"embeddable":true,"href":"https:\/\/www.africa-press.net\/burkina-faso\/wp-json\/wp\/v2\/media\/9705"}],"wp:attachment":[{"href":"https:\/\/www.africa-press.net\/burkina-faso\/wp-json\/wp\/v2\/media?parent=9706"}],"wp:term":[{"taxonomy":"category","embeddable":true,"href":"https:\/\/www.africa-press.net\/burkina-faso\/wp-json\/wp\/v2\/categories?post=9706"},{"taxonomy":"post_tag","embeddable":true,"href":"https:\/\/www.africa-press.net\/burkina-faso\/wp-json\/wp\/v2\/tags?post=9706"}],"curies":[{"name":"wp","href":"https:\/\/api.w.org\/{rel}","templated":true}]}}