{"id":9709,"date":"2021-04-11T11:43:27","date_gmt":"2021-04-11T11:43:27","guid":{"rendered":"https:\/\/www.africa-press.net\/burkina-faso\/?p=9709"},"modified":"2021-04-17T12:27:05","modified_gmt":"2021-04-17T12:27:05","slug":"enfants-en-situation-de-rue-un-vernissage-pour-dire-quune-autre-vie-est-possible","status":"publish","type":"post","link":"https:\/\/www.africa-press.net\/burkina-faso\/homepage-french\/enfants-en-situation-de-rue-un-vernissage-pour-dire-quune-autre-vie-est-possible","title":{"rendered":"Enfants en situation de rue : Un vernissage pour dire qu&rsquo;une autre vie est possible"},"content":{"rendered":"<p><span style=\"color: #ff6600\"><strong><a href=\"https:\/\/www.africa-press.net\/\">Africa-Press<\/a> &#8211; <a href=\"https:\/\/www.africa-press.net\/burkina-faso\">Burkina Faso<\/a>. <\/strong><\/span>La journaliste-photographe Anne Mimault de Reuters a pr\u00e9sent\u00e9, le vendredi 9 avril 2021, \u00e0 l\u2019Institut fran\u00e7ais de Ouagadougou, un vernissage sur les photos des enfants en situation de rue. Pour elle, c\u2019est une fa\u00e7on de les encourager \u00e0 r\u00eaver d\u2019un lendemain meilleur.<\/p>\n<p>Enfants en situation de rue, une autre vie est possible. C\u2019est ce qu\u2019exprime le vernissage de la journaliste-photographe Anne Mimault de l\u2019agence de presse Reuters. L\u2019exposition des photos a lieu au centre culturel fran\u00e7ais de Ouagadougou. Pour la promotrice, il s\u2019agit de montrer le cheminement de la vie des m\u00f4mes. Elle veut indiquer l\u2019image que les enfants renvoient \u00e0 la soci\u00e9t\u00e9. Ceci, pour leur faire comprendre qu\u2019ils peuvent r\u00e9ussir.<\/p>\n<p>La journaliste est convaincue qu\u2019\u00eatre dans la rue n\u2019est pas une finalit\u00e9. Cela ne les emp\u00eache pas de r\u00eaver grand. Toutefois note-t-elle, ils ont besoin d\u2019un coup de pouce. Ils doivent avoir les m\u00eames chances que les autres enfants. Pour cela, ils ne sont pas seuls. Un groupe de trois organisations travaille \u00e0 leur venir en aide. C\u2019est le collectif d\u2019associations d\u2019aide et de soutien aux enfants d\u00e9favoris\u00e9s. Le vernissage a lieu avec leur concours.<\/p>\n<p>Pour le repr\u00e9sentant du collectif, Dossa K. Toussaint, la situation que les enfants vivent ne peut les laisser indiff\u00e9rents. Ils se sont donc donn\u00e9 pour mission de leur apporter quelque chose. Pour l\u2019occasion, r\u00e9v\u00e8le-t-il, ce sont une soixantaine d\u2019enfants qui sont sortis de la rue. Ils sont r\u00e9ins\u00e9r\u00e9s selon lui dans la soci\u00e9t\u00e9, dans leurs familles. Certains prennent le chemin de l\u2019\u00e9cole classique, d\u2019autres la formation professionnelle. Chacun d\u2019entre eux a des r\u00eaves aujourd\u2019hui. Les uns veulent devenir m\u00e9decin, enseignant et d\u2019autre conducteur de gros engins&#8230;<\/p>\n<p>Les photos retracent leur milieu de vie et leurs r\u00eaves. Pour l\u2019occasion, le public n\u2019a pas marchand\u00e9 sa pr\u00e9sence. L\u2019exposition a lieu jusqu\u2019au 30 avril 2021.<\/p>\n<p><b>\u00a0<\/b><\/p>\n","protected":false},"excerpt":{"rendered":"<p>Africa-Press &#8211; Burkina Faso. La journaliste-photographe Anne Mimault de Reuters a pr\u00e9sent\u00e9, le vendredi 9 avril 2021, \u00e0 l\u2019Institut fran\u00e7ais de Ouagadougou, un vernissage sur les photos des enfants en situation de rue. Pour elle, c\u2019est une fa\u00e7on de les encourager \u00e0 r\u00eaver d\u2019un lendemain meilleur. Enfants en situation de rue, une autre vie est [&hellip;]<\/p>\n","protected":false},"author":82,"featured_media":9708,"comment_status":"open","ping_status":"closed","sticky":false,"template":"","format":"standard","meta":{"footnotes":""},"categories":[11,2,10],"tags":[111,725,29],"class_list":["post-9709","post","type-post","status-publish","format-standard","has-post-thumbnail","hentry","category-homepage-french","category-politique","category-toutes-les-actualites","tag-africa-press","tag-africa-press-burkina-faso","tag-burkina-faso"],"yoast_head":"<!-- This site is optimized with the Yoast SEO Premium plugin v26.1 (Yoast SEO v27.0) - https:\/\/yoast.com\/product\/yoast-seo-premium-wordpress\/ -->\n<title>Enfants en situation de rue : Un vernissage pour dire qu&#039;une autre vie est possible - Burkina Faso<\/title>\n<meta name=\"description\" content=\"La journaliste-photographe Anne Mimault de Reuters a pr\u00e9sent\u00e9, le vendredi 9 avril 2021, \u00e0 l\u2019Institut fran\u00e7ais de Ouagad ...\" \/>\n<meta name=\"robots\" content=\"index, follow, max-snippet:-1, max-image-preview:large, max-video-preview:-1\" \/>\n<link rel=\"canonical\" href=\"https:\/\/www.africa-press.net\/burkina-faso\/homepage-french\/enfants-en-situation-de-rue-un-vernissage-pour-dire-quune-autre-vie-est-possible\" \/>\n<meta property=\"og:locale\" content=\"fr_FR\" \/>\n<meta property=\"og:type\" content=\"article\" \/>\n<meta property=\"og:title\" content=\"Enfants en situation de rue : Un vernissage pour dire qu&#039;une autre vie est possible\" \/>\n<meta property=\"og:description\" content=\"La journaliste-photographe Anne Mimault de Reuters a pr\u00e9sent\u00e9, le vendredi 9 avril 2021, \u00e0 l\u2019Institut fran\u00e7ais de Ouagad ...\" \/>\n<meta property=\"og:url\" content=\"https:\/\/www.africa-press.net\/burkina-faso\/homepage-french\/enfants-en-situation-de-rue-un-vernissage-pour-dire-quune-autre-vie-est-possible\" \/>\n<meta property=\"og:site_name\" content=\"Burkina Faso\" \/>\n<meta property=\"article:published_time\" content=\"2021-04-11T11:43:27+00:00\" \/>\n<meta property=\"article:modified_time\" content=\"2021-04-17T12:27:05+00:00\" \/>\n<meta property=\"og:image\" content=\"https:\/\/static.africa-press.net\/burkina\/sites\/42\/2021\/04\/img-6072dc59b300a.jpg\" \/>\n\t<meta property=\"og:image:width\" content=\"960\" \/>\n\t<meta property=\"og:image:height\" content=\"540\" \/>\n\t<meta property=\"og:image:type\" content=\"image\/jpeg\" \/>\n<meta name=\"author\" content=\"cfeditorfr\" \/>\n<meta name=\"twitter:card\" content=\"summary_large_image\" \/>\n<meta name=\"twitter:label1\" content=\"\u00c9crit par\" \/>\n\t<meta name=\"twitter:data1\" content=\"cfeditorfr\" \/>\n\t<meta name=\"twitter:label2\" content=\"Dur\u00e9e de lecture estim\u00e9e\" \/>\n\t<meta name=\"twitter:data2\" content=\"2 minutes\" \/>\n<script type=\"application\/ld+json\" class=\"yoast-schema-graph\">{\"@context\":\"https:\/\/schema.org\",\"@graph\":[{\"@type\":\"Article\",\"@id\":\"https:\/\/www.africa-press.net\/burkina-faso\/homepage-french\/enfants-en-situation-de-rue-un-vernissage-pour-dire-quune-autre-vie-est-possible#article\",\"isPartOf\":{\"@id\":\"https:\/\/www.africa-press.net\/burkina-faso\/homepage-french\/enfants-en-situation-de-rue-un-vernissage-pour-dire-quune-autre-vie-est-possible\"},\"author\":{\"name\":\"cfeditorfr\",\"@id\":\"https:\/\/www.africa-press.net\/burkina-faso\/#\/schema\/person\/2b1cf3cd81a31e3cd26889ca66d677f1\"},\"headline\":\"Enfants en situation de rue : Un vernissage pour dire qu&rsquo;une autre vie est possible\",\"datePublished\":\"2021-04-11T11:43:27+00:00\",\"dateModified\":\"2021-04-17T12:27:05+00:00\",\"mainEntityOfPage\":{\"@id\":\"https:\/\/www.africa-press.net\/burkina-faso\/homepage-french\/enfants-en-situation-de-rue-un-vernissage-pour-dire-quune-autre-vie-est-possible\"},\"wordCount\":361,\"commentCount\":0,\"image\":{\"@id\":\"https:\/\/www.africa-press.net\/burkina-faso\/homepage-french\/enfants-en-situation-de-rue-un-vernissage-pour-dire-quune-autre-vie-est-possible#primaryimage\"},\"thumbnailUrl\":\"https:\/\/static.africa-press.net\/burkina\/sites\/42\/2021\/04\/img-6072dc59b300a.jpg\",\"keywords\":[\"Africa Press\",\"Africa Press-Burkina Faso\",\"Burkina Faso\"],\"articleSection\":[\"homepage-french\",\"Politique\",\"Toutes les actualit\u00e9s\"],\"inLanguage\":\"fr-FR\",\"potentialAction\":[{\"@type\":\"CommentAction\",\"name\":\"Comment\",\"target\":[\"https:\/\/www.africa-press.net\/burkina-faso\/homepage-french\/enfants-en-situation-de-rue-un-vernissage-pour-dire-quune-autre-vie-est-possible#respond\"]}]},{\"@type\":\"WebPage\",\"@id\":\"https:\/\/www.africa-press.net\/burkina-faso\/homepage-french\/enfants-en-situation-de-rue-un-vernissage-pour-dire-quune-autre-vie-est-possible\",\"url\":\"https:\/\/www.africa-press.net\/burkina-faso\/homepage-french\/enfants-en-situation-de-rue-un-vernissage-pour-dire-quune-autre-vie-est-possible\",\"name\":\"Enfants en situation de rue : Un vernissage pour dire qu'une autre vie est possible - Burkina Faso\",\"isPartOf\":{\"@id\":\"https:\/\/www.africa-press.net\/burkina-faso\/#website\"},\"primaryImageOfPage\":{\"@id\":\"https:\/\/www.africa-press.net\/burkina-faso\/homepage-french\/enfants-en-situation-de-rue-un-vernissage-pour-dire-quune-autre-vie-est-possible#primaryimage\"},\"image\":{\"@id\":\"https:\/\/www.africa-press.net\/burkina-faso\/homepage-french\/enfants-en-situation-de-rue-un-vernissage-pour-dire-quune-autre-vie-est-possible#primaryimage\"},\"thumbnailUrl\":\"https:\/\/static.africa-press.net\/burkina\/sites\/42\/2021\/04\/img-6072dc59b300a.jpg\",\"datePublished\":\"2021-04-11T11:43:27+00:00\",\"dateModified\":\"2021-04-17T12:27:05+00:00\",\"author\":{\"@id\":\"https:\/\/www.africa-press.net\/burkina-faso\/#\/schema\/person\/2b1cf3cd81a31e3cd26889ca66d677f1\"},\"description\":\"La journaliste-photographe Anne Mimault de Reuters a pr\u00e9sent\u00e9, le vendredi 9 avril 2021, \u00e0 l\u2019Institut fran\u00e7ais de Ouagad ...\",\"breadcrumb\":{\"@id\":\"https:\/\/www.africa-press.net\/burkina-faso\/homepage-french\/enfants-en-situation-de-rue-un-vernissage-pour-dire-quune-autre-vie-est-possible#breadcrumb\"},\"inLanguage\":\"fr-FR\",\"potentialAction\":[{\"@type\":\"ReadAction\",\"target\":[\"https:\/\/www.africa-press.net\/burkina-faso\/homepage-french\/enfants-en-situation-de-rue-un-vernissage-pour-dire-quune-autre-vie-est-possible\"]}]},{\"@type\":\"ImageObject\",\"inLanguage\":\"fr-FR\",\"@id\":\"https:\/\/www.africa-press.net\/burkina-faso\/homepage-french\/enfants-en-situation-de-rue-un-vernissage-pour-dire-quune-autre-vie-est-possible#primaryimage\",\"url\":\"https:\/\/static.africa-press.net\/burkina\/sites\/42\/2021\/04\/img-6072dc59b300a.jpg\",\"contentUrl\":\"https:\/\/static.africa-press.net\/burkina\/sites\/42\/2021\/04\/img-6072dc59b300a.jpg\",\"width\":960,\"height\":540,\"caption\":\"Enfants en situation de rue : Un vernissage pour dire qu'une autre vie est possible\"},{\"@type\":\"BreadcrumbList\",\"@id\":\"https:\/\/www.africa-press.net\/burkina-faso\/homepage-french\/enfants-en-situation-de-rue-un-vernissage-pour-dire-quune-autre-vie-est-possible#breadcrumb\",\"itemListElement\":[{\"@type\":\"ListItem\",\"position\":1,\"name\":\"Accueil\",\"item\":\"https:\/\/www.africa-press.net\/burkina-faso\/\"},{\"@type\":\"ListItem\",\"position\":2,\"name\":\"Enfants en situation de rue : Un vernissage pour dire qu&#8217;une autre vie est possible\"}]},{\"@type\":\"WebSite\",\"@id\":\"https:\/\/www.africa-press.net\/burkina-faso\/#website\",\"url\":\"https:\/\/www.africa-press.net\/burkina-faso\/\",\"name\":\"Burkina Faso\",\"description\":\"Just another Africa News Agency Sites site\",\"potentialAction\":[{\"@type\":\"SearchAction\",\"target\":{\"@type\":\"EntryPoint\",\"urlTemplate\":\"https:\/\/www.africa-press.net\/burkina-faso\/?s={search_term_string}\"},\"query-input\":{\"@type\":\"PropertyValueSpecification\",\"valueRequired\":true,\"valueName\":\"search_term_string\"}}],\"inLanguage\":\"fr-FR\"},{\"@type\":\"Person\",\"@id\":\"https:\/\/www.africa-press.net\/burkina-faso\/#\/schema\/person\/2b1cf3cd81a31e3cd26889ca66d677f1\",\"name\":\"cfeditorfr\"}]}<\/script>\n<!-- \/ Yoast SEO Premium plugin. -->","yoast_head_json":{"title":"Enfants en situation de rue : Un vernissage pour dire qu'une autre vie est possible - Burkina Faso","description":"La journaliste-photographe Anne Mimault de Reuters a pr\u00e9sent\u00e9, le vendredi 9 avril 2021, \u00e0 l\u2019Institut fran\u00e7ais de Ouagad ...","robots":{"index":"index","follow":"follow","max-snippet":"max-snippet:-1","max-image-preview":"max-image-preview:large","max-video-preview":"max-video-preview:-1"},"canonical":"https:\/\/www.africa-press.net\/burkina-faso\/homepage-french\/enfants-en-situation-de-rue-un-vernissage-pour-dire-quune-autre-vie-est-possible","og_locale":"fr_FR","og_type":"article","og_title":"Enfants en situation de rue : Un vernissage pour dire qu'une autre vie est possible","og_description":"La journaliste-photographe Anne Mimault de Reuters a pr\u00e9sent\u00e9, le vendredi 9 avril 2021, \u00e0 l\u2019Institut fran\u00e7ais de Ouagad ...","og_url":"https:\/\/www.africa-press.net\/burkina-faso\/homepage-french\/enfants-en-situation-de-rue-un-vernissage-pour-dire-quune-autre-vie-est-possible","og_site_name":"Burkina Faso","article_published_time":"2021-04-11T11:43:27+00:00","article_modified_time":"2021-04-17T12:27:05+00:00","og_image":[{"width":960,"height":540,"url":"https:\/\/static.africa-press.net\/burkina\/sites\/42\/2021\/04\/img-6072dc59b300a.jpg","type":"image\/jpeg"}],"author":"cfeditorfr","twitter_card":"summary_large_image","twitter_misc":{"\u00c9crit par":"cfeditorfr","Dur\u00e9e de lecture estim\u00e9e":"2 minutes"},"schema":{"@context":"https:\/\/schema.org","@graph":[{"@type":"Article","@id":"https:\/\/www.africa-press.net\/burkina-faso\/homepage-french\/enfants-en-situation-de-rue-un-vernissage-pour-dire-quune-autre-vie-est-possible#article","isPartOf":{"@id":"https:\/\/www.africa-press.net\/burkina-faso\/homepage-french\/enfants-en-situation-de-rue-un-vernissage-pour-dire-quune-autre-vie-est-possible"},"author":{"name":"cfeditorfr","@id":"https:\/\/www.africa-press.net\/burkina-faso\/#\/schema\/person\/2b1cf3cd81a31e3cd26889ca66d677f1"},"headline":"Enfants en situation de rue : Un vernissage pour dire qu&rsquo;une autre vie est possible","datePublished":"2021-04-11T11:43:27+00:00","dateModified":"2021-04-17T12:27:05+00:00","mainEntityOfPage":{"@id":"https:\/\/www.africa-press.net\/burkina-faso\/homepage-french\/enfants-en-situation-de-rue-un-vernissage-pour-dire-quune-autre-vie-est-possible"},"wordCount":361,"commentCount":0,"image":{"@id":"https:\/\/www.africa-press.net\/burkina-faso\/homepage-french\/enfants-en-situation-de-rue-un-vernissage-pour-dire-quune-autre-vie-est-possible#primaryimage"},"thumbnailUrl":"https:\/\/static.africa-press.net\/burkina\/sites\/42\/2021\/04\/img-6072dc59b300a.jpg","keywords":["Africa Press","Africa Press-Burkina Faso","Burkina Faso"],"articleSection":["homepage-french","Politique","Toutes les actualit\u00e9s"],"inLanguage":"fr-FR","potentialAction":[{"@type":"CommentAction","name":"Comment","target":["https:\/\/www.africa-press.net\/burkina-faso\/homepage-french\/enfants-en-situation-de-rue-un-vernissage-pour-dire-quune-autre-vie-est-possible#respond"]}]},{"@type":"WebPage","@id":"https:\/\/www.africa-press.net\/burkina-faso\/homepage-french\/enfants-en-situation-de-rue-un-vernissage-pour-dire-quune-autre-vie-est-possible","url":"https:\/\/www.africa-press.net\/burkina-faso\/homepage-french\/enfants-en-situation-de-rue-un-vernissage-pour-dire-quune-autre-vie-est-possible","name":"Enfants en situation de rue : Un vernissage pour dire qu'une autre vie est possible - Burkina Faso","isPartOf":{"@id":"https:\/\/www.africa-press.net\/burkina-faso\/#website"},"primaryImageOfPage":{"@id":"https:\/\/www.africa-press.net\/burkina-faso\/homepage-french\/enfants-en-situation-de-rue-un-vernissage-pour-dire-quune-autre-vie-est-possible#primaryimage"},"image":{"@id":"https:\/\/www.africa-press.net\/burkina-faso\/homepage-french\/enfants-en-situation-de-rue-un-vernissage-pour-dire-quune-autre-vie-est-possible#primaryimage"},"thumbnailUrl":"https:\/\/static.africa-press.net\/burkina\/sites\/42\/2021\/04\/img-6072dc59b300a.jpg","datePublished":"2021-04-11T11:43:27+00:00","dateModified":"2021-04-17T12:27:05+00:00","author":{"@id":"https:\/\/www.africa-press.net\/burkina-faso\/#\/schema\/person\/2b1cf3cd81a31e3cd26889ca66d677f1"},"description":"La journaliste-photographe Anne Mimault de Reuters a pr\u00e9sent\u00e9, le vendredi 9 avril 2021, \u00e0 l\u2019Institut fran\u00e7ais de Ouagad ...","breadcrumb":{"@id":"https:\/\/www.africa-press.net\/burkina-faso\/homepage-french\/enfants-en-situation-de-rue-un-vernissage-pour-dire-quune-autre-vie-est-possible#breadcrumb"},"inLanguage":"fr-FR","potentialAction":[{"@type":"ReadAction","target":["https:\/\/www.africa-press.net\/burkina-faso\/homepage-french\/enfants-en-situation-de-rue-un-vernissage-pour-dire-quune-autre-vie-est-possible"]}]},{"@type":"ImageObject","inLanguage":"fr-FR","@id":"https:\/\/www.africa-press.net\/burkina-faso\/homepage-french\/enfants-en-situation-de-rue-un-vernissage-pour-dire-quune-autre-vie-est-possible#primaryimage","url":"https:\/\/static.africa-press.net\/burkina\/sites\/42\/2021\/04\/img-6072dc59b300a.jpg","contentUrl":"https:\/\/static.africa-press.net\/burkina\/sites\/42\/2021\/04\/img-6072dc59b300a.jpg","width":960,"height":540,"caption":"Enfants en situation de rue : Un vernissage pour dire qu'une autre vie est possible"},{"@type":"BreadcrumbList","@id":"https:\/\/www.africa-press.net\/burkina-faso\/homepage-french\/enfants-en-situation-de-rue-un-vernissage-pour-dire-quune-autre-vie-est-possible#breadcrumb","itemListElement":[{"@type":"ListItem","position":1,"name":"Accueil","item":"https:\/\/www.africa-press.net\/burkina-faso\/"},{"@type":"ListItem","position":2,"name":"Enfants en situation de rue : Un vernissage pour dire qu&#8217;une autre vie est possible"}]},{"@type":"WebSite","@id":"https:\/\/www.africa-press.net\/burkina-faso\/#website","url":"https:\/\/www.africa-press.net\/burkina-faso\/","name":"Burkina Faso","description":"Just another Africa News Agency Sites site","potentialAction":[{"@type":"SearchAction","target":{"@type":"EntryPoint","urlTemplate":"https:\/\/www.africa-press.net\/burkina-faso\/?s={search_term_string}"},"query-input":{"@type":"PropertyValueSpecification","valueRequired":true,"valueName":"search_term_string"}}],"inLanguage":"fr-FR"},{"@type":"Person","@id":"https:\/\/www.africa-press.net\/burkina-faso\/#\/schema\/person\/2b1cf3cd81a31e3cd26889ca66d677f1","name":"cfeditorfr"}]}},"_links":{"self":[{"href":"https:\/\/www.africa-press.net\/burkina-faso\/wp-json\/wp\/v2\/posts\/9709","targetHints":{"allow":["GET"]}}],"collection":[{"href":"https:\/\/www.africa-press.net\/burkina-faso\/wp-json\/wp\/v2\/posts"}],"about":[{"href":"https:\/\/www.africa-press.net\/burkina-faso\/wp-json\/wp\/v2\/types\/post"}],"author":[{"embeddable":true,"href":"https:\/\/www.africa-press.net\/burkina-faso\/wp-json\/wp\/v2\/users\/82"}],"replies":[{"embeddable":true,"href":"https:\/\/www.africa-press.net\/burkina-faso\/wp-json\/wp\/v2\/comments?post=9709"}],"version-history":[{"count":0,"href":"https:\/\/www.africa-press.net\/burkina-faso\/wp-json\/wp\/v2\/posts\/9709\/revisions"}],"wp:featuredmedia":[{"embeddable":true,"href":"https:\/\/www.africa-press.net\/burkina-faso\/wp-json\/wp\/v2\/media\/9708"}],"wp:attachment":[{"href":"https:\/\/www.africa-press.net\/burkina-faso\/wp-json\/wp\/v2\/media?parent=9709"}],"wp:term":[{"taxonomy":"category","embeddable":true,"href":"https:\/\/www.africa-press.net\/burkina-faso\/wp-json\/wp\/v2\/categories?post=9709"},{"taxonomy":"post_tag","embeddable":true,"href":"https:\/\/www.africa-press.net\/burkina-faso\/wp-json\/wp\/v2\/tags?post=9709"}],"curies":[{"name":"wp","href":"https:\/\/api.w.org\/{rel}","templated":true}]}}