{"id":97151,"date":"2024-10-10T15:41:52","date_gmt":"2024-10-10T15:41:52","guid":{"rendered":"https:\/\/www.africa-press.net\/burkina-faso\/politique\/mali-le-president-de-la-transition-recoit-une-delegation-de-parlementaires-du-burkina-faso"},"modified":"2024-10-10T16:08:42","modified_gmt":"2024-10-10T16:08:42","slug":"mali-le-president-de-la-transition-recoit-une-delegation-de-parlementaires-du-burkina-faso","status":"publish","type":"post","link":"https:\/\/www.africa-press.net\/burkina-faso\/politique\/mali-le-president-de-la-transition-recoit-une-delegation-de-parlementaires-du-burkina-faso","title":{"rendered":"Mali : le pr\u00e9sident de la Transition re\u00e7oit une d\u00e9l\u00e9gation de parlementaires du Burkina Faso"},"content":{"rendered":"<p><span style=\"color: #ff6600\"><strong>Africa-Press &#8211; Burkina Faso. <\/strong><\/span>Le pre\u0301sident de la Transition, le colonel Assimi Goi\u0308ta, chef de l\u2019E\u0301tat, a rec\u0327u en audience, le mardi 08 octobre 2024, l\u2019honorable Ousmane Bougouma, pre\u0301sident du Conseil National de Transition du Burkina Faso, en visite d\u2019amitie\u0301 et de travail dans notre pays.<\/p>\n<p>La de\u0301le\u0301gation de parlementaires burkinabe\u0301s, en se\u0301jour au Mali pour participer a\u0300 l\u2019ouverture de la session d\u2019octobre du Conseil National de Transition du Mali, est venue rendre une visite de courtoisie au chef de l\u2019E\u0301tat. La mission est compose\u0301e de parlementaires et d\u2019un staff administratif.<\/p>\n<p>L\u2019occasion e\u0301tait bonne pour le chef de la de\u0301le\u0301gation, l\u2019honorable Ousmane Bougouma, de rendre hommage au chef de l\u2019E\u0301tat, tout en lui re\u0301ite\u0301rant l\u2019accompagnement du peuple burkinabe\u0301 pour la re\u0301ussite de la Transition. L\u2019honorable Bougouma a e\u0301galement fait le point des diffe\u0301rents e\u0301changes qu\u2019ils ont eus avec les personnalite\u0301s rencontre\u0301es, et fait part de leur satisfe\u0301cit.<\/p>\n<p>Pour sa part, le pre\u0301sident de la Transition a remercie\u0301 les parlementaires pour l\u2019inte\u0301re\u0302t qu\u2019ils portent au Mali et pour leur accompagnement.<\/p>\n<p><strong>Pour plus d&rsquo;informations et d&rsquo;analyses sur la Burkina Faso, suivez Africa-Press<\/strong><\/p>\n","protected":false},"excerpt":{"rendered":"<p>Africa-Press &#8211; Burkina Faso. Le pre\u0301sident de la Transition, le colonel Assimi Goi\u0308ta, chef de l\u2019E\u0301tat, a rec\u0327u en audience, le mardi 08 octobre 2024, l\u2019honorable Ousmane Bougouma, pre\u0301sident du Conseil National de Transition du Burkina Faso, en visite d\u2019amitie\u0301 et de travail dans notre pays. La de\u0301le\u0301gation de parlementaires burkinabe\u0301s, en se\u0301jour au Mali [&hellip;]<\/p>\n","protected":false},"author":82,"featured_media":97150,"comment_status":"open","ping_status":"closed","sticky":false,"template":"","format":"standard","meta":{"footnotes":""},"categories":[2,20,10],"tags":[29],"class_list":["post-97151","post","type-post","status-publish","format-standard","has-post-thumbnail","hentry","category-politique","category-top-nouvelles","category-toutes-les-actualites","tag-burkina-faso"],"yoast_head":"<!-- This site is optimized with the Yoast SEO Premium plugin v26.1 (Yoast SEO v27.0) - https:\/\/yoast.com\/product\/yoast-seo-premium-wordpress\/ -->\n<title>Mali : le pr\u00e9sident de la Transition re\u00e7oit une d\u00e9l\u00e9gation de parlementaires du Burkina Faso - Burkina Faso<\/title>\n<meta name=\"description\" content=\"Le pre\u0301sident de la Transition, le colonel Assimi Goi\u0308ta, chef de l\u2019E\u0301tat, a rec\u0327u en audience, le mardi 08 octobre 2024 ...\" \/>\n<meta name=\"robots\" content=\"index, follow, max-snippet:-1, max-image-preview:large, max-video-preview:-1\" \/>\n<link rel=\"canonical\" href=\"https:\/\/www.africa-press.net\/burkina-faso\/politique\/mali-le-president-de-la-transition-recoit-une-delegation-de-parlementaires-du-burkina-faso\" \/>\n<meta property=\"og:locale\" content=\"fr_FR\" \/>\n<meta property=\"og:type\" content=\"article\" \/>\n<meta property=\"og:title\" content=\"Mali : le pr\u00e9sident de la Transition re\u00e7oit une d\u00e9l\u00e9gation de parlementaires du Burkina Faso\" \/>\n<meta property=\"og:description\" content=\"Le pre\u0301sident de la Transition, le colonel Assimi Goi\u0308ta, chef de l\u2019E\u0301tat, a rec\u0327u en audience, le mardi 08 octobre 2024 ...\" \/>\n<meta property=\"og:url\" content=\"https:\/\/www.africa-press.net\/burkina-faso\/politique\/mali-le-president-de-la-transition-recoit-une-delegation-de-parlementaires-du-burkina-faso\" \/>\n<meta property=\"og:site_name\" content=\"Burkina Faso\" \/>\n<meta property=\"article:published_time\" content=\"2024-10-10T15:41:52+00:00\" \/>\n<meta property=\"article:modified_time\" content=\"2024-10-10T16:08:42+00:00\" \/>\n<meta property=\"og:image\" content=\"https:\/\/static.africa-press.net\/burkina\/sites\/42\/2024\/10\/sm_1728563900.654262.jpg\" \/>\n\t<meta property=\"og:image:width\" content=\"720\" \/>\n\t<meta property=\"og:image:height\" content=\"480\" \/>\n\t<meta property=\"og:image:type\" content=\"image\/jpeg\" \/>\n<meta name=\"author\" content=\"cfeditorfr\" \/>\n<meta name=\"twitter:card\" content=\"summary_large_image\" \/>\n<meta name=\"twitter:label1\" content=\"\u00c9crit par\" \/>\n\t<meta name=\"twitter:data1\" content=\"cfeditorfr\" \/>\n\t<meta name=\"twitter:label2\" content=\"Dur\u00e9e de lecture estim\u00e9e\" \/>\n\t<meta name=\"twitter:data2\" content=\"2 minutes\" \/>\n<script type=\"application\/ld+json\" class=\"yoast-schema-graph\">{\"@context\":\"https:\/\/schema.org\",\"@graph\":[{\"@type\":\"Article\",\"@id\":\"https:\/\/www.africa-press.net\/burkina-faso\/politique\/mali-le-president-de-la-transition-recoit-une-delegation-de-parlementaires-du-burkina-faso#article\",\"isPartOf\":{\"@id\":\"https:\/\/www.africa-press.net\/burkina-faso\/politique\/mali-le-president-de-la-transition-recoit-une-delegation-de-parlementaires-du-burkina-faso\"},\"author\":{\"name\":\"cfeditorfr\",\"@id\":\"https:\/\/www.africa-press.net\/burkina-faso\/#\/schema\/person\/2b1cf3cd81a31e3cd26889ca66d677f1\"},\"headline\":\"Mali : le pr\u00e9sident de la Transition re\u00e7oit une d\u00e9l\u00e9gation de parlementaires du Burkina Faso\",\"datePublished\":\"2024-10-10T15:41:52+00:00\",\"dateModified\":\"2024-10-10T16:08:42+00:00\",\"mainEntityOfPage\":{\"@id\":\"https:\/\/www.africa-press.net\/burkina-faso\/politique\/mali-le-president-de-la-transition-recoit-une-delegation-de-parlementaires-du-burkina-faso\"},\"wordCount\":240,\"commentCount\":0,\"image\":{\"@id\":\"https:\/\/www.africa-press.net\/burkina-faso\/politique\/mali-le-president-de-la-transition-recoit-une-delegation-de-parlementaires-du-burkina-faso#primaryimage\"},\"thumbnailUrl\":\"https:\/\/static.africa-press.net\/burkina\/sites\/42\/2024\/10\/sm_1728563900.654262.jpg\",\"keywords\":[\"Burkina Faso\"],\"articleSection\":[\"Politique\",\"Top Nouvelles\",\"Toutes les actualit\u00e9s\"],\"inLanguage\":\"fr-FR\",\"potentialAction\":[{\"@type\":\"CommentAction\",\"name\":\"Comment\",\"target\":[\"https:\/\/www.africa-press.net\/burkina-faso\/politique\/mali-le-president-de-la-transition-recoit-une-delegation-de-parlementaires-du-burkina-faso#respond\"]}]},{\"@type\":\"WebPage\",\"@id\":\"https:\/\/www.africa-press.net\/burkina-faso\/politique\/mali-le-president-de-la-transition-recoit-une-delegation-de-parlementaires-du-burkina-faso\",\"url\":\"https:\/\/www.africa-press.net\/burkina-faso\/politique\/mali-le-president-de-la-transition-recoit-une-delegation-de-parlementaires-du-burkina-faso\",\"name\":\"Mali : le pr\u00e9sident de la Transition re\u00e7oit une d\u00e9l\u00e9gation de parlementaires du Burkina Faso - Burkina Faso\",\"isPartOf\":{\"@id\":\"https:\/\/www.africa-press.net\/burkina-faso\/#website\"},\"primaryImageOfPage\":{\"@id\":\"https:\/\/www.africa-press.net\/burkina-faso\/politique\/mali-le-president-de-la-transition-recoit-une-delegation-de-parlementaires-du-burkina-faso#primaryimage\"},\"image\":{\"@id\":\"https:\/\/www.africa-press.net\/burkina-faso\/politique\/mali-le-president-de-la-transition-recoit-une-delegation-de-parlementaires-du-burkina-faso#primaryimage\"},\"thumbnailUrl\":\"https:\/\/static.africa-press.net\/burkina\/sites\/42\/2024\/10\/sm_1728563900.654262.jpg\",\"datePublished\":\"2024-10-10T15:41:52+00:00\",\"dateModified\":\"2024-10-10T16:08:42+00:00\",\"author\":{\"@id\":\"https:\/\/www.africa-press.net\/burkina-faso\/#\/schema\/person\/2b1cf3cd81a31e3cd26889ca66d677f1\"},\"description\":\"Le pre\u0301sident de la Transition, le colonel Assimi Goi\u0308ta, chef de l\u2019E\u0301tat, a rec\u0327u en audience, le mardi 08 octobre 2024 ...\",\"breadcrumb\":{\"@id\":\"https:\/\/www.africa-press.net\/burkina-faso\/politique\/mali-le-president-de-la-transition-recoit-une-delegation-de-parlementaires-du-burkina-faso#breadcrumb\"},\"inLanguage\":\"fr-FR\",\"potentialAction\":[{\"@type\":\"ReadAction\",\"target\":[\"https:\/\/www.africa-press.net\/burkina-faso\/politique\/mali-le-president-de-la-transition-recoit-une-delegation-de-parlementaires-du-burkina-faso\"]}]},{\"@type\":\"ImageObject\",\"inLanguage\":\"fr-FR\",\"@id\":\"https:\/\/www.africa-press.net\/burkina-faso\/politique\/mali-le-president-de-la-transition-recoit-une-delegation-de-parlementaires-du-burkina-faso#primaryimage\",\"url\":\"https:\/\/static.africa-press.net\/burkina\/sites\/42\/2024\/10\/sm_1728563900.654262.jpg\",\"contentUrl\":\"https:\/\/static.africa-press.net\/burkina\/sites\/42\/2024\/10\/sm_1728563900.654262.jpg\",\"width\":720,\"height\":480,\"caption\":\"Mali : le pr\u00e9sident de la Transition re\u00e7oit une d\u00e9l\u00e9gation de parlementaires du Burkina Faso\"},{\"@type\":\"BreadcrumbList\",\"@id\":\"https:\/\/www.africa-press.net\/burkina-faso\/politique\/mali-le-president-de-la-transition-recoit-une-delegation-de-parlementaires-du-burkina-faso#breadcrumb\",\"itemListElement\":[{\"@type\":\"ListItem\",\"position\":1,\"name\":\"Accueil\",\"item\":\"https:\/\/www.africa-press.net\/burkina-faso\/\"},{\"@type\":\"ListItem\",\"position\":2,\"name\":\"Mali : le pr\u00e9sident de la Transition re\u00e7oit une d\u00e9l\u00e9gation de parlementaires du Burkina Faso\"}]},{\"@type\":\"WebSite\",\"@id\":\"https:\/\/www.africa-press.net\/burkina-faso\/#website\",\"url\":\"https:\/\/www.africa-press.net\/burkina-faso\/\",\"name\":\"Burkina Faso\",\"description\":\"Just another Africa News Agency Sites site\",\"potentialAction\":[{\"@type\":\"SearchAction\",\"target\":{\"@type\":\"EntryPoint\",\"urlTemplate\":\"https:\/\/www.africa-press.net\/burkina-faso\/?s={search_term_string}\"},\"query-input\":{\"@type\":\"PropertyValueSpecification\",\"valueRequired\":true,\"valueName\":\"search_term_string\"}}],\"inLanguage\":\"fr-FR\"},{\"@type\":\"Person\",\"@id\":\"https:\/\/www.africa-press.net\/burkina-faso\/#\/schema\/person\/2b1cf3cd81a31e3cd26889ca66d677f1\",\"name\":\"cfeditorfr\"}]}<\/script>\n<!-- \/ Yoast SEO Premium plugin. -->","yoast_head_json":{"title":"Mali : le pr\u00e9sident de la Transition re\u00e7oit une d\u00e9l\u00e9gation de parlementaires du Burkina Faso - Burkina Faso","description":"Le pre\u0301sident de la Transition, le colonel Assimi Goi\u0308ta, chef de l\u2019E\u0301tat, a rec\u0327u en audience, le mardi 08 octobre 2024 ...","robots":{"index":"index","follow":"follow","max-snippet":"max-snippet:-1","max-image-preview":"max-image-preview:large","max-video-preview":"max-video-preview:-1"},"canonical":"https:\/\/www.africa-press.net\/burkina-faso\/politique\/mali-le-president-de-la-transition-recoit-une-delegation-de-parlementaires-du-burkina-faso","og_locale":"fr_FR","og_type":"article","og_title":"Mali : le pr\u00e9sident de la Transition re\u00e7oit une d\u00e9l\u00e9gation de parlementaires du Burkina Faso","og_description":"Le pre\u0301sident de la Transition, le colonel Assimi Goi\u0308ta, chef de l\u2019E\u0301tat, a rec\u0327u en audience, le mardi 08 octobre 2024 ...","og_url":"https:\/\/www.africa-press.net\/burkina-faso\/politique\/mali-le-president-de-la-transition-recoit-une-delegation-de-parlementaires-du-burkina-faso","og_site_name":"Burkina Faso","article_published_time":"2024-10-10T15:41:52+00:00","article_modified_time":"2024-10-10T16:08:42+00:00","og_image":[{"width":720,"height":480,"url":"https:\/\/static.africa-press.net\/burkina\/sites\/42\/2024\/10\/sm_1728563900.654262.jpg","type":"image\/jpeg"}],"author":"cfeditorfr","twitter_card":"summary_large_image","twitter_misc":{"\u00c9crit par":"cfeditorfr","Dur\u00e9e de lecture estim\u00e9e":"2 minutes"},"schema":{"@context":"https:\/\/schema.org","@graph":[{"@type":"Article","@id":"https:\/\/www.africa-press.net\/burkina-faso\/politique\/mali-le-president-de-la-transition-recoit-une-delegation-de-parlementaires-du-burkina-faso#article","isPartOf":{"@id":"https:\/\/www.africa-press.net\/burkina-faso\/politique\/mali-le-president-de-la-transition-recoit-une-delegation-de-parlementaires-du-burkina-faso"},"author":{"name":"cfeditorfr","@id":"https:\/\/www.africa-press.net\/burkina-faso\/#\/schema\/person\/2b1cf3cd81a31e3cd26889ca66d677f1"},"headline":"Mali : le pr\u00e9sident de la Transition re\u00e7oit une d\u00e9l\u00e9gation de parlementaires du Burkina Faso","datePublished":"2024-10-10T15:41:52+00:00","dateModified":"2024-10-10T16:08:42+00:00","mainEntityOfPage":{"@id":"https:\/\/www.africa-press.net\/burkina-faso\/politique\/mali-le-president-de-la-transition-recoit-une-delegation-de-parlementaires-du-burkina-faso"},"wordCount":240,"commentCount":0,"image":{"@id":"https:\/\/www.africa-press.net\/burkina-faso\/politique\/mali-le-president-de-la-transition-recoit-une-delegation-de-parlementaires-du-burkina-faso#primaryimage"},"thumbnailUrl":"https:\/\/static.africa-press.net\/burkina\/sites\/42\/2024\/10\/sm_1728563900.654262.jpg","keywords":["Burkina Faso"],"articleSection":["Politique","Top Nouvelles","Toutes les actualit\u00e9s"],"inLanguage":"fr-FR","potentialAction":[{"@type":"CommentAction","name":"Comment","target":["https:\/\/www.africa-press.net\/burkina-faso\/politique\/mali-le-president-de-la-transition-recoit-une-delegation-de-parlementaires-du-burkina-faso#respond"]}]},{"@type":"WebPage","@id":"https:\/\/www.africa-press.net\/burkina-faso\/politique\/mali-le-president-de-la-transition-recoit-une-delegation-de-parlementaires-du-burkina-faso","url":"https:\/\/www.africa-press.net\/burkina-faso\/politique\/mali-le-president-de-la-transition-recoit-une-delegation-de-parlementaires-du-burkina-faso","name":"Mali : le pr\u00e9sident de la Transition re\u00e7oit une d\u00e9l\u00e9gation de parlementaires du Burkina Faso - Burkina Faso","isPartOf":{"@id":"https:\/\/www.africa-press.net\/burkina-faso\/#website"},"primaryImageOfPage":{"@id":"https:\/\/www.africa-press.net\/burkina-faso\/politique\/mali-le-president-de-la-transition-recoit-une-delegation-de-parlementaires-du-burkina-faso#primaryimage"},"image":{"@id":"https:\/\/www.africa-press.net\/burkina-faso\/politique\/mali-le-president-de-la-transition-recoit-une-delegation-de-parlementaires-du-burkina-faso#primaryimage"},"thumbnailUrl":"https:\/\/static.africa-press.net\/burkina\/sites\/42\/2024\/10\/sm_1728563900.654262.jpg","datePublished":"2024-10-10T15:41:52+00:00","dateModified":"2024-10-10T16:08:42+00:00","author":{"@id":"https:\/\/www.africa-press.net\/burkina-faso\/#\/schema\/person\/2b1cf3cd81a31e3cd26889ca66d677f1"},"description":"Le pre\u0301sident de la Transition, le colonel Assimi Goi\u0308ta, chef de l\u2019E\u0301tat, a rec\u0327u en audience, le mardi 08 octobre 2024 ...","breadcrumb":{"@id":"https:\/\/www.africa-press.net\/burkina-faso\/politique\/mali-le-president-de-la-transition-recoit-une-delegation-de-parlementaires-du-burkina-faso#breadcrumb"},"inLanguage":"fr-FR","potentialAction":[{"@type":"ReadAction","target":["https:\/\/www.africa-press.net\/burkina-faso\/politique\/mali-le-president-de-la-transition-recoit-une-delegation-de-parlementaires-du-burkina-faso"]}]},{"@type":"ImageObject","inLanguage":"fr-FR","@id":"https:\/\/www.africa-press.net\/burkina-faso\/politique\/mali-le-president-de-la-transition-recoit-une-delegation-de-parlementaires-du-burkina-faso#primaryimage","url":"https:\/\/static.africa-press.net\/burkina\/sites\/42\/2024\/10\/sm_1728563900.654262.jpg","contentUrl":"https:\/\/static.africa-press.net\/burkina\/sites\/42\/2024\/10\/sm_1728563900.654262.jpg","width":720,"height":480,"caption":"Mali : le pr\u00e9sident de la Transition re\u00e7oit une d\u00e9l\u00e9gation de parlementaires du Burkina Faso"},{"@type":"BreadcrumbList","@id":"https:\/\/www.africa-press.net\/burkina-faso\/politique\/mali-le-president-de-la-transition-recoit-une-delegation-de-parlementaires-du-burkina-faso#breadcrumb","itemListElement":[{"@type":"ListItem","position":1,"name":"Accueil","item":"https:\/\/www.africa-press.net\/burkina-faso\/"},{"@type":"ListItem","position":2,"name":"Mali : le pr\u00e9sident de la Transition re\u00e7oit une d\u00e9l\u00e9gation de parlementaires du Burkina Faso"}]},{"@type":"WebSite","@id":"https:\/\/www.africa-press.net\/burkina-faso\/#website","url":"https:\/\/www.africa-press.net\/burkina-faso\/","name":"Burkina Faso","description":"Just another Africa News Agency Sites site","potentialAction":[{"@type":"SearchAction","target":{"@type":"EntryPoint","urlTemplate":"https:\/\/www.africa-press.net\/burkina-faso\/?s={search_term_string}"},"query-input":{"@type":"PropertyValueSpecification","valueRequired":true,"valueName":"search_term_string"}}],"inLanguage":"fr-FR"},{"@type":"Person","@id":"https:\/\/www.africa-press.net\/burkina-faso\/#\/schema\/person\/2b1cf3cd81a31e3cd26889ca66d677f1","name":"cfeditorfr"}]}},"_links":{"self":[{"href":"https:\/\/www.africa-press.net\/burkina-faso\/wp-json\/wp\/v2\/posts\/97151","targetHints":{"allow":["GET"]}}],"collection":[{"href":"https:\/\/www.africa-press.net\/burkina-faso\/wp-json\/wp\/v2\/posts"}],"about":[{"href":"https:\/\/www.africa-press.net\/burkina-faso\/wp-json\/wp\/v2\/types\/post"}],"author":[{"embeddable":true,"href":"https:\/\/www.africa-press.net\/burkina-faso\/wp-json\/wp\/v2\/users\/82"}],"replies":[{"embeddable":true,"href":"https:\/\/www.africa-press.net\/burkina-faso\/wp-json\/wp\/v2\/comments?post=97151"}],"version-history":[{"count":0,"href":"https:\/\/www.africa-press.net\/burkina-faso\/wp-json\/wp\/v2\/posts\/97151\/revisions"}],"wp:featuredmedia":[{"embeddable":true,"href":"https:\/\/www.africa-press.net\/burkina-faso\/wp-json\/wp\/v2\/media\/97150"}],"wp:attachment":[{"href":"https:\/\/www.africa-press.net\/burkina-faso\/wp-json\/wp\/v2\/media?parent=97151"}],"wp:term":[{"taxonomy":"category","embeddable":true,"href":"https:\/\/www.africa-press.net\/burkina-faso\/wp-json\/wp\/v2\/categories?post=97151"},{"taxonomy":"post_tag","embeddable":true,"href":"https:\/\/www.africa-press.net\/burkina-faso\/wp-json\/wp\/v2\/tags?post=97151"}],"curies":[{"name":"wp","href":"https:\/\/api.w.org\/{rel}","templated":true}]}}