{"id":9718,"date":"2021-04-11T12:02:31","date_gmt":"2021-04-11T12:02:31","guid":{"rendered":"https:\/\/www.africa-press.net\/burkina-faso\/?p=9718"},"modified":"2021-04-17T12:27:01","modified_gmt":"2021-04-17T12:27:01","slug":"agriculture-un-projet-damenagement-de-la-plaine-de-la-leraba-pour-ameliorer-la-securite-alimentaire-dans-les-cascades","status":"publish","type":"post","link":"https:\/\/www.africa-press.net\/burkina-faso\/economie\/agriculture-un-projet-damenagement-de-la-plaine-de-la-leraba-pour-ameliorer-la-securite-alimentaire-dans-les-cascades","title":{"rendered":"Agriculture : Un projet d\u2019am\u00e9nagement de la plaine de la L\u00e9raba pour am\u00e9liorer la s\u00e9curit\u00e9 alimentaire dans les Cascades"},"content":{"rendered":"<p><span style=\"color: #ff6600\"><strong><a href=\"https:\/\/www.africa-press.net\/\">Africa-Press<\/a> &#8211; <a href=\"https:\/\/www.africa-press.net\/burkina-faso\">Burkina Faso<\/a>. <\/strong><\/span><b>Le ministre en charge de l\u2019Agriculture, Salifou Ou\u00e9draogo, a proc\u00e9d\u00e9 au lancement officiel des activit\u00e9s du Projet d\u2019am\u00e9nagement et de valorisation de la plaine de la L\u00e9raba (PAVAL). C\u2019\u00e9tait le vendredi 9 avril 2021, dans le village de Niofila, commune de Douna, dans la r\u00e9gion des Cascades. Ce projet vise ainsi \u00e0 contribuer \u00e0 l\u2019atteinte de la s\u00e9curit\u00e9 alimentaire et nutritionnelle dans les Cascades voire le Burkina Faso.<\/b><\/p>\n<p>D\u2019un co\u00fbt total d\u2019environ 32 milliards de francs CFA, le financement du PAVAL est assur\u00e9 par la Banque africaine de d\u00e9veloppement (BAD) \u00e0 hauteur de 21 milliards, le Fonds international de d\u00e9veloppement agricole (FIDA) \u00e0 hauteur de 5,4 milliards, le gouvernement burkinab\u00e8 pour 4,5 milliards de FCFA et une contribution des b\u00e9n\u00e9ficiaires \u00e9valu\u00e9e \u00e0 environ 1,2 milliards de F CFA.<\/p>\n<p>Ce projet cible \u00e0 terme la valorisation des eaux du barrage de Niofila, permettant l\u2019irrigation d\u2019environ 1400 hectares de terre et la mise en place de complexes d\u2019infrastructures. Ce, pour cr\u00e9er des micro-p\u00f4les de d\u00e9veloppement susceptibles de booster l\u2019\u00e9conomie locale. A en croire le ministre Salifou Ou\u00e9draogo, le PAVAL vise \u00e0 contribuer \u00e0 l\u2019am\u00e9lioration de la s\u00e9curit\u00e9 alimentaire et nutritionnelle et \u00e0 la r\u00e9duction de la pauvret\u00e9 dans la r\u00e9gion des Cascades. A cet effet, il permettra d\u2019accroitre, sur une base durable, les productions agro-sylvo-pastorales et halieutiques ainsi que les revenus agricoles pour les exploitants dont les femmes et les jeunes.<\/p>\n<p>Le Projet d\u2019am\u00e9nagement et de valorisation de la plaine de la L\u00e9raba a une dur\u00e9e de cinq ans et touchera directement plus de 9 000 b\u00e9n\u00e9ficiaires dont 5 000 femmes et de fa\u00e7on indirecte 50 000 personnes. Les principales r\u00e9alisations escompt\u00e9es du projet sont, entre autres, le prolongement du canal primaire sur une longueur de 8 km ; la r\u00e9alisation d\u2019une digue de protection de 22 km ; l\u2019am\u00e9nagement d\u2019un p\u00e9rim\u00e8tre irrigu\u00e9 de 1000 ha ; la r\u00e9habilitation du p\u00e9rim\u00e8tre existant de 410 ha ; la mise \u00e0 disposition \u00e0 prix subventionn\u00e9 de 2100 tonnes d\u2019engrais ; 72 tonnes de semences am\u00e9lior\u00e9es ; 9600 litres de pesticides homologu\u00e9s et des \u00e9quipements agricoles \u00e0 travers le financement de sous-projets d\u2019acc\u00e8s aux march\u00e9s.<\/p>\n<p>Il est \u00e9galement pr\u00e9vu dans le cadre du projet, la construction des infrastructures \u00e0 savoir 20 aires de s\u00e9chage ; 13 magasins de stockage de riz et ma\u00efs de 250 tonnes ; 75 infrastructures de stockage d\u2019oignon de 10 tonnes ; la construction d\u2019un comptoir d\u2019achat ; d\u2019un Centre de promotion rurale ; la conduite d\u2019une \u00e9tude de faisabilit\u00e9 pour la cr\u00e9ation d\u2019un agro p\u00f4le dans la r\u00e9gion des Cascades et le financement de 300 Micro entreprises rurales.<\/p>\n<p><b>R\u00e9duire la d\u00e9pendance du Burkina Faso de l\u2019agriculture pluviale<\/b><\/p>\n<p>Le ministre en charge de l\u2019Agriculture, dans son discours de lancement du projet, a not\u00e9 que dans le cadre de la transformation structurelle de son \u00e9conomie, le Burkina Faso a r\u00e9affirm\u00e9 sa volont\u00e9 de poursuivre la recherche de voies alternatives innovantes pour r\u00e9aliser une croissance forte et inclusive, au moyen de modes de consommation et de production durables. Ainsi, le gouvernement a opt\u00e9 d\u2019orienter davantage sa politique agricole sur la promotion de l\u2019agriculture irrigu\u00e9e, \u00e0 travers l\u2019intensification et le d\u00e9veloppement des techniques et technologies innovantes d\u2019irrigation, gr\u00e2ce \u00e0 une maitrise totale de l\u2019eau de production. \u00ab La valorisation des plans d\u2019eau et des potentiels de terres irrigables par la mise en \u0153uvre des projets d\u2019am\u00e9nagements hydro-agricoles contribuera \u00e0 r\u00e9duire de fa\u00e7on significative la d\u00e9pendance du pays de l\u2019agriculture pluviale qui est tributaire des effets des changements climatiques \u00bb, a laiss\u00e9 entendre Salifou Ou\u00e9draogo.<\/p>\n<p>C\u2019est ainsi que le PAVAL a \u00e9t\u00e9 con\u00e7u avec l\u2019appui de la BAD et du FIDA. Pour le ministre Salifou Ou\u00e9draogo, ce projet rev\u00eat un caract\u00e8re structurant et s\u2019inscrit dans la vision du chef de l\u2019Etat, Roch Kabor\u00e9, de \u00ab b\u00e2tir un secteur productif assurant la s\u00e9curit\u00e9 alimentaire et nutritionnelle, davantage orient\u00e9 vers le march\u00e9 et cr\u00e9ateur d\u2019emplois d\u00e9cents pour les jeunes et les femmes \u00bb. Il a aussi rappel\u00e9 que dans le cadre du PAVAL et conform\u00e9ment aux accords de financement sign\u00e9s avec la BAD et le FIDA, le gouvernement a entam\u00e9 depuis l\u2019ann\u00e9e 2019, l\u2019am\u00e9nagement d\u2019un premier lot de 170 ha sur les 1000 ha \u00e0 am\u00e9nager pour un co\u00fbt total d\u2019environ trois milliards de FCFA enti\u00e8rement financ\u00e9s sur les ressources propres de l\u2019Etat.<\/p>\n<p>Il a par ailleurs rassur\u00e9 les producteurs agricoles de la plaine de la L\u00e9raba que des dispositions sont prises pour l\u2019ach\u00e8vement des travaux au cours de l\u2019ann\u00e9e 2021. Et \u00e0 cet effet, un budget d\u2019un montant de 1,3 milliards de FCFA a \u00e9t\u00e9 d\u00e9j\u00e0 d\u00e9gag\u00e9 par le gouvernement. A en croire le ministre, un Plan d\u2019action de r\u00e9installation a \u00e9t\u00e9 pr\u00e9par\u00e9 dont la mise en \u0153uvre permettra d\u2019accompagner toutes les personnes affect\u00e9es par le projet sur la zone de l\u2019emprise des travaux, de mani\u00e8re juste et \u00e9quitable pour \u00e9viter la d\u00e9gradation de leurs conditions de vie du fait de l\u2019ex\u00e9cution des travaux d\u2019am\u00e9nagement. Tout en exhortant les populations \u00e0 se mobiliser pour l\u2019atteinte des objectifs du projet, le ministre Salifou Ou\u00e9draogo a exprim\u00e9 sa gratitude \u00e0 l\u2019endroit des partenaires techniques et financiers dont la BAD et le FIDA, pour leur accompagnement dans la mise en \u0153uvre du PAVAL.<\/p>\n<p><b>Acc\u00e9l\u00e9rer la transformation structurelle de l\u2019agriculture burkinab\u00e8<\/b><\/p>\n<p>Pour la co-marraine de cette c\u00e9r\u00e9monie de lancement, Madiara Sagnon\/Tou, ministre d\u00e9l\u00e9gu\u00e9e aupr\u00e8s du ministre de l\u2019Administration territoriale et de la D\u00e9centralisation, ce projet va permettre d\u2019acc\u00e9l\u00e9rer la transformation structurelle de l\u2019agriculture dans les Cascades voire au Burkina Faso. Native de la r\u00e9gion, elle a soulign\u00e9 que la r\u00e9gion des Cascades est une zone dot\u00e9e d\u2019un important potentiel agricole. \u00ab Les actions du projet vont permettre, d\u2019une part, de renforcer la r\u00e9silience des populations rurales \u00e0 l\u2019ins\u00e9curit\u00e9 alimentaire et nutritionnelle et, d\u2019autre part, d\u2019accroitre la production agricole irrigu\u00e9e. Nous n\u2019attendions que ce genre de projet pour booster la production agro-sylvo-pastorale dans les Cascades \u00bb, a-t-elle martel\u00e9.<\/p>\n<p>Le pr\u00e9sident de la Chambre nationale d\u2019agriculture, Moussa Kon\u00e9, au nom des producteurs, a saisi l\u2019occasion pour exprimer sa joie par rapport \u00e0 la mise en \u0153uvre du projet. Selon lui, le PAVAL vient \u00e0 point nomm\u00e9 car il permettra au pays de pouvoir mettre en place une agriculture plus performante. Aussi, il a exprim\u00e9 sa gratitude \u00e0 l\u2019endroit du gouvernement ainsi que les diff\u00e9rents partenaires techniques et financiers pour toutes \u00ab ces actions allant dans le sens du d\u00e9veloppement et de la modernisation de l\u2019agriculture \u00bb.<\/p>\n<p>Il reste convaincu qu\u2019avec un tel d\u00e9vouement, le secteur agricole sera comp\u00e9titif et permettra au pays de relever les d\u00e9fis li\u00e9s \u00e0 l\u2019auto-suffisance alimentaire et \u00e0 la s\u00e9curit\u00e9 alimentaire.<\/p>\n<p>Cette c\u00e9r\u00e9monie a \u00e9t\u00e9 marqu\u00e9e \u00e9galement par la remise d\u2019intrants et de cartes professionnelles aux producteurs et productrices de la r\u00e9gion des Cascades et la visite du barrage de Niofila.<\/p>\n<p><b>\u00a0<\/b><\/p>\n","protected":false},"excerpt":{"rendered":"<p>Africa-Press &#8211; Burkina Faso. Le ministre en charge de l\u2019Agriculture, Salifou Ou\u00e9draogo, a proc\u00e9d\u00e9 au lancement officiel des activit\u00e9s du Projet d\u2019am\u00e9nagement et de valorisation de la plaine de la L\u00e9raba (PAVAL). C\u2019\u00e9tait le vendredi 9 avril 2021, dans le village de Niofila, commune de Douna, dans la r\u00e9gion des Cascades. Ce projet vise ainsi [&hellip;]<\/p>\n","protected":false},"author":82,"featured_media":9717,"comment_status":"open","ping_status":"closed","sticky":false,"template":"","format":"standard","meta":{"footnotes":""},"categories":[3,11,10],"tags":[111,725,29],"class_list":["post-9718","post","type-post","status-publish","format-standard","has-post-thumbnail","hentry","category-economie","category-homepage-french","category-toutes-les-actualites","tag-africa-press","tag-africa-press-burkina-faso","tag-burkina-faso"],"yoast_head":"<!-- This site is optimized with the Yoast SEO Premium plugin v26.1 (Yoast SEO v27.0) - https:\/\/yoast.com\/product\/yoast-seo-premium-wordpress\/ -->\n<title>Agriculture : Un projet d\u2019am\u00e9nagement de la plaine de la L\u00e9raba pour am\u00e9liorer la s\u00e9curit\u00e9 alimentaire dans les Cascades - Burkina Faso<\/title>\n<meta name=\"description\" content=\"Le ministre en charge de l\u2019Agriculture, Salifou Ou\u00e9draogo, a proc\u00e9d\u00e9 au lancement officiel des activit\u00e9s du Projet d\u2019 ...\" \/>\n<meta name=\"robots\" content=\"index, follow, max-snippet:-1, max-image-preview:large, max-video-preview:-1\" \/>\n<link rel=\"canonical\" href=\"https:\/\/www.africa-press.net\/burkina-faso\/economie\/agriculture-un-projet-damenagement-de-la-plaine-de-la-leraba-pour-ameliorer-la-securite-alimentaire-dans-les-cascades\" \/>\n<meta property=\"og:locale\" content=\"fr_FR\" \/>\n<meta property=\"og:type\" content=\"article\" \/>\n<meta property=\"og:title\" content=\"Agriculture : Un projet d\u2019am\u00e9nagement de la plaine de la L\u00e9raba pour am\u00e9liorer la s\u00e9curit\u00e9 alimentaire dans les Cascades\" \/>\n<meta property=\"og:description\" content=\"Le ministre en charge de l\u2019Agriculture, Salifou Ou\u00e9draogo, a proc\u00e9d\u00e9 au lancement officiel des activit\u00e9s du Projet d\u2019 ...\" \/>\n<meta property=\"og:url\" content=\"https:\/\/www.africa-press.net\/burkina-faso\/economie\/agriculture-un-projet-damenagement-de-la-plaine-de-la-leraba-pour-ameliorer-la-securite-alimentaire-dans-les-cascades\" \/>\n<meta property=\"og:site_name\" content=\"Burkina Faso\" \/>\n<meta property=\"article:published_time\" content=\"2021-04-11T12:02:31+00:00\" \/>\n<meta property=\"article:modified_time\" content=\"2021-04-17T12:27:01+00:00\" \/>\n<meta property=\"og:image\" content=\"https:\/\/static.africa-press.net\/burkina\/sites\/42\/2021\/04\/img-6072dd140210d.jpg\" \/>\n\t<meta property=\"og:image:width\" content=\"720\" \/>\n\t<meta property=\"og:image:height\" content=\"414\" \/>\n\t<meta property=\"og:image:type\" content=\"image\/jpeg\" \/>\n<meta name=\"author\" content=\"cfeditorfr\" \/>\n<meta name=\"twitter:card\" content=\"summary_large_image\" \/>\n<meta name=\"twitter:label1\" content=\"\u00c9crit par\" \/>\n\t<meta name=\"twitter:data1\" content=\"cfeditorfr\" \/>\n\t<meta name=\"twitter:label2\" content=\"Dur\u00e9e de lecture estim\u00e9e\" \/>\n\t<meta name=\"twitter:data2\" content=\"5 minutes\" \/>\n<script type=\"application\/ld+json\" class=\"yoast-schema-graph\">{\"@context\":\"https:\/\/schema.org\",\"@graph\":[{\"@type\":\"Article\",\"@id\":\"https:\/\/www.africa-press.net\/burkina-faso\/economie\/agriculture-un-projet-damenagement-de-la-plaine-de-la-leraba-pour-ameliorer-la-securite-alimentaire-dans-les-cascades#article\",\"isPartOf\":{\"@id\":\"https:\/\/www.africa-press.net\/burkina-faso\/economie\/agriculture-un-projet-damenagement-de-la-plaine-de-la-leraba-pour-ameliorer-la-securite-alimentaire-dans-les-cascades\"},\"author\":{\"name\":\"cfeditorfr\",\"@id\":\"https:\/\/www.africa-press.net\/burkina-faso\/#\/schema\/person\/2b1cf3cd81a31e3cd26889ca66d677f1\"},\"headline\":\"Agriculture : Un projet d\u2019am\u00e9nagement de la plaine de la L\u00e9raba pour am\u00e9liorer la s\u00e9curit\u00e9 alimentaire dans les Cascades\",\"datePublished\":\"2021-04-11T12:02:31+00:00\",\"dateModified\":\"2021-04-17T12:27:01+00:00\",\"mainEntityOfPage\":{\"@id\":\"https:\/\/www.africa-press.net\/burkina-faso\/economie\/agriculture-un-projet-damenagement-de-la-plaine-de-la-leraba-pour-ameliorer-la-securite-alimentaire-dans-les-cascades\"},\"wordCount\":1252,\"commentCount\":0,\"image\":{\"@id\":\"https:\/\/www.africa-press.net\/burkina-faso\/economie\/agriculture-un-projet-damenagement-de-la-plaine-de-la-leraba-pour-ameliorer-la-securite-alimentaire-dans-les-cascades#primaryimage\"},\"thumbnailUrl\":\"https:\/\/static.africa-press.net\/burkina\/sites\/42\/2021\/04\/img-6072dd140210d.jpg\",\"keywords\":[\"Africa Press\",\"Africa Press-Burkina Faso\",\"Burkina Faso\"],\"articleSection\":[\"\u00c9conomie\",\"homepage-french\",\"Toutes les actualit\u00e9s\"],\"inLanguage\":\"fr-FR\",\"potentialAction\":[{\"@type\":\"CommentAction\",\"name\":\"Comment\",\"target\":[\"https:\/\/www.africa-press.net\/burkina-faso\/economie\/agriculture-un-projet-damenagement-de-la-plaine-de-la-leraba-pour-ameliorer-la-securite-alimentaire-dans-les-cascades#respond\"]}]},{\"@type\":\"WebPage\",\"@id\":\"https:\/\/www.africa-press.net\/burkina-faso\/economie\/agriculture-un-projet-damenagement-de-la-plaine-de-la-leraba-pour-ameliorer-la-securite-alimentaire-dans-les-cascades\",\"url\":\"https:\/\/www.africa-press.net\/burkina-faso\/economie\/agriculture-un-projet-damenagement-de-la-plaine-de-la-leraba-pour-ameliorer-la-securite-alimentaire-dans-les-cascades\",\"name\":\"Agriculture : Un projet d\u2019am\u00e9nagement de la plaine de la L\u00e9raba pour am\u00e9liorer la s\u00e9curit\u00e9 alimentaire dans les Cascades - Burkina Faso\",\"isPartOf\":{\"@id\":\"https:\/\/www.africa-press.net\/burkina-faso\/#website\"},\"primaryImageOfPage\":{\"@id\":\"https:\/\/www.africa-press.net\/burkina-faso\/economie\/agriculture-un-projet-damenagement-de-la-plaine-de-la-leraba-pour-ameliorer-la-securite-alimentaire-dans-les-cascades#primaryimage\"},\"image\":{\"@id\":\"https:\/\/www.africa-press.net\/burkina-faso\/economie\/agriculture-un-projet-damenagement-de-la-plaine-de-la-leraba-pour-ameliorer-la-securite-alimentaire-dans-les-cascades#primaryimage\"},\"thumbnailUrl\":\"https:\/\/static.africa-press.net\/burkina\/sites\/42\/2021\/04\/img-6072dd140210d.jpg\",\"datePublished\":\"2021-04-11T12:02:31+00:00\",\"dateModified\":\"2021-04-17T12:27:01+00:00\",\"author\":{\"@id\":\"https:\/\/www.africa-press.net\/burkina-faso\/#\/schema\/person\/2b1cf3cd81a31e3cd26889ca66d677f1\"},\"description\":\"Le ministre en charge de l\u2019Agriculture, Salifou Ou\u00e9draogo, a proc\u00e9d\u00e9 au lancement officiel des activit\u00e9s du Projet d\u2019 ...\",\"breadcrumb\":{\"@id\":\"https:\/\/www.africa-press.net\/burkina-faso\/economie\/agriculture-un-projet-damenagement-de-la-plaine-de-la-leraba-pour-ameliorer-la-securite-alimentaire-dans-les-cascades#breadcrumb\"},\"inLanguage\":\"fr-FR\",\"potentialAction\":[{\"@type\":\"ReadAction\",\"target\":[\"https:\/\/www.africa-press.net\/burkina-faso\/economie\/agriculture-un-projet-damenagement-de-la-plaine-de-la-leraba-pour-ameliorer-la-securite-alimentaire-dans-les-cascades\"]}]},{\"@type\":\"ImageObject\",\"inLanguage\":\"fr-FR\",\"@id\":\"https:\/\/www.africa-press.net\/burkina-faso\/economie\/agriculture-un-projet-damenagement-de-la-plaine-de-la-leraba-pour-ameliorer-la-securite-alimentaire-dans-les-cascades#primaryimage\",\"url\":\"https:\/\/static.africa-press.net\/burkina\/sites\/42\/2021\/04\/img-6072dd140210d.jpg\",\"contentUrl\":\"https:\/\/static.africa-press.net\/burkina\/sites\/42\/2021\/04\/img-6072dd140210d.jpg\",\"width\":720,\"height\":414,\"caption\":\"Agriculture : Un projet d\u2019am\u00e9nagement de la plaine de la L\u00e9raba pour am\u00e9liorer la s\u00e9curit\u00e9 alimentaire dans les Cascades\"},{\"@type\":\"BreadcrumbList\",\"@id\":\"https:\/\/www.africa-press.net\/burkina-faso\/economie\/agriculture-un-projet-damenagement-de-la-plaine-de-la-leraba-pour-ameliorer-la-securite-alimentaire-dans-les-cascades#breadcrumb\",\"itemListElement\":[{\"@type\":\"ListItem\",\"position\":1,\"name\":\"Accueil\",\"item\":\"https:\/\/www.africa-press.net\/burkina-faso\/\"},{\"@type\":\"ListItem\",\"position\":2,\"name\":\"Agriculture : Un projet d\u2019am\u00e9nagement de la plaine de la L\u00e9raba pour am\u00e9liorer la s\u00e9curit\u00e9 alimentaire dans les Cascades\"}]},{\"@type\":\"WebSite\",\"@id\":\"https:\/\/www.africa-press.net\/burkina-faso\/#website\",\"url\":\"https:\/\/www.africa-press.net\/burkina-faso\/\",\"name\":\"Burkina Faso\",\"description\":\"Just another Africa News Agency Sites site\",\"potentialAction\":[{\"@type\":\"SearchAction\",\"target\":{\"@type\":\"EntryPoint\",\"urlTemplate\":\"https:\/\/www.africa-press.net\/burkina-faso\/?s={search_term_string}\"},\"query-input\":{\"@type\":\"PropertyValueSpecification\",\"valueRequired\":true,\"valueName\":\"search_term_string\"}}],\"inLanguage\":\"fr-FR\"},{\"@type\":\"Person\",\"@id\":\"https:\/\/www.africa-press.net\/burkina-faso\/#\/schema\/person\/2b1cf3cd81a31e3cd26889ca66d677f1\",\"name\":\"cfeditorfr\"}]}<\/script>\n<!-- \/ Yoast SEO Premium plugin. -->","yoast_head_json":{"title":"Agriculture : Un projet d\u2019am\u00e9nagement de la plaine de la L\u00e9raba pour am\u00e9liorer la s\u00e9curit\u00e9 alimentaire dans les Cascades - Burkina Faso","description":"Le ministre en charge de l\u2019Agriculture, Salifou Ou\u00e9draogo, a proc\u00e9d\u00e9 au lancement officiel des activit\u00e9s du Projet d\u2019 ...","robots":{"index":"index","follow":"follow","max-snippet":"max-snippet:-1","max-image-preview":"max-image-preview:large","max-video-preview":"max-video-preview:-1"},"canonical":"https:\/\/www.africa-press.net\/burkina-faso\/economie\/agriculture-un-projet-damenagement-de-la-plaine-de-la-leraba-pour-ameliorer-la-securite-alimentaire-dans-les-cascades","og_locale":"fr_FR","og_type":"article","og_title":"Agriculture : Un projet d\u2019am\u00e9nagement de la plaine de la L\u00e9raba pour am\u00e9liorer la s\u00e9curit\u00e9 alimentaire dans les Cascades","og_description":"Le ministre en charge de l\u2019Agriculture, Salifou Ou\u00e9draogo, a proc\u00e9d\u00e9 au lancement officiel des activit\u00e9s du Projet d\u2019 ...","og_url":"https:\/\/www.africa-press.net\/burkina-faso\/economie\/agriculture-un-projet-damenagement-de-la-plaine-de-la-leraba-pour-ameliorer-la-securite-alimentaire-dans-les-cascades","og_site_name":"Burkina Faso","article_published_time":"2021-04-11T12:02:31+00:00","article_modified_time":"2021-04-17T12:27:01+00:00","og_image":[{"width":720,"height":414,"url":"https:\/\/static.africa-press.net\/burkina\/sites\/42\/2021\/04\/img-6072dd140210d.jpg","type":"image\/jpeg"}],"author":"cfeditorfr","twitter_card":"summary_large_image","twitter_misc":{"\u00c9crit par":"cfeditorfr","Dur\u00e9e de lecture estim\u00e9e":"5 minutes"},"schema":{"@context":"https:\/\/schema.org","@graph":[{"@type":"Article","@id":"https:\/\/www.africa-press.net\/burkina-faso\/economie\/agriculture-un-projet-damenagement-de-la-plaine-de-la-leraba-pour-ameliorer-la-securite-alimentaire-dans-les-cascades#article","isPartOf":{"@id":"https:\/\/www.africa-press.net\/burkina-faso\/economie\/agriculture-un-projet-damenagement-de-la-plaine-de-la-leraba-pour-ameliorer-la-securite-alimentaire-dans-les-cascades"},"author":{"name":"cfeditorfr","@id":"https:\/\/www.africa-press.net\/burkina-faso\/#\/schema\/person\/2b1cf3cd81a31e3cd26889ca66d677f1"},"headline":"Agriculture : Un projet d\u2019am\u00e9nagement de la plaine de la L\u00e9raba pour am\u00e9liorer la s\u00e9curit\u00e9 alimentaire dans les Cascades","datePublished":"2021-04-11T12:02:31+00:00","dateModified":"2021-04-17T12:27:01+00:00","mainEntityOfPage":{"@id":"https:\/\/www.africa-press.net\/burkina-faso\/economie\/agriculture-un-projet-damenagement-de-la-plaine-de-la-leraba-pour-ameliorer-la-securite-alimentaire-dans-les-cascades"},"wordCount":1252,"commentCount":0,"image":{"@id":"https:\/\/www.africa-press.net\/burkina-faso\/economie\/agriculture-un-projet-damenagement-de-la-plaine-de-la-leraba-pour-ameliorer-la-securite-alimentaire-dans-les-cascades#primaryimage"},"thumbnailUrl":"https:\/\/static.africa-press.net\/burkina\/sites\/42\/2021\/04\/img-6072dd140210d.jpg","keywords":["Africa Press","Africa Press-Burkina Faso","Burkina Faso"],"articleSection":["\u00c9conomie","homepage-french","Toutes les actualit\u00e9s"],"inLanguage":"fr-FR","potentialAction":[{"@type":"CommentAction","name":"Comment","target":["https:\/\/www.africa-press.net\/burkina-faso\/economie\/agriculture-un-projet-damenagement-de-la-plaine-de-la-leraba-pour-ameliorer-la-securite-alimentaire-dans-les-cascades#respond"]}]},{"@type":"WebPage","@id":"https:\/\/www.africa-press.net\/burkina-faso\/economie\/agriculture-un-projet-damenagement-de-la-plaine-de-la-leraba-pour-ameliorer-la-securite-alimentaire-dans-les-cascades","url":"https:\/\/www.africa-press.net\/burkina-faso\/economie\/agriculture-un-projet-damenagement-de-la-plaine-de-la-leraba-pour-ameliorer-la-securite-alimentaire-dans-les-cascades","name":"Agriculture : Un projet d\u2019am\u00e9nagement de la plaine de la L\u00e9raba pour am\u00e9liorer la s\u00e9curit\u00e9 alimentaire dans les Cascades - Burkina Faso","isPartOf":{"@id":"https:\/\/www.africa-press.net\/burkina-faso\/#website"},"primaryImageOfPage":{"@id":"https:\/\/www.africa-press.net\/burkina-faso\/economie\/agriculture-un-projet-damenagement-de-la-plaine-de-la-leraba-pour-ameliorer-la-securite-alimentaire-dans-les-cascades#primaryimage"},"image":{"@id":"https:\/\/www.africa-press.net\/burkina-faso\/economie\/agriculture-un-projet-damenagement-de-la-plaine-de-la-leraba-pour-ameliorer-la-securite-alimentaire-dans-les-cascades#primaryimage"},"thumbnailUrl":"https:\/\/static.africa-press.net\/burkina\/sites\/42\/2021\/04\/img-6072dd140210d.jpg","datePublished":"2021-04-11T12:02:31+00:00","dateModified":"2021-04-17T12:27:01+00:00","author":{"@id":"https:\/\/www.africa-press.net\/burkina-faso\/#\/schema\/person\/2b1cf3cd81a31e3cd26889ca66d677f1"},"description":"Le ministre en charge de l\u2019Agriculture, Salifou Ou\u00e9draogo, a proc\u00e9d\u00e9 au lancement officiel des activit\u00e9s du Projet d\u2019 ...","breadcrumb":{"@id":"https:\/\/www.africa-press.net\/burkina-faso\/economie\/agriculture-un-projet-damenagement-de-la-plaine-de-la-leraba-pour-ameliorer-la-securite-alimentaire-dans-les-cascades#breadcrumb"},"inLanguage":"fr-FR","potentialAction":[{"@type":"ReadAction","target":["https:\/\/www.africa-press.net\/burkina-faso\/economie\/agriculture-un-projet-damenagement-de-la-plaine-de-la-leraba-pour-ameliorer-la-securite-alimentaire-dans-les-cascades"]}]},{"@type":"ImageObject","inLanguage":"fr-FR","@id":"https:\/\/www.africa-press.net\/burkina-faso\/economie\/agriculture-un-projet-damenagement-de-la-plaine-de-la-leraba-pour-ameliorer-la-securite-alimentaire-dans-les-cascades#primaryimage","url":"https:\/\/static.africa-press.net\/burkina\/sites\/42\/2021\/04\/img-6072dd140210d.jpg","contentUrl":"https:\/\/static.africa-press.net\/burkina\/sites\/42\/2021\/04\/img-6072dd140210d.jpg","width":720,"height":414,"caption":"Agriculture : Un projet d\u2019am\u00e9nagement de la plaine de la L\u00e9raba pour am\u00e9liorer la s\u00e9curit\u00e9 alimentaire dans les Cascades"},{"@type":"BreadcrumbList","@id":"https:\/\/www.africa-press.net\/burkina-faso\/economie\/agriculture-un-projet-damenagement-de-la-plaine-de-la-leraba-pour-ameliorer-la-securite-alimentaire-dans-les-cascades#breadcrumb","itemListElement":[{"@type":"ListItem","position":1,"name":"Accueil","item":"https:\/\/www.africa-press.net\/burkina-faso\/"},{"@type":"ListItem","position":2,"name":"Agriculture : Un projet d\u2019am\u00e9nagement de la plaine de la L\u00e9raba pour am\u00e9liorer la s\u00e9curit\u00e9 alimentaire dans les Cascades"}]},{"@type":"WebSite","@id":"https:\/\/www.africa-press.net\/burkina-faso\/#website","url":"https:\/\/www.africa-press.net\/burkina-faso\/","name":"Burkina Faso","description":"Just another Africa News Agency Sites site","potentialAction":[{"@type":"SearchAction","target":{"@type":"EntryPoint","urlTemplate":"https:\/\/www.africa-press.net\/burkina-faso\/?s={search_term_string}"},"query-input":{"@type":"PropertyValueSpecification","valueRequired":true,"valueName":"search_term_string"}}],"inLanguage":"fr-FR"},{"@type":"Person","@id":"https:\/\/www.africa-press.net\/burkina-faso\/#\/schema\/person\/2b1cf3cd81a31e3cd26889ca66d677f1","name":"cfeditorfr"}]}},"_links":{"self":[{"href":"https:\/\/www.africa-press.net\/burkina-faso\/wp-json\/wp\/v2\/posts\/9718","targetHints":{"allow":["GET"]}}],"collection":[{"href":"https:\/\/www.africa-press.net\/burkina-faso\/wp-json\/wp\/v2\/posts"}],"about":[{"href":"https:\/\/www.africa-press.net\/burkina-faso\/wp-json\/wp\/v2\/types\/post"}],"author":[{"embeddable":true,"href":"https:\/\/www.africa-press.net\/burkina-faso\/wp-json\/wp\/v2\/users\/82"}],"replies":[{"embeddable":true,"href":"https:\/\/www.africa-press.net\/burkina-faso\/wp-json\/wp\/v2\/comments?post=9718"}],"version-history":[{"count":0,"href":"https:\/\/www.africa-press.net\/burkina-faso\/wp-json\/wp\/v2\/posts\/9718\/revisions"}],"wp:featuredmedia":[{"embeddable":true,"href":"https:\/\/www.africa-press.net\/burkina-faso\/wp-json\/wp\/v2\/media\/9717"}],"wp:attachment":[{"href":"https:\/\/www.africa-press.net\/burkina-faso\/wp-json\/wp\/v2\/media?parent=9718"}],"wp:term":[{"taxonomy":"category","embeddable":true,"href":"https:\/\/www.africa-press.net\/burkina-faso\/wp-json\/wp\/v2\/categories?post=9718"},{"taxonomy":"post_tag","embeddable":true,"href":"https:\/\/www.africa-press.net\/burkina-faso\/wp-json\/wp\/v2\/tags?post=9718"}],"curies":[{"name":"wp","href":"https:\/\/api.w.org\/{rel}","templated":true}]}}