{"id":9730,"date":"2021-04-11T12:38:50","date_gmt":"2021-04-11T12:38:50","guid":{"rendered":"https:\/\/www.africa-press.net\/burkina-faso\/?p=9730"},"modified":"2021-04-11T16:36:28","modified_gmt":"2021-04-11T16:36:28","slug":"burkina-faso-le-projet-nexus-pour-de-leau-potable-dans-les-zones-a-risque-securitaire","status":"publish","type":"post","link":"https:\/\/www.africa-press.net\/burkina-faso\/toutes-les-actualites\/burkina-faso-le-projet-nexus-pour-de-leau-potable-dans-les-zones-a-risque-securitaire","title":{"rendered":"Le projet\u00ab NEXUS \u00bb pour de l\u2019eau potable dans les zones \u00e0 risque s\u00e9curitaire"},"content":{"rendered":"<p><span style=\"color: #ff6600\"><strong><a href=\"https:\/\/www.africa-press.net\/\">Africa-Press<\/a> &#8211; <a href=\"https:\/\/www.africa-press.net\/burkina-faso\">Burkina Faso<\/a>. <\/strong><\/span>L\u2019Agence Fran\u00e7aise de D\u00e9veloppement (AFD), en partenariat avec un consortium d\u2019Organisations Non Gouvernementales, a proc\u00e9d\u00e9 \u00e0 la signature de convention pour le d\u00e9marrage du projet \u00ab NEXUS \u00bb, ce vendredi 9 avril 2021 \u00e0 Ouagadougou. Cette initiative consiste \u00e0 soutenir l\u2019approvisionnement en eau potable dans les zones \u00e0 risque s\u00e9curitaire au Burkina Faso.<\/p>\n<p>Au Burkina Faso, plusieurs zones sont priv\u00e9es d\u2019eau potable en l\u2019occurrence dans les r\u00e9gions de l\u2019Est, du Nord et du Sahel, surtout avec l\u2019av\u00e8nement des d\u00e9plac\u00e9s internes. A cet effet, l\u2019Agence Fran\u00e7aise de D\u00e9veloppement (AFD), en partenariat avec un consortium regroupant plusieurs autres Organisations Non Gouvernementale (ONG), a initi\u00e9 un projet pour pallier \u00e0 ce besoin. La convention du d\u00e9marrage de ce projet d\u00e9nomm\u00e9 \u00ab NEXUS \u00bb a \u00e9t\u00e9 sign\u00e9e ce vendredi 9 avril 2021.<\/p>\n<p>NEXUS a \u00e9t\u00e9 financ\u00e9 \u00e0 environ 900 millions de Francs CFA par l\u2019AFD. Il pr\u00e9voit s\u2019\u00e9taler sur une p\u00e9riode de deux ann\u00e9es d\u2019ex\u00e9cution. Le projet concernera les villes de Gorom-Gorom, Djibo, Kaya, Fada, Gay\u00e9ri et Ouahigouya. L\u2019AFD, par ce geste, entend ravitailler 360 000 personnes en eau potable dans les villes concern\u00e9es.<\/p>\n<p>La maitrise d\u2019ouvrage du projet a \u00e9t\u00e9 confi\u00e9e \u00e0 Solidarit\u00e9 Internationale. Francis Claver Tahoua, repr\u00e9sentant pays de Solidarit\u00e9 Internationale, a d\u00e9clar\u00e9 que cette marque de confiance \u00e0 l\u2019\u00e9gard de son organisation est comme une source de motivation et que cela va leur permettre d\u2019apporter leur touche au d\u00e9veloppement de ces zones.<\/p>\n<p>\u00ab L\u2019ex\u00e9cution de ce programme va nous permettre de toucher environ 360 000 personnes en mati\u00e8re d\u2019eau, d\u2019assainissement et d\u2019hygi\u00e8ne. Cela va contribuer \u00e0 am\u00e9liorer les conditions de vie des populations de ces villes concern\u00e9es \u00bb, a-t-il ajout\u00e9.<\/p>\n<p>Pour le Directeur g\u00e9n\u00e9ral de l\u2019Office National de l\u2019Eau et de l\u2019Assainissement (ONEA), Fr\u00e9d\u00e9ric Fran\u00e7ois Kabor\u00e9, cette initiative est une sorte d\u2019\u00e9pingle retir\u00e9e du pied de son d\u00e9partement en ce sens qu\u2019il va contribuer \u00e0 combler les insuffisances en eau de ces zones.<\/p>\n<p>\u00ab Je ne peux que me r\u00e9jouir de cet projet. NEXUS va permettre \u00e0 l\u2019ONEA de renforcer durablement ses capacit\u00e9s en terme sde prise en charge de la fourniture en eau et assainissement dans les zones \u00e0 risque s\u00e9curitaire \u00bb, s\u2019est-il-r\u00e9joui.<\/p>\n<p>Le projet en question sera couvert enti\u00e8rement par une subvention de l\u2019AFD issue du Fonds Paix et R\u00e9silience Minka, sous l\u2019accompagnement de l\u2019Ambassade de France au Burkina Faso. Par ailleurs, il s\u2019inscrit dans le programme des projets de l\u2019AFD qui consiste \u00e0 l\u2019engagement de la France en faveur des Objectifs de D\u00e9veloppement Durable (ODD) dans plusieurs pays d\u2019Afrique. Abdoul Gani BARRY (stagiaire)<\/p>\n","protected":false},"excerpt":{"rendered":"<p>Africa-Press &#8211; Burkina Faso. L\u2019Agence Fran\u00e7aise de D\u00e9veloppement (AFD), en partenariat avec un consortium d\u2019Organisations Non Gouvernementales, a proc\u00e9d\u00e9 \u00e0 la signature de convention pour le d\u00e9marrage du projet \u00ab NEXUS \u00bb, ce vendredi 9 avril 2021 \u00e0 Ouagadougou. Cette initiative consiste \u00e0 soutenir l\u2019approvisionnement en eau potable dans les zones \u00e0 risque s\u00e9curitaire au [&hellip;]<\/p>\n","protected":false},"author":82,"featured_media":9729,"comment_status":"open","ping_status":"closed","sticky":false,"template":"","format":"standard","meta":{"footnotes":""},"categories":[21,11,10],"tags":[111,725,29],"class_list":["post-9730","post","type-post","status-publish","format-standard","has-post-thumbnail","hentry","category-communaute","category-homepage-french","category-toutes-les-actualites","tag-africa-press","tag-africa-press-burkina-faso","tag-burkina-faso"],"yoast_head":"<!-- This site is optimized with the Yoast SEO Premium plugin v26.1 (Yoast SEO v27.0) - https:\/\/yoast.com\/product\/yoast-seo-premium-wordpress\/ -->\n<title>Le projet\u00ab NEXUS \u00bb pour de l\u2019eau potable dans les zones \u00e0 risque s\u00e9curitaire - Burkina Faso<\/title>\n<meta name=\"description\" content=\"L\u2019Agence Fran\u00e7aise de D\u00e9veloppement (AFD), en partenariat avec un consortium d\u2019Organisations Non Gouvernementales, a pro ...\" \/>\n<meta name=\"robots\" content=\"index, follow, max-snippet:-1, max-image-preview:large, max-video-preview:-1\" \/>\n<link rel=\"canonical\" href=\"https:\/\/www.africa-press.net\/burkina-faso\/toutes-les-actualites\/burkina-faso-le-projet-nexus-pour-de-leau-potable-dans-les-zones-a-risque-securitaire\" \/>\n<meta property=\"og:locale\" content=\"fr_FR\" \/>\n<meta property=\"og:type\" content=\"article\" \/>\n<meta property=\"og:title\" content=\"Le projet\u00ab NEXUS \u00bb pour de l\u2019eau potable dans les zones \u00e0 risque s\u00e9curitaire\" \/>\n<meta property=\"og:description\" content=\"L\u2019Agence Fran\u00e7aise de D\u00e9veloppement (AFD), en partenariat avec un consortium d\u2019Organisations Non Gouvernementales, a pro ...\" \/>\n<meta property=\"og:url\" content=\"https:\/\/www.africa-press.net\/burkina-faso\/toutes-les-actualites\/burkina-faso-le-projet-nexus-pour-de-leau-potable-dans-les-zones-a-risque-securitaire\" \/>\n<meta property=\"og:site_name\" content=\"Burkina Faso\" \/>\n<meta property=\"article:published_time\" content=\"2021-04-11T12:38:50+00:00\" \/>\n<meta property=\"article:modified_time\" content=\"2021-04-11T16:36:28+00:00\" \/>\n<meta property=\"og:image\" content=\"https:\/\/static.africa-press.net\/burkina\/sites\/42\/2021\/04\/img-6072ddd988a4b.jpg\" \/>\n\t<meta property=\"og:image:width\" content=\"1024\" \/>\n\t<meta property=\"og:image:height\" content=\"768\" \/>\n\t<meta property=\"og:image:type\" content=\"image\/jpeg\" \/>\n<meta name=\"author\" content=\"cfeditorfr\" \/>\n<meta name=\"twitter:card\" content=\"summary_large_image\" \/>\n<meta name=\"twitter:label1\" content=\"\u00c9crit par\" \/>\n\t<meta name=\"twitter:data1\" content=\"cfeditorfr\" \/>\n\t<meta name=\"twitter:label2\" content=\"Dur\u00e9e de lecture estim\u00e9e\" \/>\n\t<meta name=\"twitter:data2\" content=\"2 minutes\" \/>\n<script type=\"application\/ld+json\" class=\"yoast-schema-graph\">{\"@context\":\"https:\/\/schema.org\",\"@graph\":[{\"@type\":\"Article\",\"@id\":\"https:\/\/www.africa-press.net\/burkina-faso\/toutes-les-actualites\/burkina-faso-le-projet-nexus-pour-de-leau-potable-dans-les-zones-a-risque-securitaire#article\",\"isPartOf\":{\"@id\":\"https:\/\/www.africa-press.net\/burkina-faso\/toutes-les-actualites\/burkina-faso-le-projet-nexus-pour-de-leau-potable-dans-les-zones-a-risque-securitaire\"},\"author\":{\"name\":\"cfeditorfr\",\"@id\":\"https:\/\/www.africa-press.net\/burkina-faso\/#\/schema\/person\/2b1cf3cd81a31e3cd26889ca66d677f1\"},\"headline\":\"Le projet\u00ab NEXUS \u00bb pour de l\u2019eau potable dans les zones \u00e0 risque s\u00e9curitaire\",\"datePublished\":\"2021-04-11T12:38:50+00:00\",\"dateModified\":\"2021-04-11T16:36:28+00:00\",\"mainEntityOfPage\":{\"@id\":\"https:\/\/www.africa-press.net\/burkina-faso\/toutes-les-actualites\/burkina-faso-le-projet-nexus-pour-de-leau-potable-dans-les-zones-a-risque-securitaire\"},\"wordCount\":480,\"commentCount\":0,\"image\":{\"@id\":\"https:\/\/www.africa-press.net\/burkina-faso\/toutes-les-actualites\/burkina-faso-le-projet-nexus-pour-de-leau-potable-dans-les-zones-a-risque-securitaire#primaryimage\"},\"thumbnailUrl\":\"https:\/\/static.africa-press.net\/burkina\/sites\/42\/2021\/04\/img-6072ddd988a4b.jpg\",\"keywords\":[\"Africa Press\",\"Africa Press-Burkina Faso\",\"Burkina Faso\"],\"articleSection\":[\"Communaut\u00e9\",\"homepage-french\",\"Toutes les actualit\u00e9s\"],\"inLanguage\":\"fr-FR\",\"potentialAction\":[{\"@type\":\"CommentAction\",\"name\":\"Comment\",\"target\":[\"https:\/\/www.africa-press.net\/burkina-faso\/toutes-les-actualites\/burkina-faso-le-projet-nexus-pour-de-leau-potable-dans-les-zones-a-risque-securitaire#respond\"]}]},{\"@type\":\"WebPage\",\"@id\":\"https:\/\/www.africa-press.net\/burkina-faso\/toutes-les-actualites\/burkina-faso-le-projet-nexus-pour-de-leau-potable-dans-les-zones-a-risque-securitaire\",\"url\":\"https:\/\/www.africa-press.net\/burkina-faso\/toutes-les-actualites\/burkina-faso-le-projet-nexus-pour-de-leau-potable-dans-les-zones-a-risque-securitaire\",\"name\":\"Le projet\u00ab NEXUS \u00bb pour de l\u2019eau potable dans les zones \u00e0 risque s\u00e9curitaire - Burkina Faso\",\"isPartOf\":{\"@id\":\"https:\/\/www.africa-press.net\/burkina-faso\/#website\"},\"primaryImageOfPage\":{\"@id\":\"https:\/\/www.africa-press.net\/burkina-faso\/toutes-les-actualites\/burkina-faso-le-projet-nexus-pour-de-leau-potable-dans-les-zones-a-risque-securitaire#primaryimage\"},\"image\":{\"@id\":\"https:\/\/www.africa-press.net\/burkina-faso\/toutes-les-actualites\/burkina-faso-le-projet-nexus-pour-de-leau-potable-dans-les-zones-a-risque-securitaire#primaryimage\"},\"thumbnailUrl\":\"https:\/\/static.africa-press.net\/burkina\/sites\/42\/2021\/04\/img-6072ddd988a4b.jpg\",\"datePublished\":\"2021-04-11T12:38:50+00:00\",\"dateModified\":\"2021-04-11T16:36:28+00:00\",\"author\":{\"@id\":\"https:\/\/www.africa-press.net\/burkina-faso\/#\/schema\/person\/2b1cf3cd81a31e3cd26889ca66d677f1\"},\"description\":\"L\u2019Agence Fran\u00e7aise de D\u00e9veloppement (AFD), en partenariat avec un consortium d\u2019Organisations Non Gouvernementales, a pro ...\",\"breadcrumb\":{\"@id\":\"https:\/\/www.africa-press.net\/burkina-faso\/toutes-les-actualites\/burkina-faso-le-projet-nexus-pour-de-leau-potable-dans-les-zones-a-risque-securitaire#breadcrumb\"},\"inLanguage\":\"fr-FR\",\"potentialAction\":[{\"@type\":\"ReadAction\",\"target\":[\"https:\/\/www.africa-press.net\/burkina-faso\/toutes-les-actualites\/burkina-faso-le-projet-nexus-pour-de-leau-potable-dans-les-zones-a-risque-securitaire\"]}]},{\"@type\":\"ImageObject\",\"inLanguage\":\"fr-FR\",\"@id\":\"https:\/\/www.africa-press.net\/burkina-faso\/toutes-les-actualites\/burkina-faso-le-projet-nexus-pour-de-leau-potable-dans-les-zones-a-risque-securitaire#primaryimage\",\"url\":\"https:\/\/static.africa-press.net\/burkina\/sites\/42\/2021\/04\/img-6072ddd988a4b.jpg\",\"contentUrl\":\"https:\/\/static.africa-press.net\/burkina\/sites\/42\/2021\/04\/img-6072ddd988a4b.jpg\",\"width\":1024,\"height\":768,\"caption\":\"Burkina Faso : Le projet\u00ab NEXUS \u00bb pour de l\u2019eau potable dans les zones \u00e0 risque s\u00e9curitaire\"},{\"@type\":\"BreadcrumbList\",\"@id\":\"https:\/\/www.africa-press.net\/burkina-faso\/toutes-les-actualites\/burkina-faso-le-projet-nexus-pour-de-leau-potable-dans-les-zones-a-risque-securitaire#breadcrumb\",\"itemListElement\":[{\"@type\":\"ListItem\",\"position\":1,\"name\":\"Accueil\",\"item\":\"https:\/\/www.africa-press.net\/burkina-faso\/\"},{\"@type\":\"ListItem\",\"position\":2,\"name\":\"Le projet\u00ab NEXUS \u00bb pour de l\u2019eau potable dans les zones \u00e0 risque s\u00e9curitaire\"}]},{\"@type\":\"WebSite\",\"@id\":\"https:\/\/www.africa-press.net\/burkina-faso\/#website\",\"url\":\"https:\/\/www.africa-press.net\/burkina-faso\/\",\"name\":\"Burkina Faso\",\"description\":\"Just another Africa News Agency Sites site\",\"potentialAction\":[{\"@type\":\"SearchAction\",\"target\":{\"@type\":\"EntryPoint\",\"urlTemplate\":\"https:\/\/www.africa-press.net\/burkina-faso\/?s={search_term_string}\"},\"query-input\":{\"@type\":\"PropertyValueSpecification\",\"valueRequired\":true,\"valueName\":\"search_term_string\"}}],\"inLanguage\":\"fr-FR\"},{\"@type\":\"Person\",\"@id\":\"https:\/\/www.africa-press.net\/burkina-faso\/#\/schema\/person\/2b1cf3cd81a31e3cd26889ca66d677f1\",\"name\":\"cfeditorfr\"}]}<\/script>\n<!-- \/ Yoast SEO Premium plugin. -->","yoast_head_json":{"title":"Le projet\u00ab NEXUS \u00bb pour de l\u2019eau potable dans les zones \u00e0 risque s\u00e9curitaire - Burkina Faso","description":"L\u2019Agence Fran\u00e7aise de D\u00e9veloppement (AFD), en partenariat avec un consortium d\u2019Organisations Non Gouvernementales, a pro ...","robots":{"index":"index","follow":"follow","max-snippet":"max-snippet:-1","max-image-preview":"max-image-preview:large","max-video-preview":"max-video-preview:-1"},"canonical":"https:\/\/www.africa-press.net\/burkina-faso\/toutes-les-actualites\/burkina-faso-le-projet-nexus-pour-de-leau-potable-dans-les-zones-a-risque-securitaire","og_locale":"fr_FR","og_type":"article","og_title":"Le projet\u00ab NEXUS \u00bb pour de l\u2019eau potable dans les zones \u00e0 risque s\u00e9curitaire","og_description":"L\u2019Agence Fran\u00e7aise de D\u00e9veloppement (AFD), en partenariat avec un consortium d\u2019Organisations Non Gouvernementales, a pro ...","og_url":"https:\/\/www.africa-press.net\/burkina-faso\/toutes-les-actualites\/burkina-faso-le-projet-nexus-pour-de-leau-potable-dans-les-zones-a-risque-securitaire","og_site_name":"Burkina Faso","article_published_time":"2021-04-11T12:38:50+00:00","article_modified_time":"2021-04-11T16:36:28+00:00","og_image":[{"width":1024,"height":768,"url":"https:\/\/static.africa-press.net\/burkina\/sites\/42\/2021\/04\/img-6072ddd988a4b.jpg","type":"image\/jpeg"}],"author":"cfeditorfr","twitter_card":"summary_large_image","twitter_misc":{"\u00c9crit par":"cfeditorfr","Dur\u00e9e de lecture estim\u00e9e":"2 minutes"},"schema":{"@context":"https:\/\/schema.org","@graph":[{"@type":"Article","@id":"https:\/\/www.africa-press.net\/burkina-faso\/toutes-les-actualites\/burkina-faso-le-projet-nexus-pour-de-leau-potable-dans-les-zones-a-risque-securitaire#article","isPartOf":{"@id":"https:\/\/www.africa-press.net\/burkina-faso\/toutes-les-actualites\/burkina-faso-le-projet-nexus-pour-de-leau-potable-dans-les-zones-a-risque-securitaire"},"author":{"name":"cfeditorfr","@id":"https:\/\/www.africa-press.net\/burkina-faso\/#\/schema\/person\/2b1cf3cd81a31e3cd26889ca66d677f1"},"headline":"Le projet\u00ab NEXUS \u00bb pour de l\u2019eau potable dans les zones \u00e0 risque s\u00e9curitaire","datePublished":"2021-04-11T12:38:50+00:00","dateModified":"2021-04-11T16:36:28+00:00","mainEntityOfPage":{"@id":"https:\/\/www.africa-press.net\/burkina-faso\/toutes-les-actualites\/burkina-faso-le-projet-nexus-pour-de-leau-potable-dans-les-zones-a-risque-securitaire"},"wordCount":480,"commentCount":0,"image":{"@id":"https:\/\/www.africa-press.net\/burkina-faso\/toutes-les-actualites\/burkina-faso-le-projet-nexus-pour-de-leau-potable-dans-les-zones-a-risque-securitaire#primaryimage"},"thumbnailUrl":"https:\/\/static.africa-press.net\/burkina\/sites\/42\/2021\/04\/img-6072ddd988a4b.jpg","keywords":["Africa Press","Africa Press-Burkina Faso","Burkina Faso"],"articleSection":["Communaut\u00e9","homepage-french","Toutes les actualit\u00e9s"],"inLanguage":"fr-FR","potentialAction":[{"@type":"CommentAction","name":"Comment","target":["https:\/\/www.africa-press.net\/burkina-faso\/toutes-les-actualites\/burkina-faso-le-projet-nexus-pour-de-leau-potable-dans-les-zones-a-risque-securitaire#respond"]}]},{"@type":"WebPage","@id":"https:\/\/www.africa-press.net\/burkina-faso\/toutes-les-actualites\/burkina-faso-le-projet-nexus-pour-de-leau-potable-dans-les-zones-a-risque-securitaire","url":"https:\/\/www.africa-press.net\/burkina-faso\/toutes-les-actualites\/burkina-faso-le-projet-nexus-pour-de-leau-potable-dans-les-zones-a-risque-securitaire","name":"Le projet\u00ab NEXUS \u00bb pour de l\u2019eau potable dans les zones \u00e0 risque s\u00e9curitaire - Burkina Faso","isPartOf":{"@id":"https:\/\/www.africa-press.net\/burkina-faso\/#website"},"primaryImageOfPage":{"@id":"https:\/\/www.africa-press.net\/burkina-faso\/toutes-les-actualites\/burkina-faso-le-projet-nexus-pour-de-leau-potable-dans-les-zones-a-risque-securitaire#primaryimage"},"image":{"@id":"https:\/\/www.africa-press.net\/burkina-faso\/toutes-les-actualites\/burkina-faso-le-projet-nexus-pour-de-leau-potable-dans-les-zones-a-risque-securitaire#primaryimage"},"thumbnailUrl":"https:\/\/static.africa-press.net\/burkina\/sites\/42\/2021\/04\/img-6072ddd988a4b.jpg","datePublished":"2021-04-11T12:38:50+00:00","dateModified":"2021-04-11T16:36:28+00:00","author":{"@id":"https:\/\/www.africa-press.net\/burkina-faso\/#\/schema\/person\/2b1cf3cd81a31e3cd26889ca66d677f1"},"description":"L\u2019Agence Fran\u00e7aise de D\u00e9veloppement (AFD), en partenariat avec un consortium d\u2019Organisations Non Gouvernementales, a pro ...","breadcrumb":{"@id":"https:\/\/www.africa-press.net\/burkina-faso\/toutes-les-actualites\/burkina-faso-le-projet-nexus-pour-de-leau-potable-dans-les-zones-a-risque-securitaire#breadcrumb"},"inLanguage":"fr-FR","potentialAction":[{"@type":"ReadAction","target":["https:\/\/www.africa-press.net\/burkina-faso\/toutes-les-actualites\/burkina-faso-le-projet-nexus-pour-de-leau-potable-dans-les-zones-a-risque-securitaire"]}]},{"@type":"ImageObject","inLanguage":"fr-FR","@id":"https:\/\/www.africa-press.net\/burkina-faso\/toutes-les-actualites\/burkina-faso-le-projet-nexus-pour-de-leau-potable-dans-les-zones-a-risque-securitaire#primaryimage","url":"https:\/\/static.africa-press.net\/burkina\/sites\/42\/2021\/04\/img-6072ddd988a4b.jpg","contentUrl":"https:\/\/static.africa-press.net\/burkina\/sites\/42\/2021\/04\/img-6072ddd988a4b.jpg","width":1024,"height":768,"caption":"Burkina Faso : Le projet\u00ab NEXUS \u00bb pour de l\u2019eau potable dans les zones \u00e0 risque s\u00e9curitaire"},{"@type":"BreadcrumbList","@id":"https:\/\/www.africa-press.net\/burkina-faso\/toutes-les-actualites\/burkina-faso-le-projet-nexus-pour-de-leau-potable-dans-les-zones-a-risque-securitaire#breadcrumb","itemListElement":[{"@type":"ListItem","position":1,"name":"Accueil","item":"https:\/\/www.africa-press.net\/burkina-faso\/"},{"@type":"ListItem","position":2,"name":"Le projet\u00ab NEXUS \u00bb pour de l\u2019eau potable dans les zones \u00e0 risque s\u00e9curitaire"}]},{"@type":"WebSite","@id":"https:\/\/www.africa-press.net\/burkina-faso\/#website","url":"https:\/\/www.africa-press.net\/burkina-faso\/","name":"Burkina Faso","description":"Just another Africa News Agency Sites site","potentialAction":[{"@type":"SearchAction","target":{"@type":"EntryPoint","urlTemplate":"https:\/\/www.africa-press.net\/burkina-faso\/?s={search_term_string}"},"query-input":{"@type":"PropertyValueSpecification","valueRequired":true,"valueName":"search_term_string"}}],"inLanguage":"fr-FR"},{"@type":"Person","@id":"https:\/\/www.africa-press.net\/burkina-faso\/#\/schema\/person\/2b1cf3cd81a31e3cd26889ca66d677f1","name":"cfeditorfr"}]}},"_links":{"self":[{"href":"https:\/\/www.africa-press.net\/burkina-faso\/wp-json\/wp\/v2\/posts\/9730","targetHints":{"allow":["GET"]}}],"collection":[{"href":"https:\/\/www.africa-press.net\/burkina-faso\/wp-json\/wp\/v2\/posts"}],"about":[{"href":"https:\/\/www.africa-press.net\/burkina-faso\/wp-json\/wp\/v2\/types\/post"}],"author":[{"embeddable":true,"href":"https:\/\/www.africa-press.net\/burkina-faso\/wp-json\/wp\/v2\/users\/82"}],"replies":[{"embeddable":true,"href":"https:\/\/www.africa-press.net\/burkina-faso\/wp-json\/wp\/v2\/comments?post=9730"}],"version-history":[{"count":0,"href":"https:\/\/www.africa-press.net\/burkina-faso\/wp-json\/wp\/v2\/posts\/9730\/revisions"}],"wp:featuredmedia":[{"embeddable":true,"href":"https:\/\/www.africa-press.net\/burkina-faso\/wp-json\/wp\/v2\/media\/9729"}],"wp:attachment":[{"href":"https:\/\/www.africa-press.net\/burkina-faso\/wp-json\/wp\/v2\/media?parent=9730"}],"wp:term":[{"taxonomy":"category","embeddable":true,"href":"https:\/\/www.africa-press.net\/burkina-faso\/wp-json\/wp\/v2\/categories?post=9730"},{"taxonomy":"post_tag","embeddable":true,"href":"https:\/\/www.africa-press.net\/burkina-faso\/wp-json\/wp\/v2\/tags?post=9730"}],"curies":[{"name":"wp","href":"https:\/\/api.w.org\/{rel}","templated":true}]}}