{"id":9733,"date":"2021-04-11T12:45:39","date_gmt":"2021-04-11T12:45:39","guid":{"rendered":"https:\/\/www.africa-press.net\/burkina-faso\/?p=9733"},"modified":"2021-04-11T16:36:38","modified_gmt":"2021-04-11T16:36:38","slug":"ouagadougou-difference-entre-social-democratie-et-social-liberalisme-en-discussion","status":"publish","type":"post","link":"https:\/\/www.africa-press.net\/burkina-faso\/politique\/ouagadougou-difference-entre-social-democratie-et-social-liberalisme-en-discussion","title":{"rendered":"Ouagadougou : Diff\u00e9rence entre social-d\u00e9mocratie et social lib\u00e9ralisme en discussion"},"content":{"rendered":"<p><span style=\"color: #ff6600\"><strong><a href=\"https:\/\/www.africa-press.net\/\">Africa-Press<\/a> &#8211; <a href=\"https:\/\/www.africa-press.net\/burkina-faso\">Burkina Faso<\/a>. <\/strong><\/span>Trancher le d\u00e9bat sur la fronti\u00e8re entre les id\u00e9ologies politiques \u00ab social-d\u00e9mocratie et social lib\u00e9ralisme \u00bb, c\u2019est ce qui a conduit \u00e0 l\u2019animation d\u2019un panel ce samedi 10 avril 2021 \u00e0 Ouagadougou.<\/p>\n<p>Les lib\u00e9raux Burkinab\u00e8 ont organis\u00e9 un forum sur les id\u00e9ologies politiques au Burkina Faso sous le th\u00e8me \u00ab R\u00f4le et place des id\u00e9ologies politiques au Burkina : quelles fronti\u00e8res entre social-d\u00e9mocratie et social lib\u00e9ralisme ? \u00bb.<\/p>\n<p>Le pr\u00e9sident du forum, Francis Neya, est revenu sur les objectifs de cette rencontre. Il s\u2019agit de rechercher \u00e0 savoir s\u2019il existe des fronti\u00e8res entre la social-d\u00e9mocratie et social-lib\u00e9ralisme.<\/p>\n<p>\u00ab D\u2019aucuns disent qu\u2019il n\u2019y a pas de fronti\u00e8re parce que ce sont des id\u00e9ologies qui se rejoignent. D\u2019autres disent que ce sont des id\u00e9ologies qui sont aux antipodes. Les panelistes nous permettront de mieux le savoir\u00bb a expliqu\u00e9 Francis Neya.<\/p>\n<p>Le panel a \u00e9t\u00e9 parrain\u00e9 par le ministre des mines et des carri\u00e8res, Bachir Isma\u00ebl Ou\u00e9draogo. Il a tenu \u00e0 saluer l\u2019initiative pour cette rencontre qui contribue \u00e0 l\u2019\u00e9veil de conscience des jeunes avant de se prononcer sur le th\u00e8me.<\/p>\n<p>\u00ab Aujourd\u2019hui nous parlons d\u2019id\u00e9ologie. Nous sommes des lib\u00e9raux, des socialistes (\u2026) mais il faut que l\u2019Afrique comprenne une chose, nous n\u2019irons nulle part dans la division. Il faut que nous sachions qu\u2019aucun pays ne peut se d\u00e9velopper de fa\u00e7on unilat\u00e9rale. Il faut que la jeunesse comprenne que solo, personne ne pourra y arriver et personne n\u2019aura des r\u00e9sultats. C\u2019est seulement dans l\u2019union et la coh\u00e9sion que nous allons pouvoir y arriver \u00bb, a-t-il soulign\u00e9.<\/p>\n<p>Egalement, il a rappel\u00e9 que c\u2019est la premi\u00e8re fois dans l\u2019histoire du Burkina Faso que des id\u00e9ologies diff\u00e9rentes s\u2019asseyent autour d\u2019une m\u00eame table pour discuter de l\u2019avenir et la gestion du pays.<\/p>\n<p>A noter que le forum a \u00e9t\u00e9 anim\u00e9 par Dr Abdoul Karim Saidou, enseignant \u00e0 l\u2019universit\u00e9 Thomas Sankara et Thomas Ou\u00e9draogo, pr\u00e9sident du CGD. Pour Abdoul Karim Saidou, la social-d\u00e9mocratie et le social lib\u00e9ralisme ne sont pas radicalement oppos\u00e9s.<\/p>\n<p>\u00ab On sait qu\u2019historiquement ce sont des id\u00e9ologies qui ont tent\u00e9 de faire une synth\u00e8se je dirais entre le socialisme scientifique ou communisme et le lib\u00e9ralisme pur et dur \u00bb a-t-il indiqu\u00e9. Sanata GANSAGNE (stagiaire)<\/p>\n","protected":false},"excerpt":{"rendered":"<p>Africa-Press &#8211; Burkina Faso. Trancher le d\u00e9bat sur la fronti\u00e8re entre les id\u00e9ologies politiques \u00ab social-d\u00e9mocratie et social lib\u00e9ralisme \u00bb, c\u2019est ce qui a conduit \u00e0 l\u2019animation d\u2019un panel ce samedi 10 avril 2021 \u00e0 Ouagadougou. Les lib\u00e9raux Burkinab\u00e8 ont organis\u00e9 un forum sur les id\u00e9ologies politiques au Burkina Faso sous le th\u00e8me \u00ab R\u00f4le [&hellip;]<\/p>\n","protected":false},"author":82,"featured_media":9732,"comment_status":"open","ping_status":"closed","sticky":false,"template":"","format":"standard","meta":{"footnotes":""},"categories":[11,2,10],"tags":[111,725,29],"class_list":["post-9733","post","type-post","status-publish","format-standard","has-post-thumbnail","hentry","category-homepage-french","category-politique","category-toutes-les-actualites","tag-africa-press","tag-africa-press-burkina-faso","tag-burkina-faso"],"yoast_head":"<!-- This site is optimized with the Yoast SEO Premium plugin v26.1 (Yoast SEO v27.0) - https:\/\/yoast.com\/product\/yoast-seo-premium-wordpress\/ -->\n<title>Ouagadougou : Diff\u00e9rence entre social-d\u00e9mocratie et social lib\u00e9ralisme en discussion - Burkina Faso<\/title>\n<meta name=\"description\" content=\"Trancher le d\u00e9bat sur la fronti\u00e8re entre les id\u00e9ologies politiques \u00ab social-d\u00e9mocratie et social lib\u00e9ralisme \u00bb, c\u2019est ce ...\" \/>\n<meta name=\"robots\" content=\"index, follow, max-snippet:-1, max-image-preview:large, max-video-preview:-1\" \/>\n<link rel=\"canonical\" href=\"https:\/\/www.africa-press.net\/burkina-faso\/politique\/ouagadougou-difference-entre-social-democratie-et-social-liberalisme-en-discussion\" \/>\n<meta property=\"og:locale\" content=\"fr_FR\" \/>\n<meta property=\"og:type\" content=\"article\" \/>\n<meta property=\"og:title\" content=\"Ouagadougou : Diff\u00e9rence entre social-d\u00e9mocratie et social lib\u00e9ralisme en discussion\" \/>\n<meta property=\"og:description\" content=\"Trancher le d\u00e9bat sur la fronti\u00e8re entre les id\u00e9ologies politiques \u00ab social-d\u00e9mocratie et social lib\u00e9ralisme \u00bb, c\u2019est ce ...\" \/>\n<meta property=\"og:url\" content=\"https:\/\/www.africa-press.net\/burkina-faso\/politique\/ouagadougou-difference-entre-social-democratie-et-social-liberalisme-en-discussion\" \/>\n<meta property=\"og:site_name\" content=\"Burkina Faso\" \/>\n<meta property=\"article:published_time\" content=\"2021-04-11T12:45:39+00:00\" \/>\n<meta property=\"article:modified_time\" content=\"2021-04-11T16:36:38+00:00\" \/>\n<meta property=\"og:image\" content=\"https:\/\/static.africa-press.net\/burkina\/sites\/42\/2021\/04\/img-6072de09bded6.jpg\" \/>\n\t<meta property=\"og:image:width\" content=\"750\" \/>\n\t<meta property=\"og:image:height\" content=\"375\" \/>\n\t<meta property=\"og:image:type\" content=\"image\/jpeg\" \/>\n<meta name=\"author\" content=\"cfeditorfr\" \/>\n<meta name=\"twitter:card\" content=\"summary_large_image\" \/>\n<meta name=\"twitter:label1\" content=\"\u00c9crit par\" \/>\n\t<meta name=\"twitter:data1\" content=\"cfeditorfr\" \/>\n\t<meta name=\"twitter:label2\" content=\"Dur\u00e9e de lecture estim\u00e9e\" \/>\n\t<meta name=\"twitter:data2\" content=\"2 minutes\" \/>\n<script type=\"application\/ld+json\" class=\"yoast-schema-graph\">{\"@context\":\"https:\/\/schema.org\",\"@graph\":[{\"@type\":\"Article\",\"@id\":\"https:\/\/www.africa-press.net\/burkina-faso\/politique\/ouagadougou-difference-entre-social-democratie-et-social-liberalisme-en-discussion#article\",\"isPartOf\":{\"@id\":\"https:\/\/www.africa-press.net\/burkina-faso\/politique\/ouagadougou-difference-entre-social-democratie-et-social-liberalisme-en-discussion\"},\"author\":{\"name\":\"cfeditorfr\",\"@id\":\"https:\/\/www.africa-press.net\/burkina-faso\/#\/schema\/person\/2b1cf3cd81a31e3cd26889ca66d677f1\"},\"headline\":\"Ouagadougou : Diff\u00e9rence entre social-d\u00e9mocratie et social lib\u00e9ralisme en discussion\",\"datePublished\":\"2021-04-11T12:45:39+00:00\",\"dateModified\":\"2021-04-11T16:36:38+00:00\",\"mainEntityOfPage\":{\"@id\":\"https:\/\/www.africa-press.net\/burkina-faso\/politique\/ouagadougou-difference-entre-social-democratie-et-social-liberalisme-en-discussion\"},\"wordCount\":424,\"commentCount\":0,\"image\":{\"@id\":\"https:\/\/www.africa-press.net\/burkina-faso\/politique\/ouagadougou-difference-entre-social-democratie-et-social-liberalisme-en-discussion#primaryimage\"},\"thumbnailUrl\":\"https:\/\/static.africa-press.net\/burkina\/sites\/42\/2021\/04\/img-6072de09bded6.jpg\",\"keywords\":[\"Africa Press\",\"Africa Press-Burkina Faso\",\"Burkina Faso\"],\"articleSection\":[\"homepage-french\",\"Politique\",\"Toutes les actualit\u00e9s\"],\"inLanguage\":\"fr-FR\",\"potentialAction\":[{\"@type\":\"CommentAction\",\"name\":\"Comment\",\"target\":[\"https:\/\/www.africa-press.net\/burkina-faso\/politique\/ouagadougou-difference-entre-social-democratie-et-social-liberalisme-en-discussion#respond\"]}]},{\"@type\":\"WebPage\",\"@id\":\"https:\/\/www.africa-press.net\/burkina-faso\/politique\/ouagadougou-difference-entre-social-democratie-et-social-liberalisme-en-discussion\",\"url\":\"https:\/\/www.africa-press.net\/burkina-faso\/politique\/ouagadougou-difference-entre-social-democratie-et-social-liberalisme-en-discussion\",\"name\":\"Ouagadougou : Diff\u00e9rence entre social-d\u00e9mocratie et social lib\u00e9ralisme en discussion - Burkina Faso\",\"isPartOf\":{\"@id\":\"https:\/\/www.africa-press.net\/burkina-faso\/#website\"},\"primaryImageOfPage\":{\"@id\":\"https:\/\/www.africa-press.net\/burkina-faso\/politique\/ouagadougou-difference-entre-social-democratie-et-social-liberalisme-en-discussion#primaryimage\"},\"image\":{\"@id\":\"https:\/\/www.africa-press.net\/burkina-faso\/politique\/ouagadougou-difference-entre-social-democratie-et-social-liberalisme-en-discussion#primaryimage\"},\"thumbnailUrl\":\"https:\/\/static.africa-press.net\/burkina\/sites\/42\/2021\/04\/img-6072de09bded6.jpg\",\"datePublished\":\"2021-04-11T12:45:39+00:00\",\"dateModified\":\"2021-04-11T16:36:38+00:00\",\"author\":{\"@id\":\"https:\/\/www.africa-press.net\/burkina-faso\/#\/schema\/person\/2b1cf3cd81a31e3cd26889ca66d677f1\"},\"description\":\"Trancher le d\u00e9bat sur la fronti\u00e8re entre les id\u00e9ologies politiques \u00ab social-d\u00e9mocratie et social lib\u00e9ralisme \u00bb, c\u2019est ce ...\",\"breadcrumb\":{\"@id\":\"https:\/\/www.africa-press.net\/burkina-faso\/politique\/ouagadougou-difference-entre-social-democratie-et-social-liberalisme-en-discussion#breadcrumb\"},\"inLanguage\":\"fr-FR\",\"potentialAction\":[{\"@type\":\"ReadAction\",\"target\":[\"https:\/\/www.africa-press.net\/burkina-faso\/politique\/ouagadougou-difference-entre-social-democratie-et-social-liberalisme-en-discussion\"]}]},{\"@type\":\"ImageObject\",\"inLanguage\":\"fr-FR\",\"@id\":\"https:\/\/www.africa-press.net\/burkina-faso\/politique\/ouagadougou-difference-entre-social-democratie-et-social-liberalisme-en-discussion#primaryimage\",\"url\":\"https:\/\/static.africa-press.net\/burkina\/sites\/42\/2021\/04\/img-6072de09bded6.jpg\",\"contentUrl\":\"https:\/\/static.africa-press.net\/burkina\/sites\/42\/2021\/04\/img-6072de09bded6.jpg\",\"width\":750,\"height\":375,\"caption\":\"Ouagadougou : Diff\u00e9rence entre social-d\u00e9mocratie et social lib\u00e9ralisme en discussion\"},{\"@type\":\"BreadcrumbList\",\"@id\":\"https:\/\/www.africa-press.net\/burkina-faso\/politique\/ouagadougou-difference-entre-social-democratie-et-social-liberalisme-en-discussion#breadcrumb\",\"itemListElement\":[{\"@type\":\"ListItem\",\"position\":1,\"name\":\"Accueil\",\"item\":\"https:\/\/www.africa-press.net\/burkina-faso\/\"},{\"@type\":\"ListItem\",\"position\":2,\"name\":\"Ouagadougou : Diff\u00e9rence entre social-d\u00e9mocratie et social lib\u00e9ralisme en discussion\"}]},{\"@type\":\"WebSite\",\"@id\":\"https:\/\/www.africa-press.net\/burkina-faso\/#website\",\"url\":\"https:\/\/www.africa-press.net\/burkina-faso\/\",\"name\":\"Burkina Faso\",\"description\":\"Just another Africa News Agency Sites site\",\"potentialAction\":[{\"@type\":\"SearchAction\",\"target\":{\"@type\":\"EntryPoint\",\"urlTemplate\":\"https:\/\/www.africa-press.net\/burkina-faso\/?s={search_term_string}\"},\"query-input\":{\"@type\":\"PropertyValueSpecification\",\"valueRequired\":true,\"valueName\":\"search_term_string\"}}],\"inLanguage\":\"fr-FR\"},{\"@type\":\"Person\",\"@id\":\"https:\/\/www.africa-press.net\/burkina-faso\/#\/schema\/person\/2b1cf3cd81a31e3cd26889ca66d677f1\",\"name\":\"cfeditorfr\"}]}<\/script>\n<!-- \/ Yoast SEO Premium plugin. -->","yoast_head_json":{"title":"Ouagadougou : Diff\u00e9rence entre social-d\u00e9mocratie et social lib\u00e9ralisme en discussion - Burkina Faso","description":"Trancher le d\u00e9bat sur la fronti\u00e8re entre les id\u00e9ologies politiques \u00ab social-d\u00e9mocratie et social lib\u00e9ralisme \u00bb, c\u2019est ce ...","robots":{"index":"index","follow":"follow","max-snippet":"max-snippet:-1","max-image-preview":"max-image-preview:large","max-video-preview":"max-video-preview:-1"},"canonical":"https:\/\/www.africa-press.net\/burkina-faso\/politique\/ouagadougou-difference-entre-social-democratie-et-social-liberalisme-en-discussion","og_locale":"fr_FR","og_type":"article","og_title":"Ouagadougou : Diff\u00e9rence entre social-d\u00e9mocratie et social lib\u00e9ralisme en discussion","og_description":"Trancher le d\u00e9bat sur la fronti\u00e8re entre les id\u00e9ologies politiques \u00ab social-d\u00e9mocratie et social lib\u00e9ralisme \u00bb, c\u2019est ce ...","og_url":"https:\/\/www.africa-press.net\/burkina-faso\/politique\/ouagadougou-difference-entre-social-democratie-et-social-liberalisme-en-discussion","og_site_name":"Burkina Faso","article_published_time":"2021-04-11T12:45:39+00:00","article_modified_time":"2021-04-11T16:36:38+00:00","og_image":[{"width":750,"height":375,"url":"https:\/\/static.africa-press.net\/burkina\/sites\/42\/2021\/04\/img-6072de09bded6.jpg","type":"image\/jpeg"}],"author":"cfeditorfr","twitter_card":"summary_large_image","twitter_misc":{"\u00c9crit par":"cfeditorfr","Dur\u00e9e de lecture estim\u00e9e":"2 minutes"},"schema":{"@context":"https:\/\/schema.org","@graph":[{"@type":"Article","@id":"https:\/\/www.africa-press.net\/burkina-faso\/politique\/ouagadougou-difference-entre-social-democratie-et-social-liberalisme-en-discussion#article","isPartOf":{"@id":"https:\/\/www.africa-press.net\/burkina-faso\/politique\/ouagadougou-difference-entre-social-democratie-et-social-liberalisme-en-discussion"},"author":{"name":"cfeditorfr","@id":"https:\/\/www.africa-press.net\/burkina-faso\/#\/schema\/person\/2b1cf3cd81a31e3cd26889ca66d677f1"},"headline":"Ouagadougou : Diff\u00e9rence entre social-d\u00e9mocratie et social lib\u00e9ralisme en discussion","datePublished":"2021-04-11T12:45:39+00:00","dateModified":"2021-04-11T16:36:38+00:00","mainEntityOfPage":{"@id":"https:\/\/www.africa-press.net\/burkina-faso\/politique\/ouagadougou-difference-entre-social-democratie-et-social-liberalisme-en-discussion"},"wordCount":424,"commentCount":0,"image":{"@id":"https:\/\/www.africa-press.net\/burkina-faso\/politique\/ouagadougou-difference-entre-social-democratie-et-social-liberalisme-en-discussion#primaryimage"},"thumbnailUrl":"https:\/\/static.africa-press.net\/burkina\/sites\/42\/2021\/04\/img-6072de09bded6.jpg","keywords":["Africa Press","Africa Press-Burkina Faso","Burkina Faso"],"articleSection":["homepage-french","Politique","Toutes les actualit\u00e9s"],"inLanguage":"fr-FR","potentialAction":[{"@type":"CommentAction","name":"Comment","target":["https:\/\/www.africa-press.net\/burkina-faso\/politique\/ouagadougou-difference-entre-social-democratie-et-social-liberalisme-en-discussion#respond"]}]},{"@type":"WebPage","@id":"https:\/\/www.africa-press.net\/burkina-faso\/politique\/ouagadougou-difference-entre-social-democratie-et-social-liberalisme-en-discussion","url":"https:\/\/www.africa-press.net\/burkina-faso\/politique\/ouagadougou-difference-entre-social-democratie-et-social-liberalisme-en-discussion","name":"Ouagadougou : Diff\u00e9rence entre social-d\u00e9mocratie et social lib\u00e9ralisme en discussion - Burkina Faso","isPartOf":{"@id":"https:\/\/www.africa-press.net\/burkina-faso\/#website"},"primaryImageOfPage":{"@id":"https:\/\/www.africa-press.net\/burkina-faso\/politique\/ouagadougou-difference-entre-social-democratie-et-social-liberalisme-en-discussion#primaryimage"},"image":{"@id":"https:\/\/www.africa-press.net\/burkina-faso\/politique\/ouagadougou-difference-entre-social-democratie-et-social-liberalisme-en-discussion#primaryimage"},"thumbnailUrl":"https:\/\/static.africa-press.net\/burkina\/sites\/42\/2021\/04\/img-6072de09bded6.jpg","datePublished":"2021-04-11T12:45:39+00:00","dateModified":"2021-04-11T16:36:38+00:00","author":{"@id":"https:\/\/www.africa-press.net\/burkina-faso\/#\/schema\/person\/2b1cf3cd81a31e3cd26889ca66d677f1"},"description":"Trancher le d\u00e9bat sur la fronti\u00e8re entre les id\u00e9ologies politiques \u00ab social-d\u00e9mocratie et social lib\u00e9ralisme \u00bb, c\u2019est ce ...","breadcrumb":{"@id":"https:\/\/www.africa-press.net\/burkina-faso\/politique\/ouagadougou-difference-entre-social-democratie-et-social-liberalisme-en-discussion#breadcrumb"},"inLanguage":"fr-FR","potentialAction":[{"@type":"ReadAction","target":["https:\/\/www.africa-press.net\/burkina-faso\/politique\/ouagadougou-difference-entre-social-democratie-et-social-liberalisme-en-discussion"]}]},{"@type":"ImageObject","inLanguage":"fr-FR","@id":"https:\/\/www.africa-press.net\/burkina-faso\/politique\/ouagadougou-difference-entre-social-democratie-et-social-liberalisme-en-discussion#primaryimage","url":"https:\/\/static.africa-press.net\/burkina\/sites\/42\/2021\/04\/img-6072de09bded6.jpg","contentUrl":"https:\/\/static.africa-press.net\/burkina\/sites\/42\/2021\/04\/img-6072de09bded6.jpg","width":750,"height":375,"caption":"Ouagadougou : Diff\u00e9rence entre social-d\u00e9mocratie et social lib\u00e9ralisme en discussion"},{"@type":"BreadcrumbList","@id":"https:\/\/www.africa-press.net\/burkina-faso\/politique\/ouagadougou-difference-entre-social-democratie-et-social-liberalisme-en-discussion#breadcrumb","itemListElement":[{"@type":"ListItem","position":1,"name":"Accueil","item":"https:\/\/www.africa-press.net\/burkina-faso\/"},{"@type":"ListItem","position":2,"name":"Ouagadougou : Diff\u00e9rence entre social-d\u00e9mocratie et social lib\u00e9ralisme en discussion"}]},{"@type":"WebSite","@id":"https:\/\/www.africa-press.net\/burkina-faso\/#website","url":"https:\/\/www.africa-press.net\/burkina-faso\/","name":"Burkina Faso","description":"Just another Africa News Agency Sites site","potentialAction":[{"@type":"SearchAction","target":{"@type":"EntryPoint","urlTemplate":"https:\/\/www.africa-press.net\/burkina-faso\/?s={search_term_string}"},"query-input":{"@type":"PropertyValueSpecification","valueRequired":true,"valueName":"search_term_string"}}],"inLanguage":"fr-FR"},{"@type":"Person","@id":"https:\/\/www.africa-press.net\/burkina-faso\/#\/schema\/person\/2b1cf3cd81a31e3cd26889ca66d677f1","name":"cfeditorfr"}]}},"_links":{"self":[{"href":"https:\/\/www.africa-press.net\/burkina-faso\/wp-json\/wp\/v2\/posts\/9733","targetHints":{"allow":["GET"]}}],"collection":[{"href":"https:\/\/www.africa-press.net\/burkina-faso\/wp-json\/wp\/v2\/posts"}],"about":[{"href":"https:\/\/www.africa-press.net\/burkina-faso\/wp-json\/wp\/v2\/types\/post"}],"author":[{"embeddable":true,"href":"https:\/\/www.africa-press.net\/burkina-faso\/wp-json\/wp\/v2\/users\/82"}],"replies":[{"embeddable":true,"href":"https:\/\/www.africa-press.net\/burkina-faso\/wp-json\/wp\/v2\/comments?post=9733"}],"version-history":[{"count":0,"href":"https:\/\/www.africa-press.net\/burkina-faso\/wp-json\/wp\/v2\/posts\/9733\/revisions"}],"wp:featuredmedia":[{"embeddable":true,"href":"https:\/\/www.africa-press.net\/burkina-faso\/wp-json\/wp\/v2\/media\/9732"}],"wp:attachment":[{"href":"https:\/\/www.africa-press.net\/burkina-faso\/wp-json\/wp\/v2\/media?parent=9733"}],"wp:term":[{"taxonomy":"category","embeddable":true,"href":"https:\/\/www.africa-press.net\/burkina-faso\/wp-json\/wp\/v2\/categories?post=9733"},{"taxonomy":"post_tag","embeddable":true,"href":"https:\/\/www.africa-press.net\/burkina-faso\/wp-json\/wp\/v2\/tags?post=9733"}],"curies":[{"name":"wp","href":"https:\/\/api.w.org\/{rel}","templated":true}]}}