{"id":9750,"date":"2021-04-12T14:38:26","date_gmt":"2021-04-12T14:38:26","guid":{"rendered":"https:\/\/www.africa-press.net\/burkina-faso\/politique\/ramadan-au-burkina-faso-le-cerfi-organise-une-foire-pour-soutenir-les-musulmans"},"modified":"2021-04-12T14:38:47","modified_gmt":"2021-04-12T14:38:47","slug":"ramadan-au-burkina-faso-le-cerfi-organise-une-foire-pour-soutenir-les-musulmans","status":"publish","type":"post","link":"https:\/\/www.africa-press.net\/burkina-faso\/culture-et-art\/ramadan-au-burkina-faso-le-cerfi-organise-une-foire-pour-soutenir-les-musulmans","title":{"rendered":"Ramadan au Burkina Faso : Le CERFI organise une foire pour soutenir les musulmans"},"content":{"rendered":"<p><span style=\"color: #ff6600\"><strong><a href=\"https:\/\/www.africa-press.net\/\">Africa-Press<\/a> &#8211; <a href=\"https:\/\/www.africa-press.net\/burkina-faso\">Burkina Faso<\/a>. <\/strong><\/span>Le samedi 10 avril 2021, le Cercle d\u2019Etudes, de Recherches et de Formations Islamiques (CERFI) a proc\u00e9d\u00e9 \u00e0 l\u2019ouverture officielle de sa traditionnelle foire \u00ab Ramadan Market \u00bb, \u00e0 Ouagadougou. Cette foire, qui est \u00e0 sa 5\u00e8me \u00e9dition, ambitionne permettre aux fid\u00e8les musulmans d\u2019acqu\u00e9rir \u00e0 moindre co\u00fbt les denr\u00e9es entrant dans l\u2019optique du Ramadan.<\/p>\n<p>A l\u2019approche du mois de je\u00fbne musulman, l\u2019on assiste souvent \u00e0 la flamb\u00e9e des produits de grande consommation. Pour \u00e9viter cela, depuis 2016, le Cercle d\u2019Etudes, de Recherches et Formations Islamiques (CERFI) organise chaque ann\u00e9e une foire afin de contribuer \u00e0 la ma\u00eetrise des prix de ces denr\u00e9es durant le mois saint. Ce samedi 10 avril 2021, elle a proc\u00e9d\u00e9 \u00e0 l\u2019ouverture officielle de la 5e \u00e9dition de \u00ab Ramadan Market \u00bb.<\/p>\n<p>Cette assise entend abriter des activit\u00e9s commerciales en rapport avec les produits de grande consommation pendant le Ramadan. En effet, durant ces deux semaines, \u00ab Ramadan Market \u00bb va \u00eatre un cadre d\u2019exposition de plusieurs produits de consommation. Il s\u2019agit, entre autres, de la vente de sucre, des dattes, des tapis de pri\u00e8res, des mat\u00e9riels de conservation des produits alimentaires, des produits alimentaires conseill\u00e9s durant le je\u00fbne, etc.<\/p>\n<p>Selon le pr\u00e9sident du CERFI, El Hadj Aminou Kon\u00e9, l\u2019initiative de cette foire va en droit chemin de leur objectif qui est de permettre \u00e0 tout musulman de passer ce mois en toute qui\u00e9tude. \u00ab Le je\u00fbne du mois de Ramadan constitue le 4\u00e8me pilier de l\u2019Islam, donc tr\u00e8s important pour la communaut\u00e9 Islamique. A cet effet, il est de notre devoir de se pencher sur la question des prix des denr\u00e9es durant ce mois. Ce n\u2019est pas tout le monde qui a les moyens de supporter la flamb\u00e9e des prix ; voil\u00e0 pourquoi cette initiative \u00bb, a-t-il d\u00e9clar\u00e9.<\/p>\n<p>En plus du cadre commercial, ce lieu va conna\u00eetre un aspect de formation et de purification des esprits des fid\u00e8les participants, \u00e0 entendre le pr\u00e9sident. \u00ab Il y aura des experts, des imans, des pr\u00eaches pour sensibiliser les participants sur les valeurs de l\u2019Islam. Des formations en entreprenariat seront offertes aux femmes et aux jeunes \u00bb, a expliqu\u00e9 El Hadj Aminou Kon\u00e9.<\/p>\n<p>Boubacar Traor\u00e9, repr\u00e9sentant du ministre en charge du commerce, parrain de la c\u00e9r\u00e9monie, a salu\u00e9 cette initiative en ce sens qu\u2019elle entre aussi dans le programme de son minist\u00e8re. A l\u2019\u00e9couter, le contr\u00f4le de la flamb\u00e9e des prix est l\u2019un des objectifs majeurs de son minist\u00e8re. \u00ab En plus de cela la rubrique formation est aussi tr\u00e8s important et \u00e0 saluer \u00bb, a-t-il ajout\u00e9. Abdoul Gani Barry (stagiaire)<\/p>\n","protected":false},"excerpt":{"rendered":"<p>Africa-Press &#8211; Burkina Faso. Le samedi 10 avril 2021, le Cercle d\u2019Etudes, de Recherches et de Formations Islamiques (CERFI) a proc\u00e9d\u00e9 \u00e0 l\u2019ouverture officielle de sa traditionnelle foire \u00ab Ramadan Market \u00bb, \u00e0 Ouagadougou. Cette foire, qui est \u00e0 sa 5\u00e8me \u00e9dition, ambitionne permettre aux fid\u00e8les musulmans d\u2019acqu\u00e9rir \u00e0 moindre co\u00fbt les denr\u00e9es entrant dans [&hellip;]<\/p>\n","protected":false},"author":82,"featured_media":9749,"comment_status":"open","ping_status":"closed","sticky":false,"template":"","format":"standard","meta":{"footnotes":""},"categories":[5,11,10],"tags":[111,725,29],"class_list":["post-9750","post","type-post","status-publish","format-standard","has-post-thumbnail","hentry","category-culture-et-art","category-homepage-french","category-toutes-les-actualites","tag-africa-press","tag-africa-press-burkina-faso","tag-burkina-faso"],"yoast_head":"<!-- This site is optimized with the Yoast SEO Premium plugin v26.1 (Yoast SEO v27.0) - https:\/\/yoast.com\/product\/yoast-seo-premium-wordpress\/ -->\n<title>Ramadan au Burkina Faso : Le CERFI organise une foire pour soutenir les musulmans - Burkina Faso<\/title>\n<meta name=\"description\" content=\"Le samedi 10 avril 2021, le Cercle d\u2019Etudes, de Recherches et de Formations Islamiques (CERFI) a proc\u00e9d\u00e9 \u00e0 l\u2019ouverture o ...\" \/>\n<meta name=\"robots\" content=\"index, follow, max-snippet:-1, max-image-preview:large, max-video-preview:-1\" \/>\n<link rel=\"canonical\" href=\"https:\/\/www.africa-press.net\/burkina-faso\/culture-et-art\/ramadan-au-burkina-faso-le-cerfi-organise-une-foire-pour-soutenir-les-musulmans\" \/>\n<meta property=\"og:locale\" content=\"fr_FR\" \/>\n<meta property=\"og:type\" content=\"article\" \/>\n<meta property=\"og:title\" content=\"Ramadan au Burkina Faso : Le CERFI organise une foire pour soutenir les musulmans\" \/>\n<meta property=\"og:description\" content=\"Le samedi 10 avril 2021, le Cercle d\u2019Etudes, de Recherches et de Formations Islamiques (CERFI) a proc\u00e9d\u00e9 \u00e0 l\u2019ouverture o ...\" \/>\n<meta property=\"og:url\" content=\"https:\/\/www.africa-press.net\/burkina-faso\/culture-et-art\/ramadan-au-burkina-faso-le-cerfi-organise-une-foire-pour-soutenir-les-musulmans\" \/>\n<meta property=\"og:site_name\" content=\"Burkina Faso\" \/>\n<meta property=\"article:published_time\" content=\"2021-04-12T14:38:26+00:00\" \/>\n<meta property=\"article:modified_time\" content=\"2021-04-12T14:38:47+00:00\" \/>\n<meta property=\"og:image\" content=\"https:\/\/static.africa-press.net\/burkina\/sites\/42\/2021\/04\/img-60745b52e5bd8.jpg\" \/>\n\t<meta property=\"og:image:width\" content=\"1024\" \/>\n\t<meta property=\"og:image:height\" content=\"768\" \/>\n\t<meta property=\"og:image:type\" content=\"image\/jpeg\" \/>\n<meta name=\"author\" content=\"cfeditorfr\" \/>\n<meta name=\"twitter:card\" content=\"summary_large_image\" \/>\n<meta name=\"twitter:label1\" content=\"\u00c9crit par\" \/>\n\t<meta name=\"twitter:data1\" content=\"cfeditorfr\" \/>\n\t<meta name=\"twitter:label2\" content=\"Dur\u00e9e de lecture estim\u00e9e\" \/>\n\t<meta name=\"twitter:data2\" content=\"2 minutes\" \/>\n<script type=\"application\/ld+json\" class=\"yoast-schema-graph\">{\"@context\":\"https:\/\/schema.org\",\"@graph\":[{\"@type\":\"Article\",\"@id\":\"https:\/\/www.africa-press.net\/burkina-faso\/culture-et-art\/ramadan-au-burkina-faso-le-cerfi-organise-une-foire-pour-soutenir-les-musulmans#article\",\"isPartOf\":{\"@id\":\"https:\/\/www.africa-press.net\/burkina-faso\/culture-et-art\/ramadan-au-burkina-faso-le-cerfi-organise-une-foire-pour-soutenir-les-musulmans\"},\"author\":{\"name\":\"cfeditorfr\",\"@id\":\"https:\/\/www.africa-press.net\/burkina-faso\/#\/schema\/person\/2b1cf3cd81a31e3cd26889ca66d677f1\"},\"headline\":\"Ramadan au Burkina Faso : Le CERFI organise une foire pour soutenir les musulmans\",\"datePublished\":\"2021-04-12T14:38:26+00:00\",\"dateModified\":\"2021-04-12T14:38:47+00:00\",\"mainEntityOfPage\":{\"@id\":\"https:\/\/www.africa-press.net\/burkina-faso\/culture-et-art\/ramadan-au-burkina-faso-le-cerfi-organise-une-foire-pour-soutenir-les-musulmans\"},\"wordCount\":464,\"commentCount\":0,\"image\":{\"@id\":\"https:\/\/www.africa-press.net\/burkina-faso\/culture-et-art\/ramadan-au-burkina-faso-le-cerfi-organise-une-foire-pour-soutenir-les-musulmans#primaryimage\"},\"thumbnailUrl\":\"https:\/\/static.africa-press.net\/burkina\/sites\/42\/2021\/04\/img-60745b52e5bd8.jpg\",\"keywords\":[\"Africa Press\",\"Africa Press-Burkina Faso\",\"Burkina Faso\"],\"articleSection\":[\"Culture et Art\",\"homepage-french\",\"Toutes les actualit\u00e9s\"],\"inLanguage\":\"fr-FR\",\"potentialAction\":[{\"@type\":\"CommentAction\",\"name\":\"Comment\",\"target\":[\"https:\/\/www.africa-press.net\/burkina-faso\/culture-et-art\/ramadan-au-burkina-faso-le-cerfi-organise-une-foire-pour-soutenir-les-musulmans#respond\"]}]},{\"@type\":\"WebPage\",\"@id\":\"https:\/\/www.africa-press.net\/burkina-faso\/culture-et-art\/ramadan-au-burkina-faso-le-cerfi-organise-une-foire-pour-soutenir-les-musulmans\",\"url\":\"https:\/\/www.africa-press.net\/burkina-faso\/culture-et-art\/ramadan-au-burkina-faso-le-cerfi-organise-une-foire-pour-soutenir-les-musulmans\",\"name\":\"Ramadan au Burkina Faso : Le CERFI organise une foire pour soutenir les musulmans - Burkina Faso\",\"isPartOf\":{\"@id\":\"https:\/\/www.africa-press.net\/burkina-faso\/#website\"},\"primaryImageOfPage\":{\"@id\":\"https:\/\/www.africa-press.net\/burkina-faso\/culture-et-art\/ramadan-au-burkina-faso-le-cerfi-organise-une-foire-pour-soutenir-les-musulmans#primaryimage\"},\"image\":{\"@id\":\"https:\/\/www.africa-press.net\/burkina-faso\/culture-et-art\/ramadan-au-burkina-faso-le-cerfi-organise-une-foire-pour-soutenir-les-musulmans#primaryimage\"},\"thumbnailUrl\":\"https:\/\/static.africa-press.net\/burkina\/sites\/42\/2021\/04\/img-60745b52e5bd8.jpg\",\"datePublished\":\"2021-04-12T14:38:26+00:00\",\"dateModified\":\"2021-04-12T14:38:47+00:00\",\"author\":{\"@id\":\"https:\/\/www.africa-press.net\/burkina-faso\/#\/schema\/person\/2b1cf3cd81a31e3cd26889ca66d677f1\"},\"description\":\"Le samedi 10 avril 2021, le Cercle d\u2019Etudes, de Recherches et de Formations Islamiques (CERFI) a proc\u00e9d\u00e9 \u00e0 l\u2019ouverture o ...\",\"breadcrumb\":{\"@id\":\"https:\/\/www.africa-press.net\/burkina-faso\/culture-et-art\/ramadan-au-burkina-faso-le-cerfi-organise-une-foire-pour-soutenir-les-musulmans#breadcrumb\"},\"inLanguage\":\"fr-FR\",\"potentialAction\":[{\"@type\":\"ReadAction\",\"target\":[\"https:\/\/www.africa-press.net\/burkina-faso\/culture-et-art\/ramadan-au-burkina-faso-le-cerfi-organise-une-foire-pour-soutenir-les-musulmans\"]}]},{\"@type\":\"ImageObject\",\"inLanguage\":\"fr-FR\",\"@id\":\"https:\/\/www.africa-press.net\/burkina-faso\/culture-et-art\/ramadan-au-burkina-faso-le-cerfi-organise-une-foire-pour-soutenir-les-musulmans#primaryimage\",\"url\":\"https:\/\/static.africa-press.net\/burkina\/sites\/42\/2021\/04\/img-60745b52e5bd8.jpg\",\"contentUrl\":\"https:\/\/static.africa-press.net\/burkina\/sites\/42\/2021\/04\/img-60745b52e5bd8.jpg\",\"width\":1024,\"height\":768,\"caption\":\"Ramadan au Burkina Faso : Le CERFI organise une foire pour soutenir les musulmans\"},{\"@type\":\"BreadcrumbList\",\"@id\":\"https:\/\/www.africa-press.net\/burkina-faso\/culture-et-art\/ramadan-au-burkina-faso-le-cerfi-organise-une-foire-pour-soutenir-les-musulmans#breadcrumb\",\"itemListElement\":[{\"@type\":\"ListItem\",\"position\":1,\"name\":\"Accueil\",\"item\":\"https:\/\/www.africa-press.net\/burkina-faso\/\"},{\"@type\":\"ListItem\",\"position\":2,\"name\":\"Ramadan au Burkina Faso : Le CERFI organise une foire pour soutenir les musulmans\"}]},{\"@type\":\"WebSite\",\"@id\":\"https:\/\/www.africa-press.net\/burkina-faso\/#website\",\"url\":\"https:\/\/www.africa-press.net\/burkina-faso\/\",\"name\":\"Burkina Faso\",\"description\":\"Just another Africa News Agency Sites site\",\"potentialAction\":[{\"@type\":\"SearchAction\",\"target\":{\"@type\":\"EntryPoint\",\"urlTemplate\":\"https:\/\/www.africa-press.net\/burkina-faso\/?s={search_term_string}\"},\"query-input\":{\"@type\":\"PropertyValueSpecification\",\"valueRequired\":true,\"valueName\":\"search_term_string\"}}],\"inLanguage\":\"fr-FR\"},{\"@type\":\"Person\",\"@id\":\"https:\/\/www.africa-press.net\/burkina-faso\/#\/schema\/person\/2b1cf3cd81a31e3cd26889ca66d677f1\",\"name\":\"cfeditorfr\"}]}<\/script>\n<!-- \/ Yoast SEO Premium plugin. -->","yoast_head_json":{"title":"Ramadan au Burkina Faso : Le CERFI organise une foire pour soutenir les musulmans - Burkina Faso","description":"Le samedi 10 avril 2021, le Cercle d\u2019Etudes, de Recherches et de Formations Islamiques (CERFI) a proc\u00e9d\u00e9 \u00e0 l\u2019ouverture o ...","robots":{"index":"index","follow":"follow","max-snippet":"max-snippet:-1","max-image-preview":"max-image-preview:large","max-video-preview":"max-video-preview:-1"},"canonical":"https:\/\/www.africa-press.net\/burkina-faso\/culture-et-art\/ramadan-au-burkina-faso-le-cerfi-organise-une-foire-pour-soutenir-les-musulmans","og_locale":"fr_FR","og_type":"article","og_title":"Ramadan au Burkina Faso : Le CERFI organise une foire pour soutenir les musulmans","og_description":"Le samedi 10 avril 2021, le Cercle d\u2019Etudes, de Recherches et de Formations Islamiques (CERFI) a proc\u00e9d\u00e9 \u00e0 l\u2019ouverture o ...","og_url":"https:\/\/www.africa-press.net\/burkina-faso\/culture-et-art\/ramadan-au-burkina-faso-le-cerfi-organise-une-foire-pour-soutenir-les-musulmans","og_site_name":"Burkina Faso","article_published_time":"2021-04-12T14:38:26+00:00","article_modified_time":"2021-04-12T14:38:47+00:00","og_image":[{"width":1024,"height":768,"url":"https:\/\/static.africa-press.net\/burkina\/sites\/42\/2021\/04\/img-60745b52e5bd8.jpg","type":"image\/jpeg"}],"author":"cfeditorfr","twitter_card":"summary_large_image","twitter_misc":{"\u00c9crit par":"cfeditorfr","Dur\u00e9e de lecture estim\u00e9e":"2 minutes"},"schema":{"@context":"https:\/\/schema.org","@graph":[{"@type":"Article","@id":"https:\/\/www.africa-press.net\/burkina-faso\/culture-et-art\/ramadan-au-burkina-faso-le-cerfi-organise-une-foire-pour-soutenir-les-musulmans#article","isPartOf":{"@id":"https:\/\/www.africa-press.net\/burkina-faso\/culture-et-art\/ramadan-au-burkina-faso-le-cerfi-organise-une-foire-pour-soutenir-les-musulmans"},"author":{"name":"cfeditorfr","@id":"https:\/\/www.africa-press.net\/burkina-faso\/#\/schema\/person\/2b1cf3cd81a31e3cd26889ca66d677f1"},"headline":"Ramadan au Burkina Faso : Le CERFI organise une foire pour soutenir les musulmans","datePublished":"2021-04-12T14:38:26+00:00","dateModified":"2021-04-12T14:38:47+00:00","mainEntityOfPage":{"@id":"https:\/\/www.africa-press.net\/burkina-faso\/culture-et-art\/ramadan-au-burkina-faso-le-cerfi-organise-une-foire-pour-soutenir-les-musulmans"},"wordCount":464,"commentCount":0,"image":{"@id":"https:\/\/www.africa-press.net\/burkina-faso\/culture-et-art\/ramadan-au-burkina-faso-le-cerfi-organise-une-foire-pour-soutenir-les-musulmans#primaryimage"},"thumbnailUrl":"https:\/\/static.africa-press.net\/burkina\/sites\/42\/2021\/04\/img-60745b52e5bd8.jpg","keywords":["Africa Press","Africa Press-Burkina Faso","Burkina Faso"],"articleSection":["Culture et Art","homepage-french","Toutes les actualit\u00e9s"],"inLanguage":"fr-FR","potentialAction":[{"@type":"CommentAction","name":"Comment","target":["https:\/\/www.africa-press.net\/burkina-faso\/culture-et-art\/ramadan-au-burkina-faso-le-cerfi-organise-une-foire-pour-soutenir-les-musulmans#respond"]}]},{"@type":"WebPage","@id":"https:\/\/www.africa-press.net\/burkina-faso\/culture-et-art\/ramadan-au-burkina-faso-le-cerfi-organise-une-foire-pour-soutenir-les-musulmans","url":"https:\/\/www.africa-press.net\/burkina-faso\/culture-et-art\/ramadan-au-burkina-faso-le-cerfi-organise-une-foire-pour-soutenir-les-musulmans","name":"Ramadan au Burkina Faso : Le CERFI organise une foire pour soutenir les musulmans - Burkina Faso","isPartOf":{"@id":"https:\/\/www.africa-press.net\/burkina-faso\/#website"},"primaryImageOfPage":{"@id":"https:\/\/www.africa-press.net\/burkina-faso\/culture-et-art\/ramadan-au-burkina-faso-le-cerfi-organise-une-foire-pour-soutenir-les-musulmans#primaryimage"},"image":{"@id":"https:\/\/www.africa-press.net\/burkina-faso\/culture-et-art\/ramadan-au-burkina-faso-le-cerfi-organise-une-foire-pour-soutenir-les-musulmans#primaryimage"},"thumbnailUrl":"https:\/\/static.africa-press.net\/burkina\/sites\/42\/2021\/04\/img-60745b52e5bd8.jpg","datePublished":"2021-04-12T14:38:26+00:00","dateModified":"2021-04-12T14:38:47+00:00","author":{"@id":"https:\/\/www.africa-press.net\/burkina-faso\/#\/schema\/person\/2b1cf3cd81a31e3cd26889ca66d677f1"},"description":"Le samedi 10 avril 2021, le Cercle d\u2019Etudes, de Recherches et de Formations Islamiques (CERFI) a proc\u00e9d\u00e9 \u00e0 l\u2019ouverture o ...","breadcrumb":{"@id":"https:\/\/www.africa-press.net\/burkina-faso\/culture-et-art\/ramadan-au-burkina-faso-le-cerfi-organise-une-foire-pour-soutenir-les-musulmans#breadcrumb"},"inLanguage":"fr-FR","potentialAction":[{"@type":"ReadAction","target":["https:\/\/www.africa-press.net\/burkina-faso\/culture-et-art\/ramadan-au-burkina-faso-le-cerfi-organise-une-foire-pour-soutenir-les-musulmans"]}]},{"@type":"ImageObject","inLanguage":"fr-FR","@id":"https:\/\/www.africa-press.net\/burkina-faso\/culture-et-art\/ramadan-au-burkina-faso-le-cerfi-organise-une-foire-pour-soutenir-les-musulmans#primaryimage","url":"https:\/\/static.africa-press.net\/burkina\/sites\/42\/2021\/04\/img-60745b52e5bd8.jpg","contentUrl":"https:\/\/static.africa-press.net\/burkina\/sites\/42\/2021\/04\/img-60745b52e5bd8.jpg","width":1024,"height":768,"caption":"Ramadan au Burkina Faso : Le CERFI organise une foire pour soutenir les musulmans"},{"@type":"BreadcrumbList","@id":"https:\/\/www.africa-press.net\/burkina-faso\/culture-et-art\/ramadan-au-burkina-faso-le-cerfi-organise-une-foire-pour-soutenir-les-musulmans#breadcrumb","itemListElement":[{"@type":"ListItem","position":1,"name":"Accueil","item":"https:\/\/www.africa-press.net\/burkina-faso\/"},{"@type":"ListItem","position":2,"name":"Ramadan au Burkina Faso : Le CERFI organise une foire pour soutenir les musulmans"}]},{"@type":"WebSite","@id":"https:\/\/www.africa-press.net\/burkina-faso\/#website","url":"https:\/\/www.africa-press.net\/burkina-faso\/","name":"Burkina Faso","description":"Just another Africa News Agency Sites site","potentialAction":[{"@type":"SearchAction","target":{"@type":"EntryPoint","urlTemplate":"https:\/\/www.africa-press.net\/burkina-faso\/?s={search_term_string}"},"query-input":{"@type":"PropertyValueSpecification","valueRequired":true,"valueName":"search_term_string"}}],"inLanguage":"fr-FR"},{"@type":"Person","@id":"https:\/\/www.africa-press.net\/burkina-faso\/#\/schema\/person\/2b1cf3cd81a31e3cd26889ca66d677f1","name":"cfeditorfr"}]}},"_links":{"self":[{"href":"https:\/\/www.africa-press.net\/burkina-faso\/wp-json\/wp\/v2\/posts\/9750","targetHints":{"allow":["GET"]}}],"collection":[{"href":"https:\/\/www.africa-press.net\/burkina-faso\/wp-json\/wp\/v2\/posts"}],"about":[{"href":"https:\/\/www.africa-press.net\/burkina-faso\/wp-json\/wp\/v2\/types\/post"}],"author":[{"embeddable":true,"href":"https:\/\/www.africa-press.net\/burkina-faso\/wp-json\/wp\/v2\/users\/82"}],"replies":[{"embeddable":true,"href":"https:\/\/www.africa-press.net\/burkina-faso\/wp-json\/wp\/v2\/comments?post=9750"}],"version-history":[{"count":0,"href":"https:\/\/www.africa-press.net\/burkina-faso\/wp-json\/wp\/v2\/posts\/9750\/revisions"}],"wp:featuredmedia":[{"embeddable":true,"href":"https:\/\/www.africa-press.net\/burkina-faso\/wp-json\/wp\/v2\/media\/9749"}],"wp:attachment":[{"href":"https:\/\/www.africa-press.net\/burkina-faso\/wp-json\/wp\/v2\/media?parent=9750"}],"wp:term":[{"taxonomy":"category","embeddable":true,"href":"https:\/\/www.africa-press.net\/burkina-faso\/wp-json\/wp\/v2\/categories?post=9750"},{"taxonomy":"post_tag","embeddable":true,"href":"https:\/\/www.africa-press.net\/burkina-faso\/wp-json\/wp\/v2\/tags?post=9750"}],"curies":[{"name":"wp","href":"https:\/\/api.w.org\/{rel}","templated":true}]}}