{"id":9753,"date":"2021-04-12T14:51:17","date_gmt":"2021-04-12T14:51:17","guid":{"rendered":"https:\/\/www.africa-press.net\/burkina-faso\/?p=9753"},"modified":"2021-04-12T14:39:31","modified_gmt":"2021-04-12T14:39:31","slug":"ramadan-2021-au-burkina-faso-lobservation-de-lapparition-de-la-lune-prevue-ce-lundi-12-avril","status":"publish","type":"post","link":"https:\/\/www.africa-press.net\/burkina-faso\/culture-et-art\/ramadan-2021-au-burkina-faso-lobservation-de-lapparition-de-la-lune-prevue-ce-lundi-12-avril","title":{"rendered":"Ramadan 2021 au Burkina Faso : L\u2019observation de l\u2019apparition de la lune pr\u00e9vue ce lundi 12 avril"},"content":{"rendered":"<p><span style=\"color: #ff6600\"><strong><a href=\"https:\/\/www.africa-press.net\/\">Africa-Press<\/a> &#8211; <a href=\"https:\/\/www.africa-press.net\/burkina-faso\">Burkina Faso<\/a>. <\/strong><\/span>La F\u00e9d\u00e9ration des associations islamiques du Burkina (FAIB) porte \u00e0 la connaissance des fid\u00e8les musulmans que les membres de la Commission nationale Lune se r\u00e9uniront le lundi 12 avril 2021 (29e jour du mois de Ch\u00e2abane) pour proc\u00e9der \u00e0 l\u2019observation de l\u2019apparition de la lune marquant le d\u00e9but du mois de Ramadan 2021.<\/p>\n<p>Un communiqu\u00e9 sera publi\u00e9 aussit\u00f4t que la lune sera aper\u00e7ue. Au cas o\u00f9 la lune n\u2019est pas aper\u00e7ue, le mois de Ch\u00e2abane sera compl\u00e9t\u00e9 \u00e0 30 jours et un communiqu\u00e9 sera fait au plus tard \u00e0 22h 30.<\/p>\n<p>Par ailleurs, tout musulman qui viendrait \u00e0 apercevoir le croissant lunaire au soir du lundi 12 avril 2021 est invit\u00e9 \u00e0 informer l\u2019Imam de la Mosqu\u00e9e de son quartier qui prendra attache avec la Commission nationale Lune joignable aux num\u00e9ros 70240154 ; 70227042 ; 76734278 ; 78857753.<\/p>\n","protected":false},"excerpt":{"rendered":"<p>Africa-Press &#8211; Burkina Faso. La F\u00e9d\u00e9ration des associations islamiques du Burkina (FAIB) porte \u00e0 la connaissance des fid\u00e8les musulmans que les membres de la Commission nationale Lune se r\u00e9uniront le lundi 12 avril 2021 (29e jour du mois de Ch\u00e2abane) pour proc\u00e9der \u00e0 l\u2019observation de l\u2019apparition de la lune marquant le d\u00e9but du mois de [&hellip;]<\/p>\n","protected":false},"author":82,"featured_media":9752,"comment_status":"open","ping_status":"closed","sticky":false,"template":"","format":"standard","meta":{"footnotes":""},"categories":[5,11,10],"tags":[111,725,29],"class_list":["post-9753","post","type-post","status-publish","format-standard","has-post-thumbnail","hentry","category-culture-et-art","category-homepage-french","category-toutes-les-actualites","tag-africa-press","tag-africa-press-burkina-faso","tag-burkina-faso"],"yoast_head":"<!-- This site is optimized with the Yoast SEO Premium plugin v26.1 (Yoast SEO v27.0) - https:\/\/yoast.com\/product\/yoast-seo-premium-wordpress\/ -->\n<title>Ramadan 2021 au Burkina Faso : L\u2019observation de l\u2019apparition de la lune pr\u00e9vue ce lundi 12 avril - Burkina Faso<\/title>\n<meta name=\"description\" content=\"La F\u00e9d\u00e9ration des associations islamiques du Burkina (FAIB) porte \u00e0 la connaissance des fid\u00e8les musulmans que les membre ...\" \/>\n<meta name=\"robots\" content=\"index, follow, max-snippet:-1, max-image-preview:large, max-video-preview:-1\" \/>\n<link rel=\"canonical\" href=\"https:\/\/www.africa-press.net\/burkina-faso\/culture-et-art\/ramadan-2021-au-burkina-faso-lobservation-de-lapparition-de-la-lune-prevue-ce-lundi-12-avril\" \/>\n<meta property=\"og:locale\" content=\"fr_FR\" \/>\n<meta property=\"og:type\" content=\"article\" \/>\n<meta property=\"og:title\" content=\"Ramadan 2021 au Burkina Faso : L\u2019observation de l\u2019apparition de la lune pr\u00e9vue ce lundi 12 avril\" \/>\n<meta property=\"og:description\" content=\"La F\u00e9d\u00e9ration des associations islamiques du Burkina (FAIB) porte \u00e0 la connaissance des fid\u00e8les musulmans que les membre ...\" \/>\n<meta property=\"og:url\" content=\"https:\/\/www.africa-press.net\/burkina-faso\/culture-et-art\/ramadan-2021-au-burkina-faso-lobservation-de-lapparition-de-la-lune-prevue-ce-lundi-12-avril\" \/>\n<meta property=\"og:site_name\" content=\"Burkina Faso\" \/>\n<meta property=\"article:published_time\" content=\"2021-04-12T14:51:17+00:00\" \/>\n<meta property=\"og:image\" content=\"https:\/\/static.africa-press.net\/burkina\/sites\/42\/2021\/04\/img-60745b868b92b.jpg\" \/>\n\t<meta property=\"og:image:width\" content=\"1024\" \/>\n\t<meta property=\"og:image:height\" content=\"669\" \/>\n\t<meta property=\"og:image:type\" content=\"image\/jpeg\" \/>\n<meta name=\"author\" content=\"cfeditorfr\" \/>\n<meta name=\"twitter:card\" content=\"summary_large_image\" \/>\n<meta name=\"twitter:label1\" content=\"\u00c9crit par\" \/>\n\t<meta name=\"twitter:data1\" content=\"cfeditorfr\" \/>\n\t<meta name=\"twitter:label2\" content=\"Dur\u00e9e de lecture estim\u00e9e\" \/>\n\t<meta name=\"twitter:data2\" content=\"1 minute\" \/>\n<script type=\"application\/ld+json\" class=\"yoast-schema-graph\">{\"@context\":\"https:\/\/schema.org\",\"@graph\":[{\"@type\":\"Article\",\"@id\":\"https:\/\/www.africa-press.net\/burkina-faso\/culture-et-art\/ramadan-2021-au-burkina-faso-lobservation-de-lapparition-de-la-lune-prevue-ce-lundi-12-avril#article\",\"isPartOf\":{\"@id\":\"https:\/\/www.africa-press.net\/burkina-faso\/culture-et-art\/ramadan-2021-au-burkina-faso-lobservation-de-lapparition-de-la-lune-prevue-ce-lundi-12-avril\"},\"author\":{\"name\":\"cfeditorfr\",\"@id\":\"https:\/\/www.africa-press.net\/burkina-faso\/#\/schema\/person\/2b1cf3cd81a31e3cd26889ca66d677f1\"},\"headline\":\"Ramadan 2021 au Burkina Faso : L\u2019observation de l\u2019apparition de la lune pr\u00e9vue ce lundi 12 avril\",\"datePublished\":\"2021-04-12T14:51:17+00:00\",\"mainEntityOfPage\":{\"@id\":\"https:\/\/www.africa-press.net\/burkina-faso\/culture-et-art\/ramadan-2021-au-burkina-faso-lobservation-de-lapparition-de-la-lune-prevue-ce-lundi-12-avril\"},\"wordCount\":157,\"commentCount\":0,\"image\":{\"@id\":\"https:\/\/www.africa-press.net\/burkina-faso\/culture-et-art\/ramadan-2021-au-burkina-faso-lobservation-de-lapparition-de-la-lune-prevue-ce-lundi-12-avril#primaryimage\"},\"thumbnailUrl\":\"https:\/\/static.africa-press.net\/burkina\/sites\/42\/2021\/04\/img-60745b868b92b.jpg\",\"keywords\":[\"Africa Press\",\"Africa Press-Burkina Faso\",\"Burkina Faso\"],\"articleSection\":[\"Culture et Art\",\"homepage-french\",\"Toutes les actualit\u00e9s\"],\"inLanguage\":\"fr-FR\",\"potentialAction\":[{\"@type\":\"CommentAction\",\"name\":\"Comment\",\"target\":[\"https:\/\/www.africa-press.net\/burkina-faso\/culture-et-art\/ramadan-2021-au-burkina-faso-lobservation-de-lapparition-de-la-lune-prevue-ce-lundi-12-avril#respond\"]}]},{\"@type\":\"WebPage\",\"@id\":\"https:\/\/www.africa-press.net\/burkina-faso\/culture-et-art\/ramadan-2021-au-burkina-faso-lobservation-de-lapparition-de-la-lune-prevue-ce-lundi-12-avril\",\"url\":\"https:\/\/www.africa-press.net\/burkina-faso\/culture-et-art\/ramadan-2021-au-burkina-faso-lobservation-de-lapparition-de-la-lune-prevue-ce-lundi-12-avril\",\"name\":\"Ramadan 2021 au Burkina Faso : L\u2019observation de l\u2019apparition de la lune pr\u00e9vue ce lundi 12 avril - Burkina Faso\",\"isPartOf\":{\"@id\":\"https:\/\/www.africa-press.net\/burkina-faso\/#website\"},\"primaryImageOfPage\":{\"@id\":\"https:\/\/www.africa-press.net\/burkina-faso\/culture-et-art\/ramadan-2021-au-burkina-faso-lobservation-de-lapparition-de-la-lune-prevue-ce-lundi-12-avril#primaryimage\"},\"image\":{\"@id\":\"https:\/\/www.africa-press.net\/burkina-faso\/culture-et-art\/ramadan-2021-au-burkina-faso-lobservation-de-lapparition-de-la-lune-prevue-ce-lundi-12-avril#primaryimage\"},\"thumbnailUrl\":\"https:\/\/static.africa-press.net\/burkina\/sites\/42\/2021\/04\/img-60745b868b92b.jpg\",\"datePublished\":\"2021-04-12T14:51:17+00:00\",\"author\":{\"@id\":\"https:\/\/www.africa-press.net\/burkina-faso\/#\/schema\/person\/2b1cf3cd81a31e3cd26889ca66d677f1\"},\"description\":\"La F\u00e9d\u00e9ration des associations islamiques du Burkina (FAIB) porte \u00e0 la connaissance des fid\u00e8les musulmans que les membre ...\",\"breadcrumb\":{\"@id\":\"https:\/\/www.africa-press.net\/burkina-faso\/culture-et-art\/ramadan-2021-au-burkina-faso-lobservation-de-lapparition-de-la-lune-prevue-ce-lundi-12-avril#breadcrumb\"},\"inLanguage\":\"fr-FR\",\"potentialAction\":[{\"@type\":\"ReadAction\",\"target\":[\"https:\/\/www.africa-press.net\/burkina-faso\/culture-et-art\/ramadan-2021-au-burkina-faso-lobservation-de-lapparition-de-la-lune-prevue-ce-lundi-12-avril\"]}]},{\"@type\":\"ImageObject\",\"inLanguage\":\"fr-FR\",\"@id\":\"https:\/\/www.africa-press.net\/burkina-faso\/culture-et-art\/ramadan-2021-au-burkina-faso-lobservation-de-lapparition-de-la-lune-prevue-ce-lundi-12-avril#primaryimage\",\"url\":\"https:\/\/static.africa-press.net\/burkina\/sites\/42\/2021\/04\/img-60745b868b92b.jpg\",\"contentUrl\":\"https:\/\/static.africa-press.net\/burkina\/sites\/42\/2021\/04\/img-60745b868b92b.jpg\",\"width\":1024,\"height\":669,\"caption\":\"Ramadan 2021 au Burkina Faso : L\u2019observation de l\u2019apparition de la lune pr\u00e9vue ce lundi 12 avril\"},{\"@type\":\"BreadcrumbList\",\"@id\":\"https:\/\/www.africa-press.net\/burkina-faso\/culture-et-art\/ramadan-2021-au-burkina-faso-lobservation-de-lapparition-de-la-lune-prevue-ce-lundi-12-avril#breadcrumb\",\"itemListElement\":[{\"@type\":\"ListItem\",\"position\":1,\"name\":\"Accueil\",\"item\":\"https:\/\/www.africa-press.net\/burkina-faso\/\"},{\"@type\":\"ListItem\",\"position\":2,\"name\":\"Ramadan 2021 au Burkina Faso : L\u2019observation de l\u2019apparition de la lune pr\u00e9vue ce lundi 12 avril\"}]},{\"@type\":\"WebSite\",\"@id\":\"https:\/\/www.africa-press.net\/burkina-faso\/#website\",\"url\":\"https:\/\/www.africa-press.net\/burkina-faso\/\",\"name\":\"Burkina Faso\",\"description\":\"Just another Africa News Agency Sites site\",\"potentialAction\":[{\"@type\":\"SearchAction\",\"target\":{\"@type\":\"EntryPoint\",\"urlTemplate\":\"https:\/\/www.africa-press.net\/burkina-faso\/?s={search_term_string}\"},\"query-input\":{\"@type\":\"PropertyValueSpecification\",\"valueRequired\":true,\"valueName\":\"search_term_string\"}}],\"inLanguage\":\"fr-FR\"},{\"@type\":\"Person\",\"@id\":\"https:\/\/www.africa-press.net\/burkina-faso\/#\/schema\/person\/2b1cf3cd81a31e3cd26889ca66d677f1\",\"name\":\"cfeditorfr\"}]}<\/script>\n<!-- \/ Yoast SEO Premium plugin. -->","yoast_head_json":{"title":"Ramadan 2021 au Burkina Faso : L\u2019observation de l\u2019apparition de la lune pr\u00e9vue ce lundi 12 avril - Burkina Faso","description":"La F\u00e9d\u00e9ration des associations islamiques du Burkina (FAIB) porte \u00e0 la connaissance des fid\u00e8les musulmans que les membre ...","robots":{"index":"index","follow":"follow","max-snippet":"max-snippet:-1","max-image-preview":"max-image-preview:large","max-video-preview":"max-video-preview:-1"},"canonical":"https:\/\/www.africa-press.net\/burkina-faso\/culture-et-art\/ramadan-2021-au-burkina-faso-lobservation-de-lapparition-de-la-lune-prevue-ce-lundi-12-avril","og_locale":"fr_FR","og_type":"article","og_title":"Ramadan 2021 au Burkina Faso : L\u2019observation de l\u2019apparition de la lune pr\u00e9vue ce lundi 12 avril","og_description":"La F\u00e9d\u00e9ration des associations islamiques du Burkina (FAIB) porte \u00e0 la connaissance des fid\u00e8les musulmans que les membre ...","og_url":"https:\/\/www.africa-press.net\/burkina-faso\/culture-et-art\/ramadan-2021-au-burkina-faso-lobservation-de-lapparition-de-la-lune-prevue-ce-lundi-12-avril","og_site_name":"Burkina Faso","article_published_time":"2021-04-12T14:51:17+00:00","og_image":[{"width":1024,"height":669,"url":"https:\/\/static.africa-press.net\/burkina\/sites\/42\/2021\/04\/img-60745b868b92b.jpg","type":"image\/jpeg"}],"author":"cfeditorfr","twitter_card":"summary_large_image","twitter_misc":{"\u00c9crit par":"cfeditorfr","Dur\u00e9e de lecture estim\u00e9e":"1 minute"},"schema":{"@context":"https:\/\/schema.org","@graph":[{"@type":"Article","@id":"https:\/\/www.africa-press.net\/burkina-faso\/culture-et-art\/ramadan-2021-au-burkina-faso-lobservation-de-lapparition-de-la-lune-prevue-ce-lundi-12-avril#article","isPartOf":{"@id":"https:\/\/www.africa-press.net\/burkina-faso\/culture-et-art\/ramadan-2021-au-burkina-faso-lobservation-de-lapparition-de-la-lune-prevue-ce-lundi-12-avril"},"author":{"name":"cfeditorfr","@id":"https:\/\/www.africa-press.net\/burkina-faso\/#\/schema\/person\/2b1cf3cd81a31e3cd26889ca66d677f1"},"headline":"Ramadan 2021 au Burkina Faso : L\u2019observation de l\u2019apparition de la lune pr\u00e9vue ce lundi 12 avril","datePublished":"2021-04-12T14:51:17+00:00","mainEntityOfPage":{"@id":"https:\/\/www.africa-press.net\/burkina-faso\/culture-et-art\/ramadan-2021-au-burkina-faso-lobservation-de-lapparition-de-la-lune-prevue-ce-lundi-12-avril"},"wordCount":157,"commentCount":0,"image":{"@id":"https:\/\/www.africa-press.net\/burkina-faso\/culture-et-art\/ramadan-2021-au-burkina-faso-lobservation-de-lapparition-de-la-lune-prevue-ce-lundi-12-avril#primaryimage"},"thumbnailUrl":"https:\/\/static.africa-press.net\/burkina\/sites\/42\/2021\/04\/img-60745b868b92b.jpg","keywords":["Africa Press","Africa Press-Burkina Faso","Burkina Faso"],"articleSection":["Culture et Art","homepage-french","Toutes les actualit\u00e9s"],"inLanguage":"fr-FR","potentialAction":[{"@type":"CommentAction","name":"Comment","target":["https:\/\/www.africa-press.net\/burkina-faso\/culture-et-art\/ramadan-2021-au-burkina-faso-lobservation-de-lapparition-de-la-lune-prevue-ce-lundi-12-avril#respond"]}]},{"@type":"WebPage","@id":"https:\/\/www.africa-press.net\/burkina-faso\/culture-et-art\/ramadan-2021-au-burkina-faso-lobservation-de-lapparition-de-la-lune-prevue-ce-lundi-12-avril","url":"https:\/\/www.africa-press.net\/burkina-faso\/culture-et-art\/ramadan-2021-au-burkina-faso-lobservation-de-lapparition-de-la-lune-prevue-ce-lundi-12-avril","name":"Ramadan 2021 au Burkina Faso : L\u2019observation de l\u2019apparition de la lune pr\u00e9vue ce lundi 12 avril - Burkina Faso","isPartOf":{"@id":"https:\/\/www.africa-press.net\/burkina-faso\/#website"},"primaryImageOfPage":{"@id":"https:\/\/www.africa-press.net\/burkina-faso\/culture-et-art\/ramadan-2021-au-burkina-faso-lobservation-de-lapparition-de-la-lune-prevue-ce-lundi-12-avril#primaryimage"},"image":{"@id":"https:\/\/www.africa-press.net\/burkina-faso\/culture-et-art\/ramadan-2021-au-burkina-faso-lobservation-de-lapparition-de-la-lune-prevue-ce-lundi-12-avril#primaryimage"},"thumbnailUrl":"https:\/\/static.africa-press.net\/burkina\/sites\/42\/2021\/04\/img-60745b868b92b.jpg","datePublished":"2021-04-12T14:51:17+00:00","author":{"@id":"https:\/\/www.africa-press.net\/burkina-faso\/#\/schema\/person\/2b1cf3cd81a31e3cd26889ca66d677f1"},"description":"La F\u00e9d\u00e9ration des associations islamiques du Burkina (FAIB) porte \u00e0 la connaissance des fid\u00e8les musulmans que les membre ...","breadcrumb":{"@id":"https:\/\/www.africa-press.net\/burkina-faso\/culture-et-art\/ramadan-2021-au-burkina-faso-lobservation-de-lapparition-de-la-lune-prevue-ce-lundi-12-avril#breadcrumb"},"inLanguage":"fr-FR","potentialAction":[{"@type":"ReadAction","target":["https:\/\/www.africa-press.net\/burkina-faso\/culture-et-art\/ramadan-2021-au-burkina-faso-lobservation-de-lapparition-de-la-lune-prevue-ce-lundi-12-avril"]}]},{"@type":"ImageObject","inLanguage":"fr-FR","@id":"https:\/\/www.africa-press.net\/burkina-faso\/culture-et-art\/ramadan-2021-au-burkina-faso-lobservation-de-lapparition-de-la-lune-prevue-ce-lundi-12-avril#primaryimage","url":"https:\/\/static.africa-press.net\/burkina\/sites\/42\/2021\/04\/img-60745b868b92b.jpg","contentUrl":"https:\/\/static.africa-press.net\/burkina\/sites\/42\/2021\/04\/img-60745b868b92b.jpg","width":1024,"height":669,"caption":"Ramadan 2021 au Burkina Faso : L\u2019observation de l\u2019apparition de la lune pr\u00e9vue ce lundi 12 avril"},{"@type":"BreadcrumbList","@id":"https:\/\/www.africa-press.net\/burkina-faso\/culture-et-art\/ramadan-2021-au-burkina-faso-lobservation-de-lapparition-de-la-lune-prevue-ce-lundi-12-avril#breadcrumb","itemListElement":[{"@type":"ListItem","position":1,"name":"Accueil","item":"https:\/\/www.africa-press.net\/burkina-faso\/"},{"@type":"ListItem","position":2,"name":"Ramadan 2021 au Burkina Faso : L\u2019observation de l\u2019apparition de la lune pr\u00e9vue ce lundi 12 avril"}]},{"@type":"WebSite","@id":"https:\/\/www.africa-press.net\/burkina-faso\/#website","url":"https:\/\/www.africa-press.net\/burkina-faso\/","name":"Burkina Faso","description":"Just another Africa News Agency Sites site","potentialAction":[{"@type":"SearchAction","target":{"@type":"EntryPoint","urlTemplate":"https:\/\/www.africa-press.net\/burkina-faso\/?s={search_term_string}"},"query-input":{"@type":"PropertyValueSpecification","valueRequired":true,"valueName":"search_term_string"}}],"inLanguage":"fr-FR"},{"@type":"Person","@id":"https:\/\/www.africa-press.net\/burkina-faso\/#\/schema\/person\/2b1cf3cd81a31e3cd26889ca66d677f1","name":"cfeditorfr"}]}},"_links":{"self":[{"href":"https:\/\/www.africa-press.net\/burkina-faso\/wp-json\/wp\/v2\/posts\/9753","targetHints":{"allow":["GET"]}}],"collection":[{"href":"https:\/\/www.africa-press.net\/burkina-faso\/wp-json\/wp\/v2\/posts"}],"about":[{"href":"https:\/\/www.africa-press.net\/burkina-faso\/wp-json\/wp\/v2\/types\/post"}],"author":[{"embeddable":true,"href":"https:\/\/www.africa-press.net\/burkina-faso\/wp-json\/wp\/v2\/users\/82"}],"replies":[{"embeddable":true,"href":"https:\/\/www.africa-press.net\/burkina-faso\/wp-json\/wp\/v2\/comments?post=9753"}],"version-history":[{"count":0,"href":"https:\/\/www.africa-press.net\/burkina-faso\/wp-json\/wp\/v2\/posts\/9753\/revisions"}],"wp:featuredmedia":[{"embeddable":true,"href":"https:\/\/www.africa-press.net\/burkina-faso\/wp-json\/wp\/v2\/media\/9752"}],"wp:attachment":[{"href":"https:\/\/www.africa-press.net\/burkina-faso\/wp-json\/wp\/v2\/media?parent=9753"}],"wp:term":[{"taxonomy":"category","embeddable":true,"href":"https:\/\/www.africa-press.net\/burkina-faso\/wp-json\/wp\/v2\/categories?post=9753"},{"taxonomy":"post_tag","embeddable":true,"href":"https:\/\/www.africa-press.net\/burkina-faso\/wp-json\/wp\/v2\/tags?post=9753"}],"curies":[{"name":"wp","href":"https:\/\/api.w.org\/{rel}","templated":true}]}}