{"id":9756,"date":"2021-04-12T14:54:57","date_gmt":"2021-04-12T14:54:57","guid":{"rendered":"https:\/\/www.africa-press.net\/burkina-faso\/?p=9756"},"modified":"2021-04-12T14:40:12","modified_gmt":"2021-04-12T14:40:12","slug":"burkina-faso-lheure-est-au-bilan-a-lorganisation-democratique-de-la-jeunesse","status":"publish","type":"post","link":"https:\/\/www.africa-press.net\/burkina-faso\/toutes-les-actualites\/burkina-faso-lheure-est-au-bilan-a-lorganisation-democratique-de-la-jeunesse","title":{"rendered":"Burkina Faso\u00a0: L\u2019heure est au bilan \u00e0 l\u2019Organisation d\u00e9mocratique de la jeunesse"},"content":{"rendered":"<p><span style=\"color: #ff6600\"><strong><a href=\"https:\/\/www.africa-press.net\/\">Africa-Press<\/a> &#8211; <a href=\"https:\/\/www.africa-press.net\/burkina-faso\">Burkina Faso<\/a>. <\/strong><\/span>L\u2019Organisation d\u00e9mocratique de la jeunesse du Burkina Faso (ODJ) a fait le bilan de ses activit\u00e9s du 8 au 10 avril 2021 \u00e0 Ouagadougou. Le th\u00e8me retenu \u00e9tait \u00ab Jeunes du Burkina Faso, l\u2019ODJ est ton cadre de lutte, Engage-toi en son sein pour la d\u00e9fense ferme de tes droits socioculturels, \u00e9conomiques et politiques \u00bb.<\/p>\n<p>L\u2019Organisation D\u00e9mocratique de la Jeunesse du Burkina Faso (ODJ) veut renforcer la conviction de ses membres. Ainsi, elle a donn\u00e9 sa vision dans le cadre de la lutte contre l\u2019ins\u00e9curit\u00e9.<\/p>\n<p>Pour l\u2019organisation, la cr\u00e9ation des Volontaires pour la d\u00e9fense de la patrie et des structures d\u2019auto-d\u00e9fense a d\u00e9montr\u00e9 l\u2019importance de l\u2019implication de la population locale dans la lutte contre l\u2019ins\u00e9curit\u00e9.<\/p>\n<p>Egalement, l\u2019ODJ a d\u00e9montr\u00e9 \u00e0 ses militants les causes du sous-d\u00e9veloppement des jeunes et les solutions pour s\u2019en sortir. D\u2019apr\u00e8s une \u00e9tude r\u00e9alis\u00e9e par l\u2019ODJ en 2019, les jeunes sont exclus du march\u00e9 de travail et que 82,4% des emplois occup\u00e9s par les jeunes sont pr\u00e9caires.<\/p>\n<p>A l\u2019issue de la rencontre durant trois jours, le pr\u00e9sident du bureau ex\u00e9cutif national de l\u2019ODJ, Gabin Korb\u00e9ogo, a indiqu\u00e9 que le bilan est satisfaisant.<\/p>\n<p>\u00ab C\u2019est un bilan satisfaisant en termes de fonctionnement, mais aussi en termes de d\u00e9veloppement et de mise en \u0153uvre des programmes d\u2019activit\u00e9s par les diff\u00e9rents structures d\u2019organisation \u00bb, a-t-il soulign\u00e9.<\/p>\n<p>Egalement, il a laiss\u00e9 entendre que la situation s\u00e9curitaire a impact\u00e9 n\u00e9gativement leur activit\u00e9 notamment l\u2019inaccessibilit\u00e9 de certaines zones. Jo\u00ebl THIOMBIANO (stagiaire)<\/p>\n","protected":false},"excerpt":{"rendered":"<p>Africa-Press &#8211; Burkina Faso. L\u2019Organisation d\u00e9mocratique de la jeunesse du Burkina Faso (ODJ) a fait le bilan de ses activit\u00e9s du 8 au 10 avril 2021 \u00e0 Ouagadougou. Le th\u00e8me retenu \u00e9tait \u00ab Jeunes du Burkina Faso, l\u2019ODJ est ton cadre de lutte, Engage-toi en son sein pour la d\u00e9fense ferme de tes droits socioculturels, [&hellip;]<\/p>\n","protected":false},"author":82,"featured_media":9755,"comment_status":"open","ping_status":"closed","sticky":false,"template":"","format":"standard","meta":{"footnotes":""},"categories":[21,11,10],"tags":[111,725,29],"class_list":["post-9756","post","type-post","status-publish","format-standard","has-post-thumbnail","hentry","category-communaute","category-homepage-french","category-toutes-les-actualites","tag-africa-press","tag-africa-press-burkina-faso","tag-burkina-faso"],"yoast_head":"<!-- This site is optimized with the Yoast SEO Premium plugin v26.1 (Yoast SEO v27.0) - https:\/\/yoast.com\/product\/yoast-seo-premium-wordpress\/ -->\n<title>Burkina Faso\u00a0: L\u2019heure est au bilan \u00e0 l\u2019Organisation d\u00e9mocratique de la jeunesse - Burkina Faso<\/title>\n<meta name=\"description\" content=\"L\u2019Organisation d\u00e9mocratique de la jeunesse du Burkina Faso (ODJ) a fait le bilan de ses activit\u00e9s du 8 au 10 avril 2021 ...\" \/>\n<meta name=\"robots\" content=\"index, follow, max-snippet:-1, max-image-preview:large, max-video-preview:-1\" \/>\n<link rel=\"canonical\" href=\"https:\/\/www.africa-press.net\/burkina-faso\/toutes-les-actualites\/burkina-faso-lheure-est-au-bilan-a-lorganisation-democratique-de-la-jeunesse\" \/>\n<meta property=\"og:locale\" content=\"fr_FR\" \/>\n<meta property=\"og:type\" content=\"article\" \/>\n<meta property=\"og:title\" content=\"Burkina Faso\u00a0: L\u2019heure est au bilan \u00e0 l\u2019Organisation d\u00e9mocratique de la jeunesse\" \/>\n<meta property=\"og:description\" content=\"L\u2019Organisation d\u00e9mocratique de la jeunesse du Burkina Faso (ODJ) a fait le bilan de ses activit\u00e9s du 8 au 10 avril 2021 ...\" \/>\n<meta property=\"og:url\" content=\"https:\/\/www.africa-press.net\/burkina-faso\/toutes-les-actualites\/burkina-faso-lheure-est-au-bilan-a-lorganisation-democratique-de-la-jeunesse\" \/>\n<meta property=\"og:site_name\" content=\"Burkina Faso\" \/>\n<meta property=\"article:published_time\" content=\"2021-04-12T14:54:57+00:00\" \/>\n<meta property=\"og:image\" content=\"https:\/\/static.africa-press.net\/burkina\/sites\/42\/2021\/04\/img-60745baf88a2b.jpg\" \/>\n\t<meta property=\"og:image:width\" content=\"750\" \/>\n\t<meta property=\"og:image:height\" content=\"338\" \/>\n\t<meta property=\"og:image:type\" content=\"image\/jpeg\" \/>\n<meta name=\"author\" content=\"cfeditorfr\" \/>\n<meta name=\"twitter:card\" content=\"summary_large_image\" \/>\n<meta name=\"twitter:label1\" content=\"\u00c9crit par\" \/>\n\t<meta name=\"twitter:data1\" content=\"cfeditorfr\" \/>\n\t<meta name=\"twitter:label2\" content=\"Dur\u00e9e de lecture estim\u00e9e\" \/>\n\t<meta name=\"twitter:data2\" content=\"1 minute\" \/>\n<script type=\"application\/ld+json\" class=\"yoast-schema-graph\">{\"@context\":\"https:\/\/schema.org\",\"@graph\":[{\"@type\":\"Article\",\"@id\":\"https:\/\/www.africa-press.net\/burkina-faso\/toutes-les-actualites\/burkina-faso-lheure-est-au-bilan-a-lorganisation-democratique-de-la-jeunesse#article\",\"isPartOf\":{\"@id\":\"https:\/\/www.africa-press.net\/burkina-faso\/toutes-les-actualites\/burkina-faso-lheure-est-au-bilan-a-lorganisation-democratique-de-la-jeunesse\"},\"author\":{\"name\":\"cfeditorfr\",\"@id\":\"https:\/\/www.africa-press.net\/burkina-faso\/#\/schema\/person\/2b1cf3cd81a31e3cd26889ca66d677f1\"},\"headline\":\"Burkina Faso\u00a0: L\u2019heure est au bilan \u00e0 l\u2019Organisation d\u00e9mocratique de la jeunesse\",\"datePublished\":\"2021-04-12T14:54:57+00:00\",\"mainEntityOfPage\":{\"@id\":\"https:\/\/www.africa-press.net\/burkina-faso\/toutes-les-actualites\/burkina-faso-lheure-est-au-bilan-a-lorganisation-democratique-de-la-jeunesse\"},\"wordCount\":292,\"commentCount\":0,\"image\":{\"@id\":\"https:\/\/www.africa-press.net\/burkina-faso\/toutes-les-actualites\/burkina-faso-lheure-est-au-bilan-a-lorganisation-democratique-de-la-jeunesse#primaryimage\"},\"thumbnailUrl\":\"https:\/\/static.africa-press.net\/burkina\/sites\/42\/2021\/04\/img-60745baf88a2b.jpg\",\"keywords\":[\"Africa Press\",\"Africa Press-Burkina Faso\",\"Burkina Faso\"],\"articleSection\":[\"Communaut\u00e9\",\"homepage-french\",\"Toutes les actualit\u00e9s\"],\"inLanguage\":\"fr-FR\",\"potentialAction\":[{\"@type\":\"CommentAction\",\"name\":\"Comment\",\"target\":[\"https:\/\/www.africa-press.net\/burkina-faso\/toutes-les-actualites\/burkina-faso-lheure-est-au-bilan-a-lorganisation-democratique-de-la-jeunesse#respond\"]}]},{\"@type\":\"WebPage\",\"@id\":\"https:\/\/www.africa-press.net\/burkina-faso\/toutes-les-actualites\/burkina-faso-lheure-est-au-bilan-a-lorganisation-democratique-de-la-jeunesse\",\"url\":\"https:\/\/www.africa-press.net\/burkina-faso\/toutes-les-actualites\/burkina-faso-lheure-est-au-bilan-a-lorganisation-democratique-de-la-jeunesse\",\"name\":\"Burkina Faso\u00a0: L\u2019heure est au bilan \u00e0 l\u2019Organisation d\u00e9mocratique de la jeunesse - Burkina Faso\",\"isPartOf\":{\"@id\":\"https:\/\/www.africa-press.net\/burkina-faso\/#website\"},\"primaryImageOfPage\":{\"@id\":\"https:\/\/www.africa-press.net\/burkina-faso\/toutes-les-actualites\/burkina-faso-lheure-est-au-bilan-a-lorganisation-democratique-de-la-jeunesse#primaryimage\"},\"image\":{\"@id\":\"https:\/\/www.africa-press.net\/burkina-faso\/toutes-les-actualites\/burkina-faso-lheure-est-au-bilan-a-lorganisation-democratique-de-la-jeunesse#primaryimage\"},\"thumbnailUrl\":\"https:\/\/static.africa-press.net\/burkina\/sites\/42\/2021\/04\/img-60745baf88a2b.jpg\",\"datePublished\":\"2021-04-12T14:54:57+00:00\",\"author\":{\"@id\":\"https:\/\/www.africa-press.net\/burkina-faso\/#\/schema\/person\/2b1cf3cd81a31e3cd26889ca66d677f1\"},\"description\":\"L\u2019Organisation d\u00e9mocratique de la jeunesse du Burkina Faso (ODJ) a fait le bilan de ses activit\u00e9s du 8 au 10 avril 2021 ...\",\"breadcrumb\":{\"@id\":\"https:\/\/www.africa-press.net\/burkina-faso\/toutes-les-actualites\/burkina-faso-lheure-est-au-bilan-a-lorganisation-democratique-de-la-jeunesse#breadcrumb\"},\"inLanguage\":\"fr-FR\",\"potentialAction\":[{\"@type\":\"ReadAction\",\"target\":[\"https:\/\/www.africa-press.net\/burkina-faso\/toutes-les-actualites\/burkina-faso-lheure-est-au-bilan-a-lorganisation-democratique-de-la-jeunesse\"]}]},{\"@type\":\"ImageObject\",\"inLanguage\":\"fr-FR\",\"@id\":\"https:\/\/www.africa-press.net\/burkina-faso\/toutes-les-actualites\/burkina-faso-lheure-est-au-bilan-a-lorganisation-democratique-de-la-jeunesse#primaryimage\",\"url\":\"https:\/\/static.africa-press.net\/burkina\/sites\/42\/2021\/04\/img-60745baf88a2b.jpg\",\"contentUrl\":\"https:\/\/static.africa-press.net\/burkina\/sites\/42\/2021\/04\/img-60745baf88a2b.jpg\",\"width\":750,\"height\":338,\"caption\":\"Burkina Faso\u00a0: L\u2019heure est au bilan \u00e0 l\u2019Organisation d\u00e9mocratique de la jeunesse\"},{\"@type\":\"BreadcrumbList\",\"@id\":\"https:\/\/www.africa-press.net\/burkina-faso\/toutes-les-actualites\/burkina-faso-lheure-est-au-bilan-a-lorganisation-democratique-de-la-jeunesse#breadcrumb\",\"itemListElement\":[{\"@type\":\"ListItem\",\"position\":1,\"name\":\"Accueil\",\"item\":\"https:\/\/www.africa-press.net\/burkina-faso\/\"},{\"@type\":\"ListItem\",\"position\":2,\"name\":\"Burkina Faso\u00a0: L\u2019heure est au bilan \u00e0 l\u2019Organisation d\u00e9mocratique de la jeunesse\"}]},{\"@type\":\"WebSite\",\"@id\":\"https:\/\/www.africa-press.net\/burkina-faso\/#website\",\"url\":\"https:\/\/www.africa-press.net\/burkina-faso\/\",\"name\":\"Burkina Faso\",\"description\":\"Just another Africa News Agency Sites site\",\"potentialAction\":[{\"@type\":\"SearchAction\",\"target\":{\"@type\":\"EntryPoint\",\"urlTemplate\":\"https:\/\/www.africa-press.net\/burkina-faso\/?s={search_term_string}\"},\"query-input\":{\"@type\":\"PropertyValueSpecification\",\"valueRequired\":true,\"valueName\":\"search_term_string\"}}],\"inLanguage\":\"fr-FR\"},{\"@type\":\"Person\",\"@id\":\"https:\/\/www.africa-press.net\/burkina-faso\/#\/schema\/person\/2b1cf3cd81a31e3cd26889ca66d677f1\",\"name\":\"cfeditorfr\"}]}<\/script>\n<!-- \/ Yoast SEO Premium plugin. -->","yoast_head_json":{"title":"Burkina Faso\u00a0: L\u2019heure est au bilan \u00e0 l\u2019Organisation d\u00e9mocratique de la jeunesse - Burkina Faso","description":"L\u2019Organisation d\u00e9mocratique de la jeunesse du Burkina Faso (ODJ) a fait le bilan de ses activit\u00e9s du 8 au 10 avril 2021 ...","robots":{"index":"index","follow":"follow","max-snippet":"max-snippet:-1","max-image-preview":"max-image-preview:large","max-video-preview":"max-video-preview:-1"},"canonical":"https:\/\/www.africa-press.net\/burkina-faso\/toutes-les-actualites\/burkina-faso-lheure-est-au-bilan-a-lorganisation-democratique-de-la-jeunesse","og_locale":"fr_FR","og_type":"article","og_title":"Burkina Faso\u00a0: L\u2019heure est au bilan \u00e0 l\u2019Organisation d\u00e9mocratique de la jeunesse","og_description":"L\u2019Organisation d\u00e9mocratique de la jeunesse du Burkina Faso (ODJ) a fait le bilan de ses activit\u00e9s du 8 au 10 avril 2021 ...","og_url":"https:\/\/www.africa-press.net\/burkina-faso\/toutes-les-actualites\/burkina-faso-lheure-est-au-bilan-a-lorganisation-democratique-de-la-jeunesse","og_site_name":"Burkina Faso","article_published_time":"2021-04-12T14:54:57+00:00","og_image":[{"width":750,"height":338,"url":"https:\/\/static.africa-press.net\/burkina\/sites\/42\/2021\/04\/img-60745baf88a2b.jpg","type":"image\/jpeg"}],"author":"cfeditorfr","twitter_card":"summary_large_image","twitter_misc":{"\u00c9crit par":"cfeditorfr","Dur\u00e9e de lecture estim\u00e9e":"1 minute"},"schema":{"@context":"https:\/\/schema.org","@graph":[{"@type":"Article","@id":"https:\/\/www.africa-press.net\/burkina-faso\/toutes-les-actualites\/burkina-faso-lheure-est-au-bilan-a-lorganisation-democratique-de-la-jeunesse#article","isPartOf":{"@id":"https:\/\/www.africa-press.net\/burkina-faso\/toutes-les-actualites\/burkina-faso-lheure-est-au-bilan-a-lorganisation-democratique-de-la-jeunesse"},"author":{"name":"cfeditorfr","@id":"https:\/\/www.africa-press.net\/burkina-faso\/#\/schema\/person\/2b1cf3cd81a31e3cd26889ca66d677f1"},"headline":"Burkina Faso\u00a0: L\u2019heure est au bilan \u00e0 l\u2019Organisation d\u00e9mocratique de la jeunesse","datePublished":"2021-04-12T14:54:57+00:00","mainEntityOfPage":{"@id":"https:\/\/www.africa-press.net\/burkina-faso\/toutes-les-actualites\/burkina-faso-lheure-est-au-bilan-a-lorganisation-democratique-de-la-jeunesse"},"wordCount":292,"commentCount":0,"image":{"@id":"https:\/\/www.africa-press.net\/burkina-faso\/toutes-les-actualites\/burkina-faso-lheure-est-au-bilan-a-lorganisation-democratique-de-la-jeunesse#primaryimage"},"thumbnailUrl":"https:\/\/static.africa-press.net\/burkina\/sites\/42\/2021\/04\/img-60745baf88a2b.jpg","keywords":["Africa Press","Africa Press-Burkina Faso","Burkina Faso"],"articleSection":["Communaut\u00e9","homepage-french","Toutes les actualit\u00e9s"],"inLanguage":"fr-FR","potentialAction":[{"@type":"CommentAction","name":"Comment","target":["https:\/\/www.africa-press.net\/burkina-faso\/toutes-les-actualites\/burkina-faso-lheure-est-au-bilan-a-lorganisation-democratique-de-la-jeunesse#respond"]}]},{"@type":"WebPage","@id":"https:\/\/www.africa-press.net\/burkina-faso\/toutes-les-actualites\/burkina-faso-lheure-est-au-bilan-a-lorganisation-democratique-de-la-jeunesse","url":"https:\/\/www.africa-press.net\/burkina-faso\/toutes-les-actualites\/burkina-faso-lheure-est-au-bilan-a-lorganisation-democratique-de-la-jeunesse","name":"Burkina Faso\u00a0: L\u2019heure est au bilan \u00e0 l\u2019Organisation d\u00e9mocratique de la jeunesse - Burkina Faso","isPartOf":{"@id":"https:\/\/www.africa-press.net\/burkina-faso\/#website"},"primaryImageOfPage":{"@id":"https:\/\/www.africa-press.net\/burkina-faso\/toutes-les-actualites\/burkina-faso-lheure-est-au-bilan-a-lorganisation-democratique-de-la-jeunesse#primaryimage"},"image":{"@id":"https:\/\/www.africa-press.net\/burkina-faso\/toutes-les-actualites\/burkina-faso-lheure-est-au-bilan-a-lorganisation-democratique-de-la-jeunesse#primaryimage"},"thumbnailUrl":"https:\/\/static.africa-press.net\/burkina\/sites\/42\/2021\/04\/img-60745baf88a2b.jpg","datePublished":"2021-04-12T14:54:57+00:00","author":{"@id":"https:\/\/www.africa-press.net\/burkina-faso\/#\/schema\/person\/2b1cf3cd81a31e3cd26889ca66d677f1"},"description":"L\u2019Organisation d\u00e9mocratique de la jeunesse du Burkina Faso (ODJ) a fait le bilan de ses activit\u00e9s du 8 au 10 avril 2021 ...","breadcrumb":{"@id":"https:\/\/www.africa-press.net\/burkina-faso\/toutes-les-actualites\/burkina-faso-lheure-est-au-bilan-a-lorganisation-democratique-de-la-jeunesse#breadcrumb"},"inLanguage":"fr-FR","potentialAction":[{"@type":"ReadAction","target":["https:\/\/www.africa-press.net\/burkina-faso\/toutes-les-actualites\/burkina-faso-lheure-est-au-bilan-a-lorganisation-democratique-de-la-jeunesse"]}]},{"@type":"ImageObject","inLanguage":"fr-FR","@id":"https:\/\/www.africa-press.net\/burkina-faso\/toutes-les-actualites\/burkina-faso-lheure-est-au-bilan-a-lorganisation-democratique-de-la-jeunesse#primaryimage","url":"https:\/\/static.africa-press.net\/burkina\/sites\/42\/2021\/04\/img-60745baf88a2b.jpg","contentUrl":"https:\/\/static.africa-press.net\/burkina\/sites\/42\/2021\/04\/img-60745baf88a2b.jpg","width":750,"height":338,"caption":"Burkina Faso\u00a0: L\u2019heure est au bilan \u00e0 l\u2019Organisation d\u00e9mocratique de la jeunesse"},{"@type":"BreadcrumbList","@id":"https:\/\/www.africa-press.net\/burkina-faso\/toutes-les-actualites\/burkina-faso-lheure-est-au-bilan-a-lorganisation-democratique-de-la-jeunesse#breadcrumb","itemListElement":[{"@type":"ListItem","position":1,"name":"Accueil","item":"https:\/\/www.africa-press.net\/burkina-faso\/"},{"@type":"ListItem","position":2,"name":"Burkina Faso\u00a0: L\u2019heure est au bilan \u00e0 l\u2019Organisation d\u00e9mocratique de la jeunesse"}]},{"@type":"WebSite","@id":"https:\/\/www.africa-press.net\/burkina-faso\/#website","url":"https:\/\/www.africa-press.net\/burkina-faso\/","name":"Burkina Faso","description":"Just another Africa News Agency Sites site","potentialAction":[{"@type":"SearchAction","target":{"@type":"EntryPoint","urlTemplate":"https:\/\/www.africa-press.net\/burkina-faso\/?s={search_term_string}"},"query-input":{"@type":"PropertyValueSpecification","valueRequired":true,"valueName":"search_term_string"}}],"inLanguage":"fr-FR"},{"@type":"Person","@id":"https:\/\/www.africa-press.net\/burkina-faso\/#\/schema\/person\/2b1cf3cd81a31e3cd26889ca66d677f1","name":"cfeditorfr"}]}},"_links":{"self":[{"href":"https:\/\/www.africa-press.net\/burkina-faso\/wp-json\/wp\/v2\/posts\/9756","targetHints":{"allow":["GET"]}}],"collection":[{"href":"https:\/\/www.africa-press.net\/burkina-faso\/wp-json\/wp\/v2\/posts"}],"about":[{"href":"https:\/\/www.africa-press.net\/burkina-faso\/wp-json\/wp\/v2\/types\/post"}],"author":[{"embeddable":true,"href":"https:\/\/www.africa-press.net\/burkina-faso\/wp-json\/wp\/v2\/users\/82"}],"replies":[{"embeddable":true,"href":"https:\/\/www.africa-press.net\/burkina-faso\/wp-json\/wp\/v2\/comments?post=9756"}],"version-history":[{"count":0,"href":"https:\/\/www.africa-press.net\/burkina-faso\/wp-json\/wp\/v2\/posts\/9756\/revisions"}],"wp:featuredmedia":[{"embeddable":true,"href":"https:\/\/www.africa-press.net\/burkina-faso\/wp-json\/wp\/v2\/media\/9755"}],"wp:attachment":[{"href":"https:\/\/www.africa-press.net\/burkina-faso\/wp-json\/wp\/v2\/media?parent=9756"}],"wp:term":[{"taxonomy":"category","embeddable":true,"href":"https:\/\/www.africa-press.net\/burkina-faso\/wp-json\/wp\/v2\/categories?post=9756"},{"taxonomy":"post_tag","embeddable":true,"href":"https:\/\/www.africa-press.net\/burkina-faso\/wp-json\/wp\/v2\/tags?post=9756"}],"curies":[{"name":"wp","href":"https:\/\/api.w.org\/{rel}","templated":true}]}}