{"id":9768,"date":"2021-04-12T15:24:54","date_gmt":"2021-04-12T15:24:54","guid":{"rendered":"https:\/\/www.africa-press.net\/burkina-faso\/?p=9768"},"modified":"2021-04-12T14:43:08","modified_gmt":"2021-04-12T14:43:08","slug":"region-du-sahel-des-educateurs-et-communicateurs-renforcent-leurs-capacites-sur-les-mecanismes-endogenes-de-gestion-des-conflits","status":"publish","type":"post","link":"https:\/\/www.africa-press.net\/burkina-faso\/culture-et-art\/region-du-sahel-des-educateurs-et-communicateurs-renforcent-leurs-capacites-sur-les-mecanismes-endogenes-de-gestion-des-conflits","title":{"rendered":"R\u00e9gion du Sahel : Des \u00e9ducateurs et communicateurs renforcent leurs capacit\u00e9s sur les m\u00e9canismes endog\u00e8nes de gestion des conflits"},"content":{"rendered":"<p><span style=\"color: #ff6600\"><strong><a href=\"https:\/\/www.africa-press.net\/\">Africa-Press<\/a> &#8211; <a href=\"https:\/\/www.africa-press.net\/burkina-faso\">Burkina Faso<\/a>. <\/strong><\/span><b>L\u2019Union fraternelle des croyants de Dori (UFC-Dori) a organis\u00e9 le jeudi 8 avril \u00e0 Dori, un atelier r\u00e9gional regroupant les communicateurs et les \u00e9ducateurs de la r\u00e9gion du Sahel. L\u2019objectif est de renforcer leurs capacit\u00e9s sur leurs r\u00f4les et responsabilit\u00e9s sur les m\u00e9canismes endog\u00e8nes de gestion des conflits et sur le traitement de l\u2019information religieuse. La rencontre a r\u00e9uni une cinquantaine de participants des quatre provinces de la r\u00e9gion. L\u2019activit\u00e9, qui entre dans le cadre du projet \u00ab promotion du dialogue interreligieux et du vivre-ensemble au Burkina (Pro-DIVE) financ\u00e9 par l\u2019ambassade des Pays Bas, a \u00e9t\u00e9 pr\u00e9sid\u00e9e par le haut-commissaire de la province du S\u00e9no.<\/b><\/p>\n<p>Les conflits interreligieux sont de plus en plus fr\u00e9quents au Burkina Faso et en particulier dans la r\u00e9gion du Sahel. Des activit\u00e9s allant dans le cadre de l\u2019apaisement de ces conflits et la coh\u00e9sion sociale sont mises en \u0153uvre par l\u2019\u00c9tat. A ses c\u00f4t\u00e9s, l\u2019Union fraternelle des croyants de Dori a pris \u00e0 bras le corps ce ph\u00e9nom\u00e8ne. Plusieurs activit\u00e9s sont organis\u00e9es afin d\u2019amener la population \u00e0 promouvoir le dialogue interreligieux et \u00e0 semer la tol\u00e9rance et la coh\u00e9sion sociale.<\/p>\n<p>Ces activit\u00e9s entrent en droite ligne du projet \u00ab promotion du dialogue interreligieux et du vivre-ensemble au Burkina Faso \u00bb Pro-DIVE. L\u2019av\u00e8nement de ce projet, selon Fran\u00e7ois Paul Ramd\u00e9, coordonnateur de l\u2019UFC-Dori, t\u00e9moigne de la volont\u00e9 commune d\u2019\u0153uvrer au renforcement de la coh\u00e9sion sociale et \u00e0 la n\u00e9cessit\u00e9 de d\u00e9velopper et de promouvoir les m\u00e9canismes endog\u00e8nes et de traitement de l\u2019information religieuse au Sahel.<\/p>\n<p>Les communicateurs ainsi que les \u00e9ducateurs jouent un r\u00f4le majeur dans leur milieu respectif. La propagation de toute information passe par ceux-ci pour atteindre la population. Cependant en mati\u00e8re d\u2019information religieuse qui s\u2019av\u00e8re sensible, il faut la maitriser, savoir comment la porter \u00e0 la connaissance de cette population. C\u2019est dans ce cadre que l\u2019UFC-Dori a r\u00e9uni cette cinquantaine d\u2019\u00e9ducateurs et communicateurs \u00e0 la faveur d\u2019un atelier afin de leur donner les rudiments n\u00e9cessaires pour mieux communiquer quand il s\u2019agit d\u2019information religieuse ou toute autre information qui peut fragiliser le tissu social.<\/p>\n<p>Ainsi les participants ont eu droit \u00e0 deux communications sur les m\u00e9canismes endog\u00e8nes de gestion de conflits et le traitement de l\u2019information religieuse. Pour Lamoussa Robgo, communicateur, dans l\u2019environnement conflictuel comme celui du Sahel, de l\u2019Est et du Nord o\u00f9 il y a l\u2019extr\u00e9misme violent, la coh\u00e9sion sociale est mise \u00e0 rude \u00e9preuve et la paix est \u00e9branl\u00e9e. L\u2019information religieuse peut appara\u00eetre comme une information qui peut aider les uns et les autres \u00e0 comprendre un certain nombre de choses, \u00e0 s\u2019orienter dans cette dimension.<\/p>\n<p>Toutes les religions pr\u00f4nent la paix. Toute information issue de ces religions, selon M. Robgo, doit automatiquement pr\u00f4ner la paix et la coh\u00e9sion sociale. De ce fait, il indique que les communicateurs doivent \u00eatre des mod\u00e8les, des conciliateurs, des m\u00e9diateurs dans la soci\u00e9t\u00e9. En donnant l\u2019information, le communicateur doit savoir que sa responsabilit\u00e9 sociale est de cr\u00e9er un environnement propice au vivre-ensemble et non d\u2019attiser les tensions.<\/p>\n<p>Quant \u00e0 Noufo Demb\u00e9l\u00e9, le repr\u00e9sentant du haut-commissaire de la province du S\u00e9no et pr\u00e9sident de la s\u00e9ance, il affirme que de nombreux moyens sont engag\u00e9s par le gouvernement pour le retour de la paix. Le ph\u00e9nom\u00e8ne de l\u2019ins\u00e9curit\u00e9 et les conflits demeurent encore pr\u00e9occupants. Pour lui, la tenue de cette rencontre r\u00e9gionale au profit des communicateurs et \u00e9ducateurs est \u00e0 saluer car, dit-il, les travaux issus de cette rencontre vont permettre \u00e0 ces communicateurs et \u00e9ducateurs d\u2019\u00eatre \u00e0 l\u2019aise pour distiller les informations allant dans le sens du vivre-ensemble. Il ajoute qu\u2019il convient d\u2019unir les forces dans la promotion du dialogue interreligieux, d\u2019o\u00f9 l\u2019accompagnement des initiatives de l\u2019UFC-Dori par les autorit\u00e9s de la r\u00e9gion du Sahel.<\/p>\n<p>Le projet Pro-DIVE est mis en \u0153uvre dans la r\u00e9gion du Sahel par l\u2019UFC-Dori, au Nord par le Centre dioc\u00e9sain de communication de Ouahigouya (CDC) et \u00e0 l\u2019Est par l\u2019Association pour le d\u00e9veloppement des communaut\u00e9s villageoise (ADCV).<\/p>\n<p><b>Daoula Bagnon \/correspondant Dori<\/b><\/p>\n","protected":false},"excerpt":{"rendered":"<p>Africa-Press &#8211; Burkina Faso. L\u2019Union fraternelle des croyants de Dori (UFC-Dori) a organis\u00e9 le jeudi 8 avril \u00e0 Dori, un atelier r\u00e9gional regroupant les communicateurs et les \u00e9ducateurs de la r\u00e9gion du Sahel. L\u2019objectif est de renforcer leurs capacit\u00e9s sur leurs r\u00f4les et responsabilit\u00e9s sur les m\u00e9canismes endog\u00e8nes de gestion des conflits et sur le [&hellip;]<\/p>\n","protected":false},"author":82,"featured_media":9767,"comment_status":"open","ping_status":"closed","sticky":false,"template":"","format":"standard","meta":{"footnotes":""},"categories":[5,11,10],"tags":[111,725,29],"class_list":["post-9768","post","type-post","status-publish","format-standard","has-post-thumbnail","hentry","category-culture-et-art","category-homepage-french","category-toutes-les-actualites","tag-africa-press","tag-africa-press-burkina-faso","tag-burkina-faso"],"yoast_head":"<!-- This site is optimized with the Yoast SEO Premium plugin v26.1 (Yoast SEO v27.0) - https:\/\/yoast.com\/product\/yoast-seo-premium-wordpress\/ -->\n<title>R\u00e9gion du Sahel : Des \u00e9ducateurs et communicateurs renforcent leurs capacit\u00e9s sur les m\u00e9canismes endog\u00e8nes de gestion des conflits - Burkina Faso<\/title>\n<meta name=\"description\" content=\"L\u2019Union fraternelle des croyants de Dori (UFC-Dori) a organis\u00e9 le jeudi 8 avril \u00e0 Dori, un atelier r\u00e9gional regroupan ...\" \/>\n<meta name=\"robots\" content=\"index, follow, max-snippet:-1, max-image-preview:large, max-video-preview:-1\" \/>\n<link rel=\"canonical\" href=\"https:\/\/www.africa-press.net\/burkina-faso\/culture-et-art\/region-du-sahel-des-educateurs-et-communicateurs-renforcent-leurs-capacites-sur-les-mecanismes-endogenes-de-gestion-des-conflits\" \/>\n<meta property=\"og:locale\" content=\"fr_FR\" \/>\n<meta property=\"og:type\" content=\"article\" \/>\n<meta property=\"og:title\" content=\"R\u00e9gion du Sahel : Des \u00e9ducateurs et communicateurs renforcent leurs capacit\u00e9s sur les m\u00e9canismes endog\u00e8nes de gestion des conflits\" \/>\n<meta property=\"og:description\" content=\"L\u2019Union fraternelle des croyants de Dori (UFC-Dori) a organis\u00e9 le jeudi 8 avril \u00e0 Dori, un atelier r\u00e9gional regroupan ...\" \/>\n<meta property=\"og:url\" content=\"https:\/\/www.africa-press.net\/burkina-faso\/culture-et-art\/region-du-sahel-des-educateurs-et-communicateurs-renforcent-leurs-capacites-sur-les-mecanismes-endogenes-de-gestion-des-conflits\" \/>\n<meta property=\"og:site_name\" content=\"Burkina Faso\" \/>\n<meta property=\"article:published_time\" content=\"2021-04-12T15:24:54+00:00\" \/>\n<meta property=\"og:image\" content=\"https:\/\/static.africa-press.net\/burkina\/sites\/42\/2021\/04\/img-60745c5f6c69c.jpg\" \/>\n\t<meta property=\"og:image:width\" content=\"720\" \/>\n\t<meta property=\"og:image:height\" content=\"358\" \/>\n\t<meta property=\"og:image:type\" content=\"image\/jpeg\" \/>\n<meta name=\"author\" content=\"cfeditorfr\" \/>\n<meta name=\"twitter:card\" content=\"summary_large_image\" \/>\n<meta name=\"twitter:label1\" content=\"\u00c9crit par\" \/>\n\t<meta name=\"twitter:data1\" content=\"cfeditorfr\" \/>\n\t<meta name=\"twitter:label2\" content=\"Dur\u00e9e de lecture estim\u00e9e\" \/>\n\t<meta name=\"twitter:data2\" content=\"4 minutes\" \/>\n<script type=\"application\/ld+json\" class=\"yoast-schema-graph\">{\"@context\":\"https:\/\/schema.org\",\"@graph\":[{\"@type\":\"Article\",\"@id\":\"https:\/\/www.africa-press.net\/burkina-faso\/culture-et-art\/region-du-sahel-des-educateurs-et-communicateurs-renforcent-leurs-capacites-sur-les-mecanismes-endogenes-de-gestion-des-conflits#article\",\"isPartOf\":{\"@id\":\"https:\/\/www.africa-press.net\/burkina-faso\/culture-et-art\/region-du-sahel-des-educateurs-et-communicateurs-renforcent-leurs-capacites-sur-les-mecanismes-endogenes-de-gestion-des-conflits\"},\"author\":{\"name\":\"cfeditorfr\",\"@id\":\"https:\/\/www.africa-press.net\/burkina-faso\/#\/schema\/person\/2b1cf3cd81a31e3cd26889ca66d677f1\"},\"headline\":\"R\u00e9gion du Sahel : Des \u00e9ducateurs et communicateurs renforcent leurs capacit\u00e9s sur les m\u00e9canismes endog\u00e8nes de gestion des conflits\",\"datePublished\":\"2021-04-12T15:24:54+00:00\",\"mainEntityOfPage\":{\"@id\":\"https:\/\/www.africa-press.net\/burkina-faso\/culture-et-art\/region-du-sahel-des-educateurs-et-communicateurs-renforcent-leurs-capacites-sur-les-mecanismes-endogenes-de-gestion-des-conflits\"},\"wordCount\":764,\"commentCount\":0,\"image\":{\"@id\":\"https:\/\/www.africa-press.net\/burkina-faso\/culture-et-art\/region-du-sahel-des-educateurs-et-communicateurs-renforcent-leurs-capacites-sur-les-mecanismes-endogenes-de-gestion-des-conflits#primaryimage\"},\"thumbnailUrl\":\"https:\/\/static.africa-press.net\/burkina\/sites\/42\/2021\/04\/img-60745c5f6c69c.jpg\",\"keywords\":[\"Africa Press\",\"Africa Press-Burkina Faso\",\"Burkina Faso\"],\"articleSection\":[\"Culture et Art\",\"homepage-french\",\"Toutes les actualit\u00e9s\"],\"inLanguage\":\"fr-FR\",\"potentialAction\":[{\"@type\":\"CommentAction\",\"name\":\"Comment\",\"target\":[\"https:\/\/www.africa-press.net\/burkina-faso\/culture-et-art\/region-du-sahel-des-educateurs-et-communicateurs-renforcent-leurs-capacites-sur-les-mecanismes-endogenes-de-gestion-des-conflits#respond\"]}]},{\"@type\":\"WebPage\",\"@id\":\"https:\/\/www.africa-press.net\/burkina-faso\/culture-et-art\/region-du-sahel-des-educateurs-et-communicateurs-renforcent-leurs-capacites-sur-les-mecanismes-endogenes-de-gestion-des-conflits\",\"url\":\"https:\/\/www.africa-press.net\/burkina-faso\/culture-et-art\/region-du-sahel-des-educateurs-et-communicateurs-renforcent-leurs-capacites-sur-les-mecanismes-endogenes-de-gestion-des-conflits\",\"name\":\"R\u00e9gion du Sahel : Des \u00e9ducateurs et communicateurs renforcent leurs capacit\u00e9s sur les m\u00e9canismes endog\u00e8nes de gestion des conflits - Burkina Faso\",\"isPartOf\":{\"@id\":\"https:\/\/www.africa-press.net\/burkina-faso\/#website\"},\"primaryImageOfPage\":{\"@id\":\"https:\/\/www.africa-press.net\/burkina-faso\/culture-et-art\/region-du-sahel-des-educateurs-et-communicateurs-renforcent-leurs-capacites-sur-les-mecanismes-endogenes-de-gestion-des-conflits#primaryimage\"},\"image\":{\"@id\":\"https:\/\/www.africa-press.net\/burkina-faso\/culture-et-art\/region-du-sahel-des-educateurs-et-communicateurs-renforcent-leurs-capacites-sur-les-mecanismes-endogenes-de-gestion-des-conflits#primaryimage\"},\"thumbnailUrl\":\"https:\/\/static.africa-press.net\/burkina\/sites\/42\/2021\/04\/img-60745c5f6c69c.jpg\",\"datePublished\":\"2021-04-12T15:24:54+00:00\",\"author\":{\"@id\":\"https:\/\/www.africa-press.net\/burkina-faso\/#\/schema\/person\/2b1cf3cd81a31e3cd26889ca66d677f1\"},\"description\":\"L\u2019Union fraternelle des croyants de Dori (UFC-Dori) a organis\u00e9 le jeudi 8 avril \u00e0 Dori, un atelier r\u00e9gional regroupan ...\",\"breadcrumb\":{\"@id\":\"https:\/\/www.africa-press.net\/burkina-faso\/culture-et-art\/region-du-sahel-des-educateurs-et-communicateurs-renforcent-leurs-capacites-sur-les-mecanismes-endogenes-de-gestion-des-conflits#breadcrumb\"},\"inLanguage\":\"fr-FR\",\"potentialAction\":[{\"@type\":\"ReadAction\",\"target\":[\"https:\/\/www.africa-press.net\/burkina-faso\/culture-et-art\/region-du-sahel-des-educateurs-et-communicateurs-renforcent-leurs-capacites-sur-les-mecanismes-endogenes-de-gestion-des-conflits\"]}]},{\"@type\":\"ImageObject\",\"inLanguage\":\"fr-FR\",\"@id\":\"https:\/\/www.africa-press.net\/burkina-faso\/culture-et-art\/region-du-sahel-des-educateurs-et-communicateurs-renforcent-leurs-capacites-sur-les-mecanismes-endogenes-de-gestion-des-conflits#primaryimage\",\"url\":\"https:\/\/static.africa-press.net\/burkina\/sites\/42\/2021\/04\/img-60745c5f6c69c.jpg\",\"contentUrl\":\"https:\/\/static.africa-press.net\/burkina\/sites\/42\/2021\/04\/img-60745c5f6c69c.jpg\",\"width\":720,\"height\":358,\"caption\":\"R\u00e9gion du Sahel : Des \u00e9ducateurs et communicateurs renforcent leurs capacit\u00e9s sur les m\u00e9canismes endog\u00e8nes de gestion des conflits\"},{\"@type\":\"BreadcrumbList\",\"@id\":\"https:\/\/www.africa-press.net\/burkina-faso\/culture-et-art\/region-du-sahel-des-educateurs-et-communicateurs-renforcent-leurs-capacites-sur-les-mecanismes-endogenes-de-gestion-des-conflits#breadcrumb\",\"itemListElement\":[{\"@type\":\"ListItem\",\"position\":1,\"name\":\"Accueil\",\"item\":\"https:\/\/www.africa-press.net\/burkina-faso\/\"},{\"@type\":\"ListItem\",\"position\":2,\"name\":\"R\u00e9gion du Sahel : Des \u00e9ducateurs et communicateurs renforcent leurs capacit\u00e9s sur les m\u00e9canismes endog\u00e8nes de gestion des conflits\"}]},{\"@type\":\"WebSite\",\"@id\":\"https:\/\/www.africa-press.net\/burkina-faso\/#website\",\"url\":\"https:\/\/www.africa-press.net\/burkina-faso\/\",\"name\":\"Burkina Faso\",\"description\":\"Just another Africa News Agency Sites site\",\"potentialAction\":[{\"@type\":\"SearchAction\",\"target\":{\"@type\":\"EntryPoint\",\"urlTemplate\":\"https:\/\/www.africa-press.net\/burkina-faso\/?s={search_term_string}\"},\"query-input\":{\"@type\":\"PropertyValueSpecification\",\"valueRequired\":true,\"valueName\":\"search_term_string\"}}],\"inLanguage\":\"fr-FR\"},{\"@type\":\"Person\",\"@id\":\"https:\/\/www.africa-press.net\/burkina-faso\/#\/schema\/person\/2b1cf3cd81a31e3cd26889ca66d677f1\",\"name\":\"cfeditorfr\"}]}<\/script>\n<!-- \/ Yoast SEO Premium plugin. -->","yoast_head_json":{"title":"R\u00e9gion du Sahel : Des \u00e9ducateurs et communicateurs renforcent leurs capacit\u00e9s sur les m\u00e9canismes endog\u00e8nes de gestion des conflits - Burkina Faso","description":"L\u2019Union fraternelle des croyants de Dori (UFC-Dori) a organis\u00e9 le jeudi 8 avril \u00e0 Dori, un atelier r\u00e9gional regroupan ...","robots":{"index":"index","follow":"follow","max-snippet":"max-snippet:-1","max-image-preview":"max-image-preview:large","max-video-preview":"max-video-preview:-1"},"canonical":"https:\/\/www.africa-press.net\/burkina-faso\/culture-et-art\/region-du-sahel-des-educateurs-et-communicateurs-renforcent-leurs-capacites-sur-les-mecanismes-endogenes-de-gestion-des-conflits","og_locale":"fr_FR","og_type":"article","og_title":"R\u00e9gion du Sahel : Des \u00e9ducateurs et communicateurs renforcent leurs capacit\u00e9s sur les m\u00e9canismes endog\u00e8nes de gestion des conflits","og_description":"L\u2019Union fraternelle des croyants de Dori (UFC-Dori) a organis\u00e9 le jeudi 8 avril \u00e0 Dori, un atelier r\u00e9gional regroupan ...","og_url":"https:\/\/www.africa-press.net\/burkina-faso\/culture-et-art\/region-du-sahel-des-educateurs-et-communicateurs-renforcent-leurs-capacites-sur-les-mecanismes-endogenes-de-gestion-des-conflits","og_site_name":"Burkina Faso","article_published_time":"2021-04-12T15:24:54+00:00","og_image":[{"width":720,"height":358,"url":"https:\/\/static.africa-press.net\/burkina\/sites\/42\/2021\/04\/img-60745c5f6c69c.jpg","type":"image\/jpeg"}],"author":"cfeditorfr","twitter_card":"summary_large_image","twitter_misc":{"\u00c9crit par":"cfeditorfr","Dur\u00e9e de lecture estim\u00e9e":"4 minutes"},"schema":{"@context":"https:\/\/schema.org","@graph":[{"@type":"Article","@id":"https:\/\/www.africa-press.net\/burkina-faso\/culture-et-art\/region-du-sahel-des-educateurs-et-communicateurs-renforcent-leurs-capacites-sur-les-mecanismes-endogenes-de-gestion-des-conflits#article","isPartOf":{"@id":"https:\/\/www.africa-press.net\/burkina-faso\/culture-et-art\/region-du-sahel-des-educateurs-et-communicateurs-renforcent-leurs-capacites-sur-les-mecanismes-endogenes-de-gestion-des-conflits"},"author":{"name":"cfeditorfr","@id":"https:\/\/www.africa-press.net\/burkina-faso\/#\/schema\/person\/2b1cf3cd81a31e3cd26889ca66d677f1"},"headline":"R\u00e9gion du Sahel : Des \u00e9ducateurs et communicateurs renforcent leurs capacit\u00e9s sur les m\u00e9canismes endog\u00e8nes de gestion des conflits","datePublished":"2021-04-12T15:24:54+00:00","mainEntityOfPage":{"@id":"https:\/\/www.africa-press.net\/burkina-faso\/culture-et-art\/region-du-sahel-des-educateurs-et-communicateurs-renforcent-leurs-capacites-sur-les-mecanismes-endogenes-de-gestion-des-conflits"},"wordCount":764,"commentCount":0,"image":{"@id":"https:\/\/www.africa-press.net\/burkina-faso\/culture-et-art\/region-du-sahel-des-educateurs-et-communicateurs-renforcent-leurs-capacites-sur-les-mecanismes-endogenes-de-gestion-des-conflits#primaryimage"},"thumbnailUrl":"https:\/\/static.africa-press.net\/burkina\/sites\/42\/2021\/04\/img-60745c5f6c69c.jpg","keywords":["Africa Press","Africa Press-Burkina Faso","Burkina Faso"],"articleSection":["Culture et Art","homepage-french","Toutes les actualit\u00e9s"],"inLanguage":"fr-FR","potentialAction":[{"@type":"CommentAction","name":"Comment","target":["https:\/\/www.africa-press.net\/burkina-faso\/culture-et-art\/region-du-sahel-des-educateurs-et-communicateurs-renforcent-leurs-capacites-sur-les-mecanismes-endogenes-de-gestion-des-conflits#respond"]}]},{"@type":"WebPage","@id":"https:\/\/www.africa-press.net\/burkina-faso\/culture-et-art\/region-du-sahel-des-educateurs-et-communicateurs-renforcent-leurs-capacites-sur-les-mecanismes-endogenes-de-gestion-des-conflits","url":"https:\/\/www.africa-press.net\/burkina-faso\/culture-et-art\/region-du-sahel-des-educateurs-et-communicateurs-renforcent-leurs-capacites-sur-les-mecanismes-endogenes-de-gestion-des-conflits","name":"R\u00e9gion du Sahel : Des \u00e9ducateurs et communicateurs renforcent leurs capacit\u00e9s sur les m\u00e9canismes endog\u00e8nes de gestion des conflits - Burkina Faso","isPartOf":{"@id":"https:\/\/www.africa-press.net\/burkina-faso\/#website"},"primaryImageOfPage":{"@id":"https:\/\/www.africa-press.net\/burkina-faso\/culture-et-art\/region-du-sahel-des-educateurs-et-communicateurs-renforcent-leurs-capacites-sur-les-mecanismes-endogenes-de-gestion-des-conflits#primaryimage"},"image":{"@id":"https:\/\/www.africa-press.net\/burkina-faso\/culture-et-art\/region-du-sahel-des-educateurs-et-communicateurs-renforcent-leurs-capacites-sur-les-mecanismes-endogenes-de-gestion-des-conflits#primaryimage"},"thumbnailUrl":"https:\/\/static.africa-press.net\/burkina\/sites\/42\/2021\/04\/img-60745c5f6c69c.jpg","datePublished":"2021-04-12T15:24:54+00:00","author":{"@id":"https:\/\/www.africa-press.net\/burkina-faso\/#\/schema\/person\/2b1cf3cd81a31e3cd26889ca66d677f1"},"description":"L\u2019Union fraternelle des croyants de Dori (UFC-Dori) a organis\u00e9 le jeudi 8 avril \u00e0 Dori, un atelier r\u00e9gional regroupan ...","breadcrumb":{"@id":"https:\/\/www.africa-press.net\/burkina-faso\/culture-et-art\/region-du-sahel-des-educateurs-et-communicateurs-renforcent-leurs-capacites-sur-les-mecanismes-endogenes-de-gestion-des-conflits#breadcrumb"},"inLanguage":"fr-FR","potentialAction":[{"@type":"ReadAction","target":["https:\/\/www.africa-press.net\/burkina-faso\/culture-et-art\/region-du-sahel-des-educateurs-et-communicateurs-renforcent-leurs-capacites-sur-les-mecanismes-endogenes-de-gestion-des-conflits"]}]},{"@type":"ImageObject","inLanguage":"fr-FR","@id":"https:\/\/www.africa-press.net\/burkina-faso\/culture-et-art\/region-du-sahel-des-educateurs-et-communicateurs-renforcent-leurs-capacites-sur-les-mecanismes-endogenes-de-gestion-des-conflits#primaryimage","url":"https:\/\/static.africa-press.net\/burkina\/sites\/42\/2021\/04\/img-60745c5f6c69c.jpg","contentUrl":"https:\/\/static.africa-press.net\/burkina\/sites\/42\/2021\/04\/img-60745c5f6c69c.jpg","width":720,"height":358,"caption":"R\u00e9gion du Sahel : Des \u00e9ducateurs et communicateurs renforcent leurs capacit\u00e9s sur les m\u00e9canismes endog\u00e8nes de gestion des conflits"},{"@type":"BreadcrumbList","@id":"https:\/\/www.africa-press.net\/burkina-faso\/culture-et-art\/region-du-sahel-des-educateurs-et-communicateurs-renforcent-leurs-capacites-sur-les-mecanismes-endogenes-de-gestion-des-conflits#breadcrumb","itemListElement":[{"@type":"ListItem","position":1,"name":"Accueil","item":"https:\/\/www.africa-press.net\/burkina-faso\/"},{"@type":"ListItem","position":2,"name":"R\u00e9gion du Sahel : Des \u00e9ducateurs et communicateurs renforcent leurs capacit\u00e9s sur les m\u00e9canismes endog\u00e8nes de gestion des conflits"}]},{"@type":"WebSite","@id":"https:\/\/www.africa-press.net\/burkina-faso\/#website","url":"https:\/\/www.africa-press.net\/burkina-faso\/","name":"Burkina Faso","description":"Just another Africa News Agency Sites site","potentialAction":[{"@type":"SearchAction","target":{"@type":"EntryPoint","urlTemplate":"https:\/\/www.africa-press.net\/burkina-faso\/?s={search_term_string}"},"query-input":{"@type":"PropertyValueSpecification","valueRequired":true,"valueName":"search_term_string"}}],"inLanguage":"fr-FR"},{"@type":"Person","@id":"https:\/\/www.africa-press.net\/burkina-faso\/#\/schema\/person\/2b1cf3cd81a31e3cd26889ca66d677f1","name":"cfeditorfr"}]}},"_links":{"self":[{"href":"https:\/\/www.africa-press.net\/burkina-faso\/wp-json\/wp\/v2\/posts\/9768","targetHints":{"allow":["GET"]}}],"collection":[{"href":"https:\/\/www.africa-press.net\/burkina-faso\/wp-json\/wp\/v2\/posts"}],"about":[{"href":"https:\/\/www.africa-press.net\/burkina-faso\/wp-json\/wp\/v2\/types\/post"}],"author":[{"embeddable":true,"href":"https:\/\/www.africa-press.net\/burkina-faso\/wp-json\/wp\/v2\/users\/82"}],"replies":[{"embeddable":true,"href":"https:\/\/www.africa-press.net\/burkina-faso\/wp-json\/wp\/v2\/comments?post=9768"}],"version-history":[{"count":0,"href":"https:\/\/www.africa-press.net\/burkina-faso\/wp-json\/wp\/v2\/posts\/9768\/revisions"}],"wp:featuredmedia":[{"embeddable":true,"href":"https:\/\/www.africa-press.net\/burkina-faso\/wp-json\/wp\/v2\/media\/9767"}],"wp:attachment":[{"href":"https:\/\/www.africa-press.net\/burkina-faso\/wp-json\/wp\/v2\/media?parent=9768"}],"wp:term":[{"taxonomy":"category","embeddable":true,"href":"https:\/\/www.africa-press.net\/burkina-faso\/wp-json\/wp\/v2\/categories?post=9768"},{"taxonomy":"post_tag","embeddable":true,"href":"https:\/\/www.africa-press.net\/burkina-faso\/wp-json\/wp\/v2\/tags?post=9768"}],"curies":[{"name":"wp","href":"https:\/\/api.w.org\/{rel}","templated":true}]}}