{"id":9786,"date":"2021-04-12T16:14:50","date_gmt":"2021-04-12T16:14:50","guid":{"rendered":"https:\/\/www.africa-press.net\/burkina-faso\/?p=9786"},"modified":"2021-04-12T14:48:05","modified_gmt":"2021-04-12T14:48:05","slug":"jeune-musulman-burkina-ramadan-market-une-opportunite-pour-faire-ses-provisions-a-moindre-cout","status":"publish","type":"post","link":"https:\/\/www.africa-press.net\/burkina-faso\/toutes-les-actualites\/jeune-musulman-burkina-ramadan-market-une-opportunite-pour-faire-ses-provisions-a-moindre-cout","title":{"rendered":"Je\u00fbne musulman\/Burkina : Ramadan market, une opportunit\u00e9 pour faire ses provisions \u00e0 moindre co\u00fbt"},"content":{"rendered":"<p><span style=\"color: #ff6600\"><strong><a href=\"https:\/\/www.africa-press.net\/\">Africa-Press<\/a> &#8211; <a href=\"https:\/\/www.africa-press.net\/burkina-faso\">Burkina Faso<\/a>. <\/strong><\/span><b>A l\u2019or\u00e9e du Ramadan et pour permettre aux fid\u00e8les musulmans de s\u2019approvisionner en denr\u00e9es diverses \u00e0 moindre co\u00fbt, le CERFI organise pour la 5e ann\u00e9e cons\u00e9cutive, Ramadan market. Une foire commerciale qui se tient du 5 au 18 avril \u00e0 quelques pas du site du CERFI \u00e0 Ouagadougou. On y retrouve des denr\u00e9es alimentaires ainsi que des effets d\u2019habillement. La c\u00e9r\u00e9monie d\u2019ouverture a eu lieu ce samedi 10 avril 2021 sur le site de la foire.<\/b><\/p>\n<p>La foire Ramadan market a \u00e9t\u00e9 initi\u00e9e suite au constat fait qu\u2019\u00e0 l\u2019approche du je\u00fbne musulman, les prix des produits de grande consommation connaissent une flamb\u00e9e. En initiant donc Ramadan market, l\u2019id\u00e9e est de contribuer \u00e0 ce que les prix des denr\u00e9es restent accessibles \u00e0 tous et que les fid\u00e8les musulmans puissent vivre un ramadan de solidarit\u00e9, selon Aminou Ou\u00e9draogo, pr\u00e9sident du CERFI.<\/p>\n<p>Deux semaines durant, les visiteurs pourront trouver sur le site de la foire du riz, du sucre, de l\u2019huile, des jus naturels, des dattes, des grumeaux pour bouillie, des infusions et th\u00e9 ainsi que des effets d\u2019habillement \u00e0 des prix \u00e9tudi\u00e9s. Pour cette 5e \u00e9dition, l\u2019accent sera mis sur l\u2019aspect spirituel. \u00ab\u00a0Le stand des imams est l\u00e0 pour r\u00e9pondre \u00e0 toutes les questions des participants\u00a0\u00bb, confie Aminou Ou\u00e9draogo. Il est \u00e9galement pr\u00e9vu des formations en entrepreneuriat pour les jeunes ainsi que des rencontres B2B.<\/p>\n<p>La 5e \u00e9dition de Ramadan market est plac\u00e9e sous le parrainage du ministre de l\u2019Industrie, du Commerce et de l\u2019Artisanat, Harouna Kabor\u00e9. Repr\u00e9sent\u00e9 \u00e0 la c\u00e9r\u00e9monie d\u2019ouverture par son secr\u00e9taire g\u00e9n\u00e9ral, celui-ci n\u2019a pas manqu\u00e9 de f\u00e9liciter le CERFI pour l\u2019initiative \u00e0 l\u2019occasion du mois de ramadan.<\/p>\n<p>\u00ab\u00a0Une foire est une activit\u00e9 de promotion de produits et une fa\u00e7on d\u2019encourager les op\u00e9rateurs \u00e9conomiques \u00e0 faire de bonnes affaires et aussi mettre \u00e0 la disposition de la population des produits de qualit\u00e9 \u00e0 des prix abordables. Au regard de tout cela, nous ne pouvons qu\u2019accompagner le CERFI\u00a0\u00bb, a-t-il d\u00e9clar\u00e9.<\/p>\n<p>Pour lui, cette initiative va au del\u00e0 des activit\u00e9s commerciales, car le CERFI joue en plus son r\u00f4le citoyen en formant des jeunes promoteurs \u00e0 l\u2019esprit d\u2019entrepreneuriat et aussi donne une culture citoyenne \u00e0 tous ceux qui participent \u00e0 l\u2019activit\u00e9. Boubacar Traor\u00e9 a invit\u00e9 les uns et les autres \u00e0 faire un tour sur le site de la foire, o\u00f9 chacun y trouvera assur\u00e9ment son compte.<\/p>\n<p><b>Armelle Ouedraogo<br \/>\n<\/b><\/p>\n","protected":false},"excerpt":{"rendered":"<p>Africa-Press &#8211; Burkina Faso. A l\u2019or\u00e9e du Ramadan et pour permettre aux fid\u00e8les musulmans de s\u2019approvisionner en denr\u00e9es diverses \u00e0 moindre co\u00fbt, le CERFI organise pour la 5e ann\u00e9e cons\u00e9cutive, Ramadan market. Une foire commerciale qui se tient du 5 au 18 avril \u00e0 quelques pas du site du CERFI \u00e0 Ouagadougou. On y retrouve [&hellip;]<\/p>\n","protected":false},"author":82,"featured_media":9785,"comment_status":"open","ping_status":"closed","sticky":false,"template":"","format":"standard","meta":{"footnotes":""},"categories":[21,11,10],"tags":[111,725,29],"class_list":["post-9786","post","type-post","status-publish","format-standard","has-post-thumbnail","hentry","category-communaute","category-homepage-french","category-toutes-les-actualites","tag-africa-press","tag-africa-press-burkina-faso","tag-burkina-faso"],"yoast_head":"<!-- This site is optimized with the Yoast SEO Premium plugin v26.1 (Yoast SEO v27.0) - https:\/\/yoast.com\/product\/yoast-seo-premium-wordpress\/ -->\n<title>Je\u00fbne musulman\/Burkina : Ramadan market, une opportunit\u00e9 pour faire ses provisions \u00e0 moindre co\u00fbt - Burkina Faso<\/title>\n<meta name=\"description\" content=\"A l\u2019or\u00e9e du Ramadan et pour permettre aux fid\u00e8les musulmans de s\u2019approvisionner en denr\u00e9es diverses \u00e0 moindre co\u00fbt, l ...\" \/>\n<meta name=\"robots\" content=\"index, follow, max-snippet:-1, max-image-preview:large, max-video-preview:-1\" \/>\n<link rel=\"canonical\" href=\"https:\/\/www.africa-press.net\/burkina-faso\/toutes-les-actualites\/jeune-musulman-burkina-ramadan-market-une-opportunite-pour-faire-ses-provisions-a-moindre-cout\" \/>\n<meta property=\"og:locale\" content=\"fr_FR\" \/>\n<meta property=\"og:type\" content=\"article\" \/>\n<meta property=\"og:title\" content=\"Je\u00fbne musulman\/Burkina : Ramadan market, une opportunit\u00e9 pour faire ses provisions \u00e0 moindre co\u00fbt\" \/>\n<meta property=\"og:description\" content=\"A l\u2019or\u00e9e du Ramadan et pour permettre aux fid\u00e8les musulmans de s\u2019approvisionner en denr\u00e9es diverses \u00e0 moindre co\u00fbt, l ...\" \/>\n<meta property=\"og:url\" content=\"https:\/\/www.africa-press.net\/burkina-faso\/toutes-les-actualites\/jeune-musulman-burkina-ramadan-market-une-opportunite-pour-faire-ses-provisions-a-moindre-cout\" \/>\n<meta property=\"og:site_name\" content=\"Burkina Faso\" \/>\n<meta property=\"article:published_time\" content=\"2021-04-12T16:14:50+00:00\" \/>\n<meta property=\"og:image\" content=\"https:\/\/static.africa-press.net\/burkina\/sites\/42\/2021\/04\/img-60745d8780fca.jpg\" \/>\n\t<meta property=\"og:image:width\" content=\"720\" \/>\n\t<meta property=\"og:image:height\" content=\"388\" \/>\n\t<meta property=\"og:image:type\" content=\"image\/jpeg\" \/>\n<meta name=\"author\" content=\"cfeditorfr\" \/>\n<meta name=\"twitter:card\" content=\"summary_large_image\" \/>\n<meta name=\"twitter:label1\" content=\"\u00c9crit par\" \/>\n\t<meta name=\"twitter:data1\" content=\"cfeditorfr\" \/>\n\t<meta name=\"twitter:label2\" content=\"Dur\u00e9e de lecture estim\u00e9e\" \/>\n\t<meta name=\"twitter:data2\" content=\"2 minutes\" \/>\n<script type=\"application\/ld+json\" class=\"yoast-schema-graph\">{\"@context\":\"https:\/\/schema.org\",\"@graph\":[{\"@type\":\"Article\",\"@id\":\"https:\/\/www.africa-press.net\/burkina-faso\/toutes-les-actualites\/jeune-musulman-burkina-ramadan-market-une-opportunite-pour-faire-ses-provisions-a-moindre-cout#article\",\"isPartOf\":{\"@id\":\"https:\/\/www.africa-press.net\/burkina-faso\/toutes-les-actualites\/jeune-musulman-burkina-ramadan-market-une-opportunite-pour-faire-ses-provisions-a-moindre-cout\"},\"author\":{\"name\":\"cfeditorfr\",\"@id\":\"https:\/\/www.africa-press.net\/burkina-faso\/#\/schema\/person\/2b1cf3cd81a31e3cd26889ca66d677f1\"},\"headline\":\"Je\u00fbne musulman\/Burkina : Ramadan market, une opportunit\u00e9 pour faire ses provisions \u00e0 moindre co\u00fbt\",\"datePublished\":\"2021-04-12T16:14:50+00:00\",\"mainEntityOfPage\":{\"@id\":\"https:\/\/www.africa-press.net\/burkina-faso\/toutes-les-actualites\/jeune-musulman-burkina-ramadan-market-une-opportunite-pour-faire-ses-provisions-a-moindre-cout\"},\"wordCount\":445,\"commentCount\":0,\"image\":{\"@id\":\"https:\/\/www.africa-press.net\/burkina-faso\/toutes-les-actualites\/jeune-musulman-burkina-ramadan-market-une-opportunite-pour-faire-ses-provisions-a-moindre-cout#primaryimage\"},\"thumbnailUrl\":\"https:\/\/static.africa-press.net\/burkina\/sites\/42\/2021\/04\/img-60745d8780fca.jpg\",\"keywords\":[\"Africa Press\",\"Africa Press-Burkina Faso\",\"Burkina Faso\"],\"articleSection\":[\"Communaut\u00e9\",\"homepage-french\",\"Toutes les actualit\u00e9s\"],\"inLanguage\":\"fr-FR\",\"potentialAction\":[{\"@type\":\"CommentAction\",\"name\":\"Comment\",\"target\":[\"https:\/\/www.africa-press.net\/burkina-faso\/toutes-les-actualites\/jeune-musulman-burkina-ramadan-market-une-opportunite-pour-faire-ses-provisions-a-moindre-cout#respond\"]}]},{\"@type\":\"WebPage\",\"@id\":\"https:\/\/www.africa-press.net\/burkina-faso\/toutes-les-actualites\/jeune-musulman-burkina-ramadan-market-une-opportunite-pour-faire-ses-provisions-a-moindre-cout\",\"url\":\"https:\/\/www.africa-press.net\/burkina-faso\/toutes-les-actualites\/jeune-musulman-burkina-ramadan-market-une-opportunite-pour-faire-ses-provisions-a-moindre-cout\",\"name\":\"Je\u00fbne musulman\/Burkina : Ramadan market, une opportunit\u00e9 pour faire ses provisions \u00e0 moindre co\u00fbt - Burkina Faso\",\"isPartOf\":{\"@id\":\"https:\/\/www.africa-press.net\/burkina-faso\/#website\"},\"primaryImageOfPage\":{\"@id\":\"https:\/\/www.africa-press.net\/burkina-faso\/toutes-les-actualites\/jeune-musulman-burkina-ramadan-market-une-opportunite-pour-faire-ses-provisions-a-moindre-cout#primaryimage\"},\"image\":{\"@id\":\"https:\/\/www.africa-press.net\/burkina-faso\/toutes-les-actualites\/jeune-musulman-burkina-ramadan-market-une-opportunite-pour-faire-ses-provisions-a-moindre-cout#primaryimage\"},\"thumbnailUrl\":\"https:\/\/static.africa-press.net\/burkina\/sites\/42\/2021\/04\/img-60745d8780fca.jpg\",\"datePublished\":\"2021-04-12T16:14:50+00:00\",\"author\":{\"@id\":\"https:\/\/www.africa-press.net\/burkina-faso\/#\/schema\/person\/2b1cf3cd81a31e3cd26889ca66d677f1\"},\"description\":\"A l\u2019or\u00e9e du Ramadan et pour permettre aux fid\u00e8les musulmans de s\u2019approvisionner en denr\u00e9es diverses \u00e0 moindre co\u00fbt, l ...\",\"breadcrumb\":{\"@id\":\"https:\/\/www.africa-press.net\/burkina-faso\/toutes-les-actualites\/jeune-musulman-burkina-ramadan-market-une-opportunite-pour-faire-ses-provisions-a-moindre-cout#breadcrumb\"},\"inLanguage\":\"fr-FR\",\"potentialAction\":[{\"@type\":\"ReadAction\",\"target\":[\"https:\/\/www.africa-press.net\/burkina-faso\/toutes-les-actualites\/jeune-musulman-burkina-ramadan-market-une-opportunite-pour-faire-ses-provisions-a-moindre-cout\"]}]},{\"@type\":\"ImageObject\",\"inLanguage\":\"fr-FR\",\"@id\":\"https:\/\/www.africa-press.net\/burkina-faso\/toutes-les-actualites\/jeune-musulman-burkina-ramadan-market-une-opportunite-pour-faire-ses-provisions-a-moindre-cout#primaryimage\",\"url\":\"https:\/\/static.africa-press.net\/burkina\/sites\/42\/2021\/04\/img-60745d8780fca.jpg\",\"contentUrl\":\"https:\/\/static.africa-press.net\/burkina\/sites\/42\/2021\/04\/img-60745d8780fca.jpg\",\"width\":720,\"height\":388,\"caption\":\"Je\u00fbne musulman\/Burkina : Ramadan market, une opportunit\u00e9 pour faire ses provisions \u00e0 moindre co\u00fbt\"},{\"@type\":\"BreadcrumbList\",\"@id\":\"https:\/\/www.africa-press.net\/burkina-faso\/toutes-les-actualites\/jeune-musulman-burkina-ramadan-market-une-opportunite-pour-faire-ses-provisions-a-moindre-cout#breadcrumb\",\"itemListElement\":[{\"@type\":\"ListItem\",\"position\":1,\"name\":\"Accueil\",\"item\":\"https:\/\/www.africa-press.net\/burkina-faso\/\"},{\"@type\":\"ListItem\",\"position\":2,\"name\":\"Je\u00fbne musulman\/Burkina : Ramadan market, une opportunit\u00e9 pour faire ses provisions \u00e0 moindre co\u00fbt\"}]},{\"@type\":\"WebSite\",\"@id\":\"https:\/\/www.africa-press.net\/burkina-faso\/#website\",\"url\":\"https:\/\/www.africa-press.net\/burkina-faso\/\",\"name\":\"Burkina Faso\",\"description\":\"Just another Africa News Agency Sites site\",\"potentialAction\":[{\"@type\":\"SearchAction\",\"target\":{\"@type\":\"EntryPoint\",\"urlTemplate\":\"https:\/\/www.africa-press.net\/burkina-faso\/?s={search_term_string}\"},\"query-input\":{\"@type\":\"PropertyValueSpecification\",\"valueRequired\":true,\"valueName\":\"search_term_string\"}}],\"inLanguage\":\"fr-FR\"},{\"@type\":\"Person\",\"@id\":\"https:\/\/www.africa-press.net\/burkina-faso\/#\/schema\/person\/2b1cf3cd81a31e3cd26889ca66d677f1\",\"name\":\"cfeditorfr\"}]}<\/script>\n<!-- \/ Yoast SEO Premium plugin. -->","yoast_head_json":{"title":"Je\u00fbne musulman\/Burkina : Ramadan market, une opportunit\u00e9 pour faire ses provisions \u00e0 moindre co\u00fbt - Burkina Faso","description":"A l\u2019or\u00e9e du Ramadan et pour permettre aux fid\u00e8les musulmans de s\u2019approvisionner en denr\u00e9es diverses \u00e0 moindre co\u00fbt, l ...","robots":{"index":"index","follow":"follow","max-snippet":"max-snippet:-1","max-image-preview":"max-image-preview:large","max-video-preview":"max-video-preview:-1"},"canonical":"https:\/\/www.africa-press.net\/burkina-faso\/toutes-les-actualites\/jeune-musulman-burkina-ramadan-market-une-opportunite-pour-faire-ses-provisions-a-moindre-cout","og_locale":"fr_FR","og_type":"article","og_title":"Je\u00fbne musulman\/Burkina : Ramadan market, une opportunit\u00e9 pour faire ses provisions \u00e0 moindre co\u00fbt","og_description":"A l\u2019or\u00e9e du Ramadan et pour permettre aux fid\u00e8les musulmans de s\u2019approvisionner en denr\u00e9es diverses \u00e0 moindre co\u00fbt, l ...","og_url":"https:\/\/www.africa-press.net\/burkina-faso\/toutes-les-actualites\/jeune-musulman-burkina-ramadan-market-une-opportunite-pour-faire-ses-provisions-a-moindre-cout","og_site_name":"Burkina Faso","article_published_time":"2021-04-12T16:14:50+00:00","og_image":[{"width":720,"height":388,"url":"https:\/\/static.africa-press.net\/burkina\/sites\/42\/2021\/04\/img-60745d8780fca.jpg","type":"image\/jpeg"}],"author":"cfeditorfr","twitter_card":"summary_large_image","twitter_misc":{"\u00c9crit par":"cfeditorfr","Dur\u00e9e de lecture estim\u00e9e":"2 minutes"},"schema":{"@context":"https:\/\/schema.org","@graph":[{"@type":"Article","@id":"https:\/\/www.africa-press.net\/burkina-faso\/toutes-les-actualites\/jeune-musulman-burkina-ramadan-market-une-opportunite-pour-faire-ses-provisions-a-moindre-cout#article","isPartOf":{"@id":"https:\/\/www.africa-press.net\/burkina-faso\/toutes-les-actualites\/jeune-musulman-burkina-ramadan-market-une-opportunite-pour-faire-ses-provisions-a-moindre-cout"},"author":{"name":"cfeditorfr","@id":"https:\/\/www.africa-press.net\/burkina-faso\/#\/schema\/person\/2b1cf3cd81a31e3cd26889ca66d677f1"},"headline":"Je\u00fbne musulman\/Burkina : Ramadan market, une opportunit\u00e9 pour faire ses provisions \u00e0 moindre co\u00fbt","datePublished":"2021-04-12T16:14:50+00:00","mainEntityOfPage":{"@id":"https:\/\/www.africa-press.net\/burkina-faso\/toutes-les-actualites\/jeune-musulman-burkina-ramadan-market-une-opportunite-pour-faire-ses-provisions-a-moindre-cout"},"wordCount":445,"commentCount":0,"image":{"@id":"https:\/\/www.africa-press.net\/burkina-faso\/toutes-les-actualites\/jeune-musulman-burkina-ramadan-market-une-opportunite-pour-faire-ses-provisions-a-moindre-cout#primaryimage"},"thumbnailUrl":"https:\/\/static.africa-press.net\/burkina\/sites\/42\/2021\/04\/img-60745d8780fca.jpg","keywords":["Africa Press","Africa Press-Burkina Faso","Burkina Faso"],"articleSection":["Communaut\u00e9","homepage-french","Toutes les actualit\u00e9s"],"inLanguage":"fr-FR","potentialAction":[{"@type":"CommentAction","name":"Comment","target":["https:\/\/www.africa-press.net\/burkina-faso\/toutes-les-actualites\/jeune-musulman-burkina-ramadan-market-une-opportunite-pour-faire-ses-provisions-a-moindre-cout#respond"]}]},{"@type":"WebPage","@id":"https:\/\/www.africa-press.net\/burkina-faso\/toutes-les-actualites\/jeune-musulman-burkina-ramadan-market-une-opportunite-pour-faire-ses-provisions-a-moindre-cout","url":"https:\/\/www.africa-press.net\/burkina-faso\/toutes-les-actualites\/jeune-musulman-burkina-ramadan-market-une-opportunite-pour-faire-ses-provisions-a-moindre-cout","name":"Je\u00fbne musulman\/Burkina : Ramadan market, une opportunit\u00e9 pour faire ses provisions \u00e0 moindre co\u00fbt - Burkina Faso","isPartOf":{"@id":"https:\/\/www.africa-press.net\/burkina-faso\/#website"},"primaryImageOfPage":{"@id":"https:\/\/www.africa-press.net\/burkina-faso\/toutes-les-actualites\/jeune-musulman-burkina-ramadan-market-une-opportunite-pour-faire-ses-provisions-a-moindre-cout#primaryimage"},"image":{"@id":"https:\/\/www.africa-press.net\/burkina-faso\/toutes-les-actualites\/jeune-musulman-burkina-ramadan-market-une-opportunite-pour-faire-ses-provisions-a-moindre-cout#primaryimage"},"thumbnailUrl":"https:\/\/static.africa-press.net\/burkina\/sites\/42\/2021\/04\/img-60745d8780fca.jpg","datePublished":"2021-04-12T16:14:50+00:00","author":{"@id":"https:\/\/www.africa-press.net\/burkina-faso\/#\/schema\/person\/2b1cf3cd81a31e3cd26889ca66d677f1"},"description":"A l\u2019or\u00e9e du Ramadan et pour permettre aux fid\u00e8les musulmans de s\u2019approvisionner en denr\u00e9es diverses \u00e0 moindre co\u00fbt, l ...","breadcrumb":{"@id":"https:\/\/www.africa-press.net\/burkina-faso\/toutes-les-actualites\/jeune-musulman-burkina-ramadan-market-une-opportunite-pour-faire-ses-provisions-a-moindre-cout#breadcrumb"},"inLanguage":"fr-FR","potentialAction":[{"@type":"ReadAction","target":["https:\/\/www.africa-press.net\/burkina-faso\/toutes-les-actualites\/jeune-musulman-burkina-ramadan-market-une-opportunite-pour-faire-ses-provisions-a-moindre-cout"]}]},{"@type":"ImageObject","inLanguage":"fr-FR","@id":"https:\/\/www.africa-press.net\/burkina-faso\/toutes-les-actualites\/jeune-musulman-burkina-ramadan-market-une-opportunite-pour-faire-ses-provisions-a-moindre-cout#primaryimage","url":"https:\/\/static.africa-press.net\/burkina\/sites\/42\/2021\/04\/img-60745d8780fca.jpg","contentUrl":"https:\/\/static.africa-press.net\/burkina\/sites\/42\/2021\/04\/img-60745d8780fca.jpg","width":720,"height":388,"caption":"Je\u00fbne musulman\/Burkina : Ramadan market, une opportunit\u00e9 pour faire ses provisions \u00e0 moindre co\u00fbt"},{"@type":"BreadcrumbList","@id":"https:\/\/www.africa-press.net\/burkina-faso\/toutes-les-actualites\/jeune-musulman-burkina-ramadan-market-une-opportunite-pour-faire-ses-provisions-a-moindre-cout#breadcrumb","itemListElement":[{"@type":"ListItem","position":1,"name":"Accueil","item":"https:\/\/www.africa-press.net\/burkina-faso\/"},{"@type":"ListItem","position":2,"name":"Je\u00fbne musulman\/Burkina : Ramadan market, une opportunit\u00e9 pour faire ses provisions \u00e0 moindre co\u00fbt"}]},{"@type":"WebSite","@id":"https:\/\/www.africa-press.net\/burkina-faso\/#website","url":"https:\/\/www.africa-press.net\/burkina-faso\/","name":"Burkina Faso","description":"Just another Africa News Agency Sites site","potentialAction":[{"@type":"SearchAction","target":{"@type":"EntryPoint","urlTemplate":"https:\/\/www.africa-press.net\/burkina-faso\/?s={search_term_string}"},"query-input":{"@type":"PropertyValueSpecification","valueRequired":true,"valueName":"search_term_string"}}],"inLanguage":"fr-FR"},{"@type":"Person","@id":"https:\/\/www.africa-press.net\/burkina-faso\/#\/schema\/person\/2b1cf3cd81a31e3cd26889ca66d677f1","name":"cfeditorfr"}]}},"_links":{"self":[{"href":"https:\/\/www.africa-press.net\/burkina-faso\/wp-json\/wp\/v2\/posts\/9786","targetHints":{"allow":["GET"]}}],"collection":[{"href":"https:\/\/www.africa-press.net\/burkina-faso\/wp-json\/wp\/v2\/posts"}],"about":[{"href":"https:\/\/www.africa-press.net\/burkina-faso\/wp-json\/wp\/v2\/types\/post"}],"author":[{"embeddable":true,"href":"https:\/\/www.africa-press.net\/burkina-faso\/wp-json\/wp\/v2\/users\/82"}],"replies":[{"embeddable":true,"href":"https:\/\/www.africa-press.net\/burkina-faso\/wp-json\/wp\/v2\/comments?post=9786"}],"version-history":[{"count":0,"href":"https:\/\/www.africa-press.net\/burkina-faso\/wp-json\/wp\/v2\/posts\/9786\/revisions"}],"wp:featuredmedia":[{"embeddable":true,"href":"https:\/\/www.africa-press.net\/burkina-faso\/wp-json\/wp\/v2\/media\/9785"}],"wp:attachment":[{"href":"https:\/\/www.africa-press.net\/burkina-faso\/wp-json\/wp\/v2\/media?parent=9786"}],"wp:term":[{"taxonomy":"category","embeddable":true,"href":"https:\/\/www.africa-press.net\/burkina-faso\/wp-json\/wp\/v2\/categories?post=9786"},{"taxonomy":"post_tag","embeddable":true,"href":"https:\/\/www.africa-press.net\/burkina-faso\/wp-json\/wp\/v2\/tags?post=9786"}],"curies":[{"name":"wp","href":"https:\/\/api.w.org\/{rel}","templated":true}]}}