{"id":9789,"date":"2021-04-12T16:24:31","date_gmt":"2021-04-12T16:24:31","guid":{"rendered":"https:\/\/www.africa-press.net\/burkina-faso\/?p=9789"},"modified":"2021-04-12T14:48:45","modified_gmt":"2021-04-12T14:48:45","slug":"ramadan-la-commission-lune-se-reunira-ce-lundi-12-avril-2021","status":"publish","type":"post","link":"https:\/\/www.africa-press.net\/burkina-faso\/culture-et-art\/ramadan-la-commission-lune-se-reunira-ce-lundi-12-avril-2021","title":{"rendered":"Ramadan : La commission lune se r\u00e9unira ce lundi 12 avril 2021"},"content":{"rendered":"<p><span style=\"color: #ff6600\"><strong><a href=\"https:\/\/www.africa-press.net\/\">Africa-Press<\/a> &#8211; <a href=\"https:\/\/www.africa-press.net\/burkina-faso\">Burkina Faso<\/a>. <\/strong><\/span><b>Dans ce communiqu\u00e9, la F\u00e9d\u00e9ration des associations islamiques du Burkina informe la communaut\u00e9 musulmane que la commission lune de r\u00e9unira ce lundi 12 avril, afin d\u2019observer l\u2019apparition du croissant lunaire marquant le d\u00e9but du mois de Ramadan. La FAIB invite par ailleurs tout musulman qui viendrait \u00e0 apercevoir le croissant lunaire, \u00e0 en informer son imam, qui prendra attache avec la commission nationale.<\/b><\/p>\n","protected":false},"excerpt":{"rendered":"<p>Africa-Press &#8211; Burkina Faso. Dans ce communiqu\u00e9, la F\u00e9d\u00e9ration des associations islamiques du Burkina informe la communaut\u00e9 musulmane que la commission lune de r\u00e9unira ce lundi 12 avril, afin d\u2019observer l\u2019apparition du croissant lunaire marquant le d\u00e9but du mois de Ramadan. La FAIB invite par ailleurs tout musulman qui viendrait \u00e0 apercevoir le croissant lunaire, [&hellip;]<\/p>\n","protected":false},"author":82,"featured_media":9788,"comment_status":"open","ping_status":"closed","sticky":false,"template":"","format":"standard","meta":{"footnotes":""},"categories":[5,11,10],"tags":[111,725,29],"class_list":["post-9789","post","type-post","status-publish","format-standard","has-post-thumbnail","hentry","category-culture-et-art","category-homepage-french","category-toutes-les-actualites","tag-africa-press","tag-africa-press-burkina-faso","tag-burkina-faso"],"yoast_head":"<!-- This site is optimized with the Yoast SEO Premium plugin v26.1 (Yoast SEO v27.0) - https:\/\/yoast.com\/product\/yoast-seo-premium-wordpress\/ -->\n<title>Ramadan : La commission lune se r\u00e9unira ce lundi 12 avril 2021 - Burkina Faso<\/title>\n<meta name=\"description\" content=\"Dans ce communiqu\u00e9, la F\u00e9d\u00e9ration des associations islamiques du Burkina informe la communaut\u00e9 musulmane que la commi ...\" \/>\n<meta name=\"robots\" content=\"index, follow, max-snippet:-1, max-image-preview:large, max-video-preview:-1\" \/>\n<link rel=\"canonical\" href=\"https:\/\/www.africa-press.net\/burkina-faso\/culture-et-art\/ramadan-la-commission-lune-se-reunira-ce-lundi-12-avril-2021\" \/>\n<meta property=\"og:locale\" content=\"fr_FR\" \/>\n<meta property=\"og:type\" content=\"article\" \/>\n<meta property=\"og:title\" content=\"Ramadan : La commission lune se r\u00e9unira ce lundi 12 avril 2021\" \/>\n<meta property=\"og:description\" content=\"Dans ce communiqu\u00e9, la F\u00e9d\u00e9ration des associations islamiques du Burkina informe la communaut\u00e9 musulmane que la commi ...\" \/>\n<meta property=\"og:url\" content=\"https:\/\/www.africa-press.net\/burkina-faso\/culture-et-art\/ramadan-la-commission-lune-se-reunira-ce-lundi-12-avril-2021\" \/>\n<meta property=\"og:site_name\" content=\"Burkina Faso\" \/>\n<meta property=\"article:published_time\" content=\"2021-04-12T16:24:31+00:00\" \/>\n<meta property=\"og:image\" content=\"https:\/\/static.africa-press.net\/burkina\/sites\/42\/2021\/04\/img-60745db108a01.jpg\" \/>\n\t<meta property=\"og:image:width\" content=\"720\" \/>\n\t<meta property=\"og:image:height\" content=\"381\" \/>\n\t<meta property=\"og:image:type\" content=\"image\/jpeg\" \/>\n<meta name=\"author\" content=\"cfeditorfr\" \/>\n<meta name=\"twitter:card\" content=\"summary_large_image\" \/>\n<meta name=\"twitter:label1\" content=\"\u00c9crit par\" \/>\n\t<meta name=\"twitter:data1\" content=\"cfeditorfr\" \/>\n<script type=\"application\/ld+json\" class=\"yoast-schema-graph\">{\"@context\":\"https:\/\/schema.org\",\"@graph\":[{\"@type\":\"Article\",\"@id\":\"https:\/\/www.africa-press.net\/burkina-faso\/culture-et-art\/ramadan-la-commission-lune-se-reunira-ce-lundi-12-avril-2021#article\",\"isPartOf\":{\"@id\":\"https:\/\/www.africa-press.net\/burkina-faso\/culture-et-art\/ramadan-la-commission-lune-se-reunira-ce-lundi-12-avril-2021\"},\"author\":{\"name\":\"cfeditorfr\",\"@id\":\"https:\/\/www.africa-press.net\/burkina-faso\/#\/schema\/person\/2b1cf3cd81a31e3cd26889ca66d677f1\"},\"headline\":\"Ramadan : La commission lune se r\u00e9unira ce lundi 12 avril 2021\",\"datePublished\":\"2021-04-12T16:24:31+00:00\",\"mainEntityOfPage\":{\"@id\":\"https:\/\/www.africa-press.net\/burkina-faso\/culture-et-art\/ramadan-la-commission-lune-se-reunira-ce-lundi-12-avril-2021\"},\"wordCount\":80,\"commentCount\":0,\"image\":{\"@id\":\"https:\/\/www.africa-press.net\/burkina-faso\/culture-et-art\/ramadan-la-commission-lune-se-reunira-ce-lundi-12-avril-2021#primaryimage\"},\"thumbnailUrl\":\"https:\/\/static.africa-press.net\/burkina\/sites\/42\/2021\/04\/img-60745db108a01.jpg\",\"keywords\":[\"Africa Press\",\"Africa Press-Burkina Faso\",\"Burkina Faso\"],\"articleSection\":[\"Culture et Art\",\"homepage-french\",\"Toutes les actualit\u00e9s\"],\"inLanguage\":\"fr-FR\",\"potentialAction\":[{\"@type\":\"CommentAction\",\"name\":\"Comment\",\"target\":[\"https:\/\/www.africa-press.net\/burkina-faso\/culture-et-art\/ramadan-la-commission-lune-se-reunira-ce-lundi-12-avril-2021#respond\"]}]},{\"@type\":\"WebPage\",\"@id\":\"https:\/\/www.africa-press.net\/burkina-faso\/culture-et-art\/ramadan-la-commission-lune-se-reunira-ce-lundi-12-avril-2021\",\"url\":\"https:\/\/www.africa-press.net\/burkina-faso\/culture-et-art\/ramadan-la-commission-lune-se-reunira-ce-lundi-12-avril-2021\",\"name\":\"Ramadan : La commission lune se r\u00e9unira ce lundi 12 avril 2021 - Burkina Faso\",\"isPartOf\":{\"@id\":\"https:\/\/www.africa-press.net\/burkina-faso\/#website\"},\"primaryImageOfPage\":{\"@id\":\"https:\/\/www.africa-press.net\/burkina-faso\/culture-et-art\/ramadan-la-commission-lune-se-reunira-ce-lundi-12-avril-2021#primaryimage\"},\"image\":{\"@id\":\"https:\/\/www.africa-press.net\/burkina-faso\/culture-et-art\/ramadan-la-commission-lune-se-reunira-ce-lundi-12-avril-2021#primaryimage\"},\"thumbnailUrl\":\"https:\/\/static.africa-press.net\/burkina\/sites\/42\/2021\/04\/img-60745db108a01.jpg\",\"datePublished\":\"2021-04-12T16:24:31+00:00\",\"author\":{\"@id\":\"https:\/\/www.africa-press.net\/burkina-faso\/#\/schema\/person\/2b1cf3cd81a31e3cd26889ca66d677f1\"},\"description\":\"Dans ce communiqu\u00e9, la F\u00e9d\u00e9ration des associations islamiques du Burkina informe la communaut\u00e9 musulmane que la commi ...\",\"breadcrumb\":{\"@id\":\"https:\/\/www.africa-press.net\/burkina-faso\/culture-et-art\/ramadan-la-commission-lune-se-reunira-ce-lundi-12-avril-2021#breadcrumb\"},\"inLanguage\":\"fr-FR\",\"potentialAction\":[{\"@type\":\"ReadAction\",\"target\":[\"https:\/\/www.africa-press.net\/burkina-faso\/culture-et-art\/ramadan-la-commission-lune-se-reunira-ce-lundi-12-avril-2021\"]}]},{\"@type\":\"ImageObject\",\"inLanguage\":\"fr-FR\",\"@id\":\"https:\/\/www.africa-press.net\/burkina-faso\/culture-et-art\/ramadan-la-commission-lune-se-reunira-ce-lundi-12-avril-2021#primaryimage\",\"url\":\"https:\/\/static.africa-press.net\/burkina\/sites\/42\/2021\/04\/img-60745db108a01.jpg\",\"contentUrl\":\"https:\/\/static.africa-press.net\/burkina\/sites\/42\/2021\/04\/img-60745db108a01.jpg\",\"width\":720,\"height\":381,\"caption\":\"Ramadan : La commission lune se r\u00e9unira ce lundi 12 avril 2021\"},{\"@type\":\"BreadcrumbList\",\"@id\":\"https:\/\/www.africa-press.net\/burkina-faso\/culture-et-art\/ramadan-la-commission-lune-se-reunira-ce-lundi-12-avril-2021#breadcrumb\",\"itemListElement\":[{\"@type\":\"ListItem\",\"position\":1,\"name\":\"Accueil\",\"item\":\"https:\/\/www.africa-press.net\/burkina-faso\/\"},{\"@type\":\"ListItem\",\"position\":2,\"name\":\"Ramadan : La commission lune se r\u00e9unira ce lundi 12 avril 2021\"}]},{\"@type\":\"WebSite\",\"@id\":\"https:\/\/www.africa-press.net\/burkina-faso\/#website\",\"url\":\"https:\/\/www.africa-press.net\/burkina-faso\/\",\"name\":\"Burkina Faso\",\"description\":\"Just another Africa News Agency Sites site\",\"potentialAction\":[{\"@type\":\"SearchAction\",\"target\":{\"@type\":\"EntryPoint\",\"urlTemplate\":\"https:\/\/www.africa-press.net\/burkina-faso\/?s={search_term_string}\"},\"query-input\":{\"@type\":\"PropertyValueSpecification\",\"valueRequired\":true,\"valueName\":\"search_term_string\"}}],\"inLanguage\":\"fr-FR\"},{\"@type\":\"Person\",\"@id\":\"https:\/\/www.africa-press.net\/burkina-faso\/#\/schema\/person\/2b1cf3cd81a31e3cd26889ca66d677f1\",\"name\":\"cfeditorfr\"}]}<\/script>\n<!-- \/ Yoast SEO Premium plugin. -->","yoast_head_json":{"title":"Ramadan : La commission lune se r\u00e9unira ce lundi 12 avril 2021 - Burkina Faso","description":"Dans ce communiqu\u00e9, la F\u00e9d\u00e9ration des associations islamiques du Burkina informe la communaut\u00e9 musulmane que la commi ...","robots":{"index":"index","follow":"follow","max-snippet":"max-snippet:-1","max-image-preview":"max-image-preview:large","max-video-preview":"max-video-preview:-1"},"canonical":"https:\/\/www.africa-press.net\/burkina-faso\/culture-et-art\/ramadan-la-commission-lune-se-reunira-ce-lundi-12-avril-2021","og_locale":"fr_FR","og_type":"article","og_title":"Ramadan : La commission lune se r\u00e9unira ce lundi 12 avril 2021","og_description":"Dans ce communiqu\u00e9, la F\u00e9d\u00e9ration des associations islamiques du Burkina informe la communaut\u00e9 musulmane que la commi ...","og_url":"https:\/\/www.africa-press.net\/burkina-faso\/culture-et-art\/ramadan-la-commission-lune-se-reunira-ce-lundi-12-avril-2021","og_site_name":"Burkina Faso","article_published_time":"2021-04-12T16:24:31+00:00","og_image":[{"width":720,"height":381,"url":"https:\/\/static.africa-press.net\/burkina\/sites\/42\/2021\/04\/img-60745db108a01.jpg","type":"image\/jpeg"}],"author":"cfeditorfr","twitter_card":"summary_large_image","twitter_misc":{"\u00c9crit par":"cfeditorfr"},"schema":{"@context":"https:\/\/schema.org","@graph":[{"@type":"Article","@id":"https:\/\/www.africa-press.net\/burkina-faso\/culture-et-art\/ramadan-la-commission-lune-se-reunira-ce-lundi-12-avril-2021#article","isPartOf":{"@id":"https:\/\/www.africa-press.net\/burkina-faso\/culture-et-art\/ramadan-la-commission-lune-se-reunira-ce-lundi-12-avril-2021"},"author":{"name":"cfeditorfr","@id":"https:\/\/www.africa-press.net\/burkina-faso\/#\/schema\/person\/2b1cf3cd81a31e3cd26889ca66d677f1"},"headline":"Ramadan : La commission lune se r\u00e9unira ce lundi 12 avril 2021","datePublished":"2021-04-12T16:24:31+00:00","mainEntityOfPage":{"@id":"https:\/\/www.africa-press.net\/burkina-faso\/culture-et-art\/ramadan-la-commission-lune-se-reunira-ce-lundi-12-avril-2021"},"wordCount":80,"commentCount":0,"image":{"@id":"https:\/\/www.africa-press.net\/burkina-faso\/culture-et-art\/ramadan-la-commission-lune-se-reunira-ce-lundi-12-avril-2021#primaryimage"},"thumbnailUrl":"https:\/\/static.africa-press.net\/burkina\/sites\/42\/2021\/04\/img-60745db108a01.jpg","keywords":["Africa Press","Africa Press-Burkina Faso","Burkina Faso"],"articleSection":["Culture et Art","homepage-french","Toutes les actualit\u00e9s"],"inLanguage":"fr-FR","potentialAction":[{"@type":"CommentAction","name":"Comment","target":["https:\/\/www.africa-press.net\/burkina-faso\/culture-et-art\/ramadan-la-commission-lune-se-reunira-ce-lundi-12-avril-2021#respond"]}]},{"@type":"WebPage","@id":"https:\/\/www.africa-press.net\/burkina-faso\/culture-et-art\/ramadan-la-commission-lune-se-reunira-ce-lundi-12-avril-2021","url":"https:\/\/www.africa-press.net\/burkina-faso\/culture-et-art\/ramadan-la-commission-lune-se-reunira-ce-lundi-12-avril-2021","name":"Ramadan : La commission lune se r\u00e9unira ce lundi 12 avril 2021 - Burkina Faso","isPartOf":{"@id":"https:\/\/www.africa-press.net\/burkina-faso\/#website"},"primaryImageOfPage":{"@id":"https:\/\/www.africa-press.net\/burkina-faso\/culture-et-art\/ramadan-la-commission-lune-se-reunira-ce-lundi-12-avril-2021#primaryimage"},"image":{"@id":"https:\/\/www.africa-press.net\/burkina-faso\/culture-et-art\/ramadan-la-commission-lune-se-reunira-ce-lundi-12-avril-2021#primaryimage"},"thumbnailUrl":"https:\/\/static.africa-press.net\/burkina\/sites\/42\/2021\/04\/img-60745db108a01.jpg","datePublished":"2021-04-12T16:24:31+00:00","author":{"@id":"https:\/\/www.africa-press.net\/burkina-faso\/#\/schema\/person\/2b1cf3cd81a31e3cd26889ca66d677f1"},"description":"Dans ce communiqu\u00e9, la F\u00e9d\u00e9ration des associations islamiques du Burkina informe la communaut\u00e9 musulmane que la commi ...","breadcrumb":{"@id":"https:\/\/www.africa-press.net\/burkina-faso\/culture-et-art\/ramadan-la-commission-lune-se-reunira-ce-lundi-12-avril-2021#breadcrumb"},"inLanguage":"fr-FR","potentialAction":[{"@type":"ReadAction","target":["https:\/\/www.africa-press.net\/burkina-faso\/culture-et-art\/ramadan-la-commission-lune-se-reunira-ce-lundi-12-avril-2021"]}]},{"@type":"ImageObject","inLanguage":"fr-FR","@id":"https:\/\/www.africa-press.net\/burkina-faso\/culture-et-art\/ramadan-la-commission-lune-se-reunira-ce-lundi-12-avril-2021#primaryimage","url":"https:\/\/static.africa-press.net\/burkina\/sites\/42\/2021\/04\/img-60745db108a01.jpg","contentUrl":"https:\/\/static.africa-press.net\/burkina\/sites\/42\/2021\/04\/img-60745db108a01.jpg","width":720,"height":381,"caption":"Ramadan : La commission lune se r\u00e9unira ce lundi 12 avril 2021"},{"@type":"BreadcrumbList","@id":"https:\/\/www.africa-press.net\/burkina-faso\/culture-et-art\/ramadan-la-commission-lune-se-reunira-ce-lundi-12-avril-2021#breadcrumb","itemListElement":[{"@type":"ListItem","position":1,"name":"Accueil","item":"https:\/\/www.africa-press.net\/burkina-faso\/"},{"@type":"ListItem","position":2,"name":"Ramadan : La commission lune se r\u00e9unira ce lundi 12 avril 2021"}]},{"@type":"WebSite","@id":"https:\/\/www.africa-press.net\/burkina-faso\/#website","url":"https:\/\/www.africa-press.net\/burkina-faso\/","name":"Burkina Faso","description":"Just another Africa News Agency Sites site","potentialAction":[{"@type":"SearchAction","target":{"@type":"EntryPoint","urlTemplate":"https:\/\/www.africa-press.net\/burkina-faso\/?s={search_term_string}"},"query-input":{"@type":"PropertyValueSpecification","valueRequired":true,"valueName":"search_term_string"}}],"inLanguage":"fr-FR"},{"@type":"Person","@id":"https:\/\/www.africa-press.net\/burkina-faso\/#\/schema\/person\/2b1cf3cd81a31e3cd26889ca66d677f1","name":"cfeditorfr"}]}},"_links":{"self":[{"href":"https:\/\/www.africa-press.net\/burkina-faso\/wp-json\/wp\/v2\/posts\/9789","targetHints":{"allow":["GET"]}}],"collection":[{"href":"https:\/\/www.africa-press.net\/burkina-faso\/wp-json\/wp\/v2\/posts"}],"about":[{"href":"https:\/\/www.africa-press.net\/burkina-faso\/wp-json\/wp\/v2\/types\/post"}],"author":[{"embeddable":true,"href":"https:\/\/www.africa-press.net\/burkina-faso\/wp-json\/wp\/v2\/users\/82"}],"replies":[{"embeddable":true,"href":"https:\/\/www.africa-press.net\/burkina-faso\/wp-json\/wp\/v2\/comments?post=9789"}],"version-history":[{"count":0,"href":"https:\/\/www.africa-press.net\/burkina-faso\/wp-json\/wp\/v2\/posts\/9789\/revisions"}],"wp:featuredmedia":[{"embeddable":true,"href":"https:\/\/www.africa-press.net\/burkina-faso\/wp-json\/wp\/v2\/media\/9788"}],"wp:attachment":[{"href":"https:\/\/www.africa-press.net\/burkina-faso\/wp-json\/wp\/v2\/media?parent=9789"}],"wp:term":[{"taxonomy":"category","embeddable":true,"href":"https:\/\/www.africa-press.net\/burkina-faso\/wp-json\/wp\/v2\/categories?post=9789"},{"taxonomy":"post_tag","embeddable":true,"href":"https:\/\/www.africa-press.net\/burkina-faso\/wp-json\/wp\/v2\/tags?post=9789"}],"curies":[{"name":"wp","href":"https:\/\/api.w.org\/{rel}","templated":true}]}}