{"id":9792,"date":"2021-04-12T16:27:13","date_gmt":"2021-04-12T16:27:13","guid":{"rendered":"https:\/\/www.africa-press.net\/burkina-faso\/?p=9792"},"modified":"2021-04-12T14:49:25","modified_gmt":"2021-04-12T14:49:25","slug":"dr-bachir-ismael-ouedraogo-si-ca-va-pour-le-jeune-du-burkina-faso-ca-va-pour-le-jeune-du-mpp","status":"publish","type":"post","link":"https:\/\/www.africa-press.net\/burkina-faso\/politique\/dr-bachir-ismael-ouedraogo-si-ca-va-pour-le-jeune-du-burkina-faso-ca-va-pour-le-jeune-du-mpp","title":{"rendered":"Dr Bachir Isma\u00ebl Ou\u00e9draogo : \u00ab Si \u00e7a va pour le jeune du Burkina Faso, \u00e7a va pour le jeune du MPP \u00bb"},"content":{"rendered":"<p><span style=\"color: #ff6600\"><strong><a href=\"https:\/\/www.africa-press.net\/\">Africa-Press<\/a> &#8211; <a href=\"https:\/\/www.africa-press.net\/burkina-faso\">Burkina Faso<\/a>. <\/strong><\/span><b>Le secr\u00e9tariat national charg\u00e9 des jeunes du MPP (Mouvement du peuple pour le progr\u00e8s) a sonn\u00e9 la mobilisation des siens pour, d\u2019une part, dresser le bilan de sa participation aux \u00e9lections de novembre 2020 et, d\u2019autre part, d\u00e9finir les perspectives dans la dynamique de la mise en \u0153uvre du programme du pr\u00e9sident Roch Kabor\u00e9. C\u2019\u00e9tait \u00e0 travers son premier forum national, tenu les 9 et 10 avril 2021 \u00e0 Ouagadougou, sous le th\u00e8me : \u00ab R\u00e9formes politiques et institutionnelles : quelle contribution de la jeunesse du MPP \u00bb.<\/b><\/p>\n<p>C\u2019est dans une ambiance de grande mobilisation des jeunes et de la direction politique nationale du parti que Bachir Isma\u00ebl Ou\u00e9draogo, secr\u00e9taire national charg\u00e9 des jeunes du parti, et son \u00e9quipe ont pilot\u00e9 cette assise. Elle a \u00e9t\u00e9 marqu\u00e9e essentiellement par des travaux en sous-commissions et les r\u00e9flexions devront se poursuivent \u00e0 la base autour des grandes orientations qui ont \u00e9t\u00e9 d\u00e9blay\u00e9es par les participants \u00e0 ce forum.<\/p>\n<p>\u00ab Le MPP est fier de sa jeunesse. Si le pr\u00e9sident Roch Kabor\u00e9 est \u00e9lu pour un second mandat et que le parti a une majorit\u00e9 \u00e0 l\u2019Assembl\u00e9e nationale, c\u2019est gr\u00e2ce \u00e0 la jeunesse \u00bb, a f\u00e9licit\u00e9 le secr\u00e9taire ex\u00e9cutif du MPP, Lassan\u00e9 Savadogo, pr\u00e9sidant la c\u00e9r\u00e9monie de cl\u00f4ture du forum. Il soutient qu\u2019avec cette mobilisation, le MPP d\u00e9montre qu\u2019il n\u2019est pas un parti qui ne vit que pendant les \u00e9lections. Mieux se convainc-t-il qu\u2019avec sa jeunesse, le MPP, voire le Burkina, ira loin.<\/p>\n<p>Une aubaine pour lui de prodiguer des conseils \u00e0 ses \u00ab jeunes camarades \u00bb, les exhortant surtout \u00e0 tirer le\u00e7ons des erreurs que les a\u00een\u00e9s ont pu commettre.<br \/>\n\u00ab Nous sommes vos a\u00een\u00e9s. Ce que nous souhaitons, c\u2019est que vous ne fassiez pas les m\u00eames erreurs que nous. Il faut apprendre de nos erreurs. Et si vous devez commettre des erreurs, que ce soient vos propres erreurs et non celles de vos a\u00een\u00e9s. Vous devez vous enrichir. Vous devez progresser. Vous devez monter sur les \u00e9paules de vos a\u00een\u00e9s pour voir encore plus loin et projeter encore plus loin votre parti \u00bb, a entretenu Lassan\u00e9 Savadogo.<\/p>\n<p>Coup d\u2019\u0153il sur les r\u00e9flexions men\u00e9es pendant les deux jours et l\u2019actualit\u00e9 nationale\u2026, le secr\u00e9taire ex\u00e9cutif du MPP a r\u00e9affirm\u00e9 la vision de son parti en ce qui concerne le processus de r\u00e9conciliation nationale en cours. A l\u2019en croire, la perception repose sur les principes de l\u2019inclusivit\u00e9, de la v\u00e9rit\u00e9 et de la justice.<br \/>\n\u00ab Il y en a qui pensent que la r\u00e9conciliation nationale est un passeport pour l\u2019impunit\u00e9. Ce n\u2019est pas la vision du MPP. Ce n\u2019est pas la vision du pr\u00e9sident Roch Kabor\u00e9 \u00bb, a-t-il signifi\u00e9, pr\u00e9cisant que le d\u00e9bat doit plut\u00f4t \u00eatre orient\u00e9 vers le type de justice \u00e0 emprunter par le processus.<\/p>\n<p>Le secr\u00e9taire national charg\u00e9 des jeunes, Dr Bachir Isma\u00ebl Ou\u00e9draogo, lui, a montr\u00e9 sa satisfaction vis-\u00e0-vis de la pertinence des r\u00e9flexions qui se sont d\u00e9ploy\u00e9es sur les questions de la vie nationale. De l\u2019accompagnement soutenu \u00e0 l\u2019agriculture, l\u2019\u00e9levage\u2026\u00e0 la r\u00e9forme de la justice en passant par l\u2019emploi des jeunes, aucun aspect ne semble avoir \u00e9chapp\u00e9 aux travaux des huit sous-commissions mises en place pour la circonstance.<\/p>\n<p>\u00ab Dans son programme, Roch Kabor\u00e9 a inscrit en bonne place les r\u00e9formes politiques et institutionnelles. L\u2019objectif des jeunes, c\u2019est de l\u2019accompagner ; nous l\u2019avons accompagn\u00e9 pour qu\u2019il soit r\u00e9\u00e9lu, nous devons l\u2019accompagner pour qu\u2019il puisse r\u00e9aliser ce pour quoi il a eu la confiance du peuple \u00bb, trace Bachir Isma\u00ebl Ou\u00e9draogo.<\/p>\n<p>C\u2019est pourquoi loue-t-il d\u2019ores et d\u00e9j\u00e0 l\u2019accompagnement des jeunes de la majorit\u00e9 pr\u00e9sidentielle et de la soci\u00e9t\u00e9 civile ; une premi\u00e8re, \u00e0 l\u2019en croire.<\/p>\n<p>\u00ab Tout jeune aspire \u00e0 la gloire. Si \u00e7a va pour le jeune du Burkina Faso, \u00e7a va pour le jeune du MPP. Notre objectif, c\u2019est de travailler ensemble, avoir des propositions concr\u00e8tes qui vont accompagner la gouvernance et aider \u00e0 ce que l\u2019aspect emploi des jeunes puisse \u00eatre au c\u0153ur des actions. Nous voulons l\u2019accompagner avec des id\u00e9es, des propositions\u2026 \u00bb, a soutenu le responsable en charge des jeunes du MPP, Dr Bachir Isma\u00ebl Ou\u00e9draogo, par ailleurs ministre de l\u2019Energie et des Mines.<\/p>\n<p><b>O.L.O<br \/>\n<\/b><\/p>\n","protected":false},"excerpt":{"rendered":"<p>Africa-Press &#8211; Burkina Faso. Le secr\u00e9tariat national charg\u00e9 des jeunes du MPP (Mouvement du peuple pour le progr\u00e8s) a sonn\u00e9 la mobilisation des siens pour, d\u2019une part, dresser le bilan de sa participation aux \u00e9lections de novembre 2020 et, d\u2019autre part, d\u00e9finir les perspectives dans la dynamique de la mise en \u0153uvre du programme du [&hellip;]<\/p>\n","protected":false},"author":82,"featured_media":9791,"comment_status":"open","ping_status":"closed","sticky":false,"template":"","format":"standard","meta":{"footnotes":""},"categories":[11,2,10],"tags":[111,725,29],"class_list":["post-9792","post","type-post","status-publish","format-standard","has-post-thumbnail","hentry","category-homepage-french","category-politique","category-toutes-les-actualites","tag-africa-press","tag-africa-press-burkina-faso","tag-burkina-faso"],"yoast_head":"<!-- This site is optimized with the Yoast SEO Premium plugin v26.1 (Yoast SEO v27.0) - https:\/\/yoast.com\/product\/yoast-seo-premium-wordpress\/ -->\n<title>Dr Bachir Isma\u00ebl Ou\u00e9draogo : \u00ab Si \u00e7a va pour le jeune du Burkina Faso, \u00e7a va pour le jeune du MPP \u00bb - Burkina Faso<\/title>\n<meta name=\"description\" content=\"Le secr\u00e9tariat national charg\u00e9 des jeunes du MPP (Mouvement du peuple pour le progr\u00e8s) a sonn\u00e9 la mobilisation des si ...\" \/>\n<meta name=\"robots\" content=\"index, follow, max-snippet:-1, max-image-preview:large, max-video-preview:-1\" \/>\n<link rel=\"canonical\" href=\"https:\/\/www.africa-press.net\/burkina-faso\/politique\/dr-bachir-ismael-ouedraogo-si-ca-va-pour-le-jeune-du-burkina-faso-ca-va-pour-le-jeune-du-mpp\" \/>\n<meta property=\"og:locale\" content=\"fr_FR\" \/>\n<meta property=\"og:type\" content=\"article\" \/>\n<meta property=\"og:title\" content=\"Dr Bachir Isma\u00ebl Ou\u00e9draogo : \u00ab Si \u00e7a va pour le jeune du Burkina Faso, \u00e7a va pour le jeune du MPP \u00bb\" \/>\n<meta property=\"og:description\" content=\"Le secr\u00e9tariat national charg\u00e9 des jeunes du MPP (Mouvement du peuple pour le progr\u00e8s) a sonn\u00e9 la mobilisation des si ...\" \/>\n<meta property=\"og:url\" content=\"https:\/\/www.africa-press.net\/burkina-faso\/politique\/dr-bachir-ismael-ouedraogo-si-ca-va-pour-le-jeune-du-burkina-faso-ca-va-pour-le-jeune-du-mpp\" \/>\n<meta property=\"og:site_name\" content=\"Burkina Faso\" \/>\n<meta property=\"article:published_time\" content=\"2021-04-12T16:27:13+00:00\" \/>\n<meta property=\"og:image\" content=\"https:\/\/static.africa-press.net\/burkina\/sites\/42\/2021\/04\/img-60745ddb486ef.jpg\" \/>\n\t<meta property=\"og:image:width\" content=\"720\" \/>\n\t<meta property=\"og:image:height\" content=\"446\" \/>\n\t<meta property=\"og:image:type\" content=\"image\/jpeg\" \/>\n<meta name=\"author\" content=\"cfeditorfr\" \/>\n<meta name=\"twitter:card\" content=\"summary_large_image\" \/>\n<meta name=\"twitter:label1\" content=\"\u00c9crit par\" \/>\n\t<meta name=\"twitter:data1\" content=\"cfeditorfr\" \/>\n\t<meta name=\"twitter:label2\" content=\"Dur\u00e9e de lecture estim\u00e9e\" \/>\n\t<meta name=\"twitter:data2\" content=\"4 minutes\" \/>\n<script type=\"application\/ld+json\" class=\"yoast-schema-graph\">{\"@context\":\"https:\/\/schema.org\",\"@graph\":[{\"@type\":\"Article\",\"@id\":\"https:\/\/www.africa-press.net\/burkina-faso\/politique\/dr-bachir-ismael-ouedraogo-si-ca-va-pour-le-jeune-du-burkina-faso-ca-va-pour-le-jeune-du-mpp#article\",\"isPartOf\":{\"@id\":\"https:\/\/www.africa-press.net\/burkina-faso\/politique\/dr-bachir-ismael-ouedraogo-si-ca-va-pour-le-jeune-du-burkina-faso-ca-va-pour-le-jeune-du-mpp\"},\"author\":{\"name\":\"cfeditorfr\",\"@id\":\"https:\/\/www.africa-press.net\/burkina-faso\/#\/schema\/person\/2b1cf3cd81a31e3cd26889ca66d677f1\"},\"headline\":\"Dr Bachir Isma\u00ebl Ou\u00e9draogo : \u00ab Si \u00e7a va pour le jeune du Burkina Faso, \u00e7a va pour le jeune du MPP \u00bb\",\"datePublished\":\"2021-04-12T16:27:13+00:00\",\"mainEntityOfPage\":{\"@id\":\"https:\/\/www.africa-press.net\/burkina-faso\/politique\/dr-bachir-ismael-ouedraogo-si-ca-va-pour-le-jeune-du-burkina-faso-ca-va-pour-le-jeune-du-mpp\"},\"wordCount\":778,\"commentCount\":0,\"image\":{\"@id\":\"https:\/\/www.africa-press.net\/burkina-faso\/politique\/dr-bachir-ismael-ouedraogo-si-ca-va-pour-le-jeune-du-burkina-faso-ca-va-pour-le-jeune-du-mpp#primaryimage\"},\"thumbnailUrl\":\"https:\/\/static.africa-press.net\/burkina\/sites\/42\/2021\/04\/img-60745ddb486ef.jpg\",\"keywords\":[\"Africa Press\",\"Africa Press-Burkina Faso\",\"Burkina Faso\"],\"articleSection\":[\"homepage-french\",\"Politique\",\"Toutes les actualit\u00e9s\"],\"inLanguage\":\"fr-FR\",\"potentialAction\":[{\"@type\":\"CommentAction\",\"name\":\"Comment\",\"target\":[\"https:\/\/www.africa-press.net\/burkina-faso\/politique\/dr-bachir-ismael-ouedraogo-si-ca-va-pour-le-jeune-du-burkina-faso-ca-va-pour-le-jeune-du-mpp#respond\"]}]},{\"@type\":\"WebPage\",\"@id\":\"https:\/\/www.africa-press.net\/burkina-faso\/politique\/dr-bachir-ismael-ouedraogo-si-ca-va-pour-le-jeune-du-burkina-faso-ca-va-pour-le-jeune-du-mpp\",\"url\":\"https:\/\/www.africa-press.net\/burkina-faso\/politique\/dr-bachir-ismael-ouedraogo-si-ca-va-pour-le-jeune-du-burkina-faso-ca-va-pour-le-jeune-du-mpp\",\"name\":\"Dr Bachir Isma\u00ebl Ou\u00e9draogo : \u00ab Si \u00e7a va pour le jeune du Burkina Faso, \u00e7a va pour le jeune du MPP \u00bb - Burkina Faso\",\"isPartOf\":{\"@id\":\"https:\/\/www.africa-press.net\/burkina-faso\/#website\"},\"primaryImageOfPage\":{\"@id\":\"https:\/\/www.africa-press.net\/burkina-faso\/politique\/dr-bachir-ismael-ouedraogo-si-ca-va-pour-le-jeune-du-burkina-faso-ca-va-pour-le-jeune-du-mpp#primaryimage\"},\"image\":{\"@id\":\"https:\/\/www.africa-press.net\/burkina-faso\/politique\/dr-bachir-ismael-ouedraogo-si-ca-va-pour-le-jeune-du-burkina-faso-ca-va-pour-le-jeune-du-mpp#primaryimage\"},\"thumbnailUrl\":\"https:\/\/static.africa-press.net\/burkina\/sites\/42\/2021\/04\/img-60745ddb486ef.jpg\",\"datePublished\":\"2021-04-12T16:27:13+00:00\",\"author\":{\"@id\":\"https:\/\/www.africa-press.net\/burkina-faso\/#\/schema\/person\/2b1cf3cd81a31e3cd26889ca66d677f1\"},\"description\":\"Le secr\u00e9tariat national charg\u00e9 des jeunes du MPP (Mouvement du peuple pour le progr\u00e8s) a sonn\u00e9 la mobilisation des si ...\",\"breadcrumb\":{\"@id\":\"https:\/\/www.africa-press.net\/burkina-faso\/politique\/dr-bachir-ismael-ouedraogo-si-ca-va-pour-le-jeune-du-burkina-faso-ca-va-pour-le-jeune-du-mpp#breadcrumb\"},\"inLanguage\":\"fr-FR\",\"potentialAction\":[{\"@type\":\"ReadAction\",\"target\":[\"https:\/\/www.africa-press.net\/burkina-faso\/politique\/dr-bachir-ismael-ouedraogo-si-ca-va-pour-le-jeune-du-burkina-faso-ca-va-pour-le-jeune-du-mpp\"]}]},{\"@type\":\"ImageObject\",\"inLanguage\":\"fr-FR\",\"@id\":\"https:\/\/www.africa-press.net\/burkina-faso\/politique\/dr-bachir-ismael-ouedraogo-si-ca-va-pour-le-jeune-du-burkina-faso-ca-va-pour-le-jeune-du-mpp#primaryimage\",\"url\":\"https:\/\/static.africa-press.net\/burkina\/sites\/42\/2021\/04\/img-60745ddb486ef.jpg\",\"contentUrl\":\"https:\/\/static.africa-press.net\/burkina\/sites\/42\/2021\/04\/img-60745ddb486ef.jpg\",\"width\":720,\"height\":446,\"caption\":\"Dr Bachir Isma\u00ebl Ou\u00e9draogo : \u00ab Si \u00e7a va pour le jeune du Burkina Faso, \u00e7a va pour le jeune du MPP \u00bb\"},{\"@type\":\"BreadcrumbList\",\"@id\":\"https:\/\/www.africa-press.net\/burkina-faso\/politique\/dr-bachir-ismael-ouedraogo-si-ca-va-pour-le-jeune-du-burkina-faso-ca-va-pour-le-jeune-du-mpp#breadcrumb\",\"itemListElement\":[{\"@type\":\"ListItem\",\"position\":1,\"name\":\"Accueil\",\"item\":\"https:\/\/www.africa-press.net\/burkina-faso\/\"},{\"@type\":\"ListItem\",\"position\":2,\"name\":\"Dr Bachir Isma\u00ebl Ou\u00e9draogo : \u00ab Si \u00e7a va pour le jeune du Burkina Faso, \u00e7a va pour le jeune du MPP \u00bb\"}]},{\"@type\":\"WebSite\",\"@id\":\"https:\/\/www.africa-press.net\/burkina-faso\/#website\",\"url\":\"https:\/\/www.africa-press.net\/burkina-faso\/\",\"name\":\"Burkina Faso\",\"description\":\"Just another Africa News Agency Sites site\",\"potentialAction\":[{\"@type\":\"SearchAction\",\"target\":{\"@type\":\"EntryPoint\",\"urlTemplate\":\"https:\/\/www.africa-press.net\/burkina-faso\/?s={search_term_string}\"},\"query-input\":{\"@type\":\"PropertyValueSpecification\",\"valueRequired\":true,\"valueName\":\"search_term_string\"}}],\"inLanguage\":\"fr-FR\"},{\"@type\":\"Person\",\"@id\":\"https:\/\/www.africa-press.net\/burkina-faso\/#\/schema\/person\/2b1cf3cd81a31e3cd26889ca66d677f1\",\"name\":\"cfeditorfr\"}]}<\/script>\n<!-- \/ Yoast SEO Premium plugin. -->","yoast_head_json":{"title":"Dr Bachir Isma\u00ebl Ou\u00e9draogo : \u00ab Si \u00e7a va pour le jeune du Burkina Faso, \u00e7a va pour le jeune du MPP \u00bb - Burkina Faso","description":"Le secr\u00e9tariat national charg\u00e9 des jeunes du MPP (Mouvement du peuple pour le progr\u00e8s) a sonn\u00e9 la mobilisation des si ...","robots":{"index":"index","follow":"follow","max-snippet":"max-snippet:-1","max-image-preview":"max-image-preview:large","max-video-preview":"max-video-preview:-1"},"canonical":"https:\/\/www.africa-press.net\/burkina-faso\/politique\/dr-bachir-ismael-ouedraogo-si-ca-va-pour-le-jeune-du-burkina-faso-ca-va-pour-le-jeune-du-mpp","og_locale":"fr_FR","og_type":"article","og_title":"Dr Bachir Isma\u00ebl Ou\u00e9draogo : \u00ab Si \u00e7a va pour le jeune du Burkina Faso, \u00e7a va pour le jeune du MPP \u00bb","og_description":"Le secr\u00e9tariat national charg\u00e9 des jeunes du MPP (Mouvement du peuple pour le progr\u00e8s) a sonn\u00e9 la mobilisation des si ...","og_url":"https:\/\/www.africa-press.net\/burkina-faso\/politique\/dr-bachir-ismael-ouedraogo-si-ca-va-pour-le-jeune-du-burkina-faso-ca-va-pour-le-jeune-du-mpp","og_site_name":"Burkina Faso","article_published_time":"2021-04-12T16:27:13+00:00","og_image":[{"width":720,"height":446,"url":"https:\/\/static.africa-press.net\/burkina\/sites\/42\/2021\/04\/img-60745ddb486ef.jpg","type":"image\/jpeg"}],"author":"cfeditorfr","twitter_card":"summary_large_image","twitter_misc":{"\u00c9crit par":"cfeditorfr","Dur\u00e9e de lecture estim\u00e9e":"4 minutes"},"schema":{"@context":"https:\/\/schema.org","@graph":[{"@type":"Article","@id":"https:\/\/www.africa-press.net\/burkina-faso\/politique\/dr-bachir-ismael-ouedraogo-si-ca-va-pour-le-jeune-du-burkina-faso-ca-va-pour-le-jeune-du-mpp#article","isPartOf":{"@id":"https:\/\/www.africa-press.net\/burkina-faso\/politique\/dr-bachir-ismael-ouedraogo-si-ca-va-pour-le-jeune-du-burkina-faso-ca-va-pour-le-jeune-du-mpp"},"author":{"name":"cfeditorfr","@id":"https:\/\/www.africa-press.net\/burkina-faso\/#\/schema\/person\/2b1cf3cd81a31e3cd26889ca66d677f1"},"headline":"Dr Bachir Isma\u00ebl Ou\u00e9draogo : \u00ab Si \u00e7a va pour le jeune du Burkina Faso, \u00e7a va pour le jeune du MPP \u00bb","datePublished":"2021-04-12T16:27:13+00:00","mainEntityOfPage":{"@id":"https:\/\/www.africa-press.net\/burkina-faso\/politique\/dr-bachir-ismael-ouedraogo-si-ca-va-pour-le-jeune-du-burkina-faso-ca-va-pour-le-jeune-du-mpp"},"wordCount":778,"commentCount":0,"image":{"@id":"https:\/\/www.africa-press.net\/burkina-faso\/politique\/dr-bachir-ismael-ouedraogo-si-ca-va-pour-le-jeune-du-burkina-faso-ca-va-pour-le-jeune-du-mpp#primaryimage"},"thumbnailUrl":"https:\/\/static.africa-press.net\/burkina\/sites\/42\/2021\/04\/img-60745ddb486ef.jpg","keywords":["Africa Press","Africa Press-Burkina Faso","Burkina Faso"],"articleSection":["homepage-french","Politique","Toutes les actualit\u00e9s"],"inLanguage":"fr-FR","potentialAction":[{"@type":"CommentAction","name":"Comment","target":["https:\/\/www.africa-press.net\/burkina-faso\/politique\/dr-bachir-ismael-ouedraogo-si-ca-va-pour-le-jeune-du-burkina-faso-ca-va-pour-le-jeune-du-mpp#respond"]}]},{"@type":"WebPage","@id":"https:\/\/www.africa-press.net\/burkina-faso\/politique\/dr-bachir-ismael-ouedraogo-si-ca-va-pour-le-jeune-du-burkina-faso-ca-va-pour-le-jeune-du-mpp","url":"https:\/\/www.africa-press.net\/burkina-faso\/politique\/dr-bachir-ismael-ouedraogo-si-ca-va-pour-le-jeune-du-burkina-faso-ca-va-pour-le-jeune-du-mpp","name":"Dr Bachir Isma\u00ebl Ou\u00e9draogo : \u00ab Si \u00e7a va pour le jeune du Burkina Faso, \u00e7a va pour le jeune du MPP \u00bb - Burkina Faso","isPartOf":{"@id":"https:\/\/www.africa-press.net\/burkina-faso\/#website"},"primaryImageOfPage":{"@id":"https:\/\/www.africa-press.net\/burkina-faso\/politique\/dr-bachir-ismael-ouedraogo-si-ca-va-pour-le-jeune-du-burkina-faso-ca-va-pour-le-jeune-du-mpp#primaryimage"},"image":{"@id":"https:\/\/www.africa-press.net\/burkina-faso\/politique\/dr-bachir-ismael-ouedraogo-si-ca-va-pour-le-jeune-du-burkina-faso-ca-va-pour-le-jeune-du-mpp#primaryimage"},"thumbnailUrl":"https:\/\/static.africa-press.net\/burkina\/sites\/42\/2021\/04\/img-60745ddb486ef.jpg","datePublished":"2021-04-12T16:27:13+00:00","author":{"@id":"https:\/\/www.africa-press.net\/burkina-faso\/#\/schema\/person\/2b1cf3cd81a31e3cd26889ca66d677f1"},"description":"Le secr\u00e9tariat national charg\u00e9 des jeunes du MPP (Mouvement du peuple pour le progr\u00e8s) a sonn\u00e9 la mobilisation des si ...","breadcrumb":{"@id":"https:\/\/www.africa-press.net\/burkina-faso\/politique\/dr-bachir-ismael-ouedraogo-si-ca-va-pour-le-jeune-du-burkina-faso-ca-va-pour-le-jeune-du-mpp#breadcrumb"},"inLanguage":"fr-FR","potentialAction":[{"@type":"ReadAction","target":["https:\/\/www.africa-press.net\/burkina-faso\/politique\/dr-bachir-ismael-ouedraogo-si-ca-va-pour-le-jeune-du-burkina-faso-ca-va-pour-le-jeune-du-mpp"]}]},{"@type":"ImageObject","inLanguage":"fr-FR","@id":"https:\/\/www.africa-press.net\/burkina-faso\/politique\/dr-bachir-ismael-ouedraogo-si-ca-va-pour-le-jeune-du-burkina-faso-ca-va-pour-le-jeune-du-mpp#primaryimage","url":"https:\/\/static.africa-press.net\/burkina\/sites\/42\/2021\/04\/img-60745ddb486ef.jpg","contentUrl":"https:\/\/static.africa-press.net\/burkina\/sites\/42\/2021\/04\/img-60745ddb486ef.jpg","width":720,"height":446,"caption":"Dr Bachir Isma\u00ebl Ou\u00e9draogo : \u00ab Si \u00e7a va pour le jeune du Burkina Faso, \u00e7a va pour le jeune du MPP \u00bb"},{"@type":"BreadcrumbList","@id":"https:\/\/www.africa-press.net\/burkina-faso\/politique\/dr-bachir-ismael-ouedraogo-si-ca-va-pour-le-jeune-du-burkina-faso-ca-va-pour-le-jeune-du-mpp#breadcrumb","itemListElement":[{"@type":"ListItem","position":1,"name":"Accueil","item":"https:\/\/www.africa-press.net\/burkina-faso\/"},{"@type":"ListItem","position":2,"name":"Dr Bachir Isma\u00ebl Ou\u00e9draogo : \u00ab Si \u00e7a va pour le jeune du Burkina Faso, \u00e7a va pour le jeune du MPP \u00bb"}]},{"@type":"WebSite","@id":"https:\/\/www.africa-press.net\/burkina-faso\/#website","url":"https:\/\/www.africa-press.net\/burkina-faso\/","name":"Burkina Faso","description":"Just another Africa News Agency Sites site","potentialAction":[{"@type":"SearchAction","target":{"@type":"EntryPoint","urlTemplate":"https:\/\/www.africa-press.net\/burkina-faso\/?s={search_term_string}"},"query-input":{"@type":"PropertyValueSpecification","valueRequired":true,"valueName":"search_term_string"}}],"inLanguage":"fr-FR"},{"@type":"Person","@id":"https:\/\/www.africa-press.net\/burkina-faso\/#\/schema\/person\/2b1cf3cd81a31e3cd26889ca66d677f1","name":"cfeditorfr"}]}},"_links":{"self":[{"href":"https:\/\/www.africa-press.net\/burkina-faso\/wp-json\/wp\/v2\/posts\/9792","targetHints":{"allow":["GET"]}}],"collection":[{"href":"https:\/\/www.africa-press.net\/burkina-faso\/wp-json\/wp\/v2\/posts"}],"about":[{"href":"https:\/\/www.africa-press.net\/burkina-faso\/wp-json\/wp\/v2\/types\/post"}],"author":[{"embeddable":true,"href":"https:\/\/www.africa-press.net\/burkina-faso\/wp-json\/wp\/v2\/users\/82"}],"replies":[{"embeddable":true,"href":"https:\/\/www.africa-press.net\/burkina-faso\/wp-json\/wp\/v2\/comments?post=9792"}],"version-history":[{"count":0,"href":"https:\/\/www.africa-press.net\/burkina-faso\/wp-json\/wp\/v2\/posts\/9792\/revisions"}],"wp:featuredmedia":[{"embeddable":true,"href":"https:\/\/www.africa-press.net\/burkina-faso\/wp-json\/wp\/v2\/media\/9791"}],"wp:attachment":[{"href":"https:\/\/www.africa-press.net\/burkina-faso\/wp-json\/wp\/v2\/media?parent=9792"}],"wp:term":[{"taxonomy":"category","embeddable":true,"href":"https:\/\/www.africa-press.net\/burkina-faso\/wp-json\/wp\/v2\/categories?post=9792"},{"taxonomy":"post_tag","embeddable":true,"href":"https:\/\/www.africa-press.net\/burkina-faso\/wp-json\/wp\/v2\/tags?post=9792"}],"curies":[{"name":"wp","href":"https:\/\/api.w.org\/{rel}","templated":true}]}}