{"id":9795,"date":"2021-04-12T16:35:54","date_gmt":"2021-04-12T16:35:54","guid":{"rendered":"https:\/\/www.africa-press.net\/burkina-faso\/?p=9795"},"modified":"2021-04-12T14:50:06","modified_gmt":"2021-04-12T14:50:06","slug":"les-100-premiers-jours-du-gouvernement-dabire-2-un-train-de-senateur-pour-gerer-rien-que-le-quotidien","status":"publish","type":"post","link":"https:\/\/www.africa-press.net\/burkina-faso\/politique\/les-100-premiers-jours-du-gouvernement-dabire-2-un-train-de-senateur-pour-gerer-rien-que-le-quotidien","title":{"rendered":"Les 100 premiers jours du gouvernement Dabir\u00e9 2 : Un train de s\u00e9nateur pour g\u00e9rer, rien que le quotidien"},"content":{"rendered":"<p><span style=\"color: #ff6600\"><strong><a href=\"https:\/\/www.africa-press.net\/\">Africa-Press<\/a> &#8211; <a href=\"https:\/\/www.africa-press.net\/burkina-faso\">Burkina Faso<\/a>. <\/strong><\/span><b>Le deuxi\u00e8me gouvernement du premier ministre Christophe Dabir\u00e9 a pris fonction le 10 janvier 2021 et f\u00eate ses 100 premiers jours d\u2019action en tant qu\u2019instance ex\u00e9cutive du pays. Les trois mois d\u2019essai sont connus dans l\u2019administration, on peut appliquer le concept \u00e0 un gouvernement. Ils permettent d\u2019appr\u00e9cier les dispositions g\u00e9n\u00e9rales du travailleur, ses capacit\u00e9s techniques et scientifiques, manag\u00e9riales, humaines, morales et relationnelles\u2026 Que peut-on dire, et attendre de cette \u00e9quipe apr\u00e8s examen de cette p\u00e9riode ?<\/b><\/p>\n<p>Il ne s\u2019agit pas d\u2019appr\u00e9cier les r\u00e9sultats obtenus en trois mois. Il est question de voir si la trajectoire emprunt\u00e9e est bonne, si l\u2019\u00e9quipe a une vision collective des objectifs \u00e0 atteindre ? S\u2019il a une l\u00e9gitimit\u00e9 technique par l\u2019abord des questions \u00e0 elle confi\u00e9es ? Le gouvernement a-t-il pris le bon d\u00e9part ? Quels sont les retards et les dossiers \u00e0 risque ?<\/p>\n<p>Nous appr\u00e9cierons ce premier gouvernement du second mandat du pr\u00e9sident Rock Marc Christian Kabor\u00e9 sur trois questions qui \u00e9mergent des promesses de campagne du candidat \u00e9lu.<\/p>\n<p>Du fait de notre d\u00e9pendance des institutions internationales de financement, les programmes de campagnes ne sont pas automatiquement des programmes de gouvernement. Il faut en extraire un autre document avec des objectifs, des moyens d\u2019action, des r\u00e9sultats et des indicateurs, pour les partenaires.<\/p>\n<p><b>Absence de r\u00e9f\u00e9rentiel<\/b><\/p>\n<p>Le programme du candidat Roch Marc Christian Kabor\u00e9 n\u2019est pas encore traduit en un programme de gouvernement pour son dernier quinquennat. Le premier mandat avait pour programme le PNDES (programme national de d\u00e9veloppement \u00e9conomique social). Paul Kaba Thi\u00e9ba en avait fait son affaire et nous promettait d\u2019attirer une pluie de millions de dollars sur le Faso, (foi de banquier).<\/p>\n<p>Le vieux Dabir\u00e9 dans sa sagesse ne fera pas des r\u00eaves pareils, mais pour l\u2019instant ses \u00e9quipes techniques n\u2019ont pas encore fini d\u2019\u00e9crire le dit r\u00e9f\u00e9rentiel. A l\u2019allure o\u00f9 vont les choses, ils y seront jusqu\u2019en juillet, ce qui fera six mois pour le faire. Pour tout un pays, ne pas \u00eatre en mesure d\u2019\u00e9crire un programme quinquennal en trois mois, c\u2019est immens\u00e9ment affligeant. Et cette d\u00e9ficience technique suscite des interrogations sur les capacit\u00e9s de l\u2019\u00e9quipe gouvernementale en ce domaine. Ce n\u2019est pas la premi\u00e8re fois que le pays doit produire ce document, les comp\u00e9tences existent, les donn\u00e9es sont l\u00e0, mais il y a un retard dans le travail.<\/p>\n<p><b>La r\u00e9ponse aux attaques terroristes<\/b><\/p>\n<p>Dans son programme de campagne, le candidat Roch Marc Christian Kabor\u00e9 a promis un red\u00e9coupage de l\u2019immense r\u00e9gion de l\u2019Est en proie aux attaques des groupes terroristes et des bandes criminelles arm\u00e9es. Cette promesse \u00e9lectorale semble se traduire en une nouvelle carte \u00e9lectorale que l\u2019administration va redessiner puisque les \u00e9lections municipales ont \u00e9t\u00e9 report\u00e9es \u00e0 cause de ce projet. Cela pose quelques questions. Ne peut-on pas renforcer la pr\u00e9sence administrative sans retoucher le code \u00e9lectoral ? Il n\u2019y a aucune visibilit\u00e9 sur ce qui est en laboratoire sur la question de corriger les lacunes dans les r\u00e9gions d\u00e9laiss\u00e9es en proie au terrorisme.<\/p>\n<p>Toujours dans la question des attaques terroristes et concernant la volont\u00e9 de discuter avec certains groupes terroristes, la strat\u00e9gie n\u2019est pas clairement affirm\u00e9e et ce n\u2019est que par allusion que l\u2019on sent cette volont\u00e9, et certains discours officiels du porte-parole du gouvernement le nient. Absence de coh\u00e9rence !<\/p>\n<p><b>La r\u00e9conciliation nationale<\/b><\/p>\n<p>Sur cette question le dead-line comme l\u2019horloge va bient\u00f4t sonner et l\u2019on se demande ce qu\u2019il va en \u00eatre. Est-ce vraiment le r\u00f4le de l\u2019\u00c9tat de jouer au grand pr\u00eatre de la r\u00e9conciliation nationale ? Le ministre d\u2019\u00c9tat \u00e0 la r\u00e9conciliation nationale et \u00e0 la coh\u00e9sion sociale se bat pour faire le tour de la question en rencontrant les victimes, les gens f\u00e2ch\u00e9s, les diff\u00e9rents adversaires, mais comment va-t-il proc\u00e9der pour le retour \u00e0 la concorde, \u00e0 l\u2019entente parfaite et \u00e0 la paix entre les bourreaux et les victimes, on ne le sait pas encore !<\/p>\n<p>La question est tr\u00e8s clivante et pr\u00e9occupante, car elle est devenue une question politique, une affaire d\u2019opinion o\u00f9 toutes ont droit de cit\u00e9. Cela d\u2019autant plus qu\u2019il s\u2019agit d\u2019un tiers qui se propose de r\u00e9concilier. Or il aurait fallu que l\u2019une des deux parties soit demanderesse de r\u00e9conciliation. G\u00e9n\u00e9ralement c\u2019est la partie fautive qui doit publiquement admettre sa faute, se consid\u00e9rer comme coupable, bourreau de la victime et lui demander pardon pour que la r\u00e9conciliation se fasse. C\u2019est pourquoi le triptyque v\u00e9rit\u00e9, justice, r\u00e9conciliation est important.<\/p>\n<p>Apr\u00e8s trois mois d\u2019exercice, on le voit, ce gouvernement a la volont\u00e9, est enthousiaste, mais beaucoup de questions concernant la vision, le programme sont toujours dans le flou, et la navigation \u00e0 vue semble la pratique g\u00e9n\u00e9rale. Il faut tr\u00e8s vite fouetter le cheval pour donner de la vitesse d\u2019ex\u00e9cution \u00e0 ces pr\u00e9alables, sinon le second mandat, sera vide et nul.<\/p>\n<p>Le pr\u00e9sident Rock Marc Christian Kabor\u00e9 s\u2019il veut rentrer dans l\u2019histoire doit insuffler du souffle au gouvernement pour qu\u2019il soit proactif et ne s\u2019endorme pas dans la gestion du quotidien. Que veut-il que les Burkinab\u00e8 retiennent de son passage \u00e0 la t\u00eate du pays ? C\u2019est aujourd\u2019hui, c\u2019est maintenant que l\u2019histoire s\u2019\u00e9crit. En trois mois au moins la vision devrait \u00eatre claire et partag\u00e9e. Et ce gouvernement aurait pu mieux faire en trois mois.<\/p>\n<p><b>Sana Guy<br \/>\n<\/b><\/p>\n","protected":false},"excerpt":{"rendered":"<p>Africa-Press &#8211; Burkina Faso. Le deuxi\u00e8me gouvernement du premier ministre Christophe Dabir\u00e9 a pris fonction le 10 janvier 2021 et f\u00eate ses 100 premiers jours d\u2019action en tant qu\u2019instance ex\u00e9cutive du pays. Les trois mois d\u2019essai sont connus dans l\u2019administration, on peut appliquer le concept \u00e0 un gouvernement. Ils permettent d\u2019appr\u00e9cier les dispositions g\u00e9n\u00e9rales du [&hellip;]<\/p>\n","protected":false},"author":82,"featured_media":9794,"comment_status":"open","ping_status":"closed","sticky":false,"template":"","format":"standard","meta":{"footnotes":""},"categories":[11,2,10],"tags":[111,725,29],"class_list":["post-9795","post","type-post","status-publish","format-standard","has-post-thumbnail","hentry","category-homepage-french","category-politique","category-toutes-les-actualites","tag-africa-press","tag-africa-press-burkina-faso","tag-burkina-faso"],"yoast_head":"<!-- This site is optimized with the Yoast SEO Premium plugin v26.1 (Yoast SEO v27.0) - https:\/\/yoast.com\/product\/yoast-seo-premium-wordpress\/ -->\n<title>Les 100 premiers jours du gouvernement Dabir\u00e9 2 : Un train de s\u00e9nateur pour g\u00e9rer, rien que le quotidien - Burkina Faso<\/title>\n<meta name=\"description\" content=\"Le deuxi\u00e8me gouvernement du premier ministre Christophe Dabir\u00e9 a pris fonction le 10 janvier 2021 et f\u00eate ses 100 pre ...\" \/>\n<meta name=\"robots\" content=\"index, follow, max-snippet:-1, max-image-preview:large, max-video-preview:-1\" \/>\n<link rel=\"canonical\" href=\"https:\/\/www.africa-press.net\/burkina-faso\/politique\/les-100-premiers-jours-du-gouvernement-dabire-2-un-train-de-senateur-pour-gerer-rien-que-le-quotidien\" \/>\n<meta property=\"og:locale\" content=\"fr_FR\" \/>\n<meta property=\"og:type\" content=\"article\" \/>\n<meta property=\"og:title\" content=\"Les 100 premiers jours du gouvernement Dabir\u00e9 2 : Un train de s\u00e9nateur pour g\u00e9rer, rien que le quotidien\" \/>\n<meta property=\"og:description\" content=\"Le deuxi\u00e8me gouvernement du premier ministre Christophe Dabir\u00e9 a pris fonction le 10 janvier 2021 et f\u00eate ses 100 pre ...\" \/>\n<meta property=\"og:url\" content=\"https:\/\/www.africa-press.net\/burkina-faso\/politique\/les-100-premiers-jours-du-gouvernement-dabire-2-un-train-de-senateur-pour-gerer-rien-que-le-quotidien\" \/>\n<meta property=\"og:site_name\" content=\"Burkina Faso\" \/>\n<meta property=\"article:published_time\" content=\"2021-04-12T16:35:54+00:00\" \/>\n<meta property=\"og:image\" content=\"https:\/\/static.africa-press.net\/burkina\/sites\/42\/2021\/04\/img-60745e01d295f.jpg\" \/>\n\t<meta property=\"og:image:width\" content=\"750\" \/>\n\t<meta property=\"og:image:height\" content=\"422\" \/>\n\t<meta property=\"og:image:type\" content=\"image\/jpeg\" \/>\n<meta name=\"author\" content=\"cfeditorfr\" \/>\n<meta name=\"twitter:card\" content=\"summary_large_image\" \/>\n<meta name=\"twitter:label1\" content=\"\u00c9crit par\" \/>\n\t<meta name=\"twitter:data1\" content=\"cfeditorfr\" \/>\n\t<meta name=\"twitter:label2\" content=\"Dur\u00e9e de lecture estim\u00e9e\" \/>\n\t<meta name=\"twitter:data2\" content=\"5 minutes\" \/>\n<script type=\"application\/ld+json\" class=\"yoast-schema-graph\">{\"@context\":\"https:\/\/schema.org\",\"@graph\":[{\"@type\":\"Article\",\"@id\":\"https:\/\/www.africa-press.net\/burkina-faso\/politique\/les-100-premiers-jours-du-gouvernement-dabire-2-un-train-de-senateur-pour-gerer-rien-que-le-quotidien#article\",\"isPartOf\":{\"@id\":\"https:\/\/www.africa-press.net\/burkina-faso\/politique\/les-100-premiers-jours-du-gouvernement-dabire-2-un-train-de-senateur-pour-gerer-rien-que-le-quotidien\"},\"author\":{\"name\":\"cfeditorfr\",\"@id\":\"https:\/\/www.africa-press.net\/burkina-faso\/#\/schema\/person\/2b1cf3cd81a31e3cd26889ca66d677f1\"},\"headline\":\"Les 100 premiers jours du gouvernement Dabir\u00e9 2 : Un train de s\u00e9nateur pour g\u00e9rer, rien que le quotidien\",\"datePublished\":\"2021-04-12T16:35:54+00:00\",\"mainEntityOfPage\":{\"@id\":\"https:\/\/www.africa-press.net\/burkina-faso\/politique\/les-100-premiers-jours-du-gouvernement-dabire-2-un-train-de-senateur-pour-gerer-rien-que-le-quotidien\"},\"wordCount\":982,\"commentCount\":0,\"image\":{\"@id\":\"https:\/\/www.africa-press.net\/burkina-faso\/politique\/les-100-premiers-jours-du-gouvernement-dabire-2-un-train-de-senateur-pour-gerer-rien-que-le-quotidien#primaryimage\"},\"thumbnailUrl\":\"https:\/\/static.africa-press.net\/burkina\/sites\/42\/2021\/04\/img-60745e01d295f.jpg\",\"keywords\":[\"Africa Press\",\"Africa Press-Burkina Faso\",\"Burkina Faso\"],\"articleSection\":[\"homepage-french\",\"Politique\",\"Toutes les actualit\u00e9s\"],\"inLanguage\":\"fr-FR\",\"potentialAction\":[{\"@type\":\"CommentAction\",\"name\":\"Comment\",\"target\":[\"https:\/\/www.africa-press.net\/burkina-faso\/politique\/les-100-premiers-jours-du-gouvernement-dabire-2-un-train-de-senateur-pour-gerer-rien-que-le-quotidien#respond\"]}]},{\"@type\":\"WebPage\",\"@id\":\"https:\/\/www.africa-press.net\/burkina-faso\/politique\/les-100-premiers-jours-du-gouvernement-dabire-2-un-train-de-senateur-pour-gerer-rien-que-le-quotidien\",\"url\":\"https:\/\/www.africa-press.net\/burkina-faso\/politique\/les-100-premiers-jours-du-gouvernement-dabire-2-un-train-de-senateur-pour-gerer-rien-que-le-quotidien\",\"name\":\"Les 100 premiers jours du gouvernement Dabir\u00e9 2 : Un train de s\u00e9nateur pour g\u00e9rer, rien que le quotidien - Burkina Faso\",\"isPartOf\":{\"@id\":\"https:\/\/www.africa-press.net\/burkina-faso\/#website\"},\"primaryImageOfPage\":{\"@id\":\"https:\/\/www.africa-press.net\/burkina-faso\/politique\/les-100-premiers-jours-du-gouvernement-dabire-2-un-train-de-senateur-pour-gerer-rien-que-le-quotidien#primaryimage\"},\"image\":{\"@id\":\"https:\/\/www.africa-press.net\/burkina-faso\/politique\/les-100-premiers-jours-du-gouvernement-dabire-2-un-train-de-senateur-pour-gerer-rien-que-le-quotidien#primaryimage\"},\"thumbnailUrl\":\"https:\/\/static.africa-press.net\/burkina\/sites\/42\/2021\/04\/img-60745e01d295f.jpg\",\"datePublished\":\"2021-04-12T16:35:54+00:00\",\"author\":{\"@id\":\"https:\/\/www.africa-press.net\/burkina-faso\/#\/schema\/person\/2b1cf3cd81a31e3cd26889ca66d677f1\"},\"description\":\"Le deuxi\u00e8me gouvernement du premier ministre Christophe Dabir\u00e9 a pris fonction le 10 janvier 2021 et f\u00eate ses 100 pre ...\",\"breadcrumb\":{\"@id\":\"https:\/\/www.africa-press.net\/burkina-faso\/politique\/les-100-premiers-jours-du-gouvernement-dabire-2-un-train-de-senateur-pour-gerer-rien-que-le-quotidien#breadcrumb\"},\"inLanguage\":\"fr-FR\",\"potentialAction\":[{\"@type\":\"ReadAction\",\"target\":[\"https:\/\/www.africa-press.net\/burkina-faso\/politique\/les-100-premiers-jours-du-gouvernement-dabire-2-un-train-de-senateur-pour-gerer-rien-que-le-quotidien\"]}]},{\"@type\":\"ImageObject\",\"inLanguage\":\"fr-FR\",\"@id\":\"https:\/\/www.africa-press.net\/burkina-faso\/politique\/les-100-premiers-jours-du-gouvernement-dabire-2-un-train-de-senateur-pour-gerer-rien-que-le-quotidien#primaryimage\",\"url\":\"https:\/\/static.africa-press.net\/burkina\/sites\/42\/2021\/04\/img-60745e01d295f.jpg\",\"contentUrl\":\"https:\/\/static.africa-press.net\/burkina\/sites\/42\/2021\/04\/img-60745e01d295f.jpg\",\"width\":750,\"height\":422,\"caption\":\"Les 100 premiers jours du gouvernement Dabir\u00e9 2 : Un train de s\u00e9nateur pour g\u00e9rer, rien que le quotidien\"},{\"@type\":\"BreadcrumbList\",\"@id\":\"https:\/\/www.africa-press.net\/burkina-faso\/politique\/les-100-premiers-jours-du-gouvernement-dabire-2-un-train-de-senateur-pour-gerer-rien-que-le-quotidien#breadcrumb\",\"itemListElement\":[{\"@type\":\"ListItem\",\"position\":1,\"name\":\"Accueil\",\"item\":\"https:\/\/www.africa-press.net\/burkina-faso\/\"},{\"@type\":\"ListItem\",\"position\":2,\"name\":\"Les 100 premiers jours du gouvernement Dabir\u00e9 2 : Un train de s\u00e9nateur pour g\u00e9rer, rien que le quotidien\"}]},{\"@type\":\"WebSite\",\"@id\":\"https:\/\/www.africa-press.net\/burkina-faso\/#website\",\"url\":\"https:\/\/www.africa-press.net\/burkina-faso\/\",\"name\":\"Burkina Faso\",\"description\":\"Just another Africa News Agency Sites site\",\"potentialAction\":[{\"@type\":\"SearchAction\",\"target\":{\"@type\":\"EntryPoint\",\"urlTemplate\":\"https:\/\/www.africa-press.net\/burkina-faso\/?s={search_term_string}\"},\"query-input\":{\"@type\":\"PropertyValueSpecification\",\"valueRequired\":true,\"valueName\":\"search_term_string\"}}],\"inLanguage\":\"fr-FR\"},{\"@type\":\"Person\",\"@id\":\"https:\/\/www.africa-press.net\/burkina-faso\/#\/schema\/person\/2b1cf3cd81a31e3cd26889ca66d677f1\",\"name\":\"cfeditorfr\"}]}<\/script>\n<!-- \/ Yoast SEO Premium plugin. -->","yoast_head_json":{"title":"Les 100 premiers jours du gouvernement Dabir\u00e9 2 : Un train de s\u00e9nateur pour g\u00e9rer, rien que le quotidien - Burkina Faso","description":"Le deuxi\u00e8me gouvernement du premier ministre Christophe Dabir\u00e9 a pris fonction le 10 janvier 2021 et f\u00eate ses 100 pre ...","robots":{"index":"index","follow":"follow","max-snippet":"max-snippet:-1","max-image-preview":"max-image-preview:large","max-video-preview":"max-video-preview:-1"},"canonical":"https:\/\/www.africa-press.net\/burkina-faso\/politique\/les-100-premiers-jours-du-gouvernement-dabire-2-un-train-de-senateur-pour-gerer-rien-que-le-quotidien","og_locale":"fr_FR","og_type":"article","og_title":"Les 100 premiers jours du gouvernement Dabir\u00e9 2 : Un train de s\u00e9nateur pour g\u00e9rer, rien que le quotidien","og_description":"Le deuxi\u00e8me gouvernement du premier ministre Christophe Dabir\u00e9 a pris fonction le 10 janvier 2021 et f\u00eate ses 100 pre ...","og_url":"https:\/\/www.africa-press.net\/burkina-faso\/politique\/les-100-premiers-jours-du-gouvernement-dabire-2-un-train-de-senateur-pour-gerer-rien-que-le-quotidien","og_site_name":"Burkina Faso","article_published_time":"2021-04-12T16:35:54+00:00","og_image":[{"width":750,"height":422,"url":"https:\/\/static.africa-press.net\/burkina\/sites\/42\/2021\/04\/img-60745e01d295f.jpg","type":"image\/jpeg"}],"author":"cfeditorfr","twitter_card":"summary_large_image","twitter_misc":{"\u00c9crit par":"cfeditorfr","Dur\u00e9e de lecture estim\u00e9e":"5 minutes"},"schema":{"@context":"https:\/\/schema.org","@graph":[{"@type":"Article","@id":"https:\/\/www.africa-press.net\/burkina-faso\/politique\/les-100-premiers-jours-du-gouvernement-dabire-2-un-train-de-senateur-pour-gerer-rien-que-le-quotidien#article","isPartOf":{"@id":"https:\/\/www.africa-press.net\/burkina-faso\/politique\/les-100-premiers-jours-du-gouvernement-dabire-2-un-train-de-senateur-pour-gerer-rien-que-le-quotidien"},"author":{"name":"cfeditorfr","@id":"https:\/\/www.africa-press.net\/burkina-faso\/#\/schema\/person\/2b1cf3cd81a31e3cd26889ca66d677f1"},"headline":"Les 100 premiers jours du gouvernement Dabir\u00e9 2 : Un train de s\u00e9nateur pour g\u00e9rer, rien que le quotidien","datePublished":"2021-04-12T16:35:54+00:00","mainEntityOfPage":{"@id":"https:\/\/www.africa-press.net\/burkina-faso\/politique\/les-100-premiers-jours-du-gouvernement-dabire-2-un-train-de-senateur-pour-gerer-rien-que-le-quotidien"},"wordCount":982,"commentCount":0,"image":{"@id":"https:\/\/www.africa-press.net\/burkina-faso\/politique\/les-100-premiers-jours-du-gouvernement-dabire-2-un-train-de-senateur-pour-gerer-rien-que-le-quotidien#primaryimage"},"thumbnailUrl":"https:\/\/static.africa-press.net\/burkina\/sites\/42\/2021\/04\/img-60745e01d295f.jpg","keywords":["Africa Press","Africa Press-Burkina Faso","Burkina Faso"],"articleSection":["homepage-french","Politique","Toutes les actualit\u00e9s"],"inLanguage":"fr-FR","potentialAction":[{"@type":"CommentAction","name":"Comment","target":["https:\/\/www.africa-press.net\/burkina-faso\/politique\/les-100-premiers-jours-du-gouvernement-dabire-2-un-train-de-senateur-pour-gerer-rien-que-le-quotidien#respond"]}]},{"@type":"WebPage","@id":"https:\/\/www.africa-press.net\/burkina-faso\/politique\/les-100-premiers-jours-du-gouvernement-dabire-2-un-train-de-senateur-pour-gerer-rien-que-le-quotidien","url":"https:\/\/www.africa-press.net\/burkina-faso\/politique\/les-100-premiers-jours-du-gouvernement-dabire-2-un-train-de-senateur-pour-gerer-rien-que-le-quotidien","name":"Les 100 premiers jours du gouvernement Dabir\u00e9 2 : Un train de s\u00e9nateur pour g\u00e9rer, rien que le quotidien - Burkina Faso","isPartOf":{"@id":"https:\/\/www.africa-press.net\/burkina-faso\/#website"},"primaryImageOfPage":{"@id":"https:\/\/www.africa-press.net\/burkina-faso\/politique\/les-100-premiers-jours-du-gouvernement-dabire-2-un-train-de-senateur-pour-gerer-rien-que-le-quotidien#primaryimage"},"image":{"@id":"https:\/\/www.africa-press.net\/burkina-faso\/politique\/les-100-premiers-jours-du-gouvernement-dabire-2-un-train-de-senateur-pour-gerer-rien-que-le-quotidien#primaryimage"},"thumbnailUrl":"https:\/\/static.africa-press.net\/burkina\/sites\/42\/2021\/04\/img-60745e01d295f.jpg","datePublished":"2021-04-12T16:35:54+00:00","author":{"@id":"https:\/\/www.africa-press.net\/burkina-faso\/#\/schema\/person\/2b1cf3cd81a31e3cd26889ca66d677f1"},"description":"Le deuxi\u00e8me gouvernement du premier ministre Christophe Dabir\u00e9 a pris fonction le 10 janvier 2021 et f\u00eate ses 100 pre ...","breadcrumb":{"@id":"https:\/\/www.africa-press.net\/burkina-faso\/politique\/les-100-premiers-jours-du-gouvernement-dabire-2-un-train-de-senateur-pour-gerer-rien-que-le-quotidien#breadcrumb"},"inLanguage":"fr-FR","potentialAction":[{"@type":"ReadAction","target":["https:\/\/www.africa-press.net\/burkina-faso\/politique\/les-100-premiers-jours-du-gouvernement-dabire-2-un-train-de-senateur-pour-gerer-rien-que-le-quotidien"]}]},{"@type":"ImageObject","inLanguage":"fr-FR","@id":"https:\/\/www.africa-press.net\/burkina-faso\/politique\/les-100-premiers-jours-du-gouvernement-dabire-2-un-train-de-senateur-pour-gerer-rien-que-le-quotidien#primaryimage","url":"https:\/\/static.africa-press.net\/burkina\/sites\/42\/2021\/04\/img-60745e01d295f.jpg","contentUrl":"https:\/\/static.africa-press.net\/burkina\/sites\/42\/2021\/04\/img-60745e01d295f.jpg","width":750,"height":422,"caption":"Les 100 premiers jours du gouvernement Dabir\u00e9 2 : Un train de s\u00e9nateur pour g\u00e9rer, rien que le quotidien"},{"@type":"BreadcrumbList","@id":"https:\/\/www.africa-press.net\/burkina-faso\/politique\/les-100-premiers-jours-du-gouvernement-dabire-2-un-train-de-senateur-pour-gerer-rien-que-le-quotidien#breadcrumb","itemListElement":[{"@type":"ListItem","position":1,"name":"Accueil","item":"https:\/\/www.africa-press.net\/burkina-faso\/"},{"@type":"ListItem","position":2,"name":"Les 100 premiers jours du gouvernement Dabir\u00e9 2 : Un train de s\u00e9nateur pour g\u00e9rer, rien que le quotidien"}]},{"@type":"WebSite","@id":"https:\/\/www.africa-press.net\/burkina-faso\/#website","url":"https:\/\/www.africa-press.net\/burkina-faso\/","name":"Burkina Faso","description":"Just another Africa News Agency Sites site","potentialAction":[{"@type":"SearchAction","target":{"@type":"EntryPoint","urlTemplate":"https:\/\/www.africa-press.net\/burkina-faso\/?s={search_term_string}"},"query-input":{"@type":"PropertyValueSpecification","valueRequired":true,"valueName":"search_term_string"}}],"inLanguage":"fr-FR"},{"@type":"Person","@id":"https:\/\/www.africa-press.net\/burkina-faso\/#\/schema\/person\/2b1cf3cd81a31e3cd26889ca66d677f1","name":"cfeditorfr"}]}},"_links":{"self":[{"href":"https:\/\/www.africa-press.net\/burkina-faso\/wp-json\/wp\/v2\/posts\/9795","targetHints":{"allow":["GET"]}}],"collection":[{"href":"https:\/\/www.africa-press.net\/burkina-faso\/wp-json\/wp\/v2\/posts"}],"about":[{"href":"https:\/\/www.africa-press.net\/burkina-faso\/wp-json\/wp\/v2\/types\/post"}],"author":[{"embeddable":true,"href":"https:\/\/www.africa-press.net\/burkina-faso\/wp-json\/wp\/v2\/users\/82"}],"replies":[{"embeddable":true,"href":"https:\/\/www.africa-press.net\/burkina-faso\/wp-json\/wp\/v2\/comments?post=9795"}],"version-history":[{"count":0,"href":"https:\/\/www.africa-press.net\/burkina-faso\/wp-json\/wp\/v2\/posts\/9795\/revisions"}],"wp:featuredmedia":[{"embeddable":true,"href":"https:\/\/www.africa-press.net\/burkina-faso\/wp-json\/wp\/v2\/media\/9794"}],"wp:attachment":[{"href":"https:\/\/www.africa-press.net\/burkina-faso\/wp-json\/wp\/v2\/media?parent=9795"}],"wp:term":[{"taxonomy":"category","embeddable":true,"href":"https:\/\/www.africa-press.net\/burkina-faso\/wp-json\/wp\/v2\/categories?post=9795"},{"taxonomy":"post_tag","embeddable":true,"href":"https:\/\/www.africa-press.net\/burkina-faso\/wp-json\/wp\/v2\/tags?post=9795"}],"curies":[{"name":"wp","href":"https:\/\/api.w.org\/{rel}","templated":true}]}}