{"id":9798,"date":"2021-04-12T16:42:35","date_gmt":"2021-04-12T16:42:35","guid":{"rendered":"https:\/\/www.africa-press.net\/burkina-faso\/?p=9798"},"modified":"2021-04-12T14:50:47","modified_gmt":"2021-04-12T14:50:47","slug":"paludisme-au-burkina-faso-3-966-cas-deces-enregistres-en-2020","status":"publish","type":"post","link":"https:\/\/www.africa-press.net\/burkina-faso\/toutes-les-actualites\/paludisme-au-burkina-faso-3-966-cas-deces-enregistres-en-2020","title":{"rendered":"Paludisme au Burkina Faso : 3 966 cas d\u00e9c\u00e8s enregistr\u00e9s en 2020"},"content":{"rendered":"<p><span style=\"color: #ff6600\"><strong><a href=\"https:\/\/www.africa-press.net\/\">Africa-Press<\/a> &#8211; <a href=\"https:\/\/www.africa-press.net\/burkina-faso\">Burkina Faso<\/a>. <\/strong><\/span>En pr\u00e9lude de la comm\u00e9moration de la journ\u00e9e mondiale de la lutte contre le paludisme c\u00e9l\u00e9br\u00e9e le 25 avril de chaque ann\u00e9e, le minist\u00e8re de la sant\u00e9 a proc\u00e9d\u00e9 \u00e0 la mont\u00e9e des couleurs ce lundi 12 avril 2021. \u201cZ\u00e9ro palu ! je m\u2019engage\u201d est le th\u00e8me retenu au Burkina Faso pour cette comm\u00e9moration.<\/p>\n<p>Pour marquer le d\u00e9but des activit\u00e9s entrant dans le cadre de la comm\u00e9moration de la journ\u00e9e mondiale de la lutte contre le paludisme, le minist\u00e8re de la sant\u00e9 a proc\u00e9d\u00e9 \u00e0 la mont\u00e9e des couleurs ce lundi 12 avril 2021.<\/p>\n<p>Le ministre de la sant\u00e9, Pr Charlemagne Ou\u00e9draogo a fait savoir que son d\u00e9partement en compagnie des partenaires techniques et financiers et les organisations de la soci\u00e9t\u00e9 civile, a d\u00e9cid\u00e9 de marquer les esprits par l\u2019organisation des activit\u00e9s autour de cette maladie durant ce mois.<\/p>\n<p>\u201cD\u2019o\u00f9 ce message que nous livrons ce matin pour rappeler l\u2019imp\u00e9rieuse n\u00e9cessit\u00e9 de ne pas baisser la garde dans la lutte contre le paludisme\u201c, a interpell\u00e9 le premier responsable de la sant\u00e9.<\/p>\n<p>Ainsi, Pr Charlemagne Ou\u00e9draogo a \u00e9mis le v\u0153u de renforcer les actions en mati\u00e8re de lutte contre le paludisme pour susciter des \u00e9lans d\u2019\u00e9largissement \u00e0 tous les niveaux de la soci\u00e9t\u00e9 burkinab\u00e8 en vue d\u2019instaurer un cadre de vie sain, compatible avec le bien-\u00eatre g\u00e9n\u00e9ral.<\/p>\n<p>Par ailleurs, le ministre de la sant\u00e9 a rappel\u00e9 que le palu reste toujours un probl\u00e8me majeur de sant\u00e9 publique dans les pays comme le cas du Burkina Faso avec une morbidit\u00e9 et mortalit\u00e9 \u00e9lev\u00e9e.<\/p>\n<p>\u201cMalgr\u00e9 la mise en \u0153uvre des strat\u00e9gies et d\u2019inventions majeures de sant\u00e9 publique du Burkina Faso, les donn\u00e9es ne sont pas reluisantes et restent toujours pr\u00e9occupantes avec plus de 11 millions de cas et malheureusement 3 966 d\u00e9c\u00e8s enregistr\u00e9s dans nos formations sanitaires en 2020\u201c, a-t-il d\u00e9plor\u00e9.<\/p>\n<p>Il a ajout\u00e9 que son d\u00e9partement s\u2019est engag\u00e9 \u00e0 bouter cette maladie du sol burkinab\u00e8 d\u2019ici l\u2019horizon 2030. Pr Charlemagne Ou\u00e9draogo a, \u00e0 cet effet, convi\u00e9 les acteurs \u00e0 une synergie d\u2019actions pour relever ce d\u00e9fi. Willy SAGBE<\/p>\n","protected":false},"excerpt":{"rendered":"<p>Africa-Press &#8211; Burkina Faso. En pr\u00e9lude de la comm\u00e9moration de la journ\u00e9e mondiale de la lutte contre le paludisme c\u00e9l\u00e9br\u00e9e le 25 avril de chaque ann\u00e9e, le minist\u00e8re de la sant\u00e9 a proc\u00e9d\u00e9 \u00e0 la mont\u00e9e des couleurs ce lundi 12 avril 2021. \u201cZ\u00e9ro palu ! je m\u2019engage\u201d est le th\u00e8me retenu au Burkina Faso [&hellip;]<\/p>\n","protected":false},"author":82,"featured_media":9797,"comment_status":"open","ping_status":"closed","sticky":false,"template":"","format":"standard","meta":{"footnotes":""},"categories":[21,11,10],"tags":[111,725,29],"class_list":["post-9798","post","type-post","status-publish","format-standard","has-post-thumbnail","hentry","category-communaute","category-homepage-french","category-toutes-les-actualites","tag-africa-press","tag-africa-press-burkina-faso","tag-burkina-faso"],"yoast_head":"<!-- This site is optimized with the Yoast SEO Premium plugin v26.1 (Yoast SEO v27.0) - https:\/\/yoast.com\/product\/yoast-seo-premium-wordpress\/ -->\n<title>Paludisme au Burkina Faso : 3 966 cas d\u00e9c\u00e8s enregistr\u00e9s en 2020 - Burkina Faso<\/title>\n<meta name=\"description\" content=\"En pr\u00e9lude de la comm\u00e9moration de la journ\u00e9e mondiale de la lutte contre le paludisme c\u00e9l\u00e9br\u00e9e le 25 avril de chaque ann ...\" \/>\n<meta name=\"robots\" content=\"index, follow, max-snippet:-1, max-image-preview:large, max-video-preview:-1\" \/>\n<link rel=\"canonical\" href=\"https:\/\/www.africa-press.net\/burkina-faso\/toutes-les-actualites\/paludisme-au-burkina-faso-3-966-cas-deces-enregistres-en-2020\" \/>\n<meta property=\"og:locale\" content=\"fr_FR\" \/>\n<meta property=\"og:type\" content=\"article\" \/>\n<meta property=\"og:title\" content=\"Paludisme au Burkina Faso : 3 966 cas d\u00e9c\u00e8s enregistr\u00e9s en 2020\" \/>\n<meta property=\"og:description\" content=\"En pr\u00e9lude de la comm\u00e9moration de la journ\u00e9e mondiale de la lutte contre le paludisme c\u00e9l\u00e9br\u00e9e le 25 avril de chaque ann ...\" \/>\n<meta property=\"og:url\" content=\"https:\/\/www.africa-press.net\/burkina-faso\/toutes-les-actualites\/paludisme-au-burkina-faso-3-966-cas-deces-enregistres-en-2020\" \/>\n<meta property=\"og:site_name\" content=\"Burkina Faso\" \/>\n<meta property=\"article:published_time\" content=\"2021-04-12T16:42:35+00:00\" \/>\n<meta property=\"og:image\" content=\"https:\/\/static.africa-press.net\/burkina\/sites\/42\/2021\/04\/img-60745e2c2ff6c.jpg\" \/>\n\t<meta property=\"og:image:width\" content=\"1024\" \/>\n\t<meta property=\"og:image:height\" content=\"461\" \/>\n\t<meta property=\"og:image:type\" content=\"image\/jpeg\" \/>\n<meta name=\"author\" content=\"cfeditorfr\" \/>\n<meta name=\"twitter:card\" content=\"summary_large_image\" \/>\n<meta name=\"twitter:label1\" content=\"\u00c9crit par\" \/>\n\t<meta name=\"twitter:data1\" content=\"cfeditorfr\" \/>\n\t<meta name=\"twitter:label2\" content=\"Dur\u00e9e de lecture estim\u00e9e\" \/>\n\t<meta name=\"twitter:data2\" content=\"2 minutes\" \/>\n<script type=\"application\/ld+json\" class=\"yoast-schema-graph\">{\"@context\":\"https:\/\/schema.org\",\"@graph\":[{\"@type\":\"Article\",\"@id\":\"https:\/\/www.africa-press.net\/burkina-faso\/toutes-les-actualites\/paludisme-au-burkina-faso-3-966-cas-deces-enregistres-en-2020#article\",\"isPartOf\":{\"@id\":\"https:\/\/www.africa-press.net\/burkina-faso\/toutes-les-actualites\/paludisme-au-burkina-faso-3-966-cas-deces-enregistres-en-2020\"},\"author\":{\"name\":\"cfeditorfr\",\"@id\":\"https:\/\/www.africa-press.net\/burkina-faso\/#\/schema\/person\/2b1cf3cd81a31e3cd26889ca66d677f1\"},\"headline\":\"Paludisme au Burkina Faso : 3 966 cas d\u00e9c\u00e8s enregistr\u00e9s en 2020\",\"datePublished\":\"2021-04-12T16:42:35+00:00\",\"mainEntityOfPage\":{\"@id\":\"https:\/\/www.africa-press.net\/burkina-faso\/toutes-les-actualites\/paludisme-au-burkina-faso-3-966-cas-deces-enregistres-en-2020\"},\"wordCount\":391,\"commentCount\":0,\"image\":{\"@id\":\"https:\/\/www.africa-press.net\/burkina-faso\/toutes-les-actualites\/paludisme-au-burkina-faso-3-966-cas-deces-enregistres-en-2020#primaryimage\"},\"thumbnailUrl\":\"https:\/\/static.africa-press.net\/burkina\/sites\/42\/2021\/04\/img-60745e2c2ff6c.jpg\",\"keywords\":[\"Africa Press\",\"Africa Press-Burkina Faso\",\"Burkina Faso\"],\"articleSection\":[\"Communaut\u00e9\",\"homepage-french\",\"Toutes les actualit\u00e9s\"],\"inLanguage\":\"fr-FR\",\"potentialAction\":[{\"@type\":\"CommentAction\",\"name\":\"Comment\",\"target\":[\"https:\/\/www.africa-press.net\/burkina-faso\/toutes-les-actualites\/paludisme-au-burkina-faso-3-966-cas-deces-enregistres-en-2020#respond\"]}]},{\"@type\":\"WebPage\",\"@id\":\"https:\/\/www.africa-press.net\/burkina-faso\/toutes-les-actualites\/paludisme-au-burkina-faso-3-966-cas-deces-enregistres-en-2020\",\"url\":\"https:\/\/www.africa-press.net\/burkina-faso\/toutes-les-actualites\/paludisme-au-burkina-faso-3-966-cas-deces-enregistres-en-2020\",\"name\":\"Paludisme au Burkina Faso : 3 966 cas d\u00e9c\u00e8s enregistr\u00e9s en 2020 - Burkina Faso\",\"isPartOf\":{\"@id\":\"https:\/\/www.africa-press.net\/burkina-faso\/#website\"},\"primaryImageOfPage\":{\"@id\":\"https:\/\/www.africa-press.net\/burkina-faso\/toutes-les-actualites\/paludisme-au-burkina-faso-3-966-cas-deces-enregistres-en-2020#primaryimage\"},\"image\":{\"@id\":\"https:\/\/www.africa-press.net\/burkina-faso\/toutes-les-actualites\/paludisme-au-burkina-faso-3-966-cas-deces-enregistres-en-2020#primaryimage\"},\"thumbnailUrl\":\"https:\/\/static.africa-press.net\/burkina\/sites\/42\/2021\/04\/img-60745e2c2ff6c.jpg\",\"datePublished\":\"2021-04-12T16:42:35+00:00\",\"author\":{\"@id\":\"https:\/\/www.africa-press.net\/burkina-faso\/#\/schema\/person\/2b1cf3cd81a31e3cd26889ca66d677f1\"},\"description\":\"En pr\u00e9lude de la comm\u00e9moration de la journ\u00e9e mondiale de la lutte contre le paludisme c\u00e9l\u00e9br\u00e9e le 25 avril de chaque ann ...\",\"breadcrumb\":{\"@id\":\"https:\/\/www.africa-press.net\/burkina-faso\/toutes-les-actualites\/paludisme-au-burkina-faso-3-966-cas-deces-enregistres-en-2020#breadcrumb\"},\"inLanguage\":\"fr-FR\",\"potentialAction\":[{\"@type\":\"ReadAction\",\"target\":[\"https:\/\/www.africa-press.net\/burkina-faso\/toutes-les-actualites\/paludisme-au-burkina-faso-3-966-cas-deces-enregistres-en-2020\"]}]},{\"@type\":\"ImageObject\",\"inLanguage\":\"fr-FR\",\"@id\":\"https:\/\/www.africa-press.net\/burkina-faso\/toutes-les-actualites\/paludisme-au-burkina-faso-3-966-cas-deces-enregistres-en-2020#primaryimage\",\"url\":\"https:\/\/static.africa-press.net\/burkina\/sites\/42\/2021\/04\/img-60745e2c2ff6c.jpg\",\"contentUrl\":\"https:\/\/static.africa-press.net\/burkina\/sites\/42\/2021\/04\/img-60745e2c2ff6c.jpg\",\"width\":1024,\"height\":461,\"caption\":\"Paludisme au Burkina Faso : 3 966 cas d\u00e9c\u00e8s enregistr\u00e9s en 2020\"},{\"@type\":\"BreadcrumbList\",\"@id\":\"https:\/\/www.africa-press.net\/burkina-faso\/toutes-les-actualites\/paludisme-au-burkina-faso-3-966-cas-deces-enregistres-en-2020#breadcrumb\",\"itemListElement\":[{\"@type\":\"ListItem\",\"position\":1,\"name\":\"Accueil\",\"item\":\"https:\/\/www.africa-press.net\/burkina-faso\/\"},{\"@type\":\"ListItem\",\"position\":2,\"name\":\"Paludisme au Burkina Faso : 3 966 cas d\u00e9c\u00e8s enregistr\u00e9s en 2020\"}]},{\"@type\":\"WebSite\",\"@id\":\"https:\/\/www.africa-press.net\/burkina-faso\/#website\",\"url\":\"https:\/\/www.africa-press.net\/burkina-faso\/\",\"name\":\"Burkina Faso\",\"description\":\"Just another Africa News Agency Sites site\",\"potentialAction\":[{\"@type\":\"SearchAction\",\"target\":{\"@type\":\"EntryPoint\",\"urlTemplate\":\"https:\/\/www.africa-press.net\/burkina-faso\/?s={search_term_string}\"},\"query-input\":{\"@type\":\"PropertyValueSpecification\",\"valueRequired\":true,\"valueName\":\"search_term_string\"}}],\"inLanguage\":\"fr-FR\"},{\"@type\":\"Person\",\"@id\":\"https:\/\/www.africa-press.net\/burkina-faso\/#\/schema\/person\/2b1cf3cd81a31e3cd26889ca66d677f1\",\"name\":\"cfeditorfr\"}]}<\/script>\n<!-- \/ Yoast SEO Premium plugin. -->","yoast_head_json":{"title":"Paludisme au Burkina Faso : 3 966 cas d\u00e9c\u00e8s enregistr\u00e9s en 2020 - Burkina Faso","description":"En pr\u00e9lude de la comm\u00e9moration de la journ\u00e9e mondiale de la lutte contre le paludisme c\u00e9l\u00e9br\u00e9e le 25 avril de chaque ann ...","robots":{"index":"index","follow":"follow","max-snippet":"max-snippet:-1","max-image-preview":"max-image-preview:large","max-video-preview":"max-video-preview:-1"},"canonical":"https:\/\/www.africa-press.net\/burkina-faso\/toutes-les-actualites\/paludisme-au-burkina-faso-3-966-cas-deces-enregistres-en-2020","og_locale":"fr_FR","og_type":"article","og_title":"Paludisme au Burkina Faso : 3 966 cas d\u00e9c\u00e8s enregistr\u00e9s en 2020","og_description":"En pr\u00e9lude de la comm\u00e9moration de la journ\u00e9e mondiale de la lutte contre le paludisme c\u00e9l\u00e9br\u00e9e le 25 avril de chaque ann ...","og_url":"https:\/\/www.africa-press.net\/burkina-faso\/toutes-les-actualites\/paludisme-au-burkina-faso-3-966-cas-deces-enregistres-en-2020","og_site_name":"Burkina Faso","article_published_time":"2021-04-12T16:42:35+00:00","og_image":[{"width":1024,"height":461,"url":"https:\/\/static.africa-press.net\/burkina\/sites\/42\/2021\/04\/img-60745e2c2ff6c.jpg","type":"image\/jpeg"}],"author":"cfeditorfr","twitter_card":"summary_large_image","twitter_misc":{"\u00c9crit par":"cfeditorfr","Dur\u00e9e de lecture estim\u00e9e":"2 minutes"},"schema":{"@context":"https:\/\/schema.org","@graph":[{"@type":"Article","@id":"https:\/\/www.africa-press.net\/burkina-faso\/toutes-les-actualites\/paludisme-au-burkina-faso-3-966-cas-deces-enregistres-en-2020#article","isPartOf":{"@id":"https:\/\/www.africa-press.net\/burkina-faso\/toutes-les-actualites\/paludisme-au-burkina-faso-3-966-cas-deces-enregistres-en-2020"},"author":{"name":"cfeditorfr","@id":"https:\/\/www.africa-press.net\/burkina-faso\/#\/schema\/person\/2b1cf3cd81a31e3cd26889ca66d677f1"},"headline":"Paludisme au Burkina Faso : 3 966 cas d\u00e9c\u00e8s enregistr\u00e9s en 2020","datePublished":"2021-04-12T16:42:35+00:00","mainEntityOfPage":{"@id":"https:\/\/www.africa-press.net\/burkina-faso\/toutes-les-actualites\/paludisme-au-burkina-faso-3-966-cas-deces-enregistres-en-2020"},"wordCount":391,"commentCount":0,"image":{"@id":"https:\/\/www.africa-press.net\/burkina-faso\/toutes-les-actualites\/paludisme-au-burkina-faso-3-966-cas-deces-enregistres-en-2020#primaryimage"},"thumbnailUrl":"https:\/\/static.africa-press.net\/burkina\/sites\/42\/2021\/04\/img-60745e2c2ff6c.jpg","keywords":["Africa Press","Africa Press-Burkina Faso","Burkina Faso"],"articleSection":["Communaut\u00e9","homepage-french","Toutes les actualit\u00e9s"],"inLanguage":"fr-FR","potentialAction":[{"@type":"CommentAction","name":"Comment","target":["https:\/\/www.africa-press.net\/burkina-faso\/toutes-les-actualites\/paludisme-au-burkina-faso-3-966-cas-deces-enregistres-en-2020#respond"]}]},{"@type":"WebPage","@id":"https:\/\/www.africa-press.net\/burkina-faso\/toutes-les-actualites\/paludisme-au-burkina-faso-3-966-cas-deces-enregistres-en-2020","url":"https:\/\/www.africa-press.net\/burkina-faso\/toutes-les-actualites\/paludisme-au-burkina-faso-3-966-cas-deces-enregistres-en-2020","name":"Paludisme au Burkina Faso : 3 966 cas d\u00e9c\u00e8s enregistr\u00e9s en 2020 - Burkina Faso","isPartOf":{"@id":"https:\/\/www.africa-press.net\/burkina-faso\/#website"},"primaryImageOfPage":{"@id":"https:\/\/www.africa-press.net\/burkina-faso\/toutes-les-actualites\/paludisme-au-burkina-faso-3-966-cas-deces-enregistres-en-2020#primaryimage"},"image":{"@id":"https:\/\/www.africa-press.net\/burkina-faso\/toutes-les-actualites\/paludisme-au-burkina-faso-3-966-cas-deces-enregistres-en-2020#primaryimage"},"thumbnailUrl":"https:\/\/static.africa-press.net\/burkina\/sites\/42\/2021\/04\/img-60745e2c2ff6c.jpg","datePublished":"2021-04-12T16:42:35+00:00","author":{"@id":"https:\/\/www.africa-press.net\/burkina-faso\/#\/schema\/person\/2b1cf3cd81a31e3cd26889ca66d677f1"},"description":"En pr\u00e9lude de la comm\u00e9moration de la journ\u00e9e mondiale de la lutte contre le paludisme c\u00e9l\u00e9br\u00e9e le 25 avril de chaque ann ...","breadcrumb":{"@id":"https:\/\/www.africa-press.net\/burkina-faso\/toutes-les-actualites\/paludisme-au-burkina-faso-3-966-cas-deces-enregistres-en-2020#breadcrumb"},"inLanguage":"fr-FR","potentialAction":[{"@type":"ReadAction","target":["https:\/\/www.africa-press.net\/burkina-faso\/toutes-les-actualites\/paludisme-au-burkina-faso-3-966-cas-deces-enregistres-en-2020"]}]},{"@type":"ImageObject","inLanguage":"fr-FR","@id":"https:\/\/www.africa-press.net\/burkina-faso\/toutes-les-actualites\/paludisme-au-burkina-faso-3-966-cas-deces-enregistres-en-2020#primaryimage","url":"https:\/\/static.africa-press.net\/burkina\/sites\/42\/2021\/04\/img-60745e2c2ff6c.jpg","contentUrl":"https:\/\/static.africa-press.net\/burkina\/sites\/42\/2021\/04\/img-60745e2c2ff6c.jpg","width":1024,"height":461,"caption":"Paludisme au Burkina Faso : 3 966 cas d\u00e9c\u00e8s enregistr\u00e9s en 2020"},{"@type":"BreadcrumbList","@id":"https:\/\/www.africa-press.net\/burkina-faso\/toutes-les-actualites\/paludisme-au-burkina-faso-3-966-cas-deces-enregistres-en-2020#breadcrumb","itemListElement":[{"@type":"ListItem","position":1,"name":"Accueil","item":"https:\/\/www.africa-press.net\/burkina-faso\/"},{"@type":"ListItem","position":2,"name":"Paludisme au Burkina Faso : 3 966 cas d\u00e9c\u00e8s enregistr\u00e9s en 2020"}]},{"@type":"WebSite","@id":"https:\/\/www.africa-press.net\/burkina-faso\/#website","url":"https:\/\/www.africa-press.net\/burkina-faso\/","name":"Burkina Faso","description":"Just another Africa News Agency Sites site","potentialAction":[{"@type":"SearchAction","target":{"@type":"EntryPoint","urlTemplate":"https:\/\/www.africa-press.net\/burkina-faso\/?s={search_term_string}"},"query-input":{"@type":"PropertyValueSpecification","valueRequired":true,"valueName":"search_term_string"}}],"inLanguage":"fr-FR"},{"@type":"Person","@id":"https:\/\/www.africa-press.net\/burkina-faso\/#\/schema\/person\/2b1cf3cd81a31e3cd26889ca66d677f1","name":"cfeditorfr"}]}},"_links":{"self":[{"href":"https:\/\/www.africa-press.net\/burkina-faso\/wp-json\/wp\/v2\/posts\/9798","targetHints":{"allow":["GET"]}}],"collection":[{"href":"https:\/\/www.africa-press.net\/burkina-faso\/wp-json\/wp\/v2\/posts"}],"about":[{"href":"https:\/\/www.africa-press.net\/burkina-faso\/wp-json\/wp\/v2\/types\/post"}],"author":[{"embeddable":true,"href":"https:\/\/www.africa-press.net\/burkina-faso\/wp-json\/wp\/v2\/users\/82"}],"replies":[{"embeddable":true,"href":"https:\/\/www.africa-press.net\/burkina-faso\/wp-json\/wp\/v2\/comments?post=9798"}],"version-history":[{"count":0,"href":"https:\/\/www.africa-press.net\/burkina-faso\/wp-json\/wp\/v2\/posts\/9798\/revisions"}],"wp:featuredmedia":[{"embeddable":true,"href":"https:\/\/www.africa-press.net\/burkina-faso\/wp-json\/wp\/v2\/media\/9797"}],"wp:attachment":[{"href":"https:\/\/www.africa-press.net\/burkina-faso\/wp-json\/wp\/v2\/media?parent=9798"}],"wp:term":[{"taxonomy":"category","embeddable":true,"href":"https:\/\/www.africa-press.net\/burkina-faso\/wp-json\/wp\/v2\/categories?post=9798"},{"taxonomy":"post_tag","embeddable":true,"href":"https:\/\/www.africa-press.net\/burkina-faso\/wp-json\/wp\/v2\/tags?post=9798"}],"curies":[{"name":"wp","href":"https:\/\/api.w.org\/{rel}","templated":true}]}}