{"id":9801,"date":"2021-04-12T16:55:14","date_gmt":"2021-04-12T16:55:14","guid":{"rendered":"https:\/\/www.africa-press.net\/burkina-faso\/?p=9801"},"modified":"2021-04-12T14:51:27","modified_gmt":"2021-04-12T14:51:27","slug":"difficulte-dans-la-gestion-du-fret-des-chauffeurs-bloquent-la-frontiere-togo-burkina-faso","status":"publish","type":"post","link":"https:\/\/www.africa-press.net\/burkina-faso\/toutes-les-actualites\/difficulte-dans-la-gestion-du-fret-des-chauffeurs-bloquent-la-frontiere-togo-burkina-faso","title":{"rendered":"Difficult\u00e9 dans la gestion du fret : Des chauffeurs bloquent la fronti\u00e8re Togo-Burkina Faso"},"content":{"rendered":"<p><span style=\"color: #ff6600\"><strong><a href=\"https:\/\/www.africa-press.net\/\">Africa-Press<\/a> &#8211; <a href=\"https:\/\/www.africa-press.net\/burkina-faso\">Burkina Faso<\/a>. <\/strong><\/span><b>Depuis le 7 avril 2021, des chauffeurs ont d\u00e9cid\u00e9 de tirer les freins \u00e0 main. Le seul motif, c\u2019est le manque d\u2019interlocuteur unique dans la gestion du fret au niveau des fronti\u00e8res.<\/b><\/p>\n<p>Ainsi, des chauffeurs ont d\u00e9cid\u00e9 d\u2019arr\u00eater le trafic jusqu\u2019\u00e0 nouvel ordre. Selon Tidjan Traor\u00e9, membre du mouvement, tant que l\u2019\u00c9tat n\u2019arrive pas \u00e0 mettre de l\u2019ordre dans le secteur du transport ils ne reprendront pas le travail. Cependant, il accuse le minist\u00e8re en charge des transports d\u2019\u00eatre \u00e0 l\u2019origine de cette \u201cpagaille\u201d.<\/p>\n<p><b>Plus d\u2019informations \u00e0 venir<\/b><\/p>\n<p>Photo d\u2019archives<\/p>\n","protected":false},"excerpt":{"rendered":"<p>Africa-Press &#8211; Burkina Faso. Depuis le 7 avril 2021, des chauffeurs ont d\u00e9cid\u00e9 de tirer les freins \u00e0 main. Le seul motif, c\u2019est le manque d\u2019interlocuteur unique dans la gestion du fret au niveau des fronti\u00e8res. Ainsi, des chauffeurs ont d\u00e9cid\u00e9 d\u2019arr\u00eater le trafic jusqu\u2019\u00e0 nouvel ordre. Selon Tidjan Traor\u00e9, membre du mouvement, tant que [&hellip;]<\/p>\n","protected":false},"author":82,"featured_media":9800,"comment_status":"open","ping_status":"closed","sticky":false,"template":"","format":"standard","meta":{"footnotes":""},"categories":[21,11,10],"tags":[111,725,29],"class_list":["post-9801","post","type-post","status-publish","format-standard","has-post-thumbnail","hentry","category-communaute","category-homepage-french","category-toutes-les-actualites","tag-africa-press","tag-africa-press-burkina-faso","tag-burkina-faso"],"yoast_head":"<!-- This site is optimized with the Yoast SEO Premium plugin v26.1 (Yoast SEO v27.0) - https:\/\/yoast.com\/product\/yoast-seo-premium-wordpress\/ -->\n<title>Difficult\u00e9 dans la gestion du fret : Des chauffeurs bloquent la fronti\u00e8re Togo-Burkina Faso - Burkina Faso<\/title>\n<meta name=\"description\" content=\"Depuis le 7 avril 2021, des chauffeurs ont d\u00e9cid\u00e9 de tirer les freins \u00e0 main. Le seul motif, c\u2019est le manque d\u2019interl ...\" \/>\n<meta name=\"robots\" content=\"index, follow, max-snippet:-1, max-image-preview:large, max-video-preview:-1\" \/>\n<link rel=\"canonical\" href=\"https:\/\/www.africa-press.net\/burkina-faso\/toutes-les-actualites\/difficulte-dans-la-gestion-du-fret-des-chauffeurs-bloquent-la-frontiere-togo-burkina-faso\" \/>\n<meta property=\"og:locale\" content=\"fr_FR\" \/>\n<meta property=\"og:type\" content=\"article\" \/>\n<meta property=\"og:title\" content=\"Difficult\u00e9 dans la gestion du fret : Des chauffeurs bloquent la fronti\u00e8re Togo-Burkina Faso\" \/>\n<meta property=\"og:description\" content=\"Depuis le 7 avril 2021, des chauffeurs ont d\u00e9cid\u00e9 de tirer les freins \u00e0 main. Le seul motif, c\u2019est le manque d\u2019interl ...\" \/>\n<meta property=\"og:url\" content=\"https:\/\/www.africa-press.net\/burkina-faso\/toutes-les-actualites\/difficulte-dans-la-gestion-du-fret-des-chauffeurs-bloquent-la-frontiere-togo-burkina-faso\" \/>\n<meta property=\"og:site_name\" content=\"Burkina Faso\" \/>\n<meta property=\"article:published_time\" content=\"2021-04-12T16:55:14+00:00\" \/>\n<meta property=\"og:image\" content=\"https:\/\/static.africa-press.net\/burkina\/sites\/42\/2021\/04\/img-60745e5442ac9.jpg\" \/>\n\t<meta property=\"og:image:width\" content=\"800\" \/>\n\t<meta property=\"og:image:height\" content=\"453\" \/>\n\t<meta property=\"og:image:type\" content=\"image\/jpeg\" \/>\n<meta name=\"author\" content=\"cfeditorfr\" \/>\n<meta name=\"twitter:card\" content=\"summary_large_image\" \/>\n<meta name=\"twitter:label1\" content=\"\u00c9crit par\" \/>\n\t<meta name=\"twitter:data1\" content=\"cfeditorfr\" \/>\n\t<meta name=\"twitter:label2\" content=\"Dur\u00e9e de lecture estim\u00e9e\" \/>\n\t<meta name=\"twitter:data2\" content=\"1 minute\" \/>\n<script type=\"application\/ld+json\" class=\"yoast-schema-graph\">{\"@context\":\"https:\/\/schema.org\",\"@graph\":[{\"@type\":\"Article\",\"@id\":\"https:\/\/www.africa-press.net\/burkina-faso\/toutes-les-actualites\/difficulte-dans-la-gestion-du-fret-des-chauffeurs-bloquent-la-frontiere-togo-burkina-faso#article\",\"isPartOf\":{\"@id\":\"https:\/\/www.africa-press.net\/burkina-faso\/toutes-les-actualites\/difficulte-dans-la-gestion-du-fret-des-chauffeurs-bloquent-la-frontiere-togo-burkina-faso\"},\"author\":{\"name\":\"cfeditorfr\",\"@id\":\"https:\/\/www.africa-press.net\/burkina-faso\/#\/schema\/person\/2b1cf3cd81a31e3cd26889ca66d677f1\"},\"headline\":\"Difficult\u00e9 dans la gestion du fret : Des chauffeurs bloquent la fronti\u00e8re Togo-Burkina Faso\",\"datePublished\":\"2021-04-12T16:55:14+00:00\",\"mainEntityOfPage\":{\"@id\":\"https:\/\/www.africa-press.net\/burkina-faso\/toutes-les-actualites\/difficulte-dans-la-gestion-du-fret-des-chauffeurs-bloquent-la-frontiere-togo-burkina-faso\"},\"wordCount\":117,\"commentCount\":0,\"image\":{\"@id\":\"https:\/\/www.africa-press.net\/burkina-faso\/toutes-les-actualites\/difficulte-dans-la-gestion-du-fret-des-chauffeurs-bloquent-la-frontiere-togo-burkina-faso#primaryimage\"},\"thumbnailUrl\":\"https:\/\/static.africa-press.net\/burkina\/sites\/42\/2021\/04\/img-60745e5442ac9.jpg\",\"keywords\":[\"Africa Press\",\"Africa Press-Burkina Faso\",\"Burkina Faso\"],\"articleSection\":[\"Communaut\u00e9\",\"homepage-french\",\"Toutes les actualit\u00e9s\"],\"inLanguage\":\"fr-FR\",\"potentialAction\":[{\"@type\":\"CommentAction\",\"name\":\"Comment\",\"target\":[\"https:\/\/www.africa-press.net\/burkina-faso\/toutes-les-actualites\/difficulte-dans-la-gestion-du-fret-des-chauffeurs-bloquent-la-frontiere-togo-burkina-faso#respond\"]}]},{\"@type\":\"WebPage\",\"@id\":\"https:\/\/www.africa-press.net\/burkina-faso\/toutes-les-actualites\/difficulte-dans-la-gestion-du-fret-des-chauffeurs-bloquent-la-frontiere-togo-burkina-faso\",\"url\":\"https:\/\/www.africa-press.net\/burkina-faso\/toutes-les-actualites\/difficulte-dans-la-gestion-du-fret-des-chauffeurs-bloquent-la-frontiere-togo-burkina-faso\",\"name\":\"Difficult\u00e9 dans la gestion du fret : Des chauffeurs bloquent la fronti\u00e8re Togo-Burkina Faso - Burkina Faso\",\"isPartOf\":{\"@id\":\"https:\/\/www.africa-press.net\/burkina-faso\/#website\"},\"primaryImageOfPage\":{\"@id\":\"https:\/\/www.africa-press.net\/burkina-faso\/toutes-les-actualites\/difficulte-dans-la-gestion-du-fret-des-chauffeurs-bloquent-la-frontiere-togo-burkina-faso#primaryimage\"},\"image\":{\"@id\":\"https:\/\/www.africa-press.net\/burkina-faso\/toutes-les-actualites\/difficulte-dans-la-gestion-du-fret-des-chauffeurs-bloquent-la-frontiere-togo-burkina-faso#primaryimage\"},\"thumbnailUrl\":\"https:\/\/static.africa-press.net\/burkina\/sites\/42\/2021\/04\/img-60745e5442ac9.jpg\",\"datePublished\":\"2021-04-12T16:55:14+00:00\",\"author\":{\"@id\":\"https:\/\/www.africa-press.net\/burkina-faso\/#\/schema\/person\/2b1cf3cd81a31e3cd26889ca66d677f1\"},\"description\":\"Depuis le 7 avril 2021, des chauffeurs ont d\u00e9cid\u00e9 de tirer les freins \u00e0 main. Le seul motif, c\u2019est le manque d\u2019interl ...\",\"breadcrumb\":{\"@id\":\"https:\/\/www.africa-press.net\/burkina-faso\/toutes-les-actualites\/difficulte-dans-la-gestion-du-fret-des-chauffeurs-bloquent-la-frontiere-togo-burkina-faso#breadcrumb\"},\"inLanguage\":\"fr-FR\",\"potentialAction\":[{\"@type\":\"ReadAction\",\"target\":[\"https:\/\/www.africa-press.net\/burkina-faso\/toutes-les-actualites\/difficulte-dans-la-gestion-du-fret-des-chauffeurs-bloquent-la-frontiere-togo-burkina-faso\"]}]},{\"@type\":\"ImageObject\",\"inLanguage\":\"fr-FR\",\"@id\":\"https:\/\/www.africa-press.net\/burkina-faso\/toutes-les-actualites\/difficulte-dans-la-gestion-du-fret-des-chauffeurs-bloquent-la-frontiere-togo-burkina-faso#primaryimage\",\"url\":\"https:\/\/static.africa-press.net\/burkina\/sites\/42\/2021\/04\/img-60745e5442ac9.jpg\",\"contentUrl\":\"https:\/\/static.africa-press.net\/burkina\/sites\/42\/2021\/04\/img-60745e5442ac9.jpg\",\"width\":800,\"height\":453,\"caption\":\"Difficult\u00e9 dans la gestion du fret : Des chauffeurs bloquent la fronti\u00e8re Togo-Burkina Faso\"},{\"@type\":\"BreadcrumbList\",\"@id\":\"https:\/\/www.africa-press.net\/burkina-faso\/toutes-les-actualites\/difficulte-dans-la-gestion-du-fret-des-chauffeurs-bloquent-la-frontiere-togo-burkina-faso#breadcrumb\",\"itemListElement\":[{\"@type\":\"ListItem\",\"position\":1,\"name\":\"Accueil\",\"item\":\"https:\/\/www.africa-press.net\/burkina-faso\/\"},{\"@type\":\"ListItem\",\"position\":2,\"name\":\"Difficult\u00e9 dans la gestion du fret : Des chauffeurs bloquent la fronti\u00e8re Togo-Burkina Faso\"}]},{\"@type\":\"WebSite\",\"@id\":\"https:\/\/www.africa-press.net\/burkina-faso\/#website\",\"url\":\"https:\/\/www.africa-press.net\/burkina-faso\/\",\"name\":\"Burkina Faso\",\"description\":\"Just another Africa News Agency Sites site\",\"potentialAction\":[{\"@type\":\"SearchAction\",\"target\":{\"@type\":\"EntryPoint\",\"urlTemplate\":\"https:\/\/www.africa-press.net\/burkina-faso\/?s={search_term_string}\"},\"query-input\":{\"@type\":\"PropertyValueSpecification\",\"valueRequired\":true,\"valueName\":\"search_term_string\"}}],\"inLanguage\":\"fr-FR\"},{\"@type\":\"Person\",\"@id\":\"https:\/\/www.africa-press.net\/burkina-faso\/#\/schema\/person\/2b1cf3cd81a31e3cd26889ca66d677f1\",\"name\":\"cfeditorfr\"}]}<\/script>\n<!-- \/ Yoast SEO Premium plugin. -->","yoast_head_json":{"title":"Difficult\u00e9 dans la gestion du fret : Des chauffeurs bloquent la fronti\u00e8re Togo-Burkina Faso - Burkina Faso","description":"Depuis le 7 avril 2021, des chauffeurs ont d\u00e9cid\u00e9 de tirer les freins \u00e0 main. Le seul motif, c\u2019est le manque d\u2019interl ...","robots":{"index":"index","follow":"follow","max-snippet":"max-snippet:-1","max-image-preview":"max-image-preview:large","max-video-preview":"max-video-preview:-1"},"canonical":"https:\/\/www.africa-press.net\/burkina-faso\/toutes-les-actualites\/difficulte-dans-la-gestion-du-fret-des-chauffeurs-bloquent-la-frontiere-togo-burkina-faso","og_locale":"fr_FR","og_type":"article","og_title":"Difficult\u00e9 dans la gestion du fret : Des chauffeurs bloquent la fronti\u00e8re Togo-Burkina Faso","og_description":"Depuis le 7 avril 2021, des chauffeurs ont d\u00e9cid\u00e9 de tirer les freins \u00e0 main. Le seul motif, c\u2019est le manque d\u2019interl ...","og_url":"https:\/\/www.africa-press.net\/burkina-faso\/toutes-les-actualites\/difficulte-dans-la-gestion-du-fret-des-chauffeurs-bloquent-la-frontiere-togo-burkina-faso","og_site_name":"Burkina Faso","article_published_time":"2021-04-12T16:55:14+00:00","og_image":[{"width":800,"height":453,"url":"https:\/\/static.africa-press.net\/burkina\/sites\/42\/2021\/04\/img-60745e5442ac9.jpg","type":"image\/jpeg"}],"author":"cfeditorfr","twitter_card":"summary_large_image","twitter_misc":{"\u00c9crit par":"cfeditorfr","Dur\u00e9e de lecture estim\u00e9e":"1 minute"},"schema":{"@context":"https:\/\/schema.org","@graph":[{"@type":"Article","@id":"https:\/\/www.africa-press.net\/burkina-faso\/toutes-les-actualites\/difficulte-dans-la-gestion-du-fret-des-chauffeurs-bloquent-la-frontiere-togo-burkina-faso#article","isPartOf":{"@id":"https:\/\/www.africa-press.net\/burkina-faso\/toutes-les-actualites\/difficulte-dans-la-gestion-du-fret-des-chauffeurs-bloquent-la-frontiere-togo-burkina-faso"},"author":{"name":"cfeditorfr","@id":"https:\/\/www.africa-press.net\/burkina-faso\/#\/schema\/person\/2b1cf3cd81a31e3cd26889ca66d677f1"},"headline":"Difficult\u00e9 dans la gestion du fret : Des chauffeurs bloquent la fronti\u00e8re Togo-Burkina Faso","datePublished":"2021-04-12T16:55:14+00:00","mainEntityOfPage":{"@id":"https:\/\/www.africa-press.net\/burkina-faso\/toutes-les-actualites\/difficulte-dans-la-gestion-du-fret-des-chauffeurs-bloquent-la-frontiere-togo-burkina-faso"},"wordCount":117,"commentCount":0,"image":{"@id":"https:\/\/www.africa-press.net\/burkina-faso\/toutes-les-actualites\/difficulte-dans-la-gestion-du-fret-des-chauffeurs-bloquent-la-frontiere-togo-burkina-faso#primaryimage"},"thumbnailUrl":"https:\/\/static.africa-press.net\/burkina\/sites\/42\/2021\/04\/img-60745e5442ac9.jpg","keywords":["Africa Press","Africa Press-Burkina Faso","Burkina Faso"],"articleSection":["Communaut\u00e9","homepage-french","Toutes les actualit\u00e9s"],"inLanguage":"fr-FR","potentialAction":[{"@type":"CommentAction","name":"Comment","target":["https:\/\/www.africa-press.net\/burkina-faso\/toutes-les-actualites\/difficulte-dans-la-gestion-du-fret-des-chauffeurs-bloquent-la-frontiere-togo-burkina-faso#respond"]}]},{"@type":"WebPage","@id":"https:\/\/www.africa-press.net\/burkina-faso\/toutes-les-actualites\/difficulte-dans-la-gestion-du-fret-des-chauffeurs-bloquent-la-frontiere-togo-burkina-faso","url":"https:\/\/www.africa-press.net\/burkina-faso\/toutes-les-actualites\/difficulte-dans-la-gestion-du-fret-des-chauffeurs-bloquent-la-frontiere-togo-burkina-faso","name":"Difficult\u00e9 dans la gestion du fret : Des chauffeurs bloquent la fronti\u00e8re Togo-Burkina Faso - Burkina Faso","isPartOf":{"@id":"https:\/\/www.africa-press.net\/burkina-faso\/#website"},"primaryImageOfPage":{"@id":"https:\/\/www.africa-press.net\/burkina-faso\/toutes-les-actualites\/difficulte-dans-la-gestion-du-fret-des-chauffeurs-bloquent-la-frontiere-togo-burkina-faso#primaryimage"},"image":{"@id":"https:\/\/www.africa-press.net\/burkina-faso\/toutes-les-actualites\/difficulte-dans-la-gestion-du-fret-des-chauffeurs-bloquent-la-frontiere-togo-burkina-faso#primaryimage"},"thumbnailUrl":"https:\/\/static.africa-press.net\/burkina\/sites\/42\/2021\/04\/img-60745e5442ac9.jpg","datePublished":"2021-04-12T16:55:14+00:00","author":{"@id":"https:\/\/www.africa-press.net\/burkina-faso\/#\/schema\/person\/2b1cf3cd81a31e3cd26889ca66d677f1"},"description":"Depuis le 7 avril 2021, des chauffeurs ont d\u00e9cid\u00e9 de tirer les freins \u00e0 main. Le seul motif, c\u2019est le manque d\u2019interl ...","breadcrumb":{"@id":"https:\/\/www.africa-press.net\/burkina-faso\/toutes-les-actualites\/difficulte-dans-la-gestion-du-fret-des-chauffeurs-bloquent-la-frontiere-togo-burkina-faso#breadcrumb"},"inLanguage":"fr-FR","potentialAction":[{"@type":"ReadAction","target":["https:\/\/www.africa-press.net\/burkina-faso\/toutes-les-actualites\/difficulte-dans-la-gestion-du-fret-des-chauffeurs-bloquent-la-frontiere-togo-burkina-faso"]}]},{"@type":"ImageObject","inLanguage":"fr-FR","@id":"https:\/\/www.africa-press.net\/burkina-faso\/toutes-les-actualites\/difficulte-dans-la-gestion-du-fret-des-chauffeurs-bloquent-la-frontiere-togo-burkina-faso#primaryimage","url":"https:\/\/static.africa-press.net\/burkina\/sites\/42\/2021\/04\/img-60745e5442ac9.jpg","contentUrl":"https:\/\/static.africa-press.net\/burkina\/sites\/42\/2021\/04\/img-60745e5442ac9.jpg","width":800,"height":453,"caption":"Difficult\u00e9 dans la gestion du fret : Des chauffeurs bloquent la fronti\u00e8re Togo-Burkina Faso"},{"@type":"BreadcrumbList","@id":"https:\/\/www.africa-press.net\/burkina-faso\/toutes-les-actualites\/difficulte-dans-la-gestion-du-fret-des-chauffeurs-bloquent-la-frontiere-togo-burkina-faso#breadcrumb","itemListElement":[{"@type":"ListItem","position":1,"name":"Accueil","item":"https:\/\/www.africa-press.net\/burkina-faso\/"},{"@type":"ListItem","position":2,"name":"Difficult\u00e9 dans la gestion du fret : Des chauffeurs bloquent la fronti\u00e8re Togo-Burkina Faso"}]},{"@type":"WebSite","@id":"https:\/\/www.africa-press.net\/burkina-faso\/#website","url":"https:\/\/www.africa-press.net\/burkina-faso\/","name":"Burkina Faso","description":"Just another Africa News Agency Sites site","potentialAction":[{"@type":"SearchAction","target":{"@type":"EntryPoint","urlTemplate":"https:\/\/www.africa-press.net\/burkina-faso\/?s={search_term_string}"},"query-input":{"@type":"PropertyValueSpecification","valueRequired":true,"valueName":"search_term_string"}}],"inLanguage":"fr-FR"},{"@type":"Person","@id":"https:\/\/www.africa-press.net\/burkina-faso\/#\/schema\/person\/2b1cf3cd81a31e3cd26889ca66d677f1","name":"cfeditorfr"}]}},"_links":{"self":[{"href":"https:\/\/www.africa-press.net\/burkina-faso\/wp-json\/wp\/v2\/posts\/9801","targetHints":{"allow":["GET"]}}],"collection":[{"href":"https:\/\/www.africa-press.net\/burkina-faso\/wp-json\/wp\/v2\/posts"}],"about":[{"href":"https:\/\/www.africa-press.net\/burkina-faso\/wp-json\/wp\/v2\/types\/post"}],"author":[{"embeddable":true,"href":"https:\/\/www.africa-press.net\/burkina-faso\/wp-json\/wp\/v2\/users\/82"}],"replies":[{"embeddable":true,"href":"https:\/\/www.africa-press.net\/burkina-faso\/wp-json\/wp\/v2\/comments?post=9801"}],"version-history":[{"count":0,"href":"https:\/\/www.africa-press.net\/burkina-faso\/wp-json\/wp\/v2\/posts\/9801\/revisions"}],"wp:featuredmedia":[{"embeddable":true,"href":"https:\/\/www.africa-press.net\/burkina-faso\/wp-json\/wp\/v2\/media\/9800"}],"wp:attachment":[{"href":"https:\/\/www.africa-press.net\/burkina-faso\/wp-json\/wp\/v2\/media?parent=9801"}],"wp:term":[{"taxonomy":"category","embeddable":true,"href":"https:\/\/www.africa-press.net\/burkina-faso\/wp-json\/wp\/v2\/categories?post=9801"},{"taxonomy":"post_tag","embeddable":true,"href":"https:\/\/www.africa-press.net\/burkina-faso\/wp-json\/wp\/v2\/tags?post=9801"}],"curies":[{"name":"wp","href":"https:\/\/api.w.org\/{rel}","templated":true}]}}