{"id":9816,"date":"2021-04-13T14:36:43","date_gmt":"2021-04-13T14:36:43","guid":{"rendered":"https:\/\/www.africa-press.net\/burkina-faso\/?p=9816"},"modified":"2021-04-13T16:41:50","modified_gmt":"2021-04-13T16:41:50","slug":"dossier-thomas-sankara-blaise-compaore-mis-en-accusation","status":"publish","type":"post","link":"https:\/\/www.africa-press.net\/burkina-faso\/politique\/dossier-thomas-sankara-blaise-compaore-mis-en-accusation","title":{"rendered":"Dossier Thomas Sankara\u00a0: Blaise Compaor\u00e9 mis en accusation"},"content":{"rendered":"<p><span style=\"color: #ff6600\"><strong><a href=\"https:\/\/www.africa-press.net\/\">Africa-Press<\/a> &#8211; <a href=\"https:\/\/www.africa-press.net\/burkina-faso\">Burkina Faso<\/a>. <\/strong><\/span>L\u2019ancien Pr\u00e9sident du Faso, Blaise Compaor\u00e9, a \u00e9t\u00e9 mis en accusation ce mardi 13 avril 2021 par le Tribunal militaire, dans le dossier Thomas Sankara. Il est mis en accusation pour attentat \u00e0 la suret\u00e9 de l\u2019Etat, complicit\u00e9 d\u2019assassinat et de recel de cadavres.<\/p>\n<p>Le dossier Thomas Sankara vient de connaitre une \u00e9volution. Le Tribunal militaire a, le mardi 13 avril 2021, prononc\u00e9 la mise en accusation de 14 personnes dont Blaise Compaor\u00e9, Gilbert Diend\u00e9r\u00e9 et Yacinthe Kafando.<\/p>\n<p>L\u2019ancien pr\u00e9sident du Faso, Blaise Compaor\u00e9, est donc poursuivi pour attentat \u00e0 la suret\u00e9 de l\u2019Etat, complicit\u00e9 d\u2019assassinat et de recel de cadavres dans le dossier. Quant au g\u00e9n\u00e9ral Gilbert Diend\u00e9r\u00e9, il a \u00e9t\u00e9 mis en accusation pour attentat \u00e0 la suret\u00e9 de l\u2019Etat, complicit\u00e9 d\u2019assassinat, subornation de t\u00e9moins et recel de cadavres.<\/p>\n<p>Sont poursuivis pour assassinat, Nabonsouind\u00e9 Ou\u00e9draogo, Idrissa Sawadogo, Yamba Elys\u00e9e Ilboudo et Yancinthe Kafando. Le tribunal, au sortir de l\u2019audience, a \u00e9galement maintenu les mandats d\u2019arr\u00eats lanc\u00e9s contre Blaise Compaor\u00e9 et Yacinthe Kafando.<\/p>\n","protected":false},"excerpt":{"rendered":"<p>Africa-Press &#8211; Burkina Faso. L\u2019ancien Pr\u00e9sident du Faso, Blaise Compaor\u00e9, a \u00e9t\u00e9 mis en accusation ce mardi 13 avril 2021 par le Tribunal militaire, dans le dossier Thomas Sankara. Il est mis en accusation pour attentat \u00e0 la suret\u00e9 de l\u2019Etat, complicit\u00e9 d\u2019assassinat et de recel de cadavres. Le dossier Thomas Sankara vient de connaitre [&hellip;]<\/p>\n","protected":false},"author":82,"featured_media":9815,"comment_status":"open","ping_status":"closed","sticky":false,"template":"","format":"standard","meta":{"footnotes":""},"categories":[11,2,20,10],"tags":[111,725,29],"class_list":["post-9816","post","type-post","status-publish","format-standard","has-post-thumbnail","hentry","category-homepage-french","category-politique","category-top-nouvelles","category-toutes-les-actualites","tag-africa-press","tag-africa-press-burkina-faso","tag-burkina-faso"],"yoast_head":"<!-- This site is optimized with the Yoast SEO Premium plugin v26.1 (Yoast SEO v27.0) - https:\/\/yoast.com\/product\/yoast-seo-premium-wordpress\/ -->\n<title>Dossier Thomas Sankara\u00a0: Blaise Compaor\u00e9 mis en accusation - Burkina Faso<\/title>\n<meta name=\"description\" content=\"L\u2019ancien Pr\u00e9sident du Faso, Blaise Compaor\u00e9, a \u00e9t\u00e9 mis en accusation ce mardi 13 avril 2021 par le Tribunal militaire, d ...\" \/>\n<meta name=\"robots\" content=\"index, follow, max-snippet:-1, max-image-preview:large, max-video-preview:-1\" \/>\n<link rel=\"canonical\" href=\"https:\/\/www.africa-press.net\/burkina-faso\/politique\/dossier-thomas-sankara-blaise-compaore-mis-en-accusation\" \/>\n<meta property=\"og:locale\" content=\"fr_FR\" \/>\n<meta property=\"og:type\" content=\"article\" \/>\n<meta property=\"og:title\" content=\"Dossier Thomas Sankara\u00a0: Blaise Compaor\u00e9 mis en accusation\" \/>\n<meta property=\"og:description\" content=\"L\u2019ancien Pr\u00e9sident du Faso, Blaise Compaor\u00e9, a \u00e9t\u00e9 mis en accusation ce mardi 13 avril 2021 par le Tribunal militaire, d ...\" \/>\n<meta property=\"og:url\" content=\"https:\/\/www.africa-press.net\/burkina-faso\/politique\/dossier-thomas-sankara-blaise-compaore-mis-en-accusation\" \/>\n<meta property=\"og:site_name\" content=\"Burkina Faso\" \/>\n<meta property=\"article:published_time\" content=\"2021-04-13T14:36:43+00:00\" \/>\n<meta property=\"article:modified_time\" content=\"2021-04-13T16:41:50+00:00\" \/>\n<meta property=\"og:image\" content=\"https:\/\/static.africa-press.net\/burkina\/sites\/42\/2021\/04\/img-6075a4e99fa62.jpg\" \/>\n\t<meta property=\"og:image:width\" content=\"720\" \/>\n\t<meta property=\"og:image:height\" content=\"449\" \/>\n\t<meta property=\"og:image:type\" content=\"image\/jpeg\" \/>\n<meta name=\"author\" content=\"cfeditorfr\" \/>\n<meta name=\"twitter:card\" content=\"summary_large_image\" \/>\n<meta name=\"twitter:label1\" content=\"\u00c9crit par\" \/>\n\t<meta name=\"twitter:data1\" content=\"cfeditorfr\" \/>\n\t<meta name=\"twitter:label2\" content=\"Dur\u00e9e de lecture estim\u00e9e\" \/>\n\t<meta name=\"twitter:data2\" content=\"1 minute\" \/>\n<script type=\"application\/ld+json\" class=\"yoast-schema-graph\">{\"@context\":\"https:\/\/schema.org\",\"@graph\":[{\"@type\":\"Article\",\"@id\":\"https:\/\/www.africa-press.net\/burkina-faso\/politique\/dossier-thomas-sankara-blaise-compaore-mis-en-accusation#article\",\"isPartOf\":{\"@id\":\"https:\/\/www.africa-press.net\/burkina-faso\/politique\/dossier-thomas-sankara-blaise-compaore-mis-en-accusation\"},\"author\":{\"name\":\"cfeditorfr\",\"@id\":\"https:\/\/www.africa-press.net\/burkina-faso\/#\/schema\/person\/2b1cf3cd81a31e3cd26889ca66d677f1\"},\"headline\":\"Dossier Thomas Sankara\u00a0: Blaise Compaor\u00e9 mis en accusation\",\"datePublished\":\"2021-04-13T14:36:43+00:00\",\"dateModified\":\"2021-04-13T16:41:50+00:00\",\"mainEntityOfPage\":{\"@id\":\"https:\/\/www.africa-press.net\/burkina-faso\/politique\/dossier-thomas-sankara-blaise-compaore-mis-en-accusation\"},\"wordCount\":189,\"commentCount\":0,\"image\":{\"@id\":\"https:\/\/www.africa-press.net\/burkina-faso\/politique\/dossier-thomas-sankara-blaise-compaore-mis-en-accusation#primaryimage\"},\"thumbnailUrl\":\"https:\/\/static.africa-press.net\/burkina\/sites\/42\/2021\/04\/img-6075a4e99fa62.jpg\",\"keywords\":[\"Africa Press\",\"Africa Press-Burkina Faso\",\"Burkina Faso\"],\"articleSection\":[\"homepage-french\",\"Politique\",\"Top Nouvelles\",\"Toutes les actualit\u00e9s\"],\"inLanguage\":\"fr-FR\",\"potentialAction\":[{\"@type\":\"CommentAction\",\"name\":\"Comment\",\"target\":[\"https:\/\/www.africa-press.net\/burkina-faso\/politique\/dossier-thomas-sankara-blaise-compaore-mis-en-accusation#respond\"]}]},{\"@type\":\"WebPage\",\"@id\":\"https:\/\/www.africa-press.net\/burkina-faso\/politique\/dossier-thomas-sankara-blaise-compaore-mis-en-accusation\",\"url\":\"https:\/\/www.africa-press.net\/burkina-faso\/politique\/dossier-thomas-sankara-blaise-compaore-mis-en-accusation\",\"name\":\"Dossier Thomas Sankara\u00a0: Blaise Compaor\u00e9 mis en accusation - Burkina Faso\",\"isPartOf\":{\"@id\":\"https:\/\/www.africa-press.net\/burkina-faso\/#website\"},\"primaryImageOfPage\":{\"@id\":\"https:\/\/www.africa-press.net\/burkina-faso\/politique\/dossier-thomas-sankara-blaise-compaore-mis-en-accusation#primaryimage\"},\"image\":{\"@id\":\"https:\/\/www.africa-press.net\/burkina-faso\/politique\/dossier-thomas-sankara-blaise-compaore-mis-en-accusation#primaryimage\"},\"thumbnailUrl\":\"https:\/\/static.africa-press.net\/burkina\/sites\/42\/2021\/04\/img-6075a4e99fa62.jpg\",\"datePublished\":\"2021-04-13T14:36:43+00:00\",\"dateModified\":\"2021-04-13T16:41:50+00:00\",\"author\":{\"@id\":\"https:\/\/www.africa-press.net\/burkina-faso\/#\/schema\/person\/2b1cf3cd81a31e3cd26889ca66d677f1\"},\"description\":\"L\u2019ancien Pr\u00e9sident du Faso, Blaise Compaor\u00e9, a \u00e9t\u00e9 mis en accusation ce mardi 13 avril 2021 par le Tribunal militaire, d ...\",\"breadcrumb\":{\"@id\":\"https:\/\/www.africa-press.net\/burkina-faso\/politique\/dossier-thomas-sankara-blaise-compaore-mis-en-accusation#breadcrumb\"},\"inLanguage\":\"fr-FR\",\"potentialAction\":[{\"@type\":\"ReadAction\",\"target\":[\"https:\/\/www.africa-press.net\/burkina-faso\/politique\/dossier-thomas-sankara-blaise-compaore-mis-en-accusation\"]}]},{\"@type\":\"ImageObject\",\"inLanguage\":\"fr-FR\",\"@id\":\"https:\/\/www.africa-press.net\/burkina-faso\/politique\/dossier-thomas-sankara-blaise-compaore-mis-en-accusation#primaryimage\",\"url\":\"https:\/\/static.africa-press.net\/burkina\/sites\/42\/2021\/04\/img-6075a4e99fa62.jpg\",\"contentUrl\":\"https:\/\/static.africa-press.net\/burkina\/sites\/42\/2021\/04\/img-6075a4e99fa62.jpg\",\"width\":720,\"height\":449,\"caption\":\"Dossier Thomas Sankara\u00a0: Blaise Compaor\u00e9 mis en accusation\"},{\"@type\":\"BreadcrumbList\",\"@id\":\"https:\/\/www.africa-press.net\/burkina-faso\/politique\/dossier-thomas-sankara-blaise-compaore-mis-en-accusation#breadcrumb\",\"itemListElement\":[{\"@type\":\"ListItem\",\"position\":1,\"name\":\"Accueil\",\"item\":\"https:\/\/www.africa-press.net\/burkina-faso\/\"},{\"@type\":\"ListItem\",\"position\":2,\"name\":\"Dossier Thomas Sankara\u00a0: Blaise Compaor\u00e9 mis en accusation\"}]},{\"@type\":\"WebSite\",\"@id\":\"https:\/\/www.africa-press.net\/burkina-faso\/#website\",\"url\":\"https:\/\/www.africa-press.net\/burkina-faso\/\",\"name\":\"Burkina Faso\",\"description\":\"Just another Africa News Agency Sites site\",\"potentialAction\":[{\"@type\":\"SearchAction\",\"target\":{\"@type\":\"EntryPoint\",\"urlTemplate\":\"https:\/\/www.africa-press.net\/burkina-faso\/?s={search_term_string}\"},\"query-input\":{\"@type\":\"PropertyValueSpecification\",\"valueRequired\":true,\"valueName\":\"search_term_string\"}}],\"inLanguage\":\"fr-FR\"},{\"@type\":\"Person\",\"@id\":\"https:\/\/www.africa-press.net\/burkina-faso\/#\/schema\/person\/2b1cf3cd81a31e3cd26889ca66d677f1\",\"name\":\"cfeditorfr\"}]}<\/script>\n<!-- \/ Yoast SEO Premium plugin. -->","yoast_head_json":{"title":"Dossier Thomas Sankara\u00a0: Blaise Compaor\u00e9 mis en accusation - Burkina Faso","description":"L\u2019ancien Pr\u00e9sident du Faso, Blaise Compaor\u00e9, a \u00e9t\u00e9 mis en accusation ce mardi 13 avril 2021 par le Tribunal militaire, d ...","robots":{"index":"index","follow":"follow","max-snippet":"max-snippet:-1","max-image-preview":"max-image-preview:large","max-video-preview":"max-video-preview:-1"},"canonical":"https:\/\/www.africa-press.net\/burkina-faso\/politique\/dossier-thomas-sankara-blaise-compaore-mis-en-accusation","og_locale":"fr_FR","og_type":"article","og_title":"Dossier Thomas Sankara\u00a0: Blaise Compaor\u00e9 mis en accusation","og_description":"L\u2019ancien Pr\u00e9sident du Faso, Blaise Compaor\u00e9, a \u00e9t\u00e9 mis en accusation ce mardi 13 avril 2021 par le Tribunal militaire, d ...","og_url":"https:\/\/www.africa-press.net\/burkina-faso\/politique\/dossier-thomas-sankara-blaise-compaore-mis-en-accusation","og_site_name":"Burkina Faso","article_published_time":"2021-04-13T14:36:43+00:00","article_modified_time":"2021-04-13T16:41:50+00:00","og_image":[{"width":720,"height":449,"url":"https:\/\/static.africa-press.net\/burkina\/sites\/42\/2021\/04\/img-6075a4e99fa62.jpg","type":"image\/jpeg"}],"author":"cfeditorfr","twitter_card":"summary_large_image","twitter_misc":{"\u00c9crit par":"cfeditorfr","Dur\u00e9e de lecture estim\u00e9e":"1 minute"},"schema":{"@context":"https:\/\/schema.org","@graph":[{"@type":"Article","@id":"https:\/\/www.africa-press.net\/burkina-faso\/politique\/dossier-thomas-sankara-blaise-compaore-mis-en-accusation#article","isPartOf":{"@id":"https:\/\/www.africa-press.net\/burkina-faso\/politique\/dossier-thomas-sankara-blaise-compaore-mis-en-accusation"},"author":{"name":"cfeditorfr","@id":"https:\/\/www.africa-press.net\/burkina-faso\/#\/schema\/person\/2b1cf3cd81a31e3cd26889ca66d677f1"},"headline":"Dossier Thomas Sankara\u00a0: Blaise Compaor\u00e9 mis en accusation","datePublished":"2021-04-13T14:36:43+00:00","dateModified":"2021-04-13T16:41:50+00:00","mainEntityOfPage":{"@id":"https:\/\/www.africa-press.net\/burkina-faso\/politique\/dossier-thomas-sankara-blaise-compaore-mis-en-accusation"},"wordCount":189,"commentCount":0,"image":{"@id":"https:\/\/www.africa-press.net\/burkina-faso\/politique\/dossier-thomas-sankara-blaise-compaore-mis-en-accusation#primaryimage"},"thumbnailUrl":"https:\/\/static.africa-press.net\/burkina\/sites\/42\/2021\/04\/img-6075a4e99fa62.jpg","keywords":["Africa Press","Africa Press-Burkina Faso","Burkina Faso"],"articleSection":["homepage-french","Politique","Top Nouvelles","Toutes les actualit\u00e9s"],"inLanguage":"fr-FR","potentialAction":[{"@type":"CommentAction","name":"Comment","target":["https:\/\/www.africa-press.net\/burkina-faso\/politique\/dossier-thomas-sankara-blaise-compaore-mis-en-accusation#respond"]}]},{"@type":"WebPage","@id":"https:\/\/www.africa-press.net\/burkina-faso\/politique\/dossier-thomas-sankara-blaise-compaore-mis-en-accusation","url":"https:\/\/www.africa-press.net\/burkina-faso\/politique\/dossier-thomas-sankara-blaise-compaore-mis-en-accusation","name":"Dossier Thomas Sankara\u00a0: Blaise Compaor\u00e9 mis en accusation - Burkina Faso","isPartOf":{"@id":"https:\/\/www.africa-press.net\/burkina-faso\/#website"},"primaryImageOfPage":{"@id":"https:\/\/www.africa-press.net\/burkina-faso\/politique\/dossier-thomas-sankara-blaise-compaore-mis-en-accusation#primaryimage"},"image":{"@id":"https:\/\/www.africa-press.net\/burkina-faso\/politique\/dossier-thomas-sankara-blaise-compaore-mis-en-accusation#primaryimage"},"thumbnailUrl":"https:\/\/static.africa-press.net\/burkina\/sites\/42\/2021\/04\/img-6075a4e99fa62.jpg","datePublished":"2021-04-13T14:36:43+00:00","dateModified":"2021-04-13T16:41:50+00:00","author":{"@id":"https:\/\/www.africa-press.net\/burkina-faso\/#\/schema\/person\/2b1cf3cd81a31e3cd26889ca66d677f1"},"description":"L\u2019ancien Pr\u00e9sident du Faso, Blaise Compaor\u00e9, a \u00e9t\u00e9 mis en accusation ce mardi 13 avril 2021 par le Tribunal militaire, d ...","breadcrumb":{"@id":"https:\/\/www.africa-press.net\/burkina-faso\/politique\/dossier-thomas-sankara-blaise-compaore-mis-en-accusation#breadcrumb"},"inLanguage":"fr-FR","potentialAction":[{"@type":"ReadAction","target":["https:\/\/www.africa-press.net\/burkina-faso\/politique\/dossier-thomas-sankara-blaise-compaore-mis-en-accusation"]}]},{"@type":"ImageObject","inLanguage":"fr-FR","@id":"https:\/\/www.africa-press.net\/burkina-faso\/politique\/dossier-thomas-sankara-blaise-compaore-mis-en-accusation#primaryimage","url":"https:\/\/static.africa-press.net\/burkina\/sites\/42\/2021\/04\/img-6075a4e99fa62.jpg","contentUrl":"https:\/\/static.africa-press.net\/burkina\/sites\/42\/2021\/04\/img-6075a4e99fa62.jpg","width":720,"height":449,"caption":"Dossier Thomas Sankara\u00a0: Blaise Compaor\u00e9 mis en accusation"},{"@type":"BreadcrumbList","@id":"https:\/\/www.africa-press.net\/burkina-faso\/politique\/dossier-thomas-sankara-blaise-compaore-mis-en-accusation#breadcrumb","itemListElement":[{"@type":"ListItem","position":1,"name":"Accueil","item":"https:\/\/www.africa-press.net\/burkina-faso\/"},{"@type":"ListItem","position":2,"name":"Dossier Thomas Sankara\u00a0: Blaise Compaor\u00e9 mis en accusation"}]},{"@type":"WebSite","@id":"https:\/\/www.africa-press.net\/burkina-faso\/#website","url":"https:\/\/www.africa-press.net\/burkina-faso\/","name":"Burkina Faso","description":"Just another Africa News Agency Sites site","potentialAction":[{"@type":"SearchAction","target":{"@type":"EntryPoint","urlTemplate":"https:\/\/www.africa-press.net\/burkina-faso\/?s={search_term_string}"},"query-input":{"@type":"PropertyValueSpecification","valueRequired":true,"valueName":"search_term_string"}}],"inLanguage":"fr-FR"},{"@type":"Person","@id":"https:\/\/www.africa-press.net\/burkina-faso\/#\/schema\/person\/2b1cf3cd81a31e3cd26889ca66d677f1","name":"cfeditorfr"}]}},"_links":{"self":[{"href":"https:\/\/www.africa-press.net\/burkina-faso\/wp-json\/wp\/v2\/posts\/9816","targetHints":{"allow":["GET"]}}],"collection":[{"href":"https:\/\/www.africa-press.net\/burkina-faso\/wp-json\/wp\/v2\/posts"}],"about":[{"href":"https:\/\/www.africa-press.net\/burkina-faso\/wp-json\/wp\/v2\/types\/post"}],"author":[{"embeddable":true,"href":"https:\/\/www.africa-press.net\/burkina-faso\/wp-json\/wp\/v2\/users\/82"}],"replies":[{"embeddable":true,"href":"https:\/\/www.africa-press.net\/burkina-faso\/wp-json\/wp\/v2\/comments?post=9816"}],"version-history":[{"count":0,"href":"https:\/\/www.africa-press.net\/burkina-faso\/wp-json\/wp\/v2\/posts\/9816\/revisions"}],"wp:featuredmedia":[{"embeddable":true,"href":"https:\/\/www.africa-press.net\/burkina-faso\/wp-json\/wp\/v2\/media\/9815"}],"wp:attachment":[{"href":"https:\/\/www.africa-press.net\/burkina-faso\/wp-json\/wp\/v2\/media?parent=9816"}],"wp:term":[{"taxonomy":"category","embeddable":true,"href":"https:\/\/www.africa-press.net\/burkina-faso\/wp-json\/wp\/v2\/categories?post=9816"},{"taxonomy":"post_tag","embeddable":true,"href":"https:\/\/www.africa-press.net\/burkina-faso\/wp-json\/wp\/v2\/tags?post=9816"}],"curies":[{"name":"wp","href":"https:\/\/api.w.org\/{rel}","templated":true}]}}