{"id":9819,"date":"2021-04-13T14:41:34","date_gmt":"2021-04-13T14:41:34","guid":{"rendered":"https:\/\/www.africa-press.net\/burkina-faso\/?p=9819"},"modified":"2021-04-13T16:41:57","modified_gmt":"2021-04-13T16:41:57","slug":"centre-est-locades-caritas-burkina-sengage-pour-une-protection-des-migrants-vulnerables-du-sahel","status":"publish","type":"post","link":"https:\/\/www.africa-press.net\/burkina-faso\/toutes-les-actualites\/centre-est-locades-caritas-burkina-sengage-pour-une-protection-des-migrants-vulnerables-du-sahel","title":{"rendered":"Centre-Est : L\u2019OCADES Caritas Burkina s\u2019engage pour une protection des migrants vuln\u00e9rables du Sahel"},"content":{"rendered":"<p><span style=\"color: #ff6600\"><strong><a href=\"https:\/\/www.africa-press.net\/\">Africa-Press<\/a> &#8211; <a href=\"https:\/\/www.africa-press.net\/burkina-faso\">Burkina Faso<\/a>. <\/strong><\/span>Le gouverneur de la r\u00e9gion du Centre-Est, Antoine Ou\u00e9draogo, a pr\u00e9sid\u00e9 le mercredi 31 mars 2021 \u00e0 Tenkodogo, la c\u00e9r\u00e9monie de lancement officiel du projet \u00ab Protection des migrants les plus vuln\u00e9rables sur les routes migratoires du Sahel (PROMISA) \u00bb. Ce projet, financ\u00e9 par l\u2019Union europ\u00e9enne (UE), est une initiative de l\u2019Organisation Catholique pour le D\u00e9veloppement et la Solidarit\u00e9 (OCADES) du Burkina en partenariat avec CACH, CRS (Mali et Niger).<\/p>\n<p>C\u2019est dans l\u2019optique d\u2019appuyer la protection des migrants les plus vuln\u00e9rables du Sahel que l\u2019OCADES Caritas Burkina met en \u0153uvre, avec sa structure d\u00e9concentr\u00e9e de Tenkodogo, le projet \u00ab Protection des migrants les plus vuln\u00e9rables sur les routes migratoires du Sahel (PROMISA) \u00bb. L\u2019objectif est d\u2019assurer aux migrants de la zone d\u2019intervention du projet, l\u2019assistance, la protection, la sensibilisation, ainsi que l\u2019acc\u00e8s aux services sociaux de base. Pour atteindre les objectifs fix\u00e9s, le projet, dans sa mise en \u0153uvre, pr\u00e9voit le renforcement des capacit\u00e9s de ses acteurs institutionnels et locaux.<\/p>\n<p>D\u2019une valeur d\u2019environ un milliard de francs CFA, le projet, financ\u00e9 par l\u2019Union europ\u00e9enne (UE), concerne les trois pays que sont le Burkina Faso, le Mali et le Niger. Selon le secr\u00e9taire g\u00e9n\u00e9ral de l\u2019OCADES Caritas Burkina, Abb\u00e9 Safaniti\u00e9 Constantin S\u00e9r\u00e9, le pr\u00e9sent projet ne d\u00e9courage ni encourage en aucun cas la migration.<\/p>\n<p>Pour lui, c\u2019est une initiative qui permettra d\u2019apporter une assistance humanitaire, psycho sociale et juridique aux migrants vuln\u00e9rables du Sahel dans le strict respect de ses principes fondamentaux, \u00e0 savoir les principes de protection, de non-victimisation, de confidentialit\u00e9 et humanitaire.<\/p>\n<p>Le gouverneur de la r\u00e9gion du Centre-Est, Antoine Ou\u00e9draogo, a pour l\u2019occasion invit\u00e9 les b\u00e9n\u00e9ficiaires du projet \u00e0 s\u2019impliquer activement dans sa mise en \u0153uvre. Toute chose qui permettra, \u00e0 son avis, de contribuer \u00e0 l\u2019am\u00e9lioration des conditions de vie des migrants. Cette c\u00e9r\u00e9monie s\u2019est d\u00e9roul\u00e9e en pr\u00e9sence de Mgr Prosper Konti\u00e9bo, \u00e9v\u00eaque de Tenkodogo.<\/p>\n<p><b>\u00a0<\/b><\/p>\n","protected":false},"excerpt":{"rendered":"<p>Africa-Press &#8211; Burkina Faso. Le gouverneur de la r\u00e9gion du Centre-Est, Antoine Ou\u00e9draogo, a pr\u00e9sid\u00e9 le mercredi 31 mars 2021 \u00e0 Tenkodogo, la c\u00e9r\u00e9monie de lancement officiel du projet \u00ab Protection des migrants les plus vuln\u00e9rables sur les routes migratoires du Sahel (PROMISA) \u00bb. Ce projet, financ\u00e9 par l\u2019Union europ\u00e9enne (UE), est une initiative de [&hellip;]<\/p>\n","protected":false},"author":82,"featured_media":9818,"comment_status":"open","ping_status":"closed","sticky":false,"template":"","format":"standard","meta":{"footnotes":""},"categories":[21,11,10],"tags":[111,725,29],"class_list":["post-9819","post","type-post","status-publish","format-standard","has-post-thumbnail","hentry","category-communaute","category-homepage-french","category-toutes-les-actualites","tag-africa-press","tag-africa-press-burkina-faso","tag-burkina-faso"],"yoast_head":"<!-- This site is optimized with the Yoast SEO Premium plugin v26.1 (Yoast SEO v27.0) - https:\/\/yoast.com\/product\/yoast-seo-premium-wordpress\/ -->\n<title>Centre-Est : L\u2019OCADES Caritas Burkina s\u2019engage pour une protection des migrants vuln\u00e9rables du Sahel - Burkina Faso<\/title>\n<meta name=\"description\" content=\"Le gouverneur de la r\u00e9gion du Centre-Est, Antoine Ou\u00e9draogo, a pr\u00e9sid\u00e9 le mercredi 31 mars 2021 \u00e0 Tenkodogo, la c\u00e9r\u00e9moni ...\" \/>\n<meta name=\"robots\" content=\"index, follow, max-snippet:-1, max-image-preview:large, max-video-preview:-1\" \/>\n<link rel=\"canonical\" href=\"https:\/\/www.africa-press.net\/burkina-faso\/toutes-les-actualites\/centre-est-locades-caritas-burkina-sengage-pour-une-protection-des-migrants-vulnerables-du-sahel\" \/>\n<meta property=\"og:locale\" content=\"fr_FR\" \/>\n<meta property=\"og:type\" content=\"article\" \/>\n<meta property=\"og:title\" content=\"Centre-Est : L\u2019OCADES Caritas Burkina s\u2019engage pour une protection des migrants vuln\u00e9rables du Sahel\" \/>\n<meta property=\"og:description\" content=\"Le gouverneur de la r\u00e9gion du Centre-Est, Antoine Ou\u00e9draogo, a pr\u00e9sid\u00e9 le mercredi 31 mars 2021 \u00e0 Tenkodogo, la c\u00e9r\u00e9moni ...\" \/>\n<meta property=\"og:url\" content=\"https:\/\/www.africa-press.net\/burkina-faso\/toutes-les-actualites\/centre-est-locades-caritas-burkina-sengage-pour-une-protection-des-migrants-vulnerables-du-sahel\" \/>\n<meta property=\"og:site_name\" content=\"Burkina Faso\" \/>\n<meta property=\"article:published_time\" content=\"2021-04-13T14:41:34+00:00\" \/>\n<meta property=\"article:modified_time\" content=\"2021-04-13T16:41:57+00:00\" \/>\n<meta property=\"og:image\" content=\"https:\/\/static.africa-press.net\/burkina\/sites\/42\/2021\/04\/img-6075a51caec14.jpg\" \/>\n\t<meta property=\"og:image:width\" content=\"720\" \/>\n\t<meta property=\"og:image:height\" content=\"382\" \/>\n\t<meta property=\"og:image:type\" content=\"image\/jpeg\" \/>\n<meta name=\"author\" content=\"cfeditorfr\" \/>\n<meta name=\"twitter:card\" content=\"summary_large_image\" \/>\n<meta name=\"twitter:label1\" content=\"\u00c9crit par\" \/>\n\t<meta name=\"twitter:data1\" content=\"cfeditorfr\" \/>\n\t<meta name=\"twitter:label2\" content=\"Dur\u00e9e de lecture estim\u00e9e\" \/>\n\t<meta name=\"twitter:data2\" content=\"2 minutes\" \/>\n<script type=\"application\/ld+json\" class=\"yoast-schema-graph\">{\"@context\":\"https:\/\/schema.org\",\"@graph\":[{\"@type\":\"Article\",\"@id\":\"https:\/\/www.africa-press.net\/burkina-faso\/toutes-les-actualites\/centre-est-locades-caritas-burkina-sengage-pour-une-protection-des-migrants-vulnerables-du-sahel#article\",\"isPartOf\":{\"@id\":\"https:\/\/www.africa-press.net\/burkina-faso\/toutes-les-actualites\/centre-est-locades-caritas-burkina-sengage-pour-une-protection-des-migrants-vulnerables-du-sahel\"},\"author\":{\"name\":\"cfeditorfr\",\"@id\":\"https:\/\/www.africa-press.net\/burkina-faso\/#\/schema\/person\/2b1cf3cd81a31e3cd26889ca66d677f1\"},\"headline\":\"Centre-Est : L\u2019OCADES Caritas Burkina s\u2019engage pour une protection des migrants vuln\u00e9rables du Sahel\",\"datePublished\":\"2021-04-13T14:41:34+00:00\",\"dateModified\":\"2021-04-13T16:41:57+00:00\",\"mainEntityOfPage\":{\"@id\":\"https:\/\/www.africa-press.net\/burkina-faso\/toutes-les-actualites\/centre-est-locades-caritas-burkina-sengage-pour-une-protection-des-migrants-vulnerables-du-sahel\"},\"wordCount\":374,\"commentCount\":0,\"image\":{\"@id\":\"https:\/\/www.africa-press.net\/burkina-faso\/toutes-les-actualites\/centre-est-locades-caritas-burkina-sengage-pour-une-protection-des-migrants-vulnerables-du-sahel#primaryimage\"},\"thumbnailUrl\":\"https:\/\/static.africa-press.net\/burkina\/sites\/42\/2021\/04\/img-6075a51caec14.jpg\",\"keywords\":[\"Africa Press\",\"Africa Press-Burkina Faso\",\"Burkina Faso\"],\"articleSection\":[\"Communaut\u00e9\",\"homepage-french\",\"Toutes les actualit\u00e9s\"],\"inLanguage\":\"fr-FR\",\"potentialAction\":[{\"@type\":\"CommentAction\",\"name\":\"Comment\",\"target\":[\"https:\/\/www.africa-press.net\/burkina-faso\/toutes-les-actualites\/centre-est-locades-caritas-burkina-sengage-pour-une-protection-des-migrants-vulnerables-du-sahel#respond\"]}]},{\"@type\":\"WebPage\",\"@id\":\"https:\/\/www.africa-press.net\/burkina-faso\/toutes-les-actualites\/centre-est-locades-caritas-burkina-sengage-pour-une-protection-des-migrants-vulnerables-du-sahel\",\"url\":\"https:\/\/www.africa-press.net\/burkina-faso\/toutes-les-actualites\/centre-est-locades-caritas-burkina-sengage-pour-une-protection-des-migrants-vulnerables-du-sahel\",\"name\":\"Centre-Est : L\u2019OCADES Caritas Burkina s\u2019engage pour une protection des migrants vuln\u00e9rables du Sahel - Burkina Faso\",\"isPartOf\":{\"@id\":\"https:\/\/www.africa-press.net\/burkina-faso\/#website\"},\"primaryImageOfPage\":{\"@id\":\"https:\/\/www.africa-press.net\/burkina-faso\/toutes-les-actualites\/centre-est-locades-caritas-burkina-sengage-pour-une-protection-des-migrants-vulnerables-du-sahel#primaryimage\"},\"image\":{\"@id\":\"https:\/\/www.africa-press.net\/burkina-faso\/toutes-les-actualites\/centre-est-locades-caritas-burkina-sengage-pour-une-protection-des-migrants-vulnerables-du-sahel#primaryimage\"},\"thumbnailUrl\":\"https:\/\/static.africa-press.net\/burkina\/sites\/42\/2021\/04\/img-6075a51caec14.jpg\",\"datePublished\":\"2021-04-13T14:41:34+00:00\",\"dateModified\":\"2021-04-13T16:41:57+00:00\",\"author\":{\"@id\":\"https:\/\/www.africa-press.net\/burkina-faso\/#\/schema\/person\/2b1cf3cd81a31e3cd26889ca66d677f1\"},\"description\":\"Le gouverneur de la r\u00e9gion du Centre-Est, Antoine Ou\u00e9draogo, a pr\u00e9sid\u00e9 le mercredi 31 mars 2021 \u00e0 Tenkodogo, la c\u00e9r\u00e9moni ...\",\"breadcrumb\":{\"@id\":\"https:\/\/www.africa-press.net\/burkina-faso\/toutes-les-actualites\/centre-est-locades-caritas-burkina-sengage-pour-une-protection-des-migrants-vulnerables-du-sahel#breadcrumb\"},\"inLanguage\":\"fr-FR\",\"potentialAction\":[{\"@type\":\"ReadAction\",\"target\":[\"https:\/\/www.africa-press.net\/burkina-faso\/toutes-les-actualites\/centre-est-locades-caritas-burkina-sengage-pour-une-protection-des-migrants-vulnerables-du-sahel\"]}]},{\"@type\":\"ImageObject\",\"inLanguage\":\"fr-FR\",\"@id\":\"https:\/\/www.africa-press.net\/burkina-faso\/toutes-les-actualites\/centre-est-locades-caritas-burkina-sengage-pour-une-protection-des-migrants-vulnerables-du-sahel#primaryimage\",\"url\":\"https:\/\/static.africa-press.net\/burkina\/sites\/42\/2021\/04\/img-6075a51caec14.jpg\",\"contentUrl\":\"https:\/\/static.africa-press.net\/burkina\/sites\/42\/2021\/04\/img-6075a51caec14.jpg\",\"width\":720,\"height\":382,\"caption\":\"Centre-Est : L\u2019OCADES Caritas Burkina s\u2019engage pour une protection des migrants vuln\u00e9rables du Sahel\"},{\"@type\":\"BreadcrumbList\",\"@id\":\"https:\/\/www.africa-press.net\/burkina-faso\/toutes-les-actualites\/centre-est-locades-caritas-burkina-sengage-pour-une-protection-des-migrants-vulnerables-du-sahel#breadcrumb\",\"itemListElement\":[{\"@type\":\"ListItem\",\"position\":1,\"name\":\"Accueil\",\"item\":\"https:\/\/www.africa-press.net\/burkina-faso\/\"},{\"@type\":\"ListItem\",\"position\":2,\"name\":\"Centre-Est : L\u2019OCADES Caritas Burkina s\u2019engage pour une protection des migrants vuln\u00e9rables du Sahel\"}]},{\"@type\":\"WebSite\",\"@id\":\"https:\/\/www.africa-press.net\/burkina-faso\/#website\",\"url\":\"https:\/\/www.africa-press.net\/burkina-faso\/\",\"name\":\"Burkina Faso\",\"description\":\"Just another Africa News Agency Sites site\",\"potentialAction\":[{\"@type\":\"SearchAction\",\"target\":{\"@type\":\"EntryPoint\",\"urlTemplate\":\"https:\/\/www.africa-press.net\/burkina-faso\/?s={search_term_string}\"},\"query-input\":{\"@type\":\"PropertyValueSpecification\",\"valueRequired\":true,\"valueName\":\"search_term_string\"}}],\"inLanguage\":\"fr-FR\"},{\"@type\":\"Person\",\"@id\":\"https:\/\/www.africa-press.net\/burkina-faso\/#\/schema\/person\/2b1cf3cd81a31e3cd26889ca66d677f1\",\"name\":\"cfeditorfr\"}]}<\/script>\n<!-- \/ Yoast SEO Premium plugin. -->","yoast_head_json":{"title":"Centre-Est : L\u2019OCADES Caritas Burkina s\u2019engage pour une protection des migrants vuln\u00e9rables du Sahel - Burkina Faso","description":"Le gouverneur de la r\u00e9gion du Centre-Est, Antoine Ou\u00e9draogo, a pr\u00e9sid\u00e9 le mercredi 31 mars 2021 \u00e0 Tenkodogo, la c\u00e9r\u00e9moni ...","robots":{"index":"index","follow":"follow","max-snippet":"max-snippet:-1","max-image-preview":"max-image-preview:large","max-video-preview":"max-video-preview:-1"},"canonical":"https:\/\/www.africa-press.net\/burkina-faso\/toutes-les-actualites\/centre-est-locades-caritas-burkina-sengage-pour-une-protection-des-migrants-vulnerables-du-sahel","og_locale":"fr_FR","og_type":"article","og_title":"Centre-Est : L\u2019OCADES Caritas Burkina s\u2019engage pour une protection des migrants vuln\u00e9rables du Sahel","og_description":"Le gouverneur de la r\u00e9gion du Centre-Est, Antoine Ou\u00e9draogo, a pr\u00e9sid\u00e9 le mercredi 31 mars 2021 \u00e0 Tenkodogo, la c\u00e9r\u00e9moni ...","og_url":"https:\/\/www.africa-press.net\/burkina-faso\/toutes-les-actualites\/centre-est-locades-caritas-burkina-sengage-pour-une-protection-des-migrants-vulnerables-du-sahel","og_site_name":"Burkina Faso","article_published_time":"2021-04-13T14:41:34+00:00","article_modified_time":"2021-04-13T16:41:57+00:00","og_image":[{"width":720,"height":382,"url":"https:\/\/static.africa-press.net\/burkina\/sites\/42\/2021\/04\/img-6075a51caec14.jpg","type":"image\/jpeg"}],"author":"cfeditorfr","twitter_card":"summary_large_image","twitter_misc":{"\u00c9crit par":"cfeditorfr","Dur\u00e9e de lecture estim\u00e9e":"2 minutes"},"schema":{"@context":"https:\/\/schema.org","@graph":[{"@type":"Article","@id":"https:\/\/www.africa-press.net\/burkina-faso\/toutes-les-actualites\/centre-est-locades-caritas-burkina-sengage-pour-une-protection-des-migrants-vulnerables-du-sahel#article","isPartOf":{"@id":"https:\/\/www.africa-press.net\/burkina-faso\/toutes-les-actualites\/centre-est-locades-caritas-burkina-sengage-pour-une-protection-des-migrants-vulnerables-du-sahel"},"author":{"name":"cfeditorfr","@id":"https:\/\/www.africa-press.net\/burkina-faso\/#\/schema\/person\/2b1cf3cd81a31e3cd26889ca66d677f1"},"headline":"Centre-Est : L\u2019OCADES Caritas Burkina s\u2019engage pour une protection des migrants vuln\u00e9rables du Sahel","datePublished":"2021-04-13T14:41:34+00:00","dateModified":"2021-04-13T16:41:57+00:00","mainEntityOfPage":{"@id":"https:\/\/www.africa-press.net\/burkina-faso\/toutes-les-actualites\/centre-est-locades-caritas-burkina-sengage-pour-une-protection-des-migrants-vulnerables-du-sahel"},"wordCount":374,"commentCount":0,"image":{"@id":"https:\/\/www.africa-press.net\/burkina-faso\/toutes-les-actualites\/centre-est-locades-caritas-burkina-sengage-pour-une-protection-des-migrants-vulnerables-du-sahel#primaryimage"},"thumbnailUrl":"https:\/\/static.africa-press.net\/burkina\/sites\/42\/2021\/04\/img-6075a51caec14.jpg","keywords":["Africa Press","Africa Press-Burkina Faso","Burkina Faso"],"articleSection":["Communaut\u00e9","homepage-french","Toutes les actualit\u00e9s"],"inLanguage":"fr-FR","potentialAction":[{"@type":"CommentAction","name":"Comment","target":["https:\/\/www.africa-press.net\/burkina-faso\/toutes-les-actualites\/centre-est-locades-caritas-burkina-sengage-pour-une-protection-des-migrants-vulnerables-du-sahel#respond"]}]},{"@type":"WebPage","@id":"https:\/\/www.africa-press.net\/burkina-faso\/toutes-les-actualites\/centre-est-locades-caritas-burkina-sengage-pour-une-protection-des-migrants-vulnerables-du-sahel","url":"https:\/\/www.africa-press.net\/burkina-faso\/toutes-les-actualites\/centre-est-locades-caritas-burkina-sengage-pour-une-protection-des-migrants-vulnerables-du-sahel","name":"Centre-Est : L\u2019OCADES Caritas Burkina s\u2019engage pour une protection des migrants vuln\u00e9rables du Sahel - Burkina Faso","isPartOf":{"@id":"https:\/\/www.africa-press.net\/burkina-faso\/#website"},"primaryImageOfPage":{"@id":"https:\/\/www.africa-press.net\/burkina-faso\/toutes-les-actualites\/centre-est-locades-caritas-burkina-sengage-pour-une-protection-des-migrants-vulnerables-du-sahel#primaryimage"},"image":{"@id":"https:\/\/www.africa-press.net\/burkina-faso\/toutes-les-actualites\/centre-est-locades-caritas-burkina-sengage-pour-une-protection-des-migrants-vulnerables-du-sahel#primaryimage"},"thumbnailUrl":"https:\/\/static.africa-press.net\/burkina\/sites\/42\/2021\/04\/img-6075a51caec14.jpg","datePublished":"2021-04-13T14:41:34+00:00","dateModified":"2021-04-13T16:41:57+00:00","author":{"@id":"https:\/\/www.africa-press.net\/burkina-faso\/#\/schema\/person\/2b1cf3cd81a31e3cd26889ca66d677f1"},"description":"Le gouverneur de la r\u00e9gion du Centre-Est, Antoine Ou\u00e9draogo, a pr\u00e9sid\u00e9 le mercredi 31 mars 2021 \u00e0 Tenkodogo, la c\u00e9r\u00e9moni ...","breadcrumb":{"@id":"https:\/\/www.africa-press.net\/burkina-faso\/toutes-les-actualites\/centre-est-locades-caritas-burkina-sengage-pour-une-protection-des-migrants-vulnerables-du-sahel#breadcrumb"},"inLanguage":"fr-FR","potentialAction":[{"@type":"ReadAction","target":["https:\/\/www.africa-press.net\/burkina-faso\/toutes-les-actualites\/centre-est-locades-caritas-burkina-sengage-pour-une-protection-des-migrants-vulnerables-du-sahel"]}]},{"@type":"ImageObject","inLanguage":"fr-FR","@id":"https:\/\/www.africa-press.net\/burkina-faso\/toutes-les-actualites\/centre-est-locades-caritas-burkina-sengage-pour-une-protection-des-migrants-vulnerables-du-sahel#primaryimage","url":"https:\/\/static.africa-press.net\/burkina\/sites\/42\/2021\/04\/img-6075a51caec14.jpg","contentUrl":"https:\/\/static.africa-press.net\/burkina\/sites\/42\/2021\/04\/img-6075a51caec14.jpg","width":720,"height":382,"caption":"Centre-Est : L\u2019OCADES Caritas Burkina s\u2019engage pour une protection des migrants vuln\u00e9rables du Sahel"},{"@type":"BreadcrumbList","@id":"https:\/\/www.africa-press.net\/burkina-faso\/toutes-les-actualites\/centre-est-locades-caritas-burkina-sengage-pour-une-protection-des-migrants-vulnerables-du-sahel#breadcrumb","itemListElement":[{"@type":"ListItem","position":1,"name":"Accueil","item":"https:\/\/www.africa-press.net\/burkina-faso\/"},{"@type":"ListItem","position":2,"name":"Centre-Est : L\u2019OCADES Caritas Burkina s\u2019engage pour une protection des migrants vuln\u00e9rables du Sahel"}]},{"@type":"WebSite","@id":"https:\/\/www.africa-press.net\/burkina-faso\/#website","url":"https:\/\/www.africa-press.net\/burkina-faso\/","name":"Burkina Faso","description":"Just another Africa News Agency Sites site","potentialAction":[{"@type":"SearchAction","target":{"@type":"EntryPoint","urlTemplate":"https:\/\/www.africa-press.net\/burkina-faso\/?s={search_term_string}"},"query-input":{"@type":"PropertyValueSpecification","valueRequired":true,"valueName":"search_term_string"}}],"inLanguage":"fr-FR"},{"@type":"Person","@id":"https:\/\/www.africa-press.net\/burkina-faso\/#\/schema\/person\/2b1cf3cd81a31e3cd26889ca66d677f1","name":"cfeditorfr"}]}},"_links":{"self":[{"href":"https:\/\/www.africa-press.net\/burkina-faso\/wp-json\/wp\/v2\/posts\/9819","targetHints":{"allow":["GET"]}}],"collection":[{"href":"https:\/\/www.africa-press.net\/burkina-faso\/wp-json\/wp\/v2\/posts"}],"about":[{"href":"https:\/\/www.africa-press.net\/burkina-faso\/wp-json\/wp\/v2\/types\/post"}],"author":[{"embeddable":true,"href":"https:\/\/www.africa-press.net\/burkina-faso\/wp-json\/wp\/v2\/users\/82"}],"replies":[{"embeddable":true,"href":"https:\/\/www.africa-press.net\/burkina-faso\/wp-json\/wp\/v2\/comments?post=9819"}],"version-history":[{"count":0,"href":"https:\/\/www.africa-press.net\/burkina-faso\/wp-json\/wp\/v2\/posts\/9819\/revisions"}],"wp:featuredmedia":[{"embeddable":true,"href":"https:\/\/www.africa-press.net\/burkina-faso\/wp-json\/wp\/v2\/media\/9818"}],"wp:attachment":[{"href":"https:\/\/www.africa-press.net\/burkina-faso\/wp-json\/wp\/v2\/media?parent=9819"}],"wp:term":[{"taxonomy":"category","embeddable":true,"href":"https:\/\/www.africa-press.net\/burkina-faso\/wp-json\/wp\/v2\/categories?post=9819"},{"taxonomy":"post_tag","embeddable":true,"href":"https:\/\/www.africa-press.net\/burkina-faso\/wp-json\/wp\/v2\/tags?post=9819"}],"curies":[{"name":"wp","href":"https:\/\/api.w.org\/{rel}","templated":true}]}}