{"id":9830,"date":"2021-04-13T15:10:47","date_gmt":"2021-04-13T15:10:47","guid":{"rendered":"https:\/\/www.africa-press.net\/burkina-faso\/?p=9830"},"modified":"2021-04-13T14:10:00","modified_gmt":"2021-04-13T14:10:00","slug":"lutte-contre-le-covid-19-des-osc-parlent-du-processus-dintroduction-du-vaccin-avec-le-president-du-faso","status":"publish","type":"post","link":"https:\/\/www.africa-press.net\/burkina-faso\/politique\/lutte-contre-le-covid-19-des-osc-parlent-du-processus-dintroduction-du-vaccin-avec-le-president-du-faso","title":{"rendered":"Lutte contre le Covid-19 : Des OSC parlent du processus d\u2019introduction du vaccin avec le pr\u00e9sident du Faso"},"content":{"rendered":"<p><span style=\"color: #ff6600\"><strong><a href=\"https:\/\/www.africa-press.net\/\">Africa-Press<\/a> &#8211; <a href=\"https:\/\/www.africa-press.net\/burkina-faso\">Burkina Faso<\/a>. <\/strong><\/span><b>Une d\u00e9l\u00e9gation d\u2019organisations de la soci\u00e9t\u00e9 civile, avec \u00e0 sa t\u00eate le pr\u00e9sident de l\u2019Organisation pour le renforcement des capacit\u00e9s de d\u00e9veloppement (ORCADE), Jonas Hien, a \u00e9t\u00e9 re\u00e7ue en audience ce lundi 12 avril 2021 par le chef de l\u2019Etat, Roch Kabor\u00e9. Plusieurs questions ont \u00e9t\u00e9 abord\u00e9es avec le pr\u00e9sident du Faso, notamment l\u2019introduction du vaccin contre le Covid-19 au Burkina, la s\u00e9curit\u00e9 et la r\u00e9conciliation nationale.<\/b><\/p>\n<p>Apr\u00e8s plus de 90 minutes de t\u00eate-\u00e0-t\u00eate avec le chef de l\u2019Etat, les repr\u00e9sentants des Organisations de la soci\u00e9t\u00e9 civile (OSC) ont confi\u00e9 \u00e0 leur sortie d\u2019audience qu\u2019ils sont venus adresser \u00e0 Roch Kabor\u00e9 leurs f\u00e9licitations pour sa r\u00e9\u00e9lection. Car, disent-ils, depuis sa r\u00e9\u00e9lection en novembre 2020, ils n\u2019avaient pas encore eu l\u2019opportunit\u00e9 de le faire. Mais profitant de cette opportunit\u00e9, ils ont \u00e9voqu\u00e9 la question du processus d\u2019introduction du vaccin contre le Covid-19 Burkina Faso. \u00ab Nous l\u2019avons encourag\u00e9 \u00e0 poursuivre ce processus mais \u00e0 prendre les mesures idoines qui puissent \u00eatre favorables au Burkina Faso et aux Burkinab\u00e8 \u00bb, a confi\u00e9 Jonas Hien, le pr\u00e9sident de l\u2019ORCADE.<\/p>\n<p>En plus du vaccin contre le Covid-19, les repr\u00e9sentants des OSC ont aussi \u00e9voqu\u00e9 la question s\u00e9curitaire avec le chef de l\u2019Etat. \u00ab Nous l\u2019avons encourag\u00e9 pour les efforts en mati\u00e8re de lutte contre l\u2019ins\u00e9curit\u00e9 dans notre pays. M\u00eame si nous observons une certaine accalmie, cela ne veut pas dire que nous devons dormir sur nos lauriers. Il faut donc continuer les efforts avec bien-s\u00fbr la collaboration de nous tous en tant que Burkinab\u00e8, pour qu\u2019on puisse v\u00e9ritablement parvenir \u00e0 g\u00e9rer cette question dite terroriste \u00bb, a ajout\u00e9 le porte-parole de la d\u00e9l\u00e9gation.<\/p>\n<p>La derni\u00e8re question \u00e9voqu\u00e9e avec le pr\u00e9sident du Faso, c\u2019est la r\u00e9conciliation nationale. \u00ab Nous avons salu\u00e9 le processus de la r\u00e9conciliation qui a \u00e9t\u00e9 engag\u00e9, parce que nous connaissons sa d\u00e9licatesse et sa complexit\u00e9. Mais ensemble, avec la contribution de tous les Burkinab\u00e8, nous pourrons la r\u00e9ussir \u00bb, a conclu Jonas Hien.<\/p>\n<p><b>Yvette Zongo<br \/>\n<\/b><\/p>\n","protected":false},"excerpt":{"rendered":"<p>Africa-Press &#8211; Burkina Faso. Une d\u00e9l\u00e9gation d\u2019organisations de la soci\u00e9t\u00e9 civile, avec \u00e0 sa t\u00eate le pr\u00e9sident de l\u2019Organisation pour le renforcement des capacit\u00e9s de d\u00e9veloppement (ORCADE), Jonas Hien, a \u00e9t\u00e9 re\u00e7ue en audience ce lundi 12 avril 2021 par le chef de l\u2019Etat, Roch Kabor\u00e9. Plusieurs questions ont \u00e9t\u00e9 abord\u00e9es avec le pr\u00e9sident du [&hellip;]<\/p>\n","protected":false},"author":82,"featured_media":9829,"comment_status":"open","ping_status":"closed","sticky":false,"template":"","format":"standard","meta":{"footnotes":""},"categories":[11,2,10],"tags":[111,725,29],"class_list":["post-9830","post","type-post","status-publish","format-standard","has-post-thumbnail","hentry","category-homepage-french","category-politique","category-toutes-les-actualites","tag-africa-press","tag-africa-press-burkina-faso","tag-burkina-faso"],"yoast_head":"<!-- This site is optimized with the Yoast SEO Premium plugin v26.1 (Yoast SEO v27.0) - https:\/\/yoast.com\/product\/yoast-seo-premium-wordpress\/ -->\n<title>Lutte contre le Covid-19 : Des OSC parlent du processus d\u2019introduction du vaccin avec le pr\u00e9sident du Faso - Burkina Faso<\/title>\n<meta name=\"description\" content=\"Une d\u00e9l\u00e9gation d\u2019organisations de la soci\u00e9t\u00e9 civile, avec \u00e0 sa t\u00eate le pr\u00e9sident de l\u2019Organisation pour le renforceme ...\" \/>\n<meta name=\"robots\" content=\"index, follow, max-snippet:-1, max-image-preview:large, max-video-preview:-1\" \/>\n<link rel=\"canonical\" href=\"https:\/\/www.africa-press.net\/burkina-faso\/politique\/lutte-contre-le-covid-19-des-osc-parlent-du-processus-dintroduction-du-vaccin-avec-le-president-du-faso\" \/>\n<meta property=\"og:locale\" content=\"fr_FR\" \/>\n<meta property=\"og:type\" content=\"article\" \/>\n<meta property=\"og:title\" content=\"Lutte contre le Covid-19 : Des OSC parlent du processus d\u2019introduction du vaccin avec le pr\u00e9sident du Faso\" \/>\n<meta property=\"og:description\" content=\"Une d\u00e9l\u00e9gation d\u2019organisations de la soci\u00e9t\u00e9 civile, avec \u00e0 sa t\u00eate le pr\u00e9sident de l\u2019Organisation pour le renforceme ...\" \/>\n<meta property=\"og:url\" content=\"https:\/\/www.africa-press.net\/burkina-faso\/politique\/lutte-contre-le-covid-19-des-osc-parlent-du-processus-dintroduction-du-vaccin-avec-le-president-du-faso\" \/>\n<meta property=\"og:site_name\" content=\"Burkina Faso\" \/>\n<meta property=\"article:published_time\" content=\"2021-04-13T15:10:47+00:00\" \/>\n<meta property=\"og:image\" content=\"https:\/\/static.africa-press.net\/burkina\/sites\/42\/2021\/04\/img-6075a608d0289.jpg\" \/>\n\t<meta property=\"og:image:width\" content=\"720\" \/>\n\t<meta property=\"og:image:height\" content=\"537\" \/>\n\t<meta property=\"og:image:type\" content=\"image\/jpeg\" \/>\n<meta name=\"author\" content=\"cfeditorfr\" \/>\n<meta name=\"twitter:card\" content=\"summary_large_image\" \/>\n<meta name=\"twitter:label1\" content=\"\u00c9crit par\" \/>\n\t<meta name=\"twitter:data1\" content=\"cfeditorfr\" \/>\n\t<meta name=\"twitter:label2\" content=\"Dur\u00e9e de lecture estim\u00e9e\" \/>\n\t<meta name=\"twitter:data2\" content=\"2 minutes\" \/>\n<script type=\"application\/ld+json\" class=\"yoast-schema-graph\">{\"@context\":\"https:\/\/schema.org\",\"@graph\":[{\"@type\":\"Article\",\"@id\":\"https:\/\/www.africa-press.net\/burkina-faso\/politique\/lutte-contre-le-covid-19-des-osc-parlent-du-processus-dintroduction-du-vaccin-avec-le-president-du-faso#article\",\"isPartOf\":{\"@id\":\"https:\/\/www.africa-press.net\/burkina-faso\/politique\/lutte-contre-le-covid-19-des-osc-parlent-du-processus-dintroduction-du-vaccin-avec-le-president-du-faso\"},\"author\":{\"name\":\"cfeditorfr\",\"@id\":\"https:\/\/www.africa-press.net\/burkina-faso\/#\/schema\/person\/2b1cf3cd81a31e3cd26889ca66d677f1\"},\"headline\":\"Lutte contre le Covid-19 : Des OSC parlent du processus d\u2019introduction du vaccin avec le pr\u00e9sident du Faso\",\"datePublished\":\"2021-04-13T15:10:47+00:00\",\"mainEntityOfPage\":{\"@id\":\"https:\/\/www.africa-press.net\/burkina-faso\/politique\/lutte-contre-le-covid-19-des-osc-parlent-du-processus-dintroduction-du-vaccin-avec-le-president-du-faso\"},\"wordCount\":387,\"commentCount\":0,\"image\":{\"@id\":\"https:\/\/www.africa-press.net\/burkina-faso\/politique\/lutte-contre-le-covid-19-des-osc-parlent-du-processus-dintroduction-du-vaccin-avec-le-president-du-faso#primaryimage\"},\"thumbnailUrl\":\"https:\/\/static.africa-press.net\/burkina\/sites\/42\/2021\/04\/img-6075a608d0289.jpg\",\"keywords\":[\"Africa Press\",\"Africa Press-Burkina Faso\",\"Burkina Faso\"],\"articleSection\":[\"homepage-french\",\"Politique\",\"Toutes les actualit\u00e9s\"],\"inLanguage\":\"fr-FR\",\"potentialAction\":[{\"@type\":\"CommentAction\",\"name\":\"Comment\",\"target\":[\"https:\/\/www.africa-press.net\/burkina-faso\/politique\/lutte-contre-le-covid-19-des-osc-parlent-du-processus-dintroduction-du-vaccin-avec-le-president-du-faso#respond\"]}]},{\"@type\":\"WebPage\",\"@id\":\"https:\/\/www.africa-press.net\/burkina-faso\/politique\/lutte-contre-le-covid-19-des-osc-parlent-du-processus-dintroduction-du-vaccin-avec-le-president-du-faso\",\"url\":\"https:\/\/www.africa-press.net\/burkina-faso\/politique\/lutte-contre-le-covid-19-des-osc-parlent-du-processus-dintroduction-du-vaccin-avec-le-president-du-faso\",\"name\":\"Lutte contre le Covid-19 : Des OSC parlent du processus d\u2019introduction du vaccin avec le pr\u00e9sident du Faso - Burkina Faso\",\"isPartOf\":{\"@id\":\"https:\/\/www.africa-press.net\/burkina-faso\/#website\"},\"primaryImageOfPage\":{\"@id\":\"https:\/\/www.africa-press.net\/burkina-faso\/politique\/lutte-contre-le-covid-19-des-osc-parlent-du-processus-dintroduction-du-vaccin-avec-le-president-du-faso#primaryimage\"},\"image\":{\"@id\":\"https:\/\/www.africa-press.net\/burkina-faso\/politique\/lutte-contre-le-covid-19-des-osc-parlent-du-processus-dintroduction-du-vaccin-avec-le-president-du-faso#primaryimage\"},\"thumbnailUrl\":\"https:\/\/static.africa-press.net\/burkina\/sites\/42\/2021\/04\/img-6075a608d0289.jpg\",\"datePublished\":\"2021-04-13T15:10:47+00:00\",\"author\":{\"@id\":\"https:\/\/www.africa-press.net\/burkina-faso\/#\/schema\/person\/2b1cf3cd81a31e3cd26889ca66d677f1\"},\"description\":\"Une d\u00e9l\u00e9gation d\u2019organisations de la soci\u00e9t\u00e9 civile, avec \u00e0 sa t\u00eate le pr\u00e9sident de l\u2019Organisation pour le renforceme ...\",\"breadcrumb\":{\"@id\":\"https:\/\/www.africa-press.net\/burkina-faso\/politique\/lutte-contre-le-covid-19-des-osc-parlent-du-processus-dintroduction-du-vaccin-avec-le-president-du-faso#breadcrumb\"},\"inLanguage\":\"fr-FR\",\"potentialAction\":[{\"@type\":\"ReadAction\",\"target\":[\"https:\/\/www.africa-press.net\/burkina-faso\/politique\/lutte-contre-le-covid-19-des-osc-parlent-du-processus-dintroduction-du-vaccin-avec-le-president-du-faso\"]}]},{\"@type\":\"ImageObject\",\"inLanguage\":\"fr-FR\",\"@id\":\"https:\/\/www.africa-press.net\/burkina-faso\/politique\/lutte-contre-le-covid-19-des-osc-parlent-du-processus-dintroduction-du-vaccin-avec-le-president-du-faso#primaryimage\",\"url\":\"https:\/\/static.africa-press.net\/burkina\/sites\/42\/2021\/04\/img-6075a608d0289.jpg\",\"contentUrl\":\"https:\/\/static.africa-press.net\/burkina\/sites\/42\/2021\/04\/img-6075a608d0289.jpg\",\"width\":720,\"height\":537,\"caption\":\"Lutte contre le Covid-19 : Des OSC parlent du processus d\u2019introduction du vaccin avec le pr\u00e9sident du Faso\"},{\"@type\":\"BreadcrumbList\",\"@id\":\"https:\/\/www.africa-press.net\/burkina-faso\/politique\/lutte-contre-le-covid-19-des-osc-parlent-du-processus-dintroduction-du-vaccin-avec-le-president-du-faso#breadcrumb\",\"itemListElement\":[{\"@type\":\"ListItem\",\"position\":1,\"name\":\"Accueil\",\"item\":\"https:\/\/www.africa-press.net\/burkina-faso\/\"},{\"@type\":\"ListItem\",\"position\":2,\"name\":\"Lutte contre le Covid-19 : Des OSC parlent du processus d\u2019introduction du vaccin avec le pr\u00e9sident du Faso\"}]},{\"@type\":\"WebSite\",\"@id\":\"https:\/\/www.africa-press.net\/burkina-faso\/#website\",\"url\":\"https:\/\/www.africa-press.net\/burkina-faso\/\",\"name\":\"Burkina Faso\",\"description\":\"Just another Africa News Agency Sites site\",\"potentialAction\":[{\"@type\":\"SearchAction\",\"target\":{\"@type\":\"EntryPoint\",\"urlTemplate\":\"https:\/\/www.africa-press.net\/burkina-faso\/?s={search_term_string}\"},\"query-input\":{\"@type\":\"PropertyValueSpecification\",\"valueRequired\":true,\"valueName\":\"search_term_string\"}}],\"inLanguage\":\"fr-FR\"},{\"@type\":\"Person\",\"@id\":\"https:\/\/www.africa-press.net\/burkina-faso\/#\/schema\/person\/2b1cf3cd81a31e3cd26889ca66d677f1\",\"name\":\"cfeditorfr\"}]}<\/script>\n<!-- \/ Yoast SEO Premium plugin. -->","yoast_head_json":{"title":"Lutte contre le Covid-19 : Des OSC parlent du processus d\u2019introduction du vaccin avec le pr\u00e9sident du Faso - Burkina Faso","description":"Une d\u00e9l\u00e9gation d\u2019organisations de la soci\u00e9t\u00e9 civile, avec \u00e0 sa t\u00eate le pr\u00e9sident de l\u2019Organisation pour le renforceme ...","robots":{"index":"index","follow":"follow","max-snippet":"max-snippet:-1","max-image-preview":"max-image-preview:large","max-video-preview":"max-video-preview:-1"},"canonical":"https:\/\/www.africa-press.net\/burkina-faso\/politique\/lutte-contre-le-covid-19-des-osc-parlent-du-processus-dintroduction-du-vaccin-avec-le-president-du-faso","og_locale":"fr_FR","og_type":"article","og_title":"Lutte contre le Covid-19 : Des OSC parlent du processus d\u2019introduction du vaccin avec le pr\u00e9sident du Faso","og_description":"Une d\u00e9l\u00e9gation d\u2019organisations de la soci\u00e9t\u00e9 civile, avec \u00e0 sa t\u00eate le pr\u00e9sident de l\u2019Organisation pour le renforceme ...","og_url":"https:\/\/www.africa-press.net\/burkina-faso\/politique\/lutte-contre-le-covid-19-des-osc-parlent-du-processus-dintroduction-du-vaccin-avec-le-president-du-faso","og_site_name":"Burkina Faso","article_published_time":"2021-04-13T15:10:47+00:00","og_image":[{"width":720,"height":537,"url":"https:\/\/static.africa-press.net\/burkina\/sites\/42\/2021\/04\/img-6075a608d0289.jpg","type":"image\/jpeg"}],"author":"cfeditorfr","twitter_card":"summary_large_image","twitter_misc":{"\u00c9crit par":"cfeditorfr","Dur\u00e9e de lecture estim\u00e9e":"2 minutes"},"schema":{"@context":"https:\/\/schema.org","@graph":[{"@type":"Article","@id":"https:\/\/www.africa-press.net\/burkina-faso\/politique\/lutte-contre-le-covid-19-des-osc-parlent-du-processus-dintroduction-du-vaccin-avec-le-president-du-faso#article","isPartOf":{"@id":"https:\/\/www.africa-press.net\/burkina-faso\/politique\/lutte-contre-le-covid-19-des-osc-parlent-du-processus-dintroduction-du-vaccin-avec-le-president-du-faso"},"author":{"name":"cfeditorfr","@id":"https:\/\/www.africa-press.net\/burkina-faso\/#\/schema\/person\/2b1cf3cd81a31e3cd26889ca66d677f1"},"headline":"Lutte contre le Covid-19 : Des OSC parlent du processus d\u2019introduction du vaccin avec le pr\u00e9sident du Faso","datePublished":"2021-04-13T15:10:47+00:00","mainEntityOfPage":{"@id":"https:\/\/www.africa-press.net\/burkina-faso\/politique\/lutte-contre-le-covid-19-des-osc-parlent-du-processus-dintroduction-du-vaccin-avec-le-president-du-faso"},"wordCount":387,"commentCount":0,"image":{"@id":"https:\/\/www.africa-press.net\/burkina-faso\/politique\/lutte-contre-le-covid-19-des-osc-parlent-du-processus-dintroduction-du-vaccin-avec-le-president-du-faso#primaryimage"},"thumbnailUrl":"https:\/\/static.africa-press.net\/burkina\/sites\/42\/2021\/04\/img-6075a608d0289.jpg","keywords":["Africa Press","Africa Press-Burkina Faso","Burkina Faso"],"articleSection":["homepage-french","Politique","Toutes les actualit\u00e9s"],"inLanguage":"fr-FR","potentialAction":[{"@type":"CommentAction","name":"Comment","target":["https:\/\/www.africa-press.net\/burkina-faso\/politique\/lutte-contre-le-covid-19-des-osc-parlent-du-processus-dintroduction-du-vaccin-avec-le-president-du-faso#respond"]}]},{"@type":"WebPage","@id":"https:\/\/www.africa-press.net\/burkina-faso\/politique\/lutte-contre-le-covid-19-des-osc-parlent-du-processus-dintroduction-du-vaccin-avec-le-president-du-faso","url":"https:\/\/www.africa-press.net\/burkina-faso\/politique\/lutte-contre-le-covid-19-des-osc-parlent-du-processus-dintroduction-du-vaccin-avec-le-president-du-faso","name":"Lutte contre le Covid-19 : Des OSC parlent du processus d\u2019introduction du vaccin avec le pr\u00e9sident du Faso - Burkina Faso","isPartOf":{"@id":"https:\/\/www.africa-press.net\/burkina-faso\/#website"},"primaryImageOfPage":{"@id":"https:\/\/www.africa-press.net\/burkina-faso\/politique\/lutte-contre-le-covid-19-des-osc-parlent-du-processus-dintroduction-du-vaccin-avec-le-president-du-faso#primaryimage"},"image":{"@id":"https:\/\/www.africa-press.net\/burkina-faso\/politique\/lutte-contre-le-covid-19-des-osc-parlent-du-processus-dintroduction-du-vaccin-avec-le-president-du-faso#primaryimage"},"thumbnailUrl":"https:\/\/static.africa-press.net\/burkina\/sites\/42\/2021\/04\/img-6075a608d0289.jpg","datePublished":"2021-04-13T15:10:47+00:00","author":{"@id":"https:\/\/www.africa-press.net\/burkina-faso\/#\/schema\/person\/2b1cf3cd81a31e3cd26889ca66d677f1"},"description":"Une d\u00e9l\u00e9gation d\u2019organisations de la soci\u00e9t\u00e9 civile, avec \u00e0 sa t\u00eate le pr\u00e9sident de l\u2019Organisation pour le renforceme ...","breadcrumb":{"@id":"https:\/\/www.africa-press.net\/burkina-faso\/politique\/lutte-contre-le-covid-19-des-osc-parlent-du-processus-dintroduction-du-vaccin-avec-le-president-du-faso#breadcrumb"},"inLanguage":"fr-FR","potentialAction":[{"@type":"ReadAction","target":["https:\/\/www.africa-press.net\/burkina-faso\/politique\/lutte-contre-le-covid-19-des-osc-parlent-du-processus-dintroduction-du-vaccin-avec-le-president-du-faso"]}]},{"@type":"ImageObject","inLanguage":"fr-FR","@id":"https:\/\/www.africa-press.net\/burkina-faso\/politique\/lutte-contre-le-covid-19-des-osc-parlent-du-processus-dintroduction-du-vaccin-avec-le-president-du-faso#primaryimage","url":"https:\/\/static.africa-press.net\/burkina\/sites\/42\/2021\/04\/img-6075a608d0289.jpg","contentUrl":"https:\/\/static.africa-press.net\/burkina\/sites\/42\/2021\/04\/img-6075a608d0289.jpg","width":720,"height":537,"caption":"Lutte contre le Covid-19 : Des OSC parlent du processus d\u2019introduction du vaccin avec le pr\u00e9sident du Faso"},{"@type":"BreadcrumbList","@id":"https:\/\/www.africa-press.net\/burkina-faso\/politique\/lutte-contre-le-covid-19-des-osc-parlent-du-processus-dintroduction-du-vaccin-avec-le-president-du-faso#breadcrumb","itemListElement":[{"@type":"ListItem","position":1,"name":"Accueil","item":"https:\/\/www.africa-press.net\/burkina-faso\/"},{"@type":"ListItem","position":2,"name":"Lutte contre le Covid-19 : Des OSC parlent du processus d\u2019introduction du vaccin avec le pr\u00e9sident du Faso"}]},{"@type":"WebSite","@id":"https:\/\/www.africa-press.net\/burkina-faso\/#website","url":"https:\/\/www.africa-press.net\/burkina-faso\/","name":"Burkina Faso","description":"Just another Africa News Agency Sites site","potentialAction":[{"@type":"SearchAction","target":{"@type":"EntryPoint","urlTemplate":"https:\/\/www.africa-press.net\/burkina-faso\/?s={search_term_string}"},"query-input":{"@type":"PropertyValueSpecification","valueRequired":true,"valueName":"search_term_string"}}],"inLanguage":"fr-FR"},{"@type":"Person","@id":"https:\/\/www.africa-press.net\/burkina-faso\/#\/schema\/person\/2b1cf3cd81a31e3cd26889ca66d677f1","name":"cfeditorfr"}]}},"_links":{"self":[{"href":"https:\/\/www.africa-press.net\/burkina-faso\/wp-json\/wp\/v2\/posts\/9830","targetHints":{"allow":["GET"]}}],"collection":[{"href":"https:\/\/www.africa-press.net\/burkina-faso\/wp-json\/wp\/v2\/posts"}],"about":[{"href":"https:\/\/www.africa-press.net\/burkina-faso\/wp-json\/wp\/v2\/types\/post"}],"author":[{"embeddable":true,"href":"https:\/\/www.africa-press.net\/burkina-faso\/wp-json\/wp\/v2\/users\/82"}],"replies":[{"embeddable":true,"href":"https:\/\/www.africa-press.net\/burkina-faso\/wp-json\/wp\/v2\/comments?post=9830"}],"version-history":[{"count":0,"href":"https:\/\/www.africa-press.net\/burkina-faso\/wp-json\/wp\/v2\/posts\/9830\/revisions"}],"wp:featuredmedia":[{"embeddable":true,"href":"https:\/\/www.africa-press.net\/burkina-faso\/wp-json\/wp\/v2\/media\/9829"}],"wp:attachment":[{"href":"https:\/\/www.africa-press.net\/burkina-faso\/wp-json\/wp\/v2\/media?parent=9830"}],"wp:term":[{"taxonomy":"category","embeddable":true,"href":"https:\/\/www.africa-press.net\/burkina-faso\/wp-json\/wp\/v2\/categories?post=9830"},{"taxonomy":"post_tag","embeddable":true,"href":"https:\/\/www.africa-press.net\/burkina-faso\/wp-json\/wp\/v2\/tags?post=9830"}],"curies":[{"name":"wp","href":"https:\/\/api.w.org\/{rel}","templated":true}]}}