{"id":9842,"date":"2021-04-13T15:25:47","date_gmt":"2021-04-13T15:25:47","guid":{"rendered":"https:\/\/www.africa-press.net\/burkina-faso\/?p=9842"},"modified":"2021-04-13T16:42:28","modified_gmt":"2021-04-13T16:42:28","slug":"coupe-caf-jaraaf-confirme-face-a-salitas-0-1","status":"publish","type":"post","link":"https:\/\/www.africa-press.net\/burkina-faso\/sports\/coupe-caf-jaraaf-confirme-face-a-salitas-0-1","title":{"rendered":"Coupe CAF : Jaraaf confirme face \u00e0 Salitas (0-1)"},"content":{"rendered":"<p><span style=\"color: #ff6600\"><strong><a href=\"https:\/\/www.africa-press.net\/\">Africa-Press<\/a> &#8211; <a href=\"https:\/\/www.africa-press.net\/burkina-faso\">Burkina Faso<\/a>. <\/strong><\/span><b>Salitas FC, repr\u00e9sentant burkinab\u00e8 \u00e0 la Coupe CAF, a \u00e9t\u00e9 battu ce lundi 12 avril 2021, par le club s\u00e9n\u00e9galais, Jaraaf, lors de la quatri\u00e8me journ\u00e9e de la phase de poules de la Coupe CAF. Les Colombes de Ouaga 2000 occupent toujours la derni\u00e8re place avec 3 points<\/b><\/p>\n<p>. L\u2019apprentissage se poursuit et para\u00eet tr\u00e8s difficile pour Ladji Coulibaly et ses hommes en campagne africaine.<\/p>\n<p>Apr\u00e8s avoir \u00e9t\u00e9 cueillis \u00e0 froid \u00e0 l\u2019aller au S\u00e9n\u00e9gal (2-0), les Burkinab\u00e8 n\u2019ont pas pu apporter la r\u00e9plique au match retour. Au B\u00e9nin, o\u00f9 Salitas FC a re\u00e7u ses visiteurs \u00e0 cause de la suspension du Stade du 4 ao\u00fbt, les hommes de Ladji Coulibaly sont \u00e0 nouveau tomb\u00e9s face aux S\u00e9n\u00e9galais sur la plus petite des marques (0-1).<\/p>\n<p>Apr\u00e8s l\u2019ouverture du score \u00e0 la 10e minute par P. Y. Paye, les Colombes de Ouaga 2000 ont couru en vain apr\u00e8s l\u2019\u00e9galisation jusqu\u2019\u00e0 la fin du temps r\u00e9glementaire. Salitas FC reste le dernier de la classe avec 3 points pendant que Jaraaf est premier avec 7 points. CS Sfaxien et l\u2019Etoile sportive du Sahel sont respectivement deuxi\u00e8me et troisi\u00e8me avec 6 et 5 points. Le prochain match de Salitas FC aura lieu le 21 avril prochain face \u00e0 CS Sfaxien.<\/p>\n<p><b>Jacques Th\u00e9odore Balima<br \/>\n<\/b><\/p>\n","protected":false},"excerpt":{"rendered":"<p>Africa-Press &#8211; Burkina Faso. Salitas FC, repr\u00e9sentant burkinab\u00e8 \u00e0 la Coupe CAF, a \u00e9t\u00e9 battu ce lundi 12 avril 2021, par le club s\u00e9n\u00e9galais, Jaraaf, lors de la quatri\u00e8me journ\u00e9e de la phase de poules de la Coupe CAF. Les Colombes de Ouaga 2000 occupent toujours la derni\u00e8re place avec 3 points . L\u2019apprentissage se [&hellip;]<\/p>\n","protected":false},"author":82,"featured_media":9841,"comment_status":"open","ping_status":"closed","sticky":false,"template":"","format":"standard","meta":{"footnotes":""},"categories":[11,6,10],"tags":[111,725,29],"class_list":["post-9842","post","type-post","status-publish","format-standard","has-post-thumbnail","hentry","category-homepage-french","category-sports","category-toutes-les-actualites","tag-africa-press","tag-africa-press-burkina-faso","tag-burkina-faso"],"yoast_head":"<!-- This site is optimized with the Yoast SEO Premium plugin v26.1 (Yoast SEO v27.0) - https:\/\/yoast.com\/product\/yoast-seo-premium-wordpress\/ -->\n<title>Coupe CAF : Jaraaf confirme face \u00e0 Salitas (0-1) - Burkina Faso<\/title>\n<meta name=\"description\" content=\"Salitas FC, repr\u00e9sentant burkinab\u00e8 \u00e0 la Coupe CAF, a \u00e9t\u00e9 battu ce lundi 12 avril 2021, par le club s\u00e9n\u00e9galais, Jaraaf ...\" \/>\n<meta name=\"robots\" content=\"index, follow, max-snippet:-1, max-image-preview:large, max-video-preview:-1\" \/>\n<link rel=\"canonical\" href=\"https:\/\/www.africa-press.net\/burkina-faso\/sports\/coupe-caf-jaraaf-confirme-face-a-salitas-0-1\" \/>\n<meta property=\"og:locale\" content=\"fr_FR\" \/>\n<meta property=\"og:type\" content=\"article\" \/>\n<meta property=\"og:title\" content=\"Coupe CAF : Jaraaf confirme face \u00e0 Salitas (0-1)\" \/>\n<meta property=\"og:description\" content=\"Salitas FC, repr\u00e9sentant burkinab\u00e8 \u00e0 la Coupe CAF, a \u00e9t\u00e9 battu ce lundi 12 avril 2021, par le club s\u00e9n\u00e9galais, Jaraaf ...\" \/>\n<meta property=\"og:url\" content=\"https:\/\/www.africa-press.net\/burkina-faso\/sports\/coupe-caf-jaraaf-confirme-face-a-salitas-0-1\" \/>\n<meta property=\"og:site_name\" content=\"Burkina Faso\" \/>\n<meta property=\"article:published_time\" content=\"2021-04-13T15:25:47+00:00\" \/>\n<meta property=\"article:modified_time\" content=\"2021-04-13T16:42:28+00:00\" \/>\n<meta property=\"og:image\" content=\"https:\/\/static.africa-press.net\/burkina\/sites\/42\/2021\/04\/img-6075a77201e4b.jpg\" \/>\n\t<meta property=\"og:image:width\" content=\"960\" \/>\n\t<meta property=\"og:image:height\" content=\"720\" \/>\n\t<meta property=\"og:image:type\" content=\"image\/jpeg\" \/>\n<meta name=\"author\" content=\"cfeditorfr\" \/>\n<meta name=\"twitter:card\" content=\"summary_large_image\" \/>\n<meta name=\"twitter:label1\" content=\"\u00c9crit par\" \/>\n\t<meta name=\"twitter:data1\" content=\"cfeditorfr\" \/>\n\t<meta name=\"twitter:label2\" content=\"Dur\u00e9e de lecture estim\u00e9e\" \/>\n\t<meta name=\"twitter:data2\" content=\"1 minute\" \/>\n<script type=\"application\/ld+json\" class=\"yoast-schema-graph\">{\"@context\":\"https:\/\/schema.org\",\"@graph\":[{\"@type\":\"Article\",\"@id\":\"https:\/\/www.africa-press.net\/burkina-faso\/sports\/coupe-caf-jaraaf-confirme-face-a-salitas-0-1#article\",\"isPartOf\":{\"@id\":\"https:\/\/www.africa-press.net\/burkina-faso\/sports\/coupe-caf-jaraaf-confirme-face-a-salitas-0-1\"},\"author\":{\"name\":\"cfeditorfr\",\"@id\":\"https:\/\/www.africa-press.net\/burkina-faso\/#\/schema\/person\/2b1cf3cd81a31e3cd26889ca66d677f1\"},\"headline\":\"Coupe CAF : Jaraaf confirme face \u00e0 Salitas (0-1)\",\"datePublished\":\"2021-04-13T15:25:47+00:00\",\"dateModified\":\"2021-04-13T16:42:28+00:00\",\"mainEntityOfPage\":{\"@id\":\"https:\/\/www.africa-press.net\/burkina-faso\/sports\/coupe-caf-jaraaf-confirme-face-a-salitas-0-1\"},\"wordCount\":231,\"commentCount\":0,\"image\":{\"@id\":\"https:\/\/www.africa-press.net\/burkina-faso\/sports\/coupe-caf-jaraaf-confirme-face-a-salitas-0-1#primaryimage\"},\"thumbnailUrl\":\"https:\/\/static.africa-press.net\/burkina\/sites\/42\/2021\/04\/img-6075a77201e4b.jpg\",\"keywords\":[\"Africa Press\",\"Africa Press-Burkina Faso\",\"Burkina Faso\"],\"articleSection\":[\"homepage-french\",\"Sports\",\"Toutes les actualit\u00e9s\"],\"inLanguage\":\"fr-FR\",\"potentialAction\":[{\"@type\":\"CommentAction\",\"name\":\"Comment\",\"target\":[\"https:\/\/www.africa-press.net\/burkina-faso\/sports\/coupe-caf-jaraaf-confirme-face-a-salitas-0-1#respond\"]}]},{\"@type\":\"WebPage\",\"@id\":\"https:\/\/www.africa-press.net\/burkina-faso\/sports\/coupe-caf-jaraaf-confirme-face-a-salitas-0-1\",\"url\":\"https:\/\/www.africa-press.net\/burkina-faso\/sports\/coupe-caf-jaraaf-confirme-face-a-salitas-0-1\",\"name\":\"Coupe CAF : Jaraaf confirme face \u00e0 Salitas (0-1) - Burkina Faso\",\"isPartOf\":{\"@id\":\"https:\/\/www.africa-press.net\/burkina-faso\/#website\"},\"primaryImageOfPage\":{\"@id\":\"https:\/\/www.africa-press.net\/burkina-faso\/sports\/coupe-caf-jaraaf-confirme-face-a-salitas-0-1#primaryimage\"},\"image\":{\"@id\":\"https:\/\/www.africa-press.net\/burkina-faso\/sports\/coupe-caf-jaraaf-confirme-face-a-salitas-0-1#primaryimage\"},\"thumbnailUrl\":\"https:\/\/static.africa-press.net\/burkina\/sites\/42\/2021\/04\/img-6075a77201e4b.jpg\",\"datePublished\":\"2021-04-13T15:25:47+00:00\",\"dateModified\":\"2021-04-13T16:42:28+00:00\",\"author\":{\"@id\":\"https:\/\/www.africa-press.net\/burkina-faso\/#\/schema\/person\/2b1cf3cd81a31e3cd26889ca66d677f1\"},\"description\":\"Salitas FC, repr\u00e9sentant burkinab\u00e8 \u00e0 la Coupe CAF, a \u00e9t\u00e9 battu ce lundi 12 avril 2021, par le club s\u00e9n\u00e9galais, Jaraaf ...\",\"breadcrumb\":{\"@id\":\"https:\/\/www.africa-press.net\/burkina-faso\/sports\/coupe-caf-jaraaf-confirme-face-a-salitas-0-1#breadcrumb\"},\"inLanguage\":\"fr-FR\",\"potentialAction\":[{\"@type\":\"ReadAction\",\"target\":[\"https:\/\/www.africa-press.net\/burkina-faso\/sports\/coupe-caf-jaraaf-confirme-face-a-salitas-0-1\"]}]},{\"@type\":\"ImageObject\",\"inLanguage\":\"fr-FR\",\"@id\":\"https:\/\/www.africa-press.net\/burkina-faso\/sports\/coupe-caf-jaraaf-confirme-face-a-salitas-0-1#primaryimage\",\"url\":\"https:\/\/static.africa-press.net\/burkina\/sites\/42\/2021\/04\/img-6075a77201e4b.jpg\",\"contentUrl\":\"https:\/\/static.africa-press.net\/burkina\/sites\/42\/2021\/04\/img-6075a77201e4b.jpg\",\"width\":960,\"height\":720,\"caption\":\"Coupe CAF : Jaraaf confirme face \u00e0 Salitas (0-1)\"},{\"@type\":\"BreadcrumbList\",\"@id\":\"https:\/\/www.africa-press.net\/burkina-faso\/sports\/coupe-caf-jaraaf-confirme-face-a-salitas-0-1#breadcrumb\",\"itemListElement\":[{\"@type\":\"ListItem\",\"position\":1,\"name\":\"Accueil\",\"item\":\"https:\/\/www.africa-press.net\/burkina-faso\/\"},{\"@type\":\"ListItem\",\"position\":2,\"name\":\"Coupe CAF : Jaraaf confirme face \u00e0 Salitas (0-1)\"}]},{\"@type\":\"WebSite\",\"@id\":\"https:\/\/www.africa-press.net\/burkina-faso\/#website\",\"url\":\"https:\/\/www.africa-press.net\/burkina-faso\/\",\"name\":\"Burkina Faso\",\"description\":\"Just another Africa News Agency Sites site\",\"potentialAction\":[{\"@type\":\"SearchAction\",\"target\":{\"@type\":\"EntryPoint\",\"urlTemplate\":\"https:\/\/www.africa-press.net\/burkina-faso\/?s={search_term_string}\"},\"query-input\":{\"@type\":\"PropertyValueSpecification\",\"valueRequired\":true,\"valueName\":\"search_term_string\"}}],\"inLanguage\":\"fr-FR\"},{\"@type\":\"Person\",\"@id\":\"https:\/\/www.africa-press.net\/burkina-faso\/#\/schema\/person\/2b1cf3cd81a31e3cd26889ca66d677f1\",\"name\":\"cfeditorfr\"}]}<\/script>\n<!-- \/ Yoast SEO Premium plugin. -->","yoast_head_json":{"title":"Coupe CAF : Jaraaf confirme face \u00e0 Salitas (0-1) - Burkina Faso","description":"Salitas FC, repr\u00e9sentant burkinab\u00e8 \u00e0 la Coupe CAF, a \u00e9t\u00e9 battu ce lundi 12 avril 2021, par le club s\u00e9n\u00e9galais, Jaraaf ...","robots":{"index":"index","follow":"follow","max-snippet":"max-snippet:-1","max-image-preview":"max-image-preview:large","max-video-preview":"max-video-preview:-1"},"canonical":"https:\/\/www.africa-press.net\/burkina-faso\/sports\/coupe-caf-jaraaf-confirme-face-a-salitas-0-1","og_locale":"fr_FR","og_type":"article","og_title":"Coupe CAF : Jaraaf confirme face \u00e0 Salitas (0-1)","og_description":"Salitas FC, repr\u00e9sentant burkinab\u00e8 \u00e0 la Coupe CAF, a \u00e9t\u00e9 battu ce lundi 12 avril 2021, par le club s\u00e9n\u00e9galais, Jaraaf ...","og_url":"https:\/\/www.africa-press.net\/burkina-faso\/sports\/coupe-caf-jaraaf-confirme-face-a-salitas-0-1","og_site_name":"Burkina Faso","article_published_time":"2021-04-13T15:25:47+00:00","article_modified_time":"2021-04-13T16:42:28+00:00","og_image":[{"width":960,"height":720,"url":"https:\/\/static.africa-press.net\/burkina\/sites\/42\/2021\/04\/img-6075a77201e4b.jpg","type":"image\/jpeg"}],"author":"cfeditorfr","twitter_card":"summary_large_image","twitter_misc":{"\u00c9crit par":"cfeditorfr","Dur\u00e9e de lecture estim\u00e9e":"1 minute"},"schema":{"@context":"https:\/\/schema.org","@graph":[{"@type":"Article","@id":"https:\/\/www.africa-press.net\/burkina-faso\/sports\/coupe-caf-jaraaf-confirme-face-a-salitas-0-1#article","isPartOf":{"@id":"https:\/\/www.africa-press.net\/burkina-faso\/sports\/coupe-caf-jaraaf-confirme-face-a-salitas-0-1"},"author":{"name":"cfeditorfr","@id":"https:\/\/www.africa-press.net\/burkina-faso\/#\/schema\/person\/2b1cf3cd81a31e3cd26889ca66d677f1"},"headline":"Coupe CAF : Jaraaf confirme face \u00e0 Salitas (0-1)","datePublished":"2021-04-13T15:25:47+00:00","dateModified":"2021-04-13T16:42:28+00:00","mainEntityOfPage":{"@id":"https:\/\/www.africa-press.net\/burkina-faso\/sports\/coupe-caf-jaraaf-confirme-face-a-salitas-0-1"},"wordCount":231,"commentCount":0,"image":{"@id":"https:\/\/www.africa-press.net\/burkina-faso\/sports\/coupe-caf-jaraaf-confirme-face-a-salitas-0-1#primaryimage"},"thumbnailUrl":"https:\/\/static.africa-press.net\/burkina\/sites\/42\/2021\/04\/img-6075a77201e4b.jpg","keywords":["Africa Press","Africa Press-Burkina Faso","Burkina Faso"],"articleSection":["homepage-french","Sports","Toutes les actualit\u00e9s"],"inLanguage":"fr-FR","potentialAction":[{"@type":"CommentAction","name":"Comment","target":["https:\/\/www.africa-press.net\/burkina-faso\/sports\/coupe-caf-jaraaf-confirme-face-a-salitas-0-1#respond"]}]},{"@type":"WebPage","@id":"https:\/\/www.africa-press.net\/burkina-faso\/sports\/coupe-caf-jaraaf-confirme-face-a-salitas-0-1","url":"https:\/\/www.africa-press.net\/burkina-faso\/sports\/coupe-caf-jaraaf-confirme-face-a-salitas-0-1","name":"Coupe CAF : Jaraaf confirme face \u00e0 Salitas (0-1) - Burkina Faso","isPartOf":{"@id":"https:\/\/www.africa-press.net\/burkina-faso\/#website"},"primaryImageOfPage":{"@id":"https:\/\/www.africa-press.net\/burkina-faso\/sports\/coupe-caf-jaraaf-confirme-face-a-salitas-0-1#primaryimage"},"image":{"@id":"https:\/\/www.africa-press.net\/burkina-faso\/sports\/coupe-caf-jaraaf-confirme-face-a-salitas-0-1#primaryimage"},"thumbnailUrl":"https:\/\/static.africa-press.net\/burkina\/sites\/42\/2021\/04\/img-6075a77201e4b.jpg","datePublished":"2021-04-13T15:25:47+00:00","dateModified":"2021-04-13T16:42:28+00:00","author":{"@id":"https:\/\/www.africa-press.net\/burkina-faso\/#\/schema\/person\/2b1cf3cd81a31e3cd26889ca66d677f1"},"description":"Salitas FC, repr\u00e9sentant burkinab\u00e8 \u00e0 la Coupe CAF, a \u00e9t\u00e9 battu ce lundi 12 avril 2021, par le club s\u00e9n\u00e9galais, Jaraaf ...","breadcrumb":{"@id":"https:\/\/www.africa-press.net\/burkina-faso\/sports\/coupe-caf-jaraaf-confirme-face-a-salitas-0-1#breadcrumb"},"inLanguage":"fr-FR","potentialAction":[{"@type":"ReadAction","target":["https:\/\/www.africa-press.net\/burkina-faso\/sports\/coupe-caf-jaraaf-confirme-face-a-salitas-0-1"]}]},{"@type":"ImageObject","inLanguage":"fr-FR","@id":"https:\/\/www.africa-press.net\/burkina-faso\/sports\/coupe-caf-jaraaf-confirme-face-a-salitas-0-1#primaryimage","url":"https:\/\/static.africa-press.net\/burkina\/sites\/42\/2021\/04\/img-6075a77201e4b.jpg","contentUrl":"https:\/\/static.africa-press.net\/burkina\/sites\/42\/2021\/04\/img-6075a77201e4b.jpg","width":960,"height":720,"caption":"Coupe CAF : Jaraaf confirme face \u00e0 Salitas (0-1)"},{"@type":"BreadcrumbList","@id":"https:\/\/www.africa-press.net\/burkina-faso\/sports\/coupe-caf-jaraaf-confirme-face-a-salitas-0-1#breadcrumb","itemListElement":[{"@type":"ListItem","position":1,"name":"Accueil","item":"https:\/\/www.africa-press.net\/burkina-faso\/"},{"@type":"ListItem","position":2,"name":"Coupe CAF : Jaraaf confirme face \u00e0 Salitas (0-1)"}]},{"@type":"WebSite","@id":"https:\/\/www.africa-press.net\/burkina-faso\/#website","url":"https:\/\/www.africa-press.net\/burkina-faso\/","name":"Burkina Faso","description":"Just another Africa News Agency Sites site","potentialAction":[{"@type":"SearchAction","target":{"@type":"EntryPoint","urlTemplate":"https:\/\/www.africa-press.net\/burkina-faso\/?s={search_term_string}"},"query-input":{"@type":"PropertyValueSpecification","valueRequired":true,"valueName":"search_term_string"}}],"inLanguage":"fr-FR"},{"@type":"Person","@id":"https:\/\/www.africa-press.net\/burkina-faso\/#\/schema\/person\/2b1cf3cd81a31e3cd26889ca66d677f1","name":"cfeditorfr"}]}},"_links":{"self":[{"href":"https:\/\/www.africa-press.net\/burkina-faso\/wp-json\/wp\/v2\/posts\/9842","targetHints":{"allow":["GET"]}}],"collection":[{"href":"https:\/\/www.africa-press.net\/burkina-faso\/wp-json\/wp\/v2\/posts"}],"about":[{"href":"https:\/\/www.africa-press.net\/burkina-faso\/wp-json\/wp\/v2\/types\/post"}],"author":[{"embeddable":true,"href":"https:\/\/www.africa-press.net\/burkina-faso\/wp-json\/wp\/v2\/users\/82"}],"replies":[{"embeddable":true,"href":"https:\/\/www.africa-press.net\/burkina-faso\/wp-json\/wp\/v2\/comments?post=9842"}],"version-history":[{"count":0,"href":"https:\/\/www.africa-press.net\/burkina-faso\/wp-json\/wp\/v2\/posts\/9842\/revisions"}],"wp:featuredmedia":[{"embeddable":true,"href":"https:\/\/www.africa-press.net\/burkina-faso\/wp-json\/wp\/v2\/media\/9841"}],"wp:attachment":[{"href":"https:\/\/www.africa-press.net\/burkina-faso\/wp-json\/wp\/v2\/media?parent=9842"}],"wp:term":[{"taxonomy":"category","embeddable":true,"href":"https:\/\/www.africa-press.net\/burkina-faso\/wp-json\/wp\/v2\/categories?post=9842"},{"taxonomy":"post_tag","embeddable":true,"href":"https:\/\/www.africa-press.net\/burkina-faso\/wp-json\/wp\/v2\/tags?post=9842"}],"curies":[{"name":"wp","href":"https:\/\/api.w.org\/{rel}","templated":true}]}}