{"id":9848,"date":"2021-04-13T15:40:21","date_gmt":"2021-04-13T15:40:21","guid":{"rendered":"https:\/\/www.africa-press.net\/burkina-faso\/?p=9848"},"modified":"2021-04-13T16:42:36","modified_gmt":"2021-04-13T16:42:36","slug":"burkina-faso-une-action-civilo-militaire-au-profit-des-populations-initiee-par-le-detachement-militaire-de-thiou","status":"publish","type":"post","link":"https:\/\/www.africa-press.net\/burkina-faso\/politique\/burkina-faso-une-action-civilo-militaire-au-profit-des-populations-initiee-par-le-detachement-militaire-de-thiou","title":{"rendered":"Une action civilo-militaire au profit des populations initi\u00e9e par le d\u00e9tachement militaire de Thiou"},"content":{"rendered":"<p><span style=\"color: #ff6600\"><strong><a href=\"https:\/\/www.africa-press.net\/\">Africa-Press<\/a> &#8211; <a href=\"https:\/\/www.africa-press.net\/burkina-faso\">Burkina Faso<\/a>. <\/strong><\/span>Les Forces Arm\u00e9es Nationales ont r\u00e9alis\u00e9 dans la semaine du 5 au 12 avril 2021 des activit\u00e9s entrant dans le cadre de la s\u00e9curisation du pays. Certains d\u00e9tachements du Groupement des Forces de la S\u00e9curit\u00e9 Nationale ont re\u00e7u la visite du Ministre de la D\u00e9fense Moumina Sh\u00e9rif Sy.<\/p>\n<p>Dans le point hebdomadaire de s\u00e9curisation du territoire de la semaine du 5 au 12 avril 2021, il ressort qu\u2019une patrouille du Peloton de S\u00e9curit\u00e9 Routi\u00e8re (PSR) de la Gendarmerie de Tanwalbougou, appuy\u00e9e par des VDP, a \u00e9t\u00e9 prise \u00e0 partie par des individus arm\u00e9s \u00e0 10 km de Tanwalbougou sur l\u2019axe Tanwalbougou-Boulibouri.<\/p>\n<p>Le bilan fait \u00e9tat de 03 gendarmes et 05 VDP tu\u00e9s avec 07 bless\u00e9s qui ont \u00e9t\u00e9 \u00e9vacu\u00e9s et pris en charge par les services m\u00e9dicaux. Des unit\u00e9s ont \u00e9t\u00e9 d\u00e9ploy\u00e9es \u00e0 la suite de l\u2019incident dans la zone pour des op\u00e9rations de ratissage aux fins de retrouver les assaillants.<\/p>\n<p>Dans la province du Yatenga, le d\u00e9tachement militaire de Thiou a initi\u00e9 une action civilo-militaire au profit des populations sous la coordination de l\u2019Etat-Major Tactique 1 (EMT 1).<\/p>\n<p>Cette action civilo-militaire a consist\u00e9 \u00e0, avec l\u2019aide des populations, nettoyer les alentours du centre m\u00e9dical de Thiou. Les \u00e9quipes m\u00e9dicales des Forces Arm\u00e9es Nationales ont ensuite conduit des consultations et des soins gratuits au profit des populations. Ces actions visent \u00e0 renforcer les liens entre les populations et les unit\u00e9s engag\u00e9es dans la s\u00e9curisation du territoire.<\/p>\n<p>Il ressort de ce point que le Ministre d\u2019Etat, Ministre de la D\u00e9fense Nationale et des Anciens Combattants a effectu\u00e9, du 7 au 10 avril 2021, une tourn\u00e9e dans des d\u00e9tachements du Groupement des Forces de S\u00e9curit\u00e9 Nationale (GFSN). Il s\u2019agit de Kaya, Dori, Gorom, Djibo, Gaskind\u00e9, Bourzanga et Ouahigouya.<\/p>\n<p>Moumina Ch\u00e9riff SY a \u00e9chang\u00e9 avec les militaires, les gendarmes et les sapeurs-pompiers et a pu recueillir les difficult\u00e9s rencontr\u00e9es par les Hommes et les a encourag\u00e9s \u00e0 la poursuite de leurs missions.<\/p>\n","protected":false},"excerpt":{"rendered":"<p>Africa-Press &#8211; Burkina Faso. Les Forces Arm\u00e9es Nationales ont r\u00e9alis\u00e9 dans la semaine du 5 au 12 avril 2021 des activit\u00e9s entrant dans le cadre de la s\u00e9curisation du pays. Certains d\u00e9tachements du Groupement des Forces de la S\u00e9curit\u00e9 Nationale ont re\u00e7u la visite du Ministre de la D\u00e9fense Moumina Sh\u00e9rif Sy. Dans le point [&hellip;]<\/p>\n","protected":false},"author":82,"featured_media":9847,"comment_status":"open","ping_status":"closed","sticky":false,"template":"","format":"standard","meta":{"footnotes":""},"categories":[11,2,10],"tags":[111,725,29],"class_list":["post-9848","post","type-post","status-publish","format-standard","has-post-thumbnail","hentry","category-homepage-french","category-politique","category-toutes-les-actualites","tag-africa-press","tag-africa-press-burkina-faso","tag-burkina-faso"],"yoast_head":"<!-- This site is optimized with the Yoast SEO Premium plugin v26.1 (Yoast SEO v27.0) - https:\/\/yoast.com\/product\/yoast-seo-premium-wordpress\/ -->\n<title>Une action civilo-militaire au profit des populations initi\u00e9e par le d\u00e9tachement militaire de Thiou - Burkina Faso<\/title>\n<meta name=\"description\" content=\"Les Forces Arm\u00e9es Nationales ont r\u00e9alis\u00e9 dans la semaine du 5 au 12 avril 2021 des activit\u00e9s entrant dans le cadre de la ...\" \/>\n<meta name=\"robots\" content=\"index, follow, max-snippet:-1, max-image-preview:large, max-video-preview:-1\" \/>\n<link rel=\"canonical\" href=\"https:\/\/www.africa-press.net\/burkina-faso\/politique\/burkina-faso-une-action-civilo-militaire-au-profit-des-populations-initiee-par-le-detachement-militaire-de-thiou\" \/>\n<meta property=\"og:locale\" content=\"fr_FR\" \/>\n<meta property=\"og:type\" content=\"article\" \/>\n<meta property=\"og:title\" content=\"Une action civilo-militaire au profit des populations initi\u00e9e par le d\u00e9tachement militaire de Thiou\" \/>\n<meta property=\"og:description\" content=\"Les Forces Arm\u00e9es Nationales ont r\u00e9alis\u00e9 dans la semaine du 5 au 12 avril 2021 des activit\u00e9s entrant dans le cadre de la ...\" \/>\n<meta property=\"og:url\" content=\"https:\/\/www.africa-press.net\/burkina-faso\/politique\/burkina-faso-une-action-civilo-militaire-au-profit-des-populations-initiee-par-le-detachement-militaire-de-thiou\" \/>\n<meta property=\"og:site_name\" content=\"Burkina Faso\" \/>\n<meta property=\"article:published_time\" content=\"2021-04-13T15:40:21+00:00\" \/>\n<meta property=\"article:modified_time\" content=\"2021-04-13T16:42:36+00:00\" \/>\n<meta property=\"og:image\" content=\"https:\/\/static.africa-press.net\/burkina\/sites\/42\/2021\/04\/img-6075a90a58e16.jpg\" \/>\n\t<meta property=\"og:image:width\" content=\"1024\" \/>\n\t<meta property=\"og:image:height\" content=\"683\" \/>\n\t<meta property=\"og:image:type\" content=\"image\/jpeg\" \/>\n<meta name=\"author\" content=\"cfeditorfr\" \/>\n<meta name=\"twitter:card\" content=\"summary_large_image\" \/>\n<meta name=\"twitter:label1\" content=\"\u00c9crit par\" \/>\n\t<meta name=\"twitter:data1\" content=\"cfeditorfr\" \/>\n\t<meta name=\"twitter:label2\" content=\"Dur\u00e9e de lecture estim\u00e9e\" \/>\n\t<meta name=\"twitter:data2\" content=\"2 minutes\" \/>\n<script type=\"application\/ld+json\" class=\"yoast-schema-graph\">{\"@context\":\"https:\/\/schema.org\",\"@graph\":[{\"@type\":\"Article\",\"@id\":\"https:\/\/www.africa-press.net\/burkina-faso\/politique\/burkina-faso-une-action-civilo-militaire-au-profit-des-populations-initiee-par-le-detachement-militaire-de-thiou#article\",\"isPartOf\":{\"@id\":\"https:\/\/www.africa-press.net\/burkina-faso\/politique\/burkina-faso-une-action-civilo-militaire-au-profit-des-populations-initiee-par-le-detachement-militaire-de-thiou\"},\"author\":{\"name\":\"cfeditorfr\",\"@id\":\"https:\/\/www.africa-press.net\/burkina-faso\/#\/schema\/person\/2b1cf3cd81a31e3cd26889ca66d677f1\"},\"headline\":\"Une action civilo-militaire au profit des populations initi\u00e9e par le d\u00e9tachement militaire de Thiou\",\"datePublished\":\"2021-04-13T15:40:21+00:00\",\"dateModified\":\"2021-04-13T16:42:36+00:00\",\"mainEntityOfPage\":{\"@id\":\"https:\/\/www.africa-press.net\/burkina-faso\/politique\/burkina-faso-une-action-civilo-militaire-au-profit-des-populations-initiee-par-le-detachement-militaire-de-thiou\"},\"wordCount\":362,\"commentCount\":0,\"image\":{\"@id\":\"https:\/\/www.africa-press.net\/burkina-faso\/politique\/burkina-faso-une-action-civilo-militaire-au-profit-des-populations-initiee-par-le-detachement-militaire-de-thiou#primaryimage\"},\"thumbnailUrl\":\"https:\/\/static.africa-press.net\/burkina\/sites\/42\/2021\/04\/img-6075a90a58e16.jpg\",\"keywords\":[\"Africa Press\",\"Africa Press-Burkina Faso\",\"Burkina Faso\"],\"articleSection\":[\"homepage-french\",\"Politique\",\"Toutes les actualit\u00e9s\"],\"inLanguage\":\"fr-FR\",\"potentialAction\":[{\"@type\":\"CommentAction\",\"name\":\"Comment\",\"target\":[\"https:\/\/www.africa-press.net\/burkina-faso\/politique\/burkina-faso-une-action-civilo-militaire-au-profit-des-populations-initiee-par-le-detachement-militaire-de-thiou#respond\"]}]},{\"@type\":\"WebPage\",\"@id\":\"https:\/\/www.africa-press.net\/burkina-faso\/politique\/burkina-faso-une-action-civilo-militaire-au-profit-des-populations-initiee-par-le-detachement-militaire-de-thiou\",\"url\":\"https:\/\/www.africa-press.net\/burkina-faso\/politique\/burkina-faso-une-action-civilo-militaire-au-profit-des-populations-initiee-par-le-detachement-militaire-de-thiou\",\"name\":\"Une action civilo-militaire au profit des populations initi\u00e9e par le d\u00e9tachement militaire de Thiou - Burkina Faso\",\"isPartOf\":{\"@id\":\"https:\/\/www.africa-press.net\/burkina-faso\/#website\"},\"primaryImageOfPage\":{\"@id\":\"https:\/\/www.africa-press.net\/burkina-faso\/politique\/burkina-faso-une-action-civilo-militaire-au-profit-des-populations-initiee-par-le-detachement-militaire-de-thiou#primaryimage\"},\"image\":{\"@id\":\"https:\/\/www.africa-press.net\/burkina-faso\/politique\/burkina-faso-une-action-civilo-militaire-au-profit-des-populations-initiee-par-le-detachement-militaire-de-thiou#primaryimage\"},\"thumbnailUrl\":\"https:\/\/static.africa-press.net\/burkina\/sites\/42\/2021\/04\/img-6075a90a58e16.jpg\",\"datePublished\":\"2021-04-13T15:40:21+00:00\",\"dateModified\":\"2021-04-13T16:42:36+00:00\",\"author\":{\"@id\":\"https:\/\/www.africa-press.net\/burkina-faso\/#\/schema\/person\/2b1cf3cd81a31e3cd26889ca66d677f1\"},\"description\":\"Les Forces Arm\u00e9es Nationales ont r\u00e9alis\u00e9 dans la semaine du 5 au 12 avril 2021 des activit\u00e9s entrant dans le cadre de la ...\",\"breadcrumb\":{\"@id\":\"https:\/\/www.africa-press.net\/burkina-faso\/politique\/burkina-faso-une-action-civilo-militaire-au-profit-des-populations-initiee-par-le-detachement-militaire-de-thiou#breadcrumb\"},\"inLanguage\":\"fr-FR\",\"potentialAction\":[{\"@type\":\"ReadAction\",\"target\":[\"https:\/\/www.africa-press.net\/burkina-faso\/politique\/burkina-faso-une-action-civilo-militaire-au-profit-des-populations-initiee-par-le-detachement-militaire-de-thiou\"]}]},{\"@type\":\"ImageObject\",\"inLanguage\":\"fr-FR\",\"@id\":\"https:\/\/www.africa-press.net\/burkina-faso\/politique\/burkina-faso-une-action-civilo-militaire-au-profit-des-populations-initiee-par-le-detachement-militaire-de-thiou#primaryimage\",\"url\":\"https:\/\/static.africa-press.net\/burkina\/sites\/42\/2021\/04\/img-6075a90a58e16.jpg\",\"contentUrl\":\"https:\/\/static.africa-press.net\/burkina\/sites\/42\/2021\/04\/img-6075a90a58e16.jpg\",\"width\":1024,\"height\":683,\"caption\":\"Burkina Faso\u00a0: Une action civilo-militaire au profit des populations initi\u00e9e par le d\u00e9tachement militaire de Thiou\"},{\"@type\":\"BreadcrumbList\",\"@id\":\"https:\/\/www.africa-press.net\/burkina-faso\/politique\/burkina-faso-une-action-civilo-militaire-au-profit-des-populations-initiee-par-le-detachement-militaire-de-thiou#breadcrumb\",\"itemListElement\":[{\"@type\":\"ListItem\",\"position\":1,\"name\":\"Accueil\",\"item\":\"https:\/\/www.africa-press.net\/burkina-faso\/\"},{\"@type\":\"ListItem\",\"position\":2,\"name\":\"Une action civilo-militaire au profit des populations initi\u00e9e par le d\u00e9tachement militaire de Thiou\"}]},{\"@type\":\"WebSite\",\"@id\":\"https:\/\/www.africa-press.net\/burkina-faso\/#website\",\"url\":\"https:\/\/www.africa-press.net\/burkina-faso\/\",\"name\":\"Burkina Faso\",\"description\":\"Just another Africa News Agency Sites site\",\"potentialAction\":[{\"@type\":\"SearchAction\",\"target\":{\"@type\":\"EntryPoint\",\"urlTemplate\":\"https:\/\/www.africa-press.net\/burkina-faso\/?s={search_term_string}\"},\"query-input\":{\"@type\":\"PropertyValueSpecification\",\"valueRequired\":true,\"valueName\":\"search_term_string\"}}],\"inLanguage\":\"fr-FR\"},{\"@type\":\"Person\",\"@id\":\"https:\/\/www.africa-press.net\/burkina-faso\/#\/schema\/person\/2b1cf3cd81a31e3cd26889ca66d677f1\",\"name\":\"cfeditorfr\"}]}<\/script>\n<!-- \/ Yoast SEO Premium plugin. -->","yoast_head_json":{"title":"Une action civilo-militaire au profit des populations initi\u00e9e par le d\u00e9tachement militaire de Thiou - Burkina Faso","description":"Les Forces Arm\u00e9es Nationales ont r\u00e9alis\u00e9 dans la semaine du 5 au 12 avril 2021 des activit\u00e9s entrant dans le cadre de la ...","robots":{"index":"index","follow":"follow","max-snippet":"max-snippet:-1","max-image-preview":"max-image-preview:large","max-video-preview":"max-video-preview:-1"},"canonical":"https:\/\/www.africa-press.net\/burkina-faso\/politique\/burkina-faso-une-action-civilo-militaire-au-profit-des-populations-initiee-par-le-detachement-militaire-de-thiou","og_locale":"fr_FR","og_type":"article","og_title":"Une action civilo-militaire au profit des populations initi\u00e9e par le d\u00e9tachement militaire de Thiou","og_description":"Les Forces Arm\u00e9es Nationales ont r\u00e9alis\u00e9 dans la semaine du 5 au 12 avril 2021 des activit\u00e9s entrant dans le cadre de la ...","og_url":"https:\/\/www.africa-press.net\/burkina-faso\/politique\/burkina-faso-une-action-civilo-militaire-au-profit-des-populations-initiee-par-le-detachement-militaire-de-thiou","og_site_name":"Burkina Faso","article_published_time":"2021-04-13T15:40:21+00:00","article_modified_time":"2021-04-13T16:42:36+00:00","og_image":[{"width":1024,"height":683,"url":"https:\/\/static.africa-press.net\/burkina\/sites\/42\/2021\/04\/img-6075a90a58e16.jpg","type":"image\/jpeg"}],"author":"cfeditorfr","twitter_card":"summary_large_image","twitter_misc":{"\u00c9crit par":"cfeditorfr","Dur\u00e9e de lecture estim\u00e9e":"2 minutes"},"schema":{"@context":"https:\/\/schema.org","@graph":[{"@type":"Article","@id":"https:\/\/www.africa-press.net\/burkina-faso\/politique\/burkina-faso-une-action-civilo-militaire-au-profit-des-populations-initiee-par-le-detachement-militaire-de-thiou#article","isPartOf":{"@id":"https:\/\/www.africa-press.net\/burkina-faso\/politique\/burkina-faso-une-action-civilo-militaire-au-profit-des-populations-initiee-par-le-detachement-militaire-de-thiou"},"author":{"name":"cfeditorfr","@id":"https:\/\/www.africa-press.net\/burkina-faso\/#\/schema\/person\/2b1cf3cd81a31e3cd26889ca66d677f1"},"headline":"Une action civilo-militaire au profit des populations initi\u00e9e par le d\u00e9tachement militaire de Thiou","datePublished":"2021-04-13T15:40:21+00:00","dateModified":"2021-04-13T16:42:36+00:00","mainEntityOfPage":{"@id":"https:\/\/www.africa-press.net\/burkina-faso\/politique\/burkina-faso-une-action-civilo-militaire-au-profit-des-populations-initiee-par-le-detachement-militaire-de-thiou"},"wordCount":362,"commentCount":0,"image":{"@id":"https:\/\/www.africa-press.net\/burkina-faso\/politique\/burkina-faso-une-action-civilo-militaire-au-profit-des-populations-initiee-par-le-detachement-militaire-de-thiou#primaryimage"},"thumbnailUrl":"https:\/\/static.africa-press.net\/burkina\/sites\/42\/2021\/04\/img-6075a90a58e16.jpg","keywords":["Africa Press","Africa Press-Burkina Faso","Burkina Faso"],"articleSection":["homepage-french","Politique","Toutes les actualit\u00e9s"],"inLanguage":"fr-FR","potentialAction":[{"@type":"CommentAction","name":"Comment","target":["https:\/\/www.africa-press.net\/burkina-faso\/politique\/burkina-faso-une-action-civilo-militaire-au-profit-des-populations-initiee-par-le-detachement-militaire-de-thiou#respond"]}]},{"@type":"WebPage","@id":"https:\/\/www.africa-press.net\/burkina-faso\/politique\/burkina-faso-une-action-civilo-militaire-au-profit-des-populations-initiee-par-le-detachement-militaire-de-thiou","url":"https:\/\/www.africa-press.net\/burkina-faso\/politique\/burkina-faso-une-action-civilo-militaire-au-profit-des-populations-initiee-par-le-detachement-militaire-de-thiou","name":"Une action civilo-militaire au profit des populations initi\u00e9e par le d\u00e9tachement militaire de Thiou - Burkina Faso","isPartOf":{"@id":"https:\/\/www.africa-press.net\/burkina-faso\/#website"},"primaryImageOfPage":{"@id":"https:\/\/www.africa-press.net\/burkina-faso\/politique\/burkina-faso-une-action-civilo-militaire-au-profit-des-populations-initiee-par-le-detachement-militaire-de-thiou#primaryimage"},"image":{"@id":"https:\/\/www.africa-press.net\/burkina-faso\/politique\/burkina-faso-une-action-civilo-militaire-au-profit-des-populations-initiee-par-le-detachement-militaire-de-thiou#primaryimage"},"thumbnailUrl":"https:\/\/static.africa-press.net\/burkina\/sites\/42\/2021\/04\/img-6075a90a58e16.jpg","datePublished":"2021-04-13T15:40:21+00:00","dateModified":"2021-04-13T16:42:36+00:00","author":{"@id":"https:\/\/www.africa-press.net\/burkina-faso\/#\/schema\/person\/2b1cf3cd81a31e3cd26889ca66d677f1"},"description":"Les Forces Arm\u00e9es Nationales ont r\u00e9alis\u00e9 dans la semaine du 5 au 12 avril 2021 des activit\u00e9s entrant dans le cadre de la ...","breadcrumb":{"@id":"https:\/\/www.africa-press.net\/burkina-faso\/politique\/burkina-faso-une-action-civilo-militaire-au-profit-des-populations-initiee-par-le-detachement-militaire-de-thiou#breadcrumb"},"inLanguage":"fr-FR","potentialAction":[{"@type":"ReadAction","target":["https:\/\/www.africa-press.net\/burkina-faso\/politique\/burkina-faso-une-action-civilo-militaire-au-profit-des-populations-initiee-par-le-detachement-militaire-de-thiou"]}]},{"@type":"ImageObject","inLanguage":"fr-FR","@id":"https:\/\/www.africa-press.net\/burkina-faso\/politique\/burkina-faso-une-action-civilo-militaire-au-profit-des-populations-initiee-par-le-detachement-militaire-de-thiou#primaryimage","url":"https:\/\/static.africa-press.net\/burkina\/sites\/42\/2021\/04\/img-6075a90a58e16.jpg","contentUrl":"https:\/\/static.africa-press.net\/burkina\/sites\/42\/2021\/04\/img-6075a90a58e16.jpg","width":1024,"height":683,"caption":"Burkina Faso\u00a0: Une action civilo-militaire au profit des populations initi\u00e9e par le d\u00e9tachement militaire de Thiou"},{"@type":"BreadcrumbList","@id":"https:\/\/www.africa-press.net\/burkina-faso\/politique\/burkina-faso-une-action-civilo-militaire-au-profit-des-populations-initiee-par-le-detachement-militaire-de-thiou#breadcrumb","itemListElement":[{"@type":"ListItem","position":1,"name":"Accueil","item":"https:\/\/www.africa-press.net\/burkina-faso\/"},{"@type":"ListItem","position":2,"name":"Une action civilo-militaire au profit des populations initi\u00e9e par le d\u00e9tachement militaire de Thiou"}]},{"@type":"WebSite","@id":"https:\/\/www.africa-press.net\/burkina-faso\/#website","url":"https:\/\/www.africa-press.net\/burkina-faso\/","name":"Burkina Faso","description":"Just another Africa News Agency Sites site","potentialAction":[{"@type":"SearchAction","target":{"@type":"EntryPoint","urlTemplate":"https:\/\/www.africa-press.net\/burkina-faso\/?s={search_term_string}"},"query-input":{"@type":"PropertyValueSpecification","valueRequired":true,"valueName":"search_term_string"}}],"inLanguage":"fr-FR"},{"@type":"Person","@id":"https:\/\/www.africa-press.net\/burkina-faso\/#\/schema\/person\/2b1cf3cd81a31e3cd26889ca66d677f1","name":"cfeditorfr"}]}},"_links":{"self":[{"href":"https:\/\/www.africa-press.net\/burkina-faso\/wp-json\/wp\/v2\/posts\/9848","targetHints":{"allow":["GET"]}}],"collection":[{"href":"https:\/\/www.africa-press.net\/burkina-faso\/wp-json\/wp\/v2\/posts"}],"about":[{"href":"https:\/\/www.africa-press.net\/burkina-faso\/wp-json\/wp\/v2\/types\/post"}],"author":[{"embeddable":true,"href":"https:\/\/www.africa-press.net\/burkina-faso\/wp-json\/wp\/v2\/users\/82"}],"replies":[{"embeddable":true,"href":"https:\/\/www.africa-press.net\/burkina-faso\/wp-json\/wp\/v2\/comments?post=9848"}],"version-history":[{"count":0,"href":"https:\/\/www.africa-press.net\/burkina-faso\/wp-json\/wp\/v2\/posts\/9848\/revisions"}],"wp:featuredmedia":[{"embeddable":true,"href":"https:\/\/www.africa-press.net\/burkina-faso\/wp-json\/wp\/v2\/media\/9847"}],"wp:attachment":[{"href":"https:\/\/www.africa-press.net\/burkina-faso\/wp-json\/wp\/v2\/media?parent=9848"}],"wp:term":[{"taxonomy":"category","embeddable":true,"href":"https:\/\/www.africa-press.net\/burkina-faso\/wp-json\/wp\/v2\/categories?post=9848"},{"taxonomy":"post_tag","embeddable":true,"href":"https:\/\/www.africa-press.net\/burkina-faso\/wp-json\/wp\/v2\/tags?post=9848"}],"curies":[{"name":"wp","href":"https:\/\/api.w.org\/{rel}","templated":true}]}}