{"id":9857,"date":"2021-04-13T16:06:09","date_gmt":"2021-04-13T16:06:09","guid":{"rendered":"https:\/\/www.africa-press.net\/burkina-faso\/?p=9857"},"modified":"2021-04-13T16:42:59","modified_gmt":"2021-04-13T16:42:59","slug":"vovinam-viet-vo-dao-la-federation-reprend-ses-activites-avec-les-petits","status":"publish","type":"post","link":"https:\/\/www.africa-press.net\/burkina-faso\/sports\/vovinam-viet-vo-dao-la-federation-reprend-ses-activites-avec-les-petits","title":{"rendered":"Vovinam Viet Vo Dao : La F\u00e9d\u00e9ration reprend ses activit\u00e9s avec les petits"},"content":{"rendered":"<p><span style=\"color: #ff6600\"><strong><a href=\"https:\/\/www.africa-press.net\/\">Africa-Press<\/a> &#8211; <a href=\"https:\/\/www.africa-press.net\/burkina-faso\">Burkina Faso<\/a>. <\/strong><\/span><b>La F\u00e9d\u00e9ration burkinab\u00e8 de Vovinam Viet Vo Dao a organis\u00e9, le samedi 10 avril 2021, le championnat national des petites cat\u00e9gories.<\/b><\/p>\n<p>Apr\u00e8s l\u2019hommage rendu \u00e0 la femme, le 8 mars dernier, \u00e0 travers une activit\u00e9 d\u00e9di\u00e9e aux filles pratiquant l\u2019art martial, la F\u00e9d\u00e9ration a remis les couverts ce samedi 10 avril 2021 au profit des petites cat\u00e9gories.<br \/>\nDurant la journ\u00e9e de ce samedi, 81 comp\u00e9titeurs, venus de cinq r\u00e9gions que sont le Centre, le Centre-Est, l\u2019Ouest, le Centre-Ouest et le Centre-Nord, ont pris part aux diff\u00e9rents combats.<\/p>\n<p>Ce championnat marque la reprise des activit\u00e9s de la f\u00e9d\u00e9ration apr\u00e8s un arr\u00eat de plus d\u2019une ann\u00e9e d\u00fb \u00e0 la pand\u00e9mie \u00e0 Covid-19. \u00ab Nous avons d\u00e9cid\u00e9 de d\u00e9marrer nos activit\u00e9s avec les petites cat\u00e9gories pour r\u00e9pondre \u00e0 la vision du minist\u00e8re des Sports et Loisirs qui met au premier plan la question de la rel\u00e8ve. Au niveau de l\u2019art martial que nous pratiquons, nous savons que pr\u00e9parer la petite enfance c\u2019est aussi pr\u00e9parer la rel\u00e8ve \u00bb, a expliqu\u00e9 Philippe Sawadogo, pr\u00e9sident de la F\u00e9d\u00e9ration burkinab\u00e8 de Vovinam Viet Vo Dao.<\/p>\n<p><b>Une bonne graine pour la rel\u00e8ve au Burkina<\/b><\/p>\n<p>Au nombre de 81, les pratiquants dont l\u2019\u00e2ge est compris entre 6 et 14 ans ont pris part aux comp\u00e9titions dans les techniques de base, les Quyens ou katas, les contre-attaques encore appel\u00e9es self-defense et les Quyens synchronis\u00e9s. Pour le directeur technique national, il y a de l\u2019espoir pour l\u2019art martial au Burkina Faso. \u00ab Les enfants nous ont beaucoup \u00e9merveill\u00e9s aujourd\u2019hui et je peux vous assurer que nous avons une tr\u00e8s bonne rel\u00e8ve. Donc le Vovinam Viet Vo Dao a un avenir prometteur au Burkina Faso \u00bb, a-t-il expliqu\u00e9.<\/p>\n<p><b>Le championnat national senior et les passages de grades en ligne de mire<\/b><\/p>\n<p>En d\u00e9pit de la pand\u00e9mie \u00e0 coronavirus, la f\u00e9d\u00e9ration mondiale de l\u2019art martial s\u2019est voulue r\u00e9siliente en d\u00e9veloppant de nouveaux moyens d\u2019organiser des comp\u00e9titions. Ainsi, un championnat a \u00e9t\u00e9 organis\u00e9, selon le DTN, sur le r\u00e9seau youtube et le Burkina s\u2019en est sorti avec quatre m\u00e9dailles d\u2019or et quatre m\u00e9dailles de bronze.<\/p>\n<p>Apr\u00e8s avoir boucl\u00e9 ces diff\u00e9rentes comp\u00e9titions, la f\u00e9d\u00e9ration a d\u00e9sormais le regard tourn\u00e9 vers l\u2019avenir. Ses ambitions sont d\u2019organiser les championnats r\u00e9gionaux qui vont aboutir, en juin, au championnat national senior et un stage international, en novembre, suivi de passage de ceintures.<br \/>\nCe sont les d\u00e9fis qui se pr\u00e9sentent \u00e0 Philippe Sawadogo et aux membres de son bureau pour le reste de l\u2019ann\u00e9e.<\/p>\n<p><b>\u00a0<\/b><\/p>\n","protected":false},"excerpt":{"rendered":"<p>Africa-Press &#8211; Burkina Faso. La F\u00e9d\u00e9ration burkinab\u00e8 de Vovinam Viet Vo Dao a organis\u00e9, le samedi 10 avril 2021, le championnat national des petites cat\u00e9gories. Apr\u00e8s l\u2019hommage rendu \u00e0 la femme, le 8 mars dernier, \u00e0 travers une activit\u00e9 d\u00e9di\u00e9e aux filles pratiquant l\u2019art martial, la F\u00e9d\u00e9ration a remis les couverts ce samedi 10 avril [&hellip;]<\/p>\n","protected":false},"author":82,"featured_media":9856,"comment_status":"open","ping_status":"closed","sticky":false,"template":"","format":"standard","meta":{"footnotes":""},"categories":[11,6,10],"tags":[111,725,29],"class_list":["post-9857","post","type-post","status-publish","format-standard","has-post-thumbnail","hentry","category-homepage-french","category-sports","category-toutes-les-actualites","tag-africa-press","tag-africa-press-burkina-faso","tag-burkina-faso"],"yoast_head":"<!-- This site is optimized with the Yoast SEO Premium plugin v26.1 (Yoast SEO v27.0) - https:\/\/yoast.com\/product\/yoast-seo-premium-wordpress\/ -->\n<title>Vovinam Viet Vo Dao : La F\u00e9d\u00e9ration reprend ses activit\u00e9s avec les petits - Burkina Faso<\/title>\n<meta name=\"description\" content=\"La F\u00e9d\u00e9ration burkinab\u00e8 de Vovinam Viet Vo Dao a organis\u00e9, le samedi 10 avril 2021, le championnat national des petit ...\" \/>\n<meta name=\"robots\" content=\"index, follow, max-snippet:-1, max-image-preview:large, max-video-preview:-1\" \/>\n<link rel=\"canonical\" href=\"https:\/\/www.africa-press.net\/burkina-faso\/sports\/vovinam-viet-vo-dao-la-federation-reprend-ses-activites-avec-les-petits\" \/>\n<meta property=\"og:locale\" content=\"fr_FR\" \/>\n<meta property=\"og:type\" content=\"article\" \/>\n<meta property=\"og:title\" content=\"Vovinam Viet Vo Dao : La F\u00e9d\u00e9ration reprend ses activit\u00e9s avec les petits\" \/>\n<meta property=\"og:description\" content=\"La F\u00e9d\u00e9ration burkinab\u00e8 de Vovinam Viet Vo Dao a organis\u00e9, le samedi 10 avril 2021, le championnat national des petit ...\" \/>\n<meta property=\"og:url\" content=\"https:\/\/www.africa-press.net\/burkina-faso\/sports\/vovinam-viet-vo-dao-la-federation-reprend-ses-activites-avec-les-petits\" \/>\n<meta property=\"og:site_name\" content=\"Burkina Faso\" \/>\n<meta property=\"article:published_time\" content=\"2021-04-13T16:06:09+00:00\" \/>\n<meta property=\"article:modified_time\" content=\"2021-04-13T16:42:59+00:00\" \/>\n<meta property=\"og:image\" content=\"https:\/\/static.africa-press.net\/burkina\/sites\/42\/2021\/04\/img-6075a9b202c23.jpg\" \/>\n\t<meta property=\"og:image:width\" content=\"720\" \/>\n\t<meta property=\"og:image:height\" content=\"540\" \/>\n\t<meta property=\"og:image:type\" content=\"image\/jpeg\" \/>\n<meta name=\"author\" content=\"cfeditorfr\" \/>\n<meta name=\"twitter:card\" content=\"summary_large_image\" \/>\n<meta name=\"twitter:label1\" content=\"\u00c9crit par\" \/>\n\t<meta name=\"twitter:data1\" content=\"cfeditorfr\" \/>\n\t<meta name=\"twitter:label2\" content=\"Dur\u00e9e de lecture estim\u00e9e\" \/>\n\t<meta name=\"twitter:data2\" content=\"2 minutes\" \/>\n<script type=\"application\/ld+json\" class=\"yoast-schema-graph\">{\"@context\":\"https:\/\/schema.org\",\"@graph\":[{\"@type\":\"Article\",\"@id\":\"https:\/\/www.africa-press.net\/burkina-faso\/sports\/vovinam-viet-vo-dao-la-federation-reprend-ses-activites-avec-les-petits#article\",\"isPartOf\":{\"@id\":\"https:\/\/www.africa-press.net\/burkina-faso\/sports\/vovinam-viet-vo-dao-la-federation-reprend-ses-activites-avec-les-petits\"},\"author\":{\"name\":\"cfeditorfr\",\"@id\":\"https:\/\/www.africa-press.net\/burkina-faso\/#\/schema\/person\/2b1cf3cd81a31e3cd26889ca66d677f1\"},\"headline\":\"Vovinam Viet Vo Dao : La F\u00e9d\u00e9ration reprend ses activit\u00e9s avec les petits\",\"datePublished\":\"2021-04-13T16:06:09+00:00\",\"dateModified\":\"2021-04-13T16:42:59+00:00\",\"mainEntityOfPage\":{\"@id\":\"https:\/\/www.africa-press.net\/burkina-faso\/sports\/vovinam-viet-vo-dao-la-federation-reprend-ses-activites-avec-les-petits\"},\"wordCount\":481,\"commentCount\":0,\"image\":{\"@id\":\"https:\/\/www.africa-press.net\/burkina-faso\/sports\/vovinam-viet-vo-dao-la-federation-reprend-ses-activites-avec-les-petits#primaryimage\"},\"thumbnailUrl\":\"https:\/\/static.africa-press.net\/burkina\/sites\/42\/2021\/04\/img-6075a9b202c23.jpg\",\"keywords\":[\"Africa Press\",\"Africa Press-Burkina Faso\",\"Burkina Faso\"],\"articleSection\":[\"homepage-french\",\"Sports\",\"Toutes les actualit\u00e9s\"],\"inLanguage\":\"fr-FR\",\"potentialAction\":[{\"@type\":\"CommentAction\",\"name\":\"Comment\",\"target\":[\"https:\/\/www.africa-press.net\/burkina-faso\/sports\/vovinam-viet-vo-dao-la-federation-reprend-ses-activites-avec-les-petits#respond\"]}]},{\"@type\":\"WebPage\",\"@id\":\"https:\/\/www.africa-press.net\/burkina-faso\/sports\/vovinam-viet-vo-dao-la-federation-reprend-ses-activites-avec-les-petits\",\"url\":\"https:\/\/www.africa-press.net\/burkina-faso\/sports\/vovinam-viet-vo-dao-la-federation-reprend-ses-activites-avec-les-petits\",\"name\":\"Vovinam Viet Vo Dao : La F\u00e9d\u00e9ration reprend ses activit\u00e9s avec les petits - Burkina Faso\",\"isPartOf\":{\"@id\":\"https:\/\/www.africa-press.net\/burkina-faso\/#website\"},\"primaryImageOfPage\":{\"@id\":\"https:\/\/www.africa-press.net\/burkina-faso\/sports\/vovinam-viet-vo-dao-la-federation-reprend-ses-activites-avec-les-petits#primaryimage\"},\"image\":{\"@id\":\"https:\/\/www.africa-press.net\/burkina-faso\/sports\/vovinam-viet-vo-dao-la-federation-reprend-ses-activites-avec-les-petits#primaryimage\"},\"thumbnailUrl\":\"https:\/\/static.africa-press.net\/burkina\/sites\/42\/2021\/04\/img-6075a9b202c23.jpg\",\"datePublished\":\"2021-04-13T16:06:09+00:00\",\"dateModified\":\"2021-04-13T16:42:59+00:00\",\"author\":{\"@id\":\"https:\/\/www.africa-press.net\/burkina-faso\/#\/schema\/person\/2b1cf3cd81a31e3cd26889ca66d677f1\"},\"description\":\"La F\u00e9d\u00e9ration burkinab\u00e8 de Vovinam Viet Vo Dao a organis\u00e9, le samedi 10 avril 2021, le championnat national des petit ...\",\"breadcrumb\":{\"@id\":\"https:\/\/www.africa-press.net\/burkina-faso\/sports\/vovinam-viet-vo-dao-la-federation-reprend-ses-activites-avec-les-petits#breadcrumb\"},\"inLanguage\":\"fr-FR\",\"potentialAction\":[{\"@type\":\"ReadAction\",\"target\":[\"https:\/\/www.africa-press.net\/burkina-faso\/sports\/vovinam-viet-vo-dao-la-federation-reprend-ses-activites-avec-les-petits\"]}]},{\"@type\":\"ImageObject\",\"inLanguage\":\"fr-FR\",\"@id\":\"https:\/\/www.africa-press.net\/burkina-faso\/sports\/vovinam-viet-vo-dao-la-federation-reprend-ses-activites-avec-les-petits#primaryimage\",\"url\":\"https:\/\/static.africa-press.net\/burkina\/sites\/42\/2021\/04\/img-6075a9b202c23.jpg\",\"contentUrl\":\"https:\/\/static.africa-press.net\/burkina\/sites\/42\/2021\/04\/img-6075a9b202c23.jpg\",\"width\":720,\"height\":540,\"caption\":\"Vovinam Viet Vo Dao : La F\u00e9d\u00e9ration reprend ses activit\u00e9s avec les petits\"},{\"@type\":\"BreadcrumbList\",\"@id\":\"https:\/\/www.africa-press.net\/burkina-faso\/sports\/vovinam-viet-vo-dao-la-federation-reprend-ses-activites-avec-les-petits#breadcrumb\",\"itemListElement\":[{\"@type\":\"ListItem\",\"position\":1,\"name\":\"Accueil\",\"item\":\"https:\/\/www.africa-press.net\/burkina-faso\/\"},{\"@type\":\"ListItem\",\"position\":2,\"name\":\"Vovinam Viet Vo Dao : La F\u00e9d\u00e9ration reprend ses activit\u00e9s avec les petits\"}]},{\"@type\":\"WebSite\",\"@id\":\"https:\/\/www.africa-press.net\/burkina-faso\/#website\",\"url\":\"https:\/\/www.africa-press.net\/burkina-faso\/\",\"name\":\"Burkina Faso\",\"description\":\"Just another Africa News Agency Sites site\",\"potentialAction\":[{\"@type\":\"SearchAction\",\"target\":{\"@type\":\"EntryPoint\",\"urlTemplate\":\"https:\/\/www.africa-press.net\/burkina-faso\/?s={search_term_string}\"},\"query-input\":{\"@type\":\"PropertyValueSpecification\",\"valueRequired\":true,\"valueName\":\"search_term_string\"}}],\"inLanguage\":\"fr-FR\"},{\"@type\":\"Person\",\"@id\":\"https:\/\/www.africa-press.net\/burkina-faso\/#\/schema\/person\/2b1cf3cd81a31e3cd26889ca66d677f1\",\"name\":\"cfeditorfr\"}]}<\/script>\n<!-- \/ Yoast SEO Premium plugin. -->","yoast_head_json":{"title":"Vovinam Viet Vo Dao : La F\u00e9d\u00e9ration reprend ses activit\u00e9s avec les petits - Burkina Faso","description":"La F\u00e9d\u00e9ration burkinab\u00e8 de Vovinam Viet Vo Dao a organis\u00e9, le samedi 10 avril 2021, le championnat national des petit ...","robots":{"index":"index","follow":"follow","max-snippet":"max-snippet:-1","max-image-preview":"max-image-preview:large","max-video-preview":"max-video-preview:-1"},"canonical":"https:\/\/www.africa-press.net\/burkina-faso\/sports\/vovinam-viet-vo-dao-la-federation-reprend-ses-activites-avec-les-petits","og_locale":"fr_FR","og_type":"article","og_title":"Vovinam Viet Vo Dao : La F\u00e9d\u00e9ration reprend ses activit\u00e9s avec les petits","og_description":"La F\u00e9d\u00e9ration burkinab\u00e8 de Vovinam Viet Vo Dao a organis\u00e9, le samedi 10 avril 2021, le championnat national des petit ...","og_url":"https:\/\/www.africa-press.net\/burkina-faso\/sports\/vovinam-viet-vo-dao-la-federation-reprend-ses-activites-avec-les-petits","og_site_name":"Burkina Faso","article_published_time":"2021-04-13T16:06:09+00:00","article_modified_time":"2021-04-13T16:42:59+00:00","og_image":[{"width":720,"height":540,"url":"https:\/\/static.africa-press.net\/burkina\/sites\/42\/2021\/04\/img-6075a9b202c23.jpg","type":"image\/jpeg"}],"author":"cfeditorfr","twitter_card":"summary_large_image","twitter_misc":{"\u00c9crit par":"cfeditorfr","Dur\u00e9e de lecture estim\u00e9e":"2 minutes"},"schema":{"@context":"https:\/\/schema.org","@graph":[{"@type":"Article","@id":"https:\/\/www.africa-press.net\/burkina-faso\/sports\/vovinam-viet-vo-dao-la-federation-reprend-ses-activites-avec-les-petits#article","isPartOf":{"@id":"https:\/\/www.africa-press.net\/burkina-faso\/sports\/vovinam-viet-vo-dao-la-federation-reprend-ses-activites-avec-les-petits"},"author":{"name":"cfeditorfr","@id":"https:\/\/www.africa-press.net\/burkina-faso\/#\/schema\/person\/2b1cf3cd81a31e3cd26889ca66d677f1"},"headline":"Vovinam Viet Vo Dao : La F\u00e9d\u00e9ration reprend ses activit\u00e9s avec les petits","datePublished":"2021-04-13T16:06:09+00:00","dateModified":"2021-04-13T16:42:59+00:00","mainEntityOfPage":{"@id":"https:\/\/www.africa-press.net\/burkina-faso\/sports\/vovinam-viet-vo-dao-la-federation-reprend-ses-activites-avec-les-petits"},"wordCount":481,"commentCount":0,"image":{"@id":"https:\/\/www.africa-press.net\/burkina-faso\/sports\/vovinam-viet-vo-dao-la-federation-reprend-ses-activites-avec-les-petits#primaryimage"},"thumbnailUrl":"https:\/\/static.africa-press.net\/burkina\/sites\/42\/2021\/04\/img-6075a9b202c23.jpg","keywords":["Africa Press","Africa Press-Burkina Faso","Burkina Faso"],"articleSection":["homepage-french","Sports","Toutes les actualit\u00e9s"],"inLanguage":"fr-FR","potentialAction":[{"@type":"CommentAction","name":"Comment","target":["https:\/\/www.africa-press.net\/burkina-faso\/sports\/vovinam-viet-vo-dao-la-federation-reprend-ses-activites-avec-les-petits#respond"]}]},{"@type":"WebPage","@id":"https:\/\/www.africa-press.net\/burkina-faso\/sports\/vovinam-viet-vo-dao-la-federation-reprend-ses-activites-avec-les-petits","url":"https:\/\/www.africa-press.net\/burkina-faso\/sports\/vovinam-viet-vo-dao-la-federation-reprend-ses-activites-avec-les-petits","name":"Vovinam Viet Vo Dao : La F\u00e9d\u00e9ration reprend ses activit\u00e9s avec les petits - Burkina Faso","isPartOf":{"@id":"https:\/\/www.africa-press.net\/burkina-faso\/#website"},"primaryImageOfPage":{"@id":"https:\/\/www.africa-press.net\/burkina-faso\/sports\/vovinam-viet-vo-dao-la-federation-reprend-ses-activites-avec-les-petits#primaryimage"},"image":{"@id":"https:\/\/www.africa-press.net\/burkina-faso\/sports\/vovinam-viet-vo-dao-la-federation-reprend-ses-activites-avec-les-petits#primaryimage"},"thumbnailUrl":"https:\/\/static.africa-press.net\/burkina\/sites\/42\/2021\/04\/img-6075a9b202c23.jpg","datePublished":"2021-04-13T16:06:09+00:00","dateModified":"2021-04-13T16:42:59+00:00","author":{"@id":"https:\/\/www.africa-press.net\/burkina-faso\/#\/schema\/person\/2b1cf3cd81a31e3cd26889ca66d677f1"},"description":"La F\u00e9d\u00e9ration burkinab\u00e8 de Vovinam Viet Vo Dao a organis\u00e9, le samedi 10 avril 2021, le championnat national des petit ...","breadcrumb":{"@id":"https:\/\/www.africa-press.net\/burkina-faso\/sports\/vovinam-viet-vo-dao-la-federation-reprend-ses-activites-avec-les-petits#breadcrumb"},"inLanguage":"fr-FR","potentialAction":[{"@type":"ReadAction","target":["https:\/\/www.africa-press.net\/burkina-faso\/sports\/vovinam-viet-vo-dao-la-federation-reprend-ses-activites-avec-les-petits"]}]},{"@type":"ImageObject","inLanguage":"fr-FR","@id":"https:\/\/www.africa-press.net\/burkina-faso\/sports\/vovinam-viet-vo-dao-la-federation-reprend-ses-activites-avec-les-petits#primaryimage","url":"https:\/\/static.africa-press.net\/burkina\/sites\/42\/2021\/04\/img-6075a9b202c23.jpg","contentUrl":"https:\/\/static.africa-press.net\/burkina\/sites\/42\/2021\/04\/img-6075a9b202c23.jpg","width":720,"height":540,"caption":"Vovinam Viet Vo Dao : La F\u00e9d\u00e9ration reprend ses activit\u00e9s avec les petits"},{"@type":"BreadcrumbList","@id":"https:\/\/www.africa-press.net\/burkina-faso\/sports\/vovinam-viet-vo-dao-la-federation-reprend-ses-activites-avec-les-petits#breadcrumb","itemListElement":[{"@type":"ListItem","position":1,"name":"Accueil","item":"https:\/\/www.africa-press.net\/burkina-faso\/"},{"@type":"ListItem","position":2,"name":"Vovinam Viet Vo Dao : La F\u00e9d\u00e9ration reprend ses activit\u00e9s avec les petits"}]},{"@type":"WebSite","@id":"https:\/\/www.africa-press.net\/burkina-faso\/#website","url":"https:\/\/www.africa-press.net\/burkina-faso\/","name":"Burkina Faso","description":"Just another Africa News Agency Sites site","potentialAction":[{"@type":"SearchAction","target":{"@type":"EntryPoint","urlTemplate":"https:\/\/www.africa-press.net\/burkina-faso\/?s={search_term_string}"},"query-input":{"@type":"PropertyValueSpecification","valueRequired":true,"valueName":"search_term_string"}}],"inLanguage":"fr-FR"},{"@type":"Person","@id":"https:\/\/www.africa-press.net\/burkina-faso\/#\/schema\/person\/2b1cf3cd81a31e3cd26889ca66d677f1","name":"cfeditorfr"}]}},"_links":{"self":[{"href":"https:\/\/www.africa-press.net\/burkina-faso\/wp-json\/wp\/v2\/posts\/9857","targetHints":{"allow":["GET"]}}],"collection":[{"href":"https:\/\/www.africa-press.net\/burkina-faso\/wp-json\/wp\/v2\/posts"}],"about":[{"href":"https:\/\/www.africa-press.net\/burkina-faso\/wp-json\/wp\/v2\/types\/post"}],"author":[{"embeddable":true,"href":"https:\/\/www.africa-press.net\/burkina-faso\/wp-json\/wp\/v2\/users\/82"}],"replies":[{"embeddable":true,"href":"https:\/\/www.africa-press.net\/burkina-faso\/wp-json\/wp\/v2\/comments?post=9857"}],"version-history":[{"count":0,"href":"https:\/\/www.africa-press.net\/burkina-faso\/wp-json\/wp\/v2\/posts\/9857\/revisions"}],"wp:featuredmedia":[{"embeddable":true,"href":"https:\/\/www.africa-press.net\/burkina-faso\/wp-json\/wp\/v2\/media\/9856"}],"wp:attachment":[{"href":"https:\/\/www.africa-press.net\/burkina-faso\/wp-json\/wp\/v2\/media?parent=9857"}],"wp:term":[{"taxonomy":"category","embeddable":true,"href":"https:\/\/www.africa-press.net\/burkina-faso\/wp-json\/wp\/v2\/categories?post=9857"},{"taxonomy":"post_tag","embeddable":true,"href":"https:\/\/www.africa-press.net\/burkina-faso\/wp-json\/wp\/v2\/tags?post=9857"}],"curies":[{"name":"wp","href":"https:\/\/api.w.org\/{rel}","templated":true}]}}