{"id":9860,"date":"2021-04-13T16:15:59","date_gmt":"2021-04-13T16:15:59","guid":{"rendered":"https:\/\/www.africa-press.net\/burkina-faso\/?p=9860"},"modified":"2021-04-13T16:43:07","modified_gmt":"2021-04-13T16:43:07","slug":"ramadan-2021-le-message-du-cerfi","status":"publish","type":"post","link":"https:\/\/www.africa-press.net\/burkina-faso\/culture-et-art\/ramadan-2021-le-message-du-cerfi","title":{"rendered":"Ramadan 2021 : Le message du CERFI"},"content":{"rendered":"<p><span style=\"color: #ff6600\"><strong><a href=\"https:\/\/www.africa-press.net\/\">Africa-Press<\/a> &#8211; <a href=\"https:\/\/www.africa-press.net\/burkina-faso\">Burkina Faso<\/a>. <\/strong><\/span>\u00ab Et si vous comptez les bienfaits d\u2019Allah, vous ne saurez pas les d\u00e9nombrer. Car Allah est Pardonneur et Mis\u00e9ricordieux \u00bb. [Coran 16 \u2013 18]. Par Ses bienfaits, chers fr\u00e8res, ch\u00e8res s\u0153urs dans la foi, Dieu nous a accord\u00e9 un nouveau mois de ramadan, sachons reconnaitre les bienfaits de Dieu et investissons-nous en adoration. Soyons infiniment reconnaissants et implorons-Le afin qu\u2019Il nous accorde davantage de gr\u00e2ces et de b\u00e9n\u00e9dictions.<\/p>\n<p>En ce mois b\u00e9ni et distingu\u00e9 parmi tous les mois, redoublons d\u2019efforts dans l\u2019adoration et implorons Allah afin qu\u2019Il vienne en aide \u00e0 notre cher pays, le Burkina Faso et \u00e0 toutes les personnes qui vivent des situations difficiles de par le monde. Que Dieu am\u00e9liore notre \u00eatre et notre existence. Amin.<\/p>\n<p>Fr\u00e8res et s\u0153urs, chers cerfistes, musulmans du Burkina Faso, notre fa\u00eeti\u00e8re, la F\u00e9d\u00e9ration des Associations Islamiques du Burkina (FAIB) a communiqu\u00e9 sur le d\u00e9but de Ramadan 2021 au Burkina Faso. C\u2019est donc officiel, le je\u00fbne du mois b\u00e9ni d\u00e9bute ce mardi 13 avril 2021 sur le territoire national. Le CERFI exprime sa reconnaissance \u00e0 tous les acteurs de cette faiti\u00e8re et singuli\u00e8rement aux animateurs de la commission lune. La t\u00e2che est certes \u00e9norme et les insuffisances ne manquent pas et ne manqueront jamais, il nous revient \u00e0 toutes et \u00e0 tous d\u2019\u0153uvrer \u00e0 une am\u00e9lioration continue de la vie de nos structures.<\/p>\n<p>Chers fr\u00e8res et s\u0153urs en islam, recevez donc mes v\u0153ux d\u2019un je\u00fbne agr\u00e9\u00e9. Qu\u2019Allah exauce nos saines pri\u00e8res et apporte r\u00e9confort et soutien aux veuves, aux orphelins et \u00e0 tous les n\u00e9cessiteux.<\/p>\n<p>Mes fr\u00e8res et s\u0153urs en islam, c\u2019est l\u2019heure de la solidarit\u00e9 et de la g\u00e9n\u00e9rosit\u00e9. En tout lieu et en tout temps, le musulman doit \u00eatre un secours pour son fr\u00e8re. Le Mois de Ramadan est par excellence le mois de la Mis\u00e9ricorde divine, le mois de la solidarit\u00e9 entre les hommes. Notre proph\u00e8te n\u2019a-t-il pas dit : \u00ab Le croyant est pour le croyant comme l\u2019\u00e9difice dont une partie supporte l\u2019autre \u00bb ? Il a aussi dit, toujours \u00e0 propos de la solidarit\u00e9 entre nous : \u00ab Dieu aide Son adorateur tant que celui-ci aide son fr\u00e8re \u00bb. Sachons mettre en application ces enseignements.<\/p>\n<p>Chers musulmans, le ramadan est une offre promotionnelle de spiritualit\u00e9 dont Allah nous a gratifi\u00e9. Il nous revient de travailler \u00e0 tirer le maximum de profit, de nous refaire une sant\u00e9 spirituelle et d\u2019am\u00e9liorer nos relations avec nos semblables. Un programme sp\u00e9cial Ramadan vous est offert au si\u00e8ge national et dans toutes les provinces.<\/p>\n<p>Cette ann\u00e9e, le CERFI organise la foire commerciale, Ramadan Market, 5e \u00e9dition du genre, dans les provinces du Kadiogo, du Tuy, du Houet, de la Bougouriba. Cette foire est une invite \u00e0 nos vaillants commer\u00e7ants \u00e0 vendre \u00e0 des prix promotionnels durant Ramadan et \u00e9viter la surench\u00e8re. Ramadan doit \u00eatre une joie, un enseignement et une \u00e9cole pour tous.<\/p>\n<p>Pour finir, Ramadan nous enseigne la faim et nous impr\u00e8gne du v\u00e9cu du pauvre et du n\u00e9cessiteux. Ramadan nous enseigne les veill\u00e9es de pri\u00e8re, nous rappelant vers qui orienter nos pleures. Ramadan nous enseigne la charit\u00e9 nous rappelant qu\u2019au-del\u00e0 de nos recherches continuelles du meilleur, nous pouvons \u00eatre nous-m\u00eames sources de bonheur pour autrui. Ramadan nous sensibilise \u00e0 une vie en communaut\u00e9 nous rappelant l\u2019obligation de l\u2019unit\u00e9.<\/p>\n<p>Bon je\u00fbne et bon mois de Ramadan \u00e0 toutes et \u00e0 tous et que Dieu b\u00e9nisse le Burkina Faso. El Hadj Aminou OUEDRAOGO Pr\u00e9sident du Bureau Ex\u00e9cutif National du CERFI<\/p>\n<p>&nbsp;<\/p>\n","protected":false},"excerpt":{"rendered":"<p>Africa-Press &#8211; Burkina Faso. \u00ab Et si vous comptez les bienfaits d\u2019Allah, vous ne saurez pas les d\u00e9nombrer. Car Allah est Pardonneur et Mis\u00e9ricordieux \u00bb. [Coran 16 \u2013 18]. Par Ses bienfaits, chers fr\u00e8res, ch\u00e8res s\u0153urs dans la foi, Dieu nous a accord\u00e9 un nouveau mois de ramadan, sachons reconnaitre les bienfaits de Dieu et [&hellip;]<\/p>\n","protected":false},"author":82,"featured_media":9859,"comment_status":"open","ping_status":"closed","sticky":false,"template":"","format":"standard","meta":{"footnotes":""},"categories":[5,11,20,10],"tags":[111,725,29],"class_list":["post-9860","post","type-post","status-publish","format-standard","has-post-thumbnail","hentry","category-culture-et-art","category-homepage-french","category-top-nouvelles","category-toutes-les-actualites","tag-africa-press","tag-africa-press-burkina-faso","tag-burkina-faso"],"yoast_head":"<!-- This site is optimized with the Yoast SEO Premium plugin v26.1 (Yoast SEO v27.0) - https:\/\/yoast.com\/product\/yoast-seo-premium-wordpress\/ -->\n<title>Ramadan 2021 : Le message du CERFI - Burkina Faso<\/title>\n<meta name=\"description\" content=\"\u00ab Et si vous comptez les bienfaits d\u2019Allah, vous ne saurez pas les d\u00e9nombrer. Car Allah est Pardonneur et Mis\u00e9ricordieux ...\" \/>\n<meta name=\"robots\" content=\"index, follow, max-snippet:-1, max-image-preview:large, max-video-preview:-1\" \/>\n<link rel=\"canonical\" href=\"https:\/\/www.africa-press.net\/burkina-faso\/culture-et-art\/ramadan-2021-le-message-du-cerfi\" \/>\n<meta property=\"og:locale\" content=\"fr_FR\" \/>\n<meta property=\"og:type\" content=\"article\" \/>\n<meta property=\"og:title\" content=\"Ramadan 2021 : Le message du CERFI\" \/>\n<meta property=\"og:description\" content=\"\u00ab Et si vous comptez les bienfaits d\u2019Allah, vous ne saurez pas les d\u00e9nombrer. Car Allah est Pardonneur et Mis\u00e9ricordieux ...\" \/>\n<meta property=\"og:url\" content=\"https:\/\/www.africa-press.net\/burkina-faso\/culture-et-art\/ramadan-2021-le-message-du-cerfi\" \/>\n<meta property=\"og:site_name\" content=\"Burkina Faso\" \/>\n<meta property=\"article:published_time\" content=\"2021-04-13T16:15:59+00:00\" \/>\n<meta property=\"article:modified_time\" content=\"2021-04-13T16:43:07+00:00\" \/>\n<meta property=\"og:image\" content=\"https:\/\/static.africa-press.net\/burkina\/sites\/42\/2021\/04\/img-6075a9e5b319f.jpg\" \/>\n\t<meta property=\"og:image:width\" content=\"720\" \/>\n\t<meta property=\"og:image:height\" content=\"463\" \/>\n\t<meta property=\"og:image:type\" content=\"image\/jpeg\" \/>\n<meta name=\"author\" content=\"cfeditorfr\" \/>\n<meta name=\"twitter:card\" content=\"summary_large_image\" \/>\n<meta name=\"twitter:label1\" content=\"\u00c9crit par\" \/>\n\t<meta name=\"twitter:data1\" content=\"cfeditorfr\" \/>\n\t<meta name=\"twitter:label2\" content=\"Dur\u00e9e de lecture estim\u00e9e\" \/>\n\t<meta name=\"twitter:data2\" content=\"3 minutes\" \/>\n<script type=\"application\/ld+json\" class=\"yoast-schema-graph\">{\"@context\":\"https:\/\/schema.org\",\"@graph\":[{\"@type\":\"Article\",\"@id\":\"https:\/\/www.africa-press.net\/burkina-faso\/culture-et-art\/ramadan-2021-le-message-du-cerfi#article\",\"isPartOf\":{\"@id\":\"https:\/\/www.africa-press.net\/burkina-faso\/culture-et-art\/ramadan-2021-le-message-du-cerfi\"},\"author\":{\"name\":\"cfeditorfr\",\"@id\":\"https:\/\/www.africa-press.net\/burkina-faso\/#\/schema\/person\/2b1cf3cd81a31e3cd26889ca66d677f1\"},\"headline\":\"Ramadan 2021 : Le message du CERFI\",\"datePublished\":\"2021-04-13T16:15:59+00:00\",\"dateModified\":\"2021-04-13T16:43:07+00:00\",\"mainEntityOfPage\":{\"@id\":\"https:\/\/www.africa-press.net\/burkina-faso\/culture-et-art\/ramadan-2021-le-message-du-cerfi\"},\"wordCount\":623,\"commentCount\":0,\"image\":{\"@id\":\"https:\/\/www.africa-press.net\/burkina-faso\/culture-et-art\/ramadan-2021-le-message-du-cerfi#primaryimage\"},\"thumbnailUrl\":\"https:\/\/static.africa-press.net\/burkina\/sites\/42\/2021\/04\/img-6075a9e5b319f.jpg\",\"keywords\":[\"Africa Press\",\"Africa Press-Burkina Faso\",\"Burkina Faso\"],\"articleSection\":[\"Culture et Art\",\"homepage-french\",\"Top Nouvelles\",\"Toutes les actualit\u00e9s\"],\"inLanguage\":\"fr-FR\",\"potentialAction\":[{\"@type\":\"CommentAction\",\"name\":\"Comment\",\"target\":[\"https:\/\/www.africa-press.net\/burkina-faso\/culture-et-art\/ramadan-2021-le-message-du-cerfi#respond\"]}]},{\"@type\":\"WebPage\",\"@id\":\"https:\/\/www.africa-press.net\/burkina-faso\/culture-et-art\/ramadan-2021-le-message-du-cerfi\",\"url\":\"https:\/\/www.africa-press.net\/burkina-faso\/culture-et-art\/ramadan-2021-le-message-du-cerfi\",\"name\":\"Ramadan 2021 : Le message du CERFI - Burkina Faso\",\"isPartOf\":{\"@id\":\"https:\/\/www.africa-press.net\/burkina-faso\/#website\"},\"primaryImageOfPage\":{\"@id\":\"https:\/\/www.africa-press.net\/burkina-faso\/culture-et-art\/ramadan-2021-le-message-du-cerfi#primaryimage\"},\"image\":{\"@id\":\"https:\/\/www.africa-press.net\/burkina-faso\/culture-et-art\/ramadan-2021-le-message-du-cerfi#primaryimage\"},\"thumbnailUrl\":\"https:\/\/static.africa-press.net\/burkina\/sites\/42\/2021\/04\/img-6075a9e5b319f.jpg\",\"datePublished\":\"2021-04-13T16:15:59+00:00\",\"dateModified\":\"2021-04-13T16:43:07+00:00\",\"author\":{\"@id\":\"https:\/\/www.africa-press.net\/burkina-faso\/#\/schema\/person\/2b1cf3cd81a31e3cd26889ca66d677f1\"},\"description\":\"\u00ab Et si vous comptez les bienfaits d\u2019Allah, vous ne saurez pas les d\u00e9nombrer. Car Allah est Pardonneur et Mis\u00e9ricordieux ...\",\"breadcrumb\":{\"@id\":\"https:\/\/www.africa-press.net\/burkina-faso\/culture-et-art\/ramadan-2021-le-message-du-cerfi#breadcrumb\"},\"inLanguage\":\"fr-FR\",\"potentialAction\":[{\"@type\":\"ReadAction\",\"target\":[\"https:\/\/www.africa-press.net\/burkina-faso\/culture-et-art\/ramadan-2021-le-message-du-cerfi\"]}]},{\"@type\":\"ImageObject\",\"inLanguage\":\"fr-FR\",\"@id\":\"https:\/\/www.africa-press.net\/burkina-faso\/culture-et-art\/ramadan-2021-le-message-du-cerfi#primaryimage\",\"url\":\"https:\/\/static.africa-press.net\/burkina\/sites\/42\/2021\/04\/img-6075a9e5b319f.jpg\",\"contentUrl\":\"https:\/\/static.africa-press.net\/burkina\/sites\/42\/2021\/04\/img-6075a9e5b319f.jpg\",\"width\":720,\"height\":463,\"caption\":\"Ramadan 2021 : Le message du CERFI\"},{\"@type\":\"BreadcrumbList\",\"@id\":\"https:\/\/www.africa-press.net\/burkina-faso\/culture-et-art\/ramadan-2021-le-message-du-cerfi#breadcrumb\",\"itemListElement\":[{\"@type\":\"ListItem\",\"position\":1,\"name\":\"Accueil\",\"item\":\"https:\/\/www.africa-press.net\/burkina-faso\/\"},{\"@type\":\"ListItem\",\"position\":2,\"name\":\"Ramadan 2021 : Le message du CERFI\"}]},{\"@type\":\"WebSite\",\"@id\":\"https:\/\/www.africa-press.net\/burkina-faso\/#website\",\"url\":\"https:\/\/www.africa-press.net\/burkina-faso\/\",\"name\":\"Burkina Faso\",\"description\":\"Just another Africa News Agency Sites site\",\"potentialAction\":[{\"@type\":\"SearchAction\",\"target\":{\"@type\":\"EntryPoint\",\"urlTemplate\":\"https:\/\/www.africa-press.net\/burkina-faso\/?s={search_term_string}\"},\"query-input\":{\"@type\":\"PropertyValueSpecification\",\"valueRequired\":true,\"valueName\":\"search_term_string\"}}],\"inLanguage\":\"fr-FR\"},{\"@type\":\"Person\",\"@id\":\"https:\/\/www.africa-press.net\/burkina-faso\/#\/schema\/person\/2b1cf3cd81a31e3cd26889ca66d677f1\",\"name\":\"cfeditorfr\"}]}<\/script>\n<!-- \/ Yoast SEO Premium plugin. -->","yoast_head_json":{"title":"Ramadan 2021 : Le message du CERFI - Burkina Faso","description":"\u00ab Et si vous comptez les bienfaits d\u2019Allah, vous ne saurez pas les d\u00e9nombrer. Car Allah est Pardonneur et Mis\u00e9ricordieux ...","robots":{"index":"index","follow":"follow","max-snippet":"max-snippet:-1","max-image-preview":"max-image-preview:large","max-video-preview":"max-video-preview:-1"},"canonical":"https:\/\/www.africa-press.net\/burkina-faso\/culture-et-art\/ramadan-2021-le-message-du-cerfi","og_locale":"fr_FR","og_type":"article","og_title":"Ramadan 2021 : Le message du CERFI","og_description":"\u00ab Et si vous comptez les bienfaits d\u2019Allah, vous ne saurez pas les d\u00e9nombrer. Car Allah est Pardonneur et Mis\u00e9ricordieux ...","og_url":"https:\/\/www.africa-press.net\/burkina-faso\/culture-et-art\/ramadan-2021-le-message-du-cerfi","og_site_name":"Burkina Faso","article_published_time":"2021-04-13T16:15:59+00:00","article_modified_time":"2021-04-13T16:43:07+00:00","og_image":[{"width":720,"height":463,"url":"https:\/\/static.africa-press.net\/burkina\/sites\/42\/2021\/04\/img-6075a9e5b319f.jpg","type":"image\/jpeg"}],"author":"cfeditorfr","twitter_card":"summary_large_image","twitter_misc":{"\u00c9crit par":"cfeditorfr","Dur\u00e9e de lecture estim\u00e9e":"3 minutes"},"schema":{"@context":"https:\/\/schema.org","@graph":[{"@type":"Article","@id":"https:\/\/www.africa-press.net\/burkina-faso\/culture-et-art\/ramadan-2021-le-message-du-cerfi#article","isPartOf":{"@id":"https:\/\/www.africa-press.net\/burkina-faso\/culture-et-art\/ramadan-2021-le-message-du-cerfi"},"author":{"name":"cfeditorfr","@id":"https:\/\/www.africa-press.net\/burkina-faso\/#\/schema\/person\/2b1cf3cd81a31e3cd26889ca66d677f1"},"headline":"Ramadan 2021 : Le message du CERFI","datePublished":"2021-04-13T16:15:59+00:00","dateModified":"2021-04-13T16:43:07+00:00","mainEntityOfPage":{"@id":"https:\/\/www.africa-press.net\/burkina-faso\/culture-et-art\/ramadan-2021-le-message-du-cerfi"},"wordCount":623,"commentCount":0,"image":{"@id":"https:\/\/www.africa-press.net\/burkina-faso\/culture-et-art\/ramadan-2021-le-message-du-cerfi#primaryimage"},"thumbnailUrl":"https:\/\/static.africa-press.net\/burkina\/sites\/42\/2021\/04\/img-6075a9e5b319f.jpg","keywords":["Africa Press","Africa Press-Burkina Faso","Burkina Faso"],"articleSection":["Culture et Art","homepage-french","Top Nouvelles","Toutes les actualit\u00e9s"],"inLanguage":"fr-FR","potentialAction":[{"@type":"CommentAction","name":"Comment","target":["https:\/\/www.africa-press.net\/burkina-faso\/culture-et-art\/ramadan-2021-le-message-du-cerfi#respond"]}]},{"@type":"WebPage","@id":"https:\/\/www.africa-press.net\/burkina-faso\/culture-et-art\/ramadan-2021-le-message-du-cerfi","url":"https:\/\/www.africa-press.net\/burkina-faso\/culture-et-art\/ramadan-2021-le-message-du-cerfi","name":"Ramadan 2021 : Le message du CERFI - Burkina Faso","isPartOf":{"@id":"https:\/\/www.africa-press.net\/burkina-faso\/#website"},"primaryImageOfPage":{"@id":"https:\/\/www.africa-press.net\/burkina-faso\/culture-et-art\/ramadan-2021-le-message-du-cerfi#primaryimage"},"image":{"@id":"https:\/\/www.africa-press.net\/burkina-faso\/culture-et-art\/ramadan-2021-le-message-du-cerfi#primaryimage"},"thumbnailUrl":"https:\/\/static.africa-press.net\/burkina\/sites\/42\/2021\/04\/img-6075a9e5b319f.jpg","datePublished":"2021-04-13T16:15:59+00:00","dateModified":"2021-04-13T16:43:07+00:00","author":{"@id":"https:\/\/www.africa-press.net\/burkina-faso\/#\/schema\/person\/2b1cf3cd81a31e3cd26889ca66d677f1"},"description":"\u00ab Et si vous comptez les bienfaits d\u2019Allah, vous ne saurez pas les d\u00e9nombrer. Car Allah est Pardonneur et Mis\u00e9ricordieux ...","breadcrumb":{"@id":"https:\/\/www.africa-press.net\/burkina-faso\/culture-et-art\/ramadan-2021-le-message-du-cerfi#breadcrumb"},"inLanguage":"fr-FR","potentialAction":[{"@type":"ReadAction","target":["https:\/\/www.africa-press.net\/burkina-faso\/culture-et-art\/ramadan-2021-le-message-du-cerfi"]}]},{"@type":"ImageObject","inLanguage":"fr-FR","@id":"https:\/\/www.africa-press.net\/burkina-faso\/culture-et-art\/ramadan-2021-le-message-du-cerfi#primaryimage","url":"https:\/\/static.africa-press.net\/burkina\/sites\/42\/2021\/04\/img-6075a9e5b319f.jpg","contentUrl":"https:\/\/static.africa-press.net\/burkina\/sites\/42\/2021\/04\/img-6075a9e5b319f.jpg","width":720,"height":463,"caption":"Ramadan 2021 : Le message du CERFI"},{"@type":"BreadcrumbList","@id":"https:\/\/www.africa-press.net\/burkina-faso\/culture-et-art\/ramadan-2021-le-message-du-cerfi#breadcrumb","itemListElement":[{"@type":"ListItem","position":1,"name":"Accueil","item":"https:\/\/www.africa-press.net\/burkina-faso\/"},{"@type":"ListItem","position":2,"name":"Ramadan 2021 : Le message du CERFI"}]},{"@type":"WebSite","@id":"https:\/\/www.africa-press.net\/burkina-faso\/#website","url":"https:\/\/www.africa-press.net\/burkina-faso\/","name":"Burkina Faso","description":"Just another Africa News Agency Sites site","potentialAction":[{"@type":"SearchAction","target":{"@type":"EntryPoint","urlTemplate":"https:\/\/www.africa-press.net\/burkina-faso\/?s={search_term_string}"},"query-input":{"@type":"PropertyValueSpecification","valueRequired":true,"valueName":"search_term_string"}}],"inLanguage":"fr-FR"},{"@type":"Person","@id":"https:\/\/www.africa-press.net\/burkina-faso\/#\/schema\/person\/2b1cf3cd81a31e3cd26889ca66d677f1","name":"cfeditorfr"}]}},"_links":{"self":[{"href":"https:\/\/www.africa-press.net\/burkina-faso\/wp-json\/wp\/v2\/posts\/9860","targetHints":{"allow":["GET"]}}],"collection":[{"href":"https:\/\/www.africa-press.net\/burkina-faso\/wp-json\/wp\/v2\/posts"}],"about":[{"href":"https:\/\/www.africa-press.net\/burkina-faso\/wp-json\/wp\/v2\/types\/post"}],"author":[{"embeddable":true,"href":"https:\/\/www.africa-press.net\/burkina-faso\/wp-json\/wp\/v2\/users\/82"}],"replies":[{"embeddable":true,"href":"https:\/\/www.africa-press.net\/burkina-faso\/wp-json\/wp\/v2\/comments?post=9860"}],"version-history":[{"count":0,"href":"https:\/\/www.africa-press.net\/burkina-faso\/wp-json\/wp\/v2\/posts\/9860\/revisions"}],"wp:featuredmedia":[{"embeddable":true,"href":"https:\/\/www.africa-press.net\/burkina-faso\/wp-json\/wp\/v2\/media\/9859"}],"wp:attachment":[{"href":"https:\/\/www.africa-press.net\/burkina-faso\/wp-json\/wp\/v2\/media?parent=9860"}],"wp:term":[{"taxonomy":"category","embeddable":true,"href":"https:\/\/www.africa-press.net\/burkina-faso\/wp-json\/wp\/v2\/categories?post=9860"},{"taxonomy":"post_tag","embeddable":true,"href":"https:\/\/www.africa-press.net\/burkina-faso\/wp-json\/wp\/v2\/tags?post=9860"}],"curies":[{"name":"wp","href":"https:\/\/api.w.org\/{rel}","templated":true}]}}