{"id":9872,"date":"2021-04-13T16:46:52","date_gmt":"2021-04-13T16:46:52","guid":{"rendered":"https:\/\/www.africa-press.net\/burkina-faso\/?p=9872"},"modified":"2021-04-13T16:43:35","modified_gmt":"2021-04-13T16:43:35","slug":"organisation-democratique-de-la-jeunesse-une-rencontre-nationale-fait-le-bilan-des-activites-menees-par-les-differentes-sections","status":"publish","type":"post","link":"https:\/\/www.africa-press.net\/burkina-faso\/toutes-les-actualites\/organisation-democratique-de-la-jeunesse-une-rencontre-nationale-fait-le-bilan-des-activites-menees-par-les-differentes-sections","title":{"rendered":"Organisation d\u00e9mocratique de la jeunesse : Une rencontre nationale fait le bilan des activit\u00e9s men\u00e9es par les diff\u00e9rentes sections"},"content":{"rendered":"<p><span style=\"color: #ff6600\"><strong><a href=\"https:\/\/www.africa-press.net\/\">Africa-Press<\/a> &#8211; <a href=\"https:\/\/www.africa-press.net\/burkina-faso\">Burkina Faso<\/a>. <\/strong><\/span><b>L\u2019Organisation d\u00e9mocratique de la jeunesse (ODJ) a tenu les 8, 9 et 10 avril 2021 \u00e0 Ouagadougou, une rencontre nationale. Il s\u2019est agi pour l\u2019Organisation, pendant ces 72 heures de r\u00e9union, de faire le bilan annuel des activit\u00e9s men\u00e9es par ses sections, de diagnostiquer la question de la s\u00e9curit\u00e9 telle que v\u00e9cue par la jeunesse du Burkina Faso en g\u00e9n\u00e9ral et sur la probl\u00e9matique de l\u2019emploi des jeunes. La cl\u00f4ture des travaux est intervenue le dimanche 11 avril 2021.<\/b><\/p>\n<p>\u00ab D\u2019une mani\u00e8re g\u00e9n\u00e9rale, en 2021 le volume d\u2019activit\u00e9s men\u00e9es est en hausse \u00bb, a d\u00e9clar\u00e9 Gabin Korb\u00e9ogo, pr\u00e9sident du Bureau ex\u00e9cutif national de l\u2019Organisation d\u00e9mocratique de la jeunesse (ODJ) lors de la c\u00e9r\u00e9monie de cl\u00f4ture de la rencontre nationale le 11 avril 2021 \u00e0 Ouagadougou. Ce qui est \u00e0 saluer en d\u00e9pit de la double crise sanitaire et s\u00e9curitaire qui a tr\u00e8s n\u00e9gativement jou\u00e9 dans la balance, a reconnu le pr\u00e9sident du BEN. Il a soutenu que l\u2019organisation s\u2019est renforc\u00e9e \u00e0 travers la cr\u00e9ation de plusieurs nouvelles sous-sections, des comit\u00e9s et des sous-comit\u00e9s. Le constat, a-t-il dit, est fait alors que l\u2019organisation montre de plus en plus une capacit\u00e9 de r\u00e9silience face \u00e0 la r\u00e9pression.<\/p>\n<p>Selon M. Korb\u00e9ogo, le discours politique quotidiennement servi aux populations tendant \u00e0 leur faire croire que la s\u00e9curit\u00e9 est et sera toujours prise en charge, est un v\u00e9ritable leurre. Il \u00e9voque ainsi la situation s\u00e9curitaire telle que v\u00e9cue par les jeunes du Burkina de fa\u00e7on g\u00e9n\u00e9rale. Il a de ce fait appel\u00e9 les participants et l\u2019ensemble des militants de l\u2019ODJ \u00e0 combattre \u00ab farouchement \u00bb toutes les formes d\u2019obscurantisme et \u00e0 s\u2019organiser pour prot\u00e9ger l\u2019Organisation et ses activit\u00e9s.<br \/>\nLe pr\u00e9sident du Bureau ex\u00e9cutif national de l\u2019ODJ a \u00e9galement \u00e9voqu\u00e9 la question de l\u2019emploi de la jeunesse.<\/p>\n<p>A ce niveau, a affirm\u00e9 Gabin Korb\u00e9ogo, il y a une faible possibilit\u00e9 d\u2019absorption de la force de travail de la jeunesse par une \u00e9conomie tourn\u00e9e vers autre chose que la satisfaction des besoins du peuple. En effet, mentionnant une de leurs \u00e9tudes effectu\u00e9e en 2014, environ 47% des jeunes de 15 \u00e0 40 ans sont exclus du march\u00e9 du travail et environ 86% des emplois occup\u00e9s par les jeunes \u00e9taient des emplois pr\u00e9caires. A l\u2019en croire, cette tendance est confirm\u00e9e en 2019 par une \u00e9tude men\u00e9e au Burkina Faso par l\u2019Organisation internationale du travail (OIT). \u00ab Cette situation n\u2019est pas pr\u00e8s de s\u2019am\u00e9liorer quand on suit la tendance baissi\u00e8re des recrutements par l\u2019Etat ces derni\u00e8res ann\u00e9es et l\u2019\u00e9chec de la politique d\u2019auto-emploi chant\u00e9e \u00e0 longueur de journ\u00e9e par les dirigeants \u00bb, a-t-il d\u00e9clar\u00e9.<\/p>\n<p>C\u2019est donc sans surprise que cette session a conclu \u00e0 la n\u00e9cessit\u00e9 de renforcer l\u2019organisation, la mobilisation mais aussi d\u2019engager des actions \u00e0 tous les niveaux pour que le droit \u00e0 un emploi d\u00e9cent soit une r\u00e9alit\u00e9 pour la jeunesse du Burkina Faso. La rencontre nationale de l\u2019ODJ a enregistr\u00e9 la pr\u00e9sence effective de 215 participants dont 82 venus de 40 sections provinciales sur les 45.<\/p>\n<p><b>Obissa Juste MIEN<br \/>\n<\/b><\/p>\n","protected":false},"excerpt":{"rendered":"<p>Africa-Press &#8211; Burkina Faso. L\u2019Organisation d\u00e9mocratique de la jeunesse (ODJ) a tenu les 8, 9 et 10 avril 2021 \u00e0 Ouagadougou, une rencontre nationale. Il s\u2019est agi pour l\u2019Organisation, pendant ces 72 heures de r\u00e9union, de faire le bilan annuel des activit\u00e9s men\u00e9es par ses sections, de diagnostiquer la question de la s\u00e9curit\u00e9 telle que [&hellip;]<\/p>\n","protected":false},"author":82,"featured_media":9871,"comment_status":"open","ping_status":"closed","sticky":false,"template":"","format":"standard","meta":{"footnotes":""},"categories":[21,11,10],"tags":[111,725,29],"class_list":["post-9872","post","type-post","status-publish","format-standard","has-post-thumbnail","hentry","category-communaute","category-homepage-french","category-toutes-les-actualites","tag-africa-press","tag-africa-press-burkina-faso","tag-burkina-faso"],"yoast_head":"<!-- This site is optimized with the Yoast SEO Premium plugin v26.1 (Yoast SEO v27.0) - https:\/\/yoast.com\/product\/yoast-seo-premium-wordpress\/ -->\n<title>Organisation d\u00e9mocratique de la jeunesse : Une rencontre nationale fait le bilan des activit\u00e9s men\u00e9es par les diff\u00e9rentes sections - Burkina Faso<\/title>\n<meta name=\"description\" content=\"L\u2019Organisation d\u00e9mocratique de la jeunesse (ODJ) a tenu les 8, 9 et 10 avril 2021 \u00e0 Ouagadougou, une rencontre nation ...\" \/>\n<meta name=\"robots\" content=\"index, follow, max-snippet:-1, max-image-preview:large, max-video-preview:-1\" \/>\n<link rel=\"canonical\" href=\"https:\/\/www.africa-press.net\/burkina-faso\/toutes-les-actualites\/organisation-democratique-de-la-jeunesse-une-rencontre-nationale-fait-le-bilan-des-activites-menees-par-les-differentes-sections\" \/>\n<meta property=\"og:locale\" content=\"fr_FR\" \/>\n<meta property=\"og:type\" content=\"article\" \/>\n<meta property=\"og:title\" content=\"Organisation d\u00e9mocratique de la jeunesse : Une rencontre nationale fait le bilan des activit\u00e9s men\u00e9es par les diff\u00e9rentes sections\" \/>\n<meta property=\"og:description\" content=\"L\u2019Organisation d\u00e9mocratique de la jeunesse (ODJ) a tenu les 8, 9 et 10 avril 2021 \u00e0 Ouagadougou, une rencontre nation ...\" \/>\n<meta property=\"og:url\" content=\"https:\/\/www.africa-press.net\/burkina-faso\/toutes-les-actualites\/organisation-democratique-de-la-jeunesse-une-rencontre-nationale-fait-le-bilan-des-activites-menees-par-les-differentes-sections\" \/>\n<meta property=\"og:site_name\" content=\"Burkina Faso\" \/>\n<meta property=\"article:published_time\" content=\"2021-04-13T16:46:52+00:00\" \/>\n<meta property=\"og:image\" content=\"https:\/\/static.africa-press.net\/burkina\/sites\/42\/2021\/04\/img-6075aad06c738.jpg\" \/>\n\t<meta property=\"og:image:width\" content=\"720\" \/>\n\t<meta property=\"og:image:height\" content=\"366\" \/>\n\t<meta property=\"og:image:type\" content=\"image\/jpeg\" \/>\n<meta name=\"author\" content=\"cfeditorfr\" \/>\n<meta name=\"twitter:card\" content=\"summary_large_image\" \/>\n<meta name=\"twitter:label1\" content=\"\u00c9crit par\" \/>\n\t<meta name=\"twitter:data1\" content=\"cfeditorfr\" \/>\n\t<meta name=\"twitter:label2\" content=\"Dur\u00e9e de lecture estim\u00e9e\" \/>\n\t<meta name=\"twitter:data2\" content=\"3 minutes\" \/>\n<script type=\"application\/ld+json\" class=\"yoast-schema-graph\">{\"@context\":\"https:\/\/schema.org\",\"@graph\":[{\"@type\":\"Article\",\"@id\":\"https:\/\/www.africa-press.net\/burkina-faso\/toutes-les-actualites\/organisation-democratique-de-la-jeunesse-une-rencontre-nationale-fait-le-bilan-des-activites-menees-par-les-differentes-sections#article\",\"isPartOf\":{\"@id\":\"https:\/\/www.africa-press.net\/burkina-faso\/toutes-les-actualites\/organisation-democratique-de-la-jeunesse-une-rencontre-nationale-fait-le-bilan-des-activites-menees-par-les-differentes-sections\"},\"author\":{\"name\":\"cfeditorfr\",\"@id\":\"https:\/\/www.africa-press.net\/burkina-faso\/#\/schema\/person\/2b1cf3cd81a31e3cd26889ca66d677f1\"},\"headline\":\"Organisation d\u00e9mocratique de la jeunesse : Une rencontre nationale fait le bilan des activit\u00e9s men\u00e9es par les diff\u00e9rentes sections\",\"datePublished\":\"2021-04-13T16:46:52+00:00\",\"mainEntityOfPage\":{\"@id\":\"https:\/\/www.africa-press.net\/burkina-faso\/toutes-les-actualites\/organisation-democratique-de-la-jeunesse-une-rencontre-nationale-fait-le-bilan-des-activites-menees-par-les-differentes-sections\"},\"wordCount\":575,\"commentCount\":0,\"image\":{\"@id\":\"https:\/\/www.africa-press.net\/burkina-faso\/toutes-les-actualites\/organisation-democratique-de-la-jeunesse-une-rencontre-nationale-fait-le-bilan-des-activites-menees-par-les-differentes-sections#primaryimage\"},\"thumbnailUrl\":\"https:\/\/static.africa-press.net\/burkina\/sites\/42\/2021\/04\/img-6075aad06c738.jpg\",\"keywords\":[\"Africa Press\",\"Africa Press-Burkina Faso\",\"Burkina Faso\"],\"articleSection\":[\"Communaut\u00e9\",\"homepage-french\",\"Toutes les actualit\u00e9s\"],\"inLanguage\":\"fr-FR\",\"potentialAction\":[{\"@type\":\"CommentAction\",\"name\":\"Comment\",\"target\":[\"https:\/\/www.africa-press.net\/burkina-faso\/toutes-les-actualites\/organisation-democratique-de-la-jeunesse-une-rencontre-nationale-fait-le-bilan-des-activites-menees-par-les-differentes-sections#respond\"]}]},{\"@type\":\"WebPage\",\"@id\":\"https:\/\/www.africa-press.net\/burkina-faso\/toutes-les-actualites\/organisation-democratique-de-la-jeunesse-une-rencontre-nationale-fait-le-bilan-des-activites-menees-par-les-differentes-sections\",\"url\":\"https:\/\/www.africa-press.net\/burkina-faso\/toutes-les-actualites\/organisation-democratique-de-la-jeunesse-une-rencontre-nationale-fait-le-bilan-des-activites-menees-par-les-differentes-sections\",\"name\":\"Organisation d\u00e9mocratique de la jeunesse : Une rencontre nationale fait le bilan des activit\u00e9s men\u00e9es par les diff\u00e9rentes sections - Burkina Faso\",\"isPartOf\":{\"@id\":\"https:\/\/www.africa-press.net\/burkina-faso\/#website\"},\"primaryImageOfPage\":{\"@id\":\"https:\/\/www.africa-press.net\/burkina-faso\/toutes-les-actualites\/organisation-democratique-de-la-jeunesse-une-rencontre-nationale-fait-le-bilan-des-activites-menees-par-les-differentes-sections#primaryimage\"},\"image\":{\"@id\":\"https:\/\/www.africa-press.net\/burkina-faso\/toutes-les-actualites\/organisation-democratique-de-la-jeunesse-une-rencontre-nationale-fait-le-bilan-des-activites-menees-par-les-differentes-sections#primaryimage\"},\"thumbnailUrl\":\"https:\/\/static.africa-press.net\/burkina\/sites\/42\/2021\/04\/img-6075aad06c738.jpg\",\"datePublished\":\"2021-04-13T16:46:52+00:00\",\"author\":{\"@id\":\"https:\/\/www.africa-press.net\/burkina-faso\/#\/schema\/person\/2b1cf3cd81a31e3cd26889ca66d677f1\"},\"description\":\"L\u2019Organisation d\u00e9mocratique de la jeunesse (ODJ) a tenu les 8, 9 et 10 avril 2021 \u00e0 Ouagadougou, une rencontre nation ...\",\"breadcrumb\":{\"@id\":\"https:\/\/www.africa-press.net\/burkina-faso\/toutes-les-actualites\/organisation-democratique-de-la-jeunesse-une-rencontre-nationale-fait-le-bilan-des-activites-menees-par-les-differentes-sections#breadcrumb\"},\"inLanguage\":\"fr-FR\",\"potentialAction\":[{\"@type\":\"ReadAction\",\"target\":[\"https:\/\/www.africa-press.net\/burkina-faso\/toutes-les-actualites\/organisation-democratique-de-la-jeunesse-une-rencontre-nationale-fait-le-bilan-des-activites-menees-par-les-differentes-sections\"]}]},{\"@type\":\"ImageObject\",\"inLanguage\":\"fr-FR\",\"@id\":\"https:\/\/www.africa-press.net\/burkina-faso\/toutes-les-actualites\/organisation-democratique-de-la-jeunesse-une-rencontre-nationale-fait-le-bilan-des-activites-menees-par-les-differentes-sections#primaryimage\",\"url\":\"https:\/\/static.africa-press.net\/burkina\/sites\/42\/2021\/04\/img-6075aad06c738.jpg\",\"contentUrl\":\"https:\/\/static.africa-press.net\/burkina\/sites\/42\/2021\/04\/img-6075aad06c738.jpg\",\"width\":720,\"height\":366,\"caption\":\"Organisation d\u00e9mocratique de la jeunesse : Une rencontre nationale fait le bilan des activit\u00e9s men\u00e9es par les diff\u00e9rentes sections\"},{\"@type\":\"BreadcrumbList\",\"@id\":\"https:\/\/www.africa-press.net\/burkina-faso\/toutes-les-actualites\/organisation-democratique-de-la-jeunesse-une-rencontre-nationale-fait-le-bilan-des-activites-menees-par-les-differentes-sections#breadcrumb\",\"itemListElement\":[{\"@type\":\"ListItem\",\"position\":1,\"name\":\"Accueil\",\"item\":\"https:\/\/www.africa-press.net\/burkina-faso\/\"},{\"@type\":\"ListItem\",\"position\":2,\"name\":\"Organisation d\u00e9mocratique de la jeunesse : Une rencontre nationale fait le bilan des activit\u00e9s men\u00e9es par les diff\u00e9rentes sections\"}]},{\"@type\":\"WebSite\",\"@id\":\"https:\/\/www.africa-press.net\/burkina-faso\/#website\",\"url\":\"https:\/\/www.africa-press.net\/burkina-faso\/\",\"name\":\"Burkina Faso\",\"description\":\"Just another Africa News Agency Sites site\",\"potentialAction\":[{\"@type\":\"SearchAction\",\"target\":{\"@type\":\"EntryPoint\",\"urlTemplate\":\"https:\/\/www.africa-press.net\/burkina-faso\/?s={search_term_string}\"},\"query-input\":{\"@type\":\"PropertyValueSpecification\",\"valueRequired\":true,\"valueName\":\"search_term_string\"}}],\"inLanguage\":\"fr-FR\"},{\"@type\":\"Person\",\"@id\":\"https:\/\/www.africa-press.net\/burkina-faso\/#\/schema\/person\/2b1cf3cd81a31e3cd26889ca66d677f1\",\"name\":\"cfeditorfr\"}]}<\/script>\n<!-- \/ Yoast SEO Premium plugin. -->","yoast_head_json":{"title":"Organisation d\u00e9mocratique de la jeunesse : Une rencontre nationale fait le bilan des activit\u00e9s men\u00e9es par les diff\u00e9rentes sections - Burkina Faso","description":"L\u2019Organisation d\u00e9mocratique de la jeunesse (ODJ) a tenu les 8, 9 et 10 avril 2021 \u00e0 Ouagadougou, une rencontre nation ...","robots":{"index":"index","follow":"follow","max-snippet":"max-snippet:-1","max-image-preview":"max-image-preview:large","max-video-preview":"max-video-preview:-1"},"canonical":"https:\/\/www.africa-press.net\/burkina-faso\/toutes-les-actualites\/organisation-democratique-de-la-jeunesse-une-rencontre-nationale-fait-le-bilan-des-activites-menees-par-les-differentes-sections","og_locale":"fr_FR","og_type":"article","og_title":"Organisation d\u00e9mocratique de la jeunesse : Une rencontre nationale fait le bilan des activit\u00e9s men\u00e9es par les diff\u00e9rentes sections","og_description":"L\u2019Organisation d\u00e9mocratique de la jeunesse (ODJ) a tenu les 8, 9 et 10 avril 2021 \u00e0 Ouagadougou, une rencontre nation ...","og_url":"https:\/\/www.africa-press.net\/burkina-faso\/toutes-les-actualites\/organisation-democratique-de-la-jeunesse-une-rencontre-nationale-fait-le-bilan-des-activites-menees-par-les-differentes-sections","og_site_name":"Burkina Faso","article_published_time":"2021-04-13T16:46:52+00:00","og_image":[{"width":720,"height":366,"url":"https:\/\/static.africa-press.net\/burkina\/sites\/42\/2021\/04\/img-6075aad06c738.jpg","type":"image\/jpeg"}],"author":"cfeditorfr","twitter_card":"summary_large_image","twitter_misc":{"\u00c9crit par":"cfeditorfr","Dur\u00e9e de lecture estim\u00e9e":"3 minutes"},"schema":{"@context":"https:\/\/schema.org","@graph":[{"@type":"Article","@id":"https:\/\/www.africa-press.net\/burkina-faso\/toutes-les-actualites\/organisation-democratique-de-la-jeunesse-une-rencontre-nationale-fait-le-bilan-des-activites-menees-par-les-differentes-sections#article","isPartOf":{"@id":"https:\/\/www.africa-press.net\/burkina-faso\/toutes-les-actualites\/organisation-democratique-de-la-jeunesse-une-rencontre-nationale-fait-le-bilan-des-activites-menees-par-les-differentes-sections"},"author":{"name":"cfeditorfr","@id":"https:\/\/www.africa-press.net\/burkina-faso\/#\/schema\/person\/2b1cf3cd81a31e3cd26889ca66d677f1"},"headline":"Organisation d\u00e9mocratique de la jeunesse : Une rencontre nationale fait le bilan des activit\u00e9s men\u00e9es par les diff\u00e9rentes sections","datePublished":"2021-04-13T16:46:52+00:00","mainEntityOfPage":{"@id":"https:\/\/www.africa-press.net\/burkina-faso\/toutes-les-actualites\/organisation-democratique-de-la-jeunesse-une-rencontre-nationale-fait-le-bilan-des-activites-menees-par-les-differentes-sections"},"wordCount":575,"commentCount":0,"image":{"@id":"https:\/\/www.africa-press.net\/burkina-faso\/toutes-les-actualites\/organisation-democratique-de-la-jeunesse-une-rencontre-nationale-fait-le-bilan-des-activites-menees-par-les-differentes-sections#primaryimage"},"thumbnailUrl":"https:\/\/static.africa-press.net\/burkina\/sites\/42\/2021\/04\/img-6075aad06c738.jpg","keywords":["Africa Press","Africa Press-Burkina Faso","Burkina Faso"],"articleSection":["Communaut\u00e9","homepage-french","Toutes les actualit\u00e9s"],"inLanguage":"fr-FR","potentialAction":[{"@type":"CommentAction","name":"Comment","target":["https:\/\/www.africa-press.net\/burkina-faso\/toutes-les-actualites\/organisation-democratique-de-la-jeunesse-une-rencontre-nationale-fait-le-bilan-des-activites-menees-par-les-differentes-sections#respond"]}]},{"@type":"WebPage","@id":"https:\/\/www.africa-press.net\/burkina-faso\/toutes-les-actualites\/organisation-democratique-de-la-jeunesse-une-rencontre-nationale-fait-le-bilan-des-activites-menees-par-les-differentes-sections","url":"https:\/\/www.africa-press.net\/burkina-faso\/toutes-les-actualites\/organisation-democratique-de-la-jeunesse-une-rencontre-nationale-fait-le-bilan-des-activites-menees-par-les-differentes-sections","name":"Organisation d\u00e9mocratique de la jeunesse : Une rencontre nationale fait le bilan des activit\u00e9s men\u00e9es par les diff\u00e9rentes sections - Burkina Faso","isPartOf":{"@id":"https:\/\/www.africa-press.net\/burkina-faso\/#website"},"primaryImageOfPage":{"@id":"https:\/\/www.africa-press.net\/burkina-faso\/toutes-les-actualites\/organisation-democratique-de-la-jeunesse-une-rencontre-nationale-fait-le-bilan-des-activites-menees-par-les-differentes-sections#primaryimage"},"image":{"@id":"https:\/\/www.africa-press.net\/burkina-faso\/toutes-les-actualites\/organisation-democratique-de-la-jeunesse-une-rencontre-nationale-fait-le-bilan-des-activites-menees-par-les-differentes-sections#primaryimage"},"thumbnailUrl":"https:\/\/static.africa-press.net\/burkina\/sites\/42\/2021\/04\/img-6075aad06c738.jpg","datePublished":"2021-04-13T16:46:52+00:00","author":{"@id":"https:\/\/www.africa-press.net\/burkina-faso\/#\/schema\/person\/2b1cf3cd81a31e3cd26889ca66d677f1"},"description":"L\u2019Organisation d\u00e9mocratique de la jeunesse (ODJ) a tenu les 8, 9 et 10 avril 2021 \u00e0 Ouagadougou, une rencontre nation ...","breadcrumb":{"@id":"https:\/\/www.africa-press.net\/burkina-faso\/toutes-les-actualites\/organisation-democratique-de-la-jeunesse-une-rencontre-nationale-fait-le-bilan-des-activites-menees-par-les-differentes-sections#breadcrumb"},"inLanguage":"fr-FR","potentialAction":[{"@type":"ReadAction","target":["https:\/\/www.africa-press.net\/burkina-faso\/toutes-les-actualites\/organisation-democratique-de-la-jeunesse-une-rencontre-nationale-fait-le-bilan-des-activites-menees-par-les-differentes-sections"]}]},{"@type":"ImageObject","inLanguage":"fr-FR","@id":"https:\/\/www.africa-press.net\/burkina-faso\/toutes-les-actualites\/organisation-democratique-de-la-jeunesse-une-rencontre-nationale-fait-le-bilan-des-activites-menees-par-les-differentes-sections#primaryimage","url":"https:\/\/static.africa-press.net\/burkina\/sites\/42\/2021\/04\/img-6075aad06c738.jpg","contentUrl":"https:\/\/static.africa-press.net\/burkina\/sites\/42\/2021\/04\/img-6075aad06c738.jpg","width":720,"height":366,"caption":"Organisation d\u00e9mocratique de la jeunesse : Une rencontre nationale fait le bilan des activit\u00e9s men\u00e9es par les diff\u00e9rentes sections"},{"@type":"BreadcrumbList","@id":"https:\/\/www.africa-press.net\/burkina-faso\/toutes-les-actualites\/organisation-democratique-de-la-jeunesse-une-rencontre-nationale-fait-le-bilan-des-activites-menees-par-les-differentes-sections#breadcrumb","itemListElement":[{"@type":"ListItem","position":1,"name":"Accueil","item":"https:\/\/www.africa-press.net\/burkina-faso\/"},{"@type":"ListItem","position":2,"name":"Organisation d\u00e9mocratique de la jeunesse : Une rencontre nationale fait le bilan des activit\u00e9s men\u00e9es par les diff\u00e9rentes sections"}]},{"@type":"WebSite","@id":"https:\/\/www.africa-press.net\/burkina-faso\/#website","url":"https:\/\/www.africa-press.net\/burkina-faso\/","name":"Burkina Faso","description":"Just another Africa News Agency Sites site","potentialAction":[{"@type":"SearchAction","target":{"@type":"EntryPoint","urlTemplate":"https:\/\/www.africa-press.net\/burkina-faso\/?s={search_term_string}"},"query-input":{"@type":"PropertyValueSpecification","valueRequired":true,"valueName":"search_term_string"}}],"inLanguage":"fr-FR"},{"@type":"Person","@id":"https:\/\/www.africa-press.net\/burkina-faso\/#\/schema\/person\/2b1cf3cd81a31e3cd26889ca66d677f1","name":"cfeditorfr"}]}},"_links":{"self":[{"href":"https:\/\/www.africa-press.net\/burkina-faso\/wp-json\/wp\/v2\/posts\/9872","targetHints":{"allow":["GET"]}}],"collection":[{"href":"https:\/\/www.africa-press.net\/burkina-faso\/wp-json\/wp\/v2\/posts"}],"about":[{"href":"https:\/\/www.africa-press.net\/burkina-faso\/wp-json\/wp\/v2\/types\/post"}],"author":[{"embeddable":true,"href":"https:\/\/www.africa-press.net\/burkina-faso\/wp-json\/wp\/v2\/users\/82"}],"replies":[{"embeddable":true,"href":"https:\/\/www.africa-press.net\/burkina-faso\/wp-json\/wp\/v2\/comments?post=9872"}],"version-history":[{"count":0,"href":"https:\/\/www.africa-press.net\/burkina-faso\/wp-json\/wp\/v2\/posts\/9872\/revisions"}],"wp:featuredmedia":[{"embeddable":true,"href":"https:\/\/www.africa-press.net\/burkina-faso\/wp-json\/wp\/v2\/media\/9871"}],"wp:attachment":[{"href":"https:\/\/www.africa-press.net\/burkina-faso\/wp-json\/wp\/v2\/media?parent=9872"}],"wp:term":[{"taxonomy":"category","embeddable":true,"href":"https:\/\/www.africa-press.net\/burkina-faso\/wp-json\/wp\/v2\/categories?post=9872"},{"taxonomy":"post_tag","embeddable":true,"href":"https:\/\/www.africa-press.net\/burkina-faso\/wp-json\/wp\/v2\/tags?post=9872"}],"curies":[{"name":"wp","href":"https:\/\/api.w.org\/{rel}","templated":true}]}}