{"id":9875,"date":"2021-04-13T16:52:42","date_gmt":"2021-04-13T16:52:42","guid":{"rendered":"https:\/\/www.africa-press.net\/burkina-faso\/?p=9875"},"modified":"2021-04-13T16:43:42","modified_gmt":"2021-04-13T16:43:42","slug":"burkina-faso-le-jeune-du-mois-de-ramadan-debute-le-13-avril-2021","status":"publish","type":"post","link":"https:\/\/www.africa-press.net\/burkina-faso\/culture-et-art\/burkina-faso-le-jeune-du-mois-de-ramadan-debute-le-13-avril-2021","title":{"rendered":"Le je\u00fbne du mois de Ramadan d\u00e9bute le 13 avril 2021"},"content":{"rendered":"<p><span style=\"color: #ff6600\"><strong><a href=\"https:\/\/www.africa-press.net\/\">Africa-Press<\/a> &#8211; <a href=\"https:\/\/www.africa-press.net\/burkina-faso\">Burkina Faso<\/a>. <\/strong><\/span>La F\u00e9d\u00e9ration des associations islamiques du Burkina (FAIB), dans un communiqu\u00e9 ce 12 avril 2021, a inform\u00e9 que le je\u00fbne du mois de Ramadan d\u00e9bute le 13 avril 2021 au Burkina Faso.<\/p>\n<p>Le croissant lunaire, marquant le d\u00e9but de cette p\u00e9riode de p\u00e9nitence et de partage pour les musulmans, a en effet \u00e9t\u00e9 observ\u00e9 dans plusieurs localit\u00e9s ce lundi 12 avril 2021, notamment Kombissiri, Koudougou, Ziniar\u00e9 et Pouytenga.<\/p>\n","protected":false},"excerpt":{"rendered":"<p>Africa-Press &#8211; Burkina Faso. La F\u00e9d\u00e9ration des associations islamiques du Burkina (FAIB), dans un communiqu\u00e9 ce 12 avril 2021, a inform\u00e9 que le je\u00fbne du mois de Ramadan d\u00e9bute le 13 avril 2021 au Burkina Faso. Le croissant lunaire, marquant le d\u00e9but de cette p\u00e9riode de p\u00e9nitence et de partage pour les musulmans, a en [&hellip;]<\/p>\n","protected":false},"author":82,"featured_media":9874,"comment_status":"open","ping_status":"closed","sticky":false,"template":"","format":"standard","meta":{"footnotes":""},"categories":[5,11,10],"tags":[111,725,29],"class_list":["post-9875","post","type-post","status-publish","format-standard","has-post-thumbnail","hentry","category-culture-et-art","category-homepage-french","category-toutes-les-actualites","tag-africa-press","tag-africa-press-burkina-faso","tag-burkina-faso"],"yoast_head":"<!-- This site is optimized with the Yoast SEO Premium plugin v26.1 (Yoast SEO v27.0) - https:\/\/yoast.com\/product\/yoast-seo-premium-wordpress\/ -->\n<title>Le je\u00fbne du mois de Ramadan d\u00e9bute le 13 avril 2021 - Burkina Faso<\/title>\n<meta name=\"description\" content=\"La F\u00e9d\u00e9ration des associations islamiques du Burkina (FAIB), dans un communiqu\u00e9 ce 12 avril 2021, a inform\u00e9 que le je\u00fbne ...\" \/>\n<meta name=\"robots\" content=\"index, follow, max-snippet:-1, max-image-preview:large, max-video-preview:-1\" \/>\n<link rel=\"canonical\" href=\"https:\/\/www.africa-press.net\/burkina-faso\/culture-et-art\/burkina-faso-le-jeune-du-mois-de-ramadan-debute-le-13-avril-2021\" \/>\n<meta property=\"og:locale\" content=\"fr_FR\" \/>\n<meta property=\"og:type\" content=\"article\" \/>\n<meta property=\"og:title\" content=\"Le je\u00fbne du mois de Ramadan d\u00e9bute le 13 avril 2021\" \/>\n<meta property=\"og:description\" content=\"La F\u00e9d\u00e9ration des associations islamiques du Burkina (FAIB), dans un communiqu\u00e9 ce 12 avril 2021, a inform\u00e9 que le je\u00fbne ...\" \/>\n<meta property=\"og:url\" content=\"https:\/\/www.africa-press.net\/burkina-faso\/culture-et-art\/burkina-faso-le-jeune-du-mois-de-ramadan-debute-le-13-avril-2021\" \/>\n<meta property=\"og:site_name\" content=\"Burkina Faso\" \/>\n<meta property=\"article:published_time\" content=\"2021-04-13T16:52:42+00:00\" \/>\n<meta property=\"og:image\" content=\"https:\/\/static.africa-press.net\/burkina\/sites\/42\/2021\/04\/img-6075ab003cc40.jpg\" \/>\n\t<meta property=\"og:image:width\" content=\"720\" \/>\n\t<meta property=\"og:image:height\" content=\"495\" \/>\n\t<meta property=\"og:image:type\" content=\"image\/jpeg\" \/>\n<meta name=\"author\" content=\"cfeditorfr\" \/>\n<meta name=\"twitter:card\" content=\"summary_large_image\" \/>\n<meta name=\"twitter:label1\" content=\"\u00c9crit par\" \/>\n\t<meta name=\"twitter:data1\" content=\"cfeditorfr\" \/>\n<script type=\"application\/ld+json\" class=\"yoast-schema-graph\">{\"@context\":\"https:\/\/schema.org\",\"@graph\":[{\"@type\":\"Article\",\"@id\":\"https:\/\/www.africa-press.net\/burkina-faso\/culture-et-art\/burkina-faso-le-jeune-du-mois-de-ramadan-debute-le-13-avril-2021#article\",\"isPartOf\":{\"@id\":\"https:\/\/www.africa-press.net\/burkina-faso\/culture-et-art\/burkina-faso-le-jeune-du-mois-de-ramadan-debute-le-13-avril-2021\"},\"author\":{\"name\":\"cfeditorfr\",\"@id\":\"https:\/\/www.africa-press.net\/burkina-faso\/#\/schema\/person\/2b1cf3cd81a31e3cd26889ca66d677f1\"},\"headline\":\"Le je\u00fbne du mois de Ramadan d\u00e9bute le 13 avril 2021\",\"datePublished\":\"2021-04-13T16:52:42+00:00\",\"mainEntityOfPage\":{\"@id\":\"https:\/\/www.africa-press.net\/burkina-faso\/culture-et-art\/burkina-faso-le-jeune-du-mois-de-ramadan-debute-le-13-avril-2021\"},\"wordCount\":85,\"commentCount\":0,\"image\":{\"@id\":\"https:\/\/www.africa-press.net\/burkina-faso\/culture-et-art\/burkina-faso-le-jeune-du-mois-de-ramadan-debute-le-13-avril-2021#primaryimage\"},\"thumbnailUrl\":\"https:\/\/static.africa-press.net\/burkina\/sites\/42\/2021\/04\/img-6075ab003cc40.jpg\",\"keywords\":[\"Africa Press\",\"Africa Press-Burkina Faso\",\"Burkina Faso\"],\"articleSection\":[\"Culture et Art\",\"homepage-french\",\"Toutes les actualit\u00e9s\"],\"inLanguage\":\"fr-FR\",\"potentialAction\":[{\"@type\":\"CommentAction\",\"name\":\"Comment\",\"target\":[\"https:\/\/www.africa-press.net\/burkina-faso\/culture-et-art\/burkina-faso-le-jeune-du-mois-de-ramadan-debute-le-13-avril-2021#respond\"]}]},{\"@type\":\"WebPage\",\"@id\":\"https:\/\/www.africa-press.net\/burkina-faso\/culture-et-art\/burkina-faso-le-jeune-du-mois-de-ramadan-debute-le-13-avril-2021\",\"url\":\"https:\/\/www.africa-press.net\/burkina-faso\/culture-et-art\/burkina-faso-le-jeune-du-mois-de-ramadan-debute-le-13-avril-2021\",\"name\":\"Le je\u00fbne du mois de Ramadan d\u00e9bute le 13 avril 2021 - Burkina Faso\",\"isPartOf\":{\"@id\":\"https:\/\/www.africa-press.net\/burkina-faso\/#website\"},\"primaryImageOfPage\":{\"@id\":\"https:\/\/www.africa-press.net\/burkina-faso\/culture-et-art\/burkina-faso-le-jeune-du-mois-de-ramadan-debute-le-13-avril-2021#primaryimage\"},\"image\":{\"@id\":\"https:\/\/www.africa-press.net\/burkina-faso\/culture-et-art\/burkina-faso-le-jeune-du-mois-de-ramadan-debute-le-13-avril-2021#primaryimage\"},\"thumbnailUrl\":\"https:\/\/static.africa-press.net\/burkina\/sites\/42\/2021\/04\/img-6075ab003cc40.jpg\",\"datePublished\":\"2021-04-13T16:52:42+00:00\",\"author\":{\"@id\":\"https:\/\/www.africa-press.net\/burkina-faso\/#\/schema\/person\/2b1cf3cd81a31e3cd26889ca66d677f1\"},\"description\":\"La F\u00e9d\u00e9ration des associations islamiques du Burkina (FAIB), dans un communiqu\u00e9 ce 12 avril 2021, a inform\u00e9 que le je\u00fbne ...\",\"breadcrumb\":{\"@id\":\"https:\/\/www.africa-press.net\/burkina-faso\/culture-et-art\/burkina-faso-le-jeune-du-mois-de-ramadan-debute-le-13-avril-2021#breadcrumb\"},\"inLanguage\":\"fr-FR\",\"potentialAction\":[{\"@type\":\"ReadAction\",\"target\":[\"https:\/\/www.africa-press.net\/burkina-faso\/culture-et-art\/burkina-faso-le-jeune-du-mois-de-ramadan-debute-le-13-avril-2021\"]}]},{\"@type\":\"ImageObject\",\"inLanguage\":\"fr-FR\",\"@id\":\"https:\/\/www.africa-press.net\/burkina-faso\/culture-et-art\/burkina-faso-le-jeune-du-mois-de-ramadan-debute-le-13-avril-2021#primaryimage\",\"url\":\"https:\/\/static.africa-press.net\/burkina\/sites\/42\/2021\/04\/img-6075ab003cc40.jpg\",\"contentUrl\":\"https:\/\/static.africa-press.net\/burkina\/sites\/42\/2021\/04\/img-6075ab003cc40.jpg\",\"width\":720,\"height\":495,\"caption\":\"Burkina Faso : Le je\u00fbne du mois de Ramadan d\u00e9bute le 13 avril 2021\"},{\"@type\":\"BreadcrumbList\",\"@id\":\"https:\/\/www.africa-press.net\/burkina-faso\/culture-et-art\/burkina-faso-le-jeune-du-mois-de-ramadan-debute-le-13-avril-2021#breadcrumb\",\"itemListElement\":[{\"@type\":\"ListItem\",\"position\":1,\"name\":\"Accueil\",\"item\":\"https:\/\/www.africa-press.net\/burkina-faso\/\"},{\"@type\":\"ListItem\",\"position\":2,\"name\":\"Le je\u00fbne du mois de Ramadan d\u00e9bute le 13 avril 2021\"}]},{\"@type\":\"WebSite\",\"@id\":\"https:\/\/www.africa-press.net\/burkina-faso\/#website\",\"url\":\"https:\/\/www.africa-press.net\/burkina-faso\/\",\"name\":\"Burkina Faso\",\"description\":\"Just another Africa News Agency Sites site\",\"potentialAction\":[{\"@type\":\"SearchAction\",\"target\":{\"@type\":\"EntryPoint\",\"urlTemplate\":\"https:\/\/www.africa-press.net\/burkina-faso\/?s={search_term_string}\"},\"query-input\":{\"@type\":\"PropertyValueSpecification\",\"valueRequired\":true,\"valueName\":\"search_term_string\"}}],\"inLanguage\":\"fr-FR\"},{\"@type\":\"Person\",\"@id\":\"https:\/\/www.africa-press.net\/burkina-faso\/#\/schema\/person\/2b1cf3cd81a31e3cd26889ca66d677f1\",\"name\":\"cfeditorfr\"}]}<\/script>\n<!-- \/ Yoast SEO Premium plugin. -->","yoast_head_json":{"title":"Le je\u00fbne du mois de Ramadan d\u00e9bute le 13 avril 2021 - Burkina Faso","description":"La F\u00e9d\u00e9ration des associations islamiques du Burkina (FAIB), dans un communiqu\u00e9 ce 12 avril 2021, a inform\u00e9 que le je\u00fbne ...","robots":{"index":"index","follow":"follow","max-snippet":"max-snippet:-1","max-image-preview":"max-image-preview:large","max-video-preview":"max-video-preview:-1"},"canonical":"https:\/\/www.africa-press.net\/burkina-faso\/culture-et-art\/burkina-faso-le-jeune-du-mois-de-ramadan-debute-le-13-avril-2021","og_locale":"fr_FR","og_type":"article","og_title":"Le je\u00fbne du mois de Ramadan d\u00e9bute le 13 avril 2021","og_description":"La F\u00e9d\u00e9ration des associations islamiques du Burkina (FAIB), dans un communiqu\u00e9 ce 12 avril 2021, a inform\u00e9 que le je\u00fbne ...","og_url":"https:\/\/www.africa-press.net\/burkina-faso\/culture-et-art\/burkina-faso-le-jeune-du-mois-de-ramadan-debute-le-13-avril-2021","og_site_name":"Burkina Faso","article_published_time":"2021-04-13T16:52:42+00:00","og_image":[{"width":720,"height":495,"url":"https:\/\/static.africa-press.net\/burkina\/sites\/42\/2021\/04\/img-6075ab003cc40.jpg","type":"image\/jpeg"}],"author":"cfeditorfr","twitter_card":"summary_large_image","twitter_misc":{"\u00c9crit par":"cfeditorfr"},"schema":{"@context":"https:\/\/schema.org","@graph":[{"@type":"Article","@id":"https:\/\/www.africa-press.net\/burkina-faso\/culture-et-art\/burkina-faso-le-jeune-du-mois-de-ramadan-debute-le-13-avril-2021#article","isPartOf":{"@id":"https:\/\/www.africa-press.net\/burkina-faso\/culture-et-art\/burkina-faso-le-jeune-du-mois-de-ramadan-debute-le-13-avril-2021"},"author":{"name":"cfeditorfr","@id":"https:\/\/www.africa-press.net\/burkina-faso\/#\/schema\/person\/2b1cf3cd81a31e3cd26889ca66d677f1"},"headline":"Le je\u00fbne du mois de Ramadan d\u00e9bute le 13 avril 2021","datePublished":"2021-04-13T16:52:42+00:00","mainEntityOfPage":{"@id":"https:\/\/www.africa-press.net\/burkina-faso\/culture-et-art\/burkina-faso-le-jeune-du-mois-de-ramadan-debute-le-13-avril-2021"},"wordCount":85,"commentCount":0,"image":{"@id":"https:\/\/www.africa-press.net\/burkina-faso\/culture-et-art\/burkina-faso-le-jeune-du-mois-de-ramadan-debute-le-13-avril-2021#primaryimage"},"thumbnailUrl":"https:\/\/static.africa-press.net\/burkina\/sites\/42\/2021\/04\/img-6075ab003cc40.jpg","keywords":["Africa Press","Africa Press-Burkina Faso","Burkina Faso"],"articleSection":["Culture et Art","homepage-french","Toutes les actualit\u00e9s"],"inLanguage":"fr-FR","potentialAction":[{"@type":"CommentAction","name":"Comment","target":["https:\/\/www.africa-press.net\/burkina-faso\/culture-et-art\/burkina-faso-le-jeune-du-mois-de-ramadan-debute-le-13-avril-2021#respond"]}]},{"@type":"WebPage","@id":"https:\/\/www.africa-press.net\/burkina-faso\/culture-et-art\/burkina-faso-le-jeune-du-mois-de-ramadan-debute-le-13-avril-2021","url":"https:\/\/www.africa-press.net\/burkina-faso\/culture-et-art\/burkina-faso-le-jeune-du-mois-de-ramadan-debute-le-13-avril-2021","name":"Le je\u00fbne du mois de Ramadan d\u00e9bute le 13 avril 2021 - Burkina Faso","isPartOf":{"@id":"https:\/\/www.africa-press.net\/burkina-faso\/#website"},"primaryImageOfPage":{"@id":"https:\/\/www.africa-press.net\/burkina-faso\/culture-et-art\/burkina-faso-le-jeune-du-mois-de-ramadan-debute-le-13-avril-2021#primaryimage"},"image":{"@id":"https:\/\/www.africa-press.net\/burkina-faso\/culture-et-art\/burkina-faso-le-jeune-du-mois-de-ramadan-debute-le-13-avril-2021#primaryimage"},"thumbnailUrl":"https:\/\/static.africa-press.net\/burkina\/sites\/42\/2021\/04\/img-6075ab003cc40.jpg","datePublished":"2021-04-13T16:52:42+00:00","author":{"@id":"https:\/\/www.africa-press.net\/burkina-faso\/#\/schema\/person\/2b1cf3cd81a31e3cd26889ca66d677f1"},"description":"La F\u00e9d\u00e9ration des associations islamiques du Burkina (FAIB), dans un communiqu\u00e9 ce 12 avril 2021, a inform\u00e9 que le je\u00fbne ...","breadcrumb":{"@id":"https:\/\/www.africa-press.net\/burkina-faso\/culture-et-art\/burkina-faso-le-jeune-du-mois-de-ramadan-debute-le-13-avril-2021#breadcrumb"},"inLanguage":"fr-FR","potentialAction":[{"@type":"ReadAction","target":["https:\/\/www.africa-press.net\/burkina-faso\/culture-et-art\/burkina-faso-le-jeune-du-mois-de-ramadan-debute-le-13-avril-2021"]}]},{"@type":"ImageObject","inLanguage":"fr-FR","@id":"https:\/\/www.africa-press.net\/burkina-faso\/culture-et-art\/burkina-faso-le-jeune-du-mois-de-ramadan-debute-le-13-avril-2021#primaryimage","url":"https:\/\/static.africa-press.net\/burkina\/sites\/42\/2021\/04\/img-6075ab003cc40.jpg","contentUrl":"https:\/\/static.africa-press.net\/burkina\/sites\/42\/2021\/04\/img-6075ab003cc40.jpg","width":720,"height":495,"caption":"Burkina Faso : Le je\u00fbne du mois de Ramadan d\u00e9bute le 13 avril 2021"},{"@type":"BreadcrumbList","@id":"https:\/\/www.africa-press.net\/burkina-faso\/culture-et-art\/burkina-faso-le-jeune-du-mois-de-ramadan-debute-le-13-avril-2021#breadcrumb","itemListElement":[{"@type":"ListItem","position":1,"name":"Accueil","item":"https:\/\/www.africa-press.net\/burkina-faso\/"},{"@type":"ListItem","position":2,"name":"Le je\u00fbne du mois de Ramadan d\u00e9bute le 13 avril 2021"}]},{"@type":"WebSite","@id":"https:\/\/www.africa-press.net\/burkina-faso\/#website","url":"https:\/\/www.africa-press.net\/burkina-faso\/","name":"Burkina Faso","description":"Just another Africa News Agency Sites site","potentialAction":[{"@type":"SearchAction","target":{"@type":"EntryPoint","urlTemplate":"https:\/\/www.africa-press.net\/burkina-faso\/?s={search_term_string}"},"query-input":{"@type":"PropertyValueSpecification","valueRequired":true,"valueName":"search_term_string"}}],"inLanguage":"fr-FR"},{"@type":"Person","@id":"https:\/\/www.africa-press.net\/burkina-faso\/#\/schema\/person\/2b1cf3cd81a31e3cd26889ca66d677f1","name":"cfeditorfr"}]}},"_links":{"self":[{"href":"https:\/\/www.africa-press.net\/burkina-faso\/wp-json\/wp\/v2\/posts\/9875","targetHints":{"allow":["GET"]}}],"collection":[{"href":"https:\/\/www.africa-press.net\/burkina-faso\/wp-json\/wp\/v2\/posts"}],"about":[{"href":"https:\/\/www.africa-press.net\/burkina-faso\/wp-json\/wp\/v2\/types\/post"}],"author":[{"embeddable":true,"href":"https:\/\/www.africa-press.net\/burkina-faso\/wp-json\/wp\/v2\/users\/82"}],"replies":[{"embeddable":true,"href":"https:\/\/www.africa-press.net\/burkina-faso\/wp-json\/wp\/v2\/comments?post=9875"}],"version-history":[{"count":0,"href":"https:\/\/www.africa-press.net\/burkina-faso\/wp-json\/wp\/v2\/posts\/9875\/revisions"}],"wp:featuredmedia":[{"embeddable":true,"href":"https:\/\/www.africa-press.net\/burkina-faso\/wp-json\/wp\/v2\/media\/9874"}],"wp:attachment":[{"href":"https:\/\/www.africa-press.net\/burkina-faso\/wp-json\/wp\/v2\/media?parent=9875"}],"wp:term":[{"taxonomy":"category","embeddable":true,"href":"https:\/\/www.africa-press.net\/burkina-faso\/wp-json\/wp\/v2\/categories?post=9875"},{"taxonomy":"post_tag","embeddable":true,"href":"https:\/\/www.africa-press.net\/burkina-faso\/wp-json\/wp\/v2\/tags?post=9875"}],"curies":[{"name":"wp","href":"https:\/\/api.w.org\/{rel}","templated":true}]}}