{"id":9878,"date":"2021-04-13T16:59:52","date_gmt":"2021-04-13T16:59:52","guid":{"rendered":"https:\/\/www.africa-press.net\/burkina-faso\/?p=9878"},"modified":"2021-04-13T16:43:50","modified_gmt":"2021-04-13T16:43:50","slug":"burkina-faso-la-sonabel-affirme-ne-pas-etre-en-situation-de-deficit","status":"publish","type":"post","link":"https:\/\/www.africa-press.net\/burkina-faso\/toutes-les-actualites\/burkina-faso-la-sonabel-affirme-ne-pas-etre-en-situation-de-deficit","title":{"rendered":"La Sonabel affirme ne pas \u00eatre en situation de d\u00e9ficit"},"content":{"rendered":"<p><span style=\"color: #ff6600\"><strong><a href=\"https:\/\/www.africa-press.net\/\">Africa-Press<\/a> &#8211; <a href=\"https:\/\/www.africa-press.net\/burkina-faso\">Burkina Faso<\/a>. <\/strong><\/span>Le Directeur G\u00e9n\u00e9ral (DG) de la SONABEL a annonc\u00e9 sur le plateau du journal de 20h de ce lundi 12 avril 2021 que sa structure n\u2019est pas dans une situation de d\u00e9ficit. Il a \u00e9galement invit\u00e9 la client\u00e8le \u00e0 informer la structure lorsqu\u2019ils sont priv\u00e9s d\u2019\u00e9lectricit\u00e9.<\/p>\n<p>Sur le plateau du journal t\u00e9l\u00e9vis\u00e9 de 20h de la Radiodiffusion T\u00e9l\u00e9vision du Burkina(RTB), le DG de la Sonabel Baba Hamed Coulibaly a assur\u00e9 que les \u00e9quipes sont \u00e0 pied d\u2019\u0153uvre pour r\u00e9soudre les difficult\u00e9s. Il a assur\u00e9 que la Sonabel n\u2019est pas dans une situation de d\u00e9ficit ni de d\u00e9lestage.<\/p>\n<p>\u00ab Nous ne sommes pas dans une situation de d\u00e9ficit actuellement \u00bb, a affirm\u00e9 le DG de la Sonabel. Il a pr\u00e9cis\u00e9 que toutes les coupures qui interviennent ne sont pas des d\u00e9lestages.<\/p>\n<p>\u00ab Le Burkina traverse de mars \u00e0 juin une forte chaleur avec de fortes consommations. Nos \u00e9quipements sont mis \u00e0 rude \u00e9preuve dans cette p\u00e9riode et il y a donc une forte demande et \u00e7a met nos \u00e9quipes sur une forte pression. Il s\u2019agit d\u2019une p\u00e9riode chaude o\u00f9 les \u00e9quipes sont sous grande pression. On n\u2019est pas \u00e0 l\u2019abri d\u2019incident quelconque li\u00e9s \u00e0 des surcharges de ligne qui sont assez fr\u00e9quentes et aussi nous avons des situations o\u00f9 il y a des interruptions qui ne sont pas vues par les \u00e9quipes de la Sonabel. Il faut en ce moment que les clients nous informent rapidement pour d\u00e9pannage, que l\u2019on puisse intervenir \u00bb, a-t-il invit\u00e9.<\/p>\n<p>Ces num\u00e9ros sont, entre autres, le 80 00 11 30 et 25 31 37 20. Assurant que cette ann\u00e9e, il y a eu des entretiens des \u00e9quipements qui ont pour but de disponibiliser l\u2019\u00e9lectricit\u00e9, il a affirm\u00e9 que la Sonabel aborde cette p\u00e9riode avec confiance. Cependant, il a demand\u00e9 l\u2019accompagnement des clients. Cet accompagnement consiste \u00e0 adopter les modes de consommation \u00e9conomes dont \u00e9teindre toutes les lumi\u00e8res inutiles, les appareils dont le fonctionnement n\u2019est pas n\u00e9cessaire.<\/p>\n<p>\u00abLe ma\u00eetre mot dans cette p\u00e9riode, c\u2019est la mobilisation pour r\u00e9ussir la p\u00e9riode de pointe \u00bb, a plaid\u00e9 Baba Hamed Coulibaly.<\/p>\n<p>Ces actes permettront, selon le DG de la Sonabel, de baisser la pression sur les \u00e9quipements et d\u2019avoir plus d\u2019\u00e9lectricit\u00e9 pour tout le monde. Alice Suglimani THIOMBIANO<\/p>\n","protected":false},"excerpt":{"rendered":"<p>Africa-Press &#8211; Burkina Faso. Le Directeur G\u00e9n\u00e9ral (DG) de la SONABEL a annonc\u00e9 sur le plateau du journal de 20h de ce lundi 12 avril 2021 que sa structure n\u2019est pas dans une situation de d\u00e9ficit. Il a \u00e9galement invit\u00e9 la client\u00e8le \u00e0 informer la structure lorsqu\u2019ils sont priv\u00e9s d\u2019\u00e9lectricit\u00e9. Sur le plateau du journal [&hellip;]<\/p>\n","protected":false},"author":82,"featured_media":9877,"comment_status":"open","ping_status":"closed","sticky":false,"template":"","format":"standard","meta":{"footnotes":""},"categories":[21,11,10],"tags":[111,725,29],"class_list":["post-9878","post","type-post","status-publish","format-standard","has-post-thumbnail","hentry","category-communaute","category-homepage-french","category-toutes-les-actualites","tag-africa-press","tag-africa-press-burkina-faso","tag-burkina-faso"],"yoast_head":"<!-- This site is optimized with the Yoast SEO Premium plugin v26.1 (Yoast SEO v27.0) - https:\/\/yoast.com\/product\/yoast-seo-premium-wordpress\/ -->\n<title>La Sonabel affirme ne pas \u00eatre en situation de d\u00e9ficit - Burkina Faso<\/title>\n<meta name=\"description\" content=\"Le Directeur G\u00e9n\u00e9ral (DG) de la SONABEL a annonc\u00e9 sur le plateau du journal de 20h de ce lundi 12 avril 2021 que sa stru ...\" \/>\n<meta name=\"robots\" content=\"index, follow, max-snippet:-1, max-image-preview:large, max-video-preview:-1\" \/>\n<link rel=\"canonical\" href=\"https:\/\/www.africa-press.net\/burkina-faso\/toutes-les-actualites\/burkina-faso-la-sonabel-affirme-ne-pas-etre-en-situation-de-deficit\" \/>\n<meta property=\"og:locale\" content=\"fr_FR\" \/>\n<meta property=\"og:type\" content=\"article\" \/>\n<meta property=\"og:title\" content=\"La Sonabel affirme ne pas \u00eatre en situation de d\u00e9ficit\" \/>\n<meta property=\"og:description\" content=\"Le Directeur G\u00e9n\u00e9ral (DG) de la SONABEL a annonc\u00e9 sur le plateau du journal de 20h de ce lundi 12 avril 2021 que sa stru ...\" \/>\n<meta property=\"og:url\" content=\"https:\/\/www.africa-press.net\/burkina-faso\/toutes-les-actualites\/burkina-faso-la-sonabel-affirme-ne-pas-etre-en-situation-de-deficit\" \/>\n<meta property=\"og:site_name\" content=\"Burkina Faso\" \/>\n<meta property=\"article:published_time\" content=\"2021-04-13T16:59:52+00:00\" \/>\n<meta property=\"og:image\" content=\"https:\/\/static.africa-press.net\/burkina\/sites\/42\/2021\/04\/img-6075ab35d775f.jpg\" \/>\n\t<meta property=\"og:image:width\" content=\"720\" \/>\n\t<meta property=\"og:image:height\" content=\"427\" \/>\n\t<meta property=\"og:image:type\" content=\"image\/jpeg\" \/>\n<meta name=\"author\" content=\"cfeditorfr\" \/>\n<meta name=\"twitter:card\" content=\"summary_large_image\" \/>\n<meta name=\"twitter:label1\" content=\"\u00c9crit par\" \/>\n\t<meta name=\"twitter:data1\" content=\"cfeditorfr\" \/>\n\t<meta name=\"twitter:label2\" content=\"Dur\u00e9e de lecture estim\u00e9e\" \/>\n\t<meta name=\"twitter:data2\" content=\"2 minutes\" \/>\n<script type=\"application\/ld+json\" class=\"yoast-schema-graph\">{\"@context\":\"https:\/\/schema.org\",\"@graph\":[{\"@type\":\"Article\",\"@id\":\"https:\/\/www.africa-press.net\/burkina-faso\/toutes-les-actualites\/burkina-faso-la-sonabel-affirme-ne-pas-etre-en-situation-de-deficit#article\",\"isPartOf\":{\"@id\":\"https:\/\/www.africa-press.net\/burkina-faso\/toutes-les-actualites\/burkina-faso-la-sonabel-affirme-ne-pas-etre-en-situation-de-deficit\"},\"author\":{\"name\":\"cfeditorfr\",\"@id\":\"https:\/\/www.africa-press.net\/burkina-faso\/#\/schema\/person\/2b1cf3cd81a31e3cd26889ca66d677f1\"},\"headline\":\"La Sonabel affirme ne pas \u00eatre en situation de d\u00e9ficit\",\"datePublished\":\"2021-04-13T16:59:52+00:00\",\"mainEntityOfPage\":{\"@id\":\"https:\/\/www.africa-press.net\/burkina-faso\/toutes-les-actualites\/burkina-faso-la-sonabel-affirme-ne-pas-etre-en-situation-de-deficit\"},\"wordCount\":409,\"commentCount\":0,\"image\":{\"@id\":\"https:\/\/www.africa-press.net\/burkina-faso\/toutes-les-actualites\/burkina-faso-la-sonabel-affirme-ne-pas-etre-en-situation-de-deficit#primaryimage\"},\"thumbnailUrl\":\"https:\/\/static.africa-press.net\/burkina\/sites\/42\/2021\/04\/img-6075ab35d775f.jpg\",\"keywords\":[\"Africa Press\",\"Africa Press-Burkina Faso\",\"Burkina Faso\"],\"articleSection\":[\"Communaut\u00e9\",\"homepage-french\",\"Toutes les actualit\u00e9s\"],\"inLanguage\":\"fr-FR\",\"potentialAction\":[{\"@type\":\"CommentAction\",\"name\":\"Comment\",\"target\":[\"https:\/\/www.africa-press.net\/burkina-faso\/toutes-les-actualites\/burkina-faso-la-sonabel-affirme-ne-pas-etre-en-situation-de-deficit#respond\"]}]},{\"@type\":\"WebPage\",\"@id\":\"https:\/\/www.africa-press.net\/burkina-faso\/toutes-les-actualites\/burkina-faso-la-sonabel-affirme-ne-pas-etre-en-situation-de-deficit\",\"url\":\"https:\/\/www.africa-press.net\/burkina-faso\/toutes-les-actualites\/burkina-faso-la-sonabel-affirme-ne-pas-etre-en-situation-de-deficit\",\"name\":\"La Sonabel affirme ne pas \u00eatre en situation de d\u00e9ficit - Burkina Faso\",\"isPartOf\":{\"@id\":\"https:\/\/www.africa-press.net\/burkina-faso\/#website\"},\"primaryImageOfPage\":{\"@id\":\"https:\/\/www.africa-press.net\/burkina-faso\/toutes-les-actualites\/burkina-faso-la-sonabel-affirme-ne-pas-etre-en-situation-de-deficit#primaryimage\"},\"image\":{\"@id\":\"https:\/\/www.africa-press.net\/burkina-faso\/toutes-les-actualites\/burkina-faso-la-sonabel-affirme-ne-pas-etre-en-situation-de-deficit#primaryimage\"},\"thumbnailUrl\":\"https:\/\/static.africa-press.net\/burkina\/sites\/42\/2021\/04\/img-6075ab35d775f.jpg\",\"datePublished\":\"2021-04-13T16:59:52+00:00\",\"author\":{\"@id\":\"https:\/\/www.africa-press.net\/burkina-faso\/#\/schema\/person\/2b1cf3cd81a31e3cd26889ca66d677f1\"},\"description\":\"Le Directeur G\u00e9n\u00e9ral (DG) de la SONABEL a annonc\u00e9 sur le plateau du journal de 20h de ce lundi 12 avril 2021 que sa stru ...\",\"breadcrumb\":{\"@id\":\"https:\/\/www.africa-press.net\/burkina-faso\/toutes-les-actualites\/burkina-faso-la-sonabel-affirme-ne-pas-etre-en-situation-de-deficit#breadcrumb\"},\"inLanguage\":\"fr-FR\",\"potentialAction\":[{\"@type\":\"ReadAction\",\"target\":[\"https:\/\/www.africa-press.net\/burkina-faso\/toutes-les-actualites\/burkina-faso-la-sonabel-affirme-ne-pas-etre-en-situation-de-deficit\"]}]},{\"@type\":\"ImageObject\",\"inLanguage\":\"fr-FR\",\"@id\":\"https:\/\/www.africa-press.net\/burkina-faso\/toutes-les-actualites\/burkina-faso-la-sonabel-affirme-ne-pas-etre-en-situation-de-deficit#primaryimage\",\"url\":\"https:\/\/static.africa-press.net\/burkina\/sites\/42\/2021\/04\/img-6075ab35d775f.jpg\",\"contentUrl\":\"https:\/\/static.africa-press.net\/burkina\/sites\/42\/2021\/04\/img-6075ab35d775f.jpg\",\"width\":720,\"height\":427,\"caption\":\"Burkina Faso : La Sonabel affirme ne pas \u00eatre en situation de d\u00e9ficit\"},{\"@type\":\"BreadcrumbList\",\"@id\":\"https:\/\/www.africa-press.net\/burkina-faso\/toutes-les-actualites\/burkina-faso-la-sonabel-affirme-ne-pas-etre-en-situation-de-deficit#breadcrumb\",\"itemListElement\":[{\"@type\":\"ListItem\",\"position\":1,\"name\":\"Accueil\",\"item\":\"https:\/\/www.africa-press.net\/burkina-faso\/\"},{\"@type\":\"ListItem\",\"position\":2,\"name\":\"La Sonabel affirme ne pas \u00eatre en situation de d\u00e9ficit\"}]},{\"@type\":\"WebSite\",\"@id\":\"https:\/\/www.africa-press.net\/burkina-faso\/#website\",\"url\":\"https:\/\/www.africa-press.net\/burkina-faso\/\",\"name\":\"Burkina Faso\",\"description\":\"Just another Africa News Agency Sites site\",\"potentialAction\":[{\"@type\":\"SearchAction\",\"target\":{\"@type\":\"EntryPoint\",\"urlTemplate\":\"https:\/\/www.africa-press.net\/burkina-faso\/?s={search_term_string}\"},\"query-input\":{\"@type\":\"PropertyValueSpecification\",\"valueRequired\":true,\"valueName\":\"search_term_string\"}}],\"inLanguage\":\"fr-FR\"},{\"@type\":\"Person\",\"@id\":\"https:\/\/www.africa-press.net\/burkina-faso\/#\/schema\/person\/2b1cf3cd81a31e3cd26889ca66d677f1\",\"name\":\"cfeditorfr\"}]}<\/script>\n<!-- \/ Yoast SEO Premium plugin. -->","yoast_head_json":{"title":"La Sonabel affirme ne pas \u00eatre en situation de d\u00e9ficit - Burkina Faso","description":"Le Directeur G\u00e9n\u00e9ral (DG) de la SONABEL a annonc\u00e9 sur le plateau du journal de 20h de ce lundi 12 avril 2021 que sa stru ...","robots":{"index":"index","follow":"follow","max-snippet":"max-snippet:-1","max-image-preview":"max-image-preview:large","max-video-preview":"max-video-preview:-1"},"canonical":"https:\/\/www.africa-press.net\/burkina-faso\/toutes-les-actualites\/burkina-faso-la-sonabel-affirme-ne-pas-etre-en-situation-de-deficit","og_locale":"fr_FR","og_type":"article","og_title":"La Sonabel affirme ne pas \u00eatre en situation de d\u00e9ficit","og_description":"Le Directeur G\u00e9n\u00e9ral (DG) de la SONABEL a annonc\u00e9 sur le plateau du journal de 20h de ce lundi 12 avril 2021 que sa stru ...","og_url":"https:\/\/www.africa-press.net\/burkina-faso\/toutes-les-actualites\/burkina-faso-la-sonabel-affirme-ne-pas-etre-en-situation-de-deficit","og_site_name":"Burkina Faso","article_published_time":"2021-04-13T16:59:52+00:00","og_image":[{"width":720,"height":427,"url":"https:\/\/static.africa-press.net\/burkina\/sites\/42\/2021\/04\/img-6075ab35d775f.jpg","type":"image\/jpeg"}],"author":"cfeditorfr","twitter_card":"summary_large_image","twitter_misc":{"\u00c9crit par":"cfeditorfr","Dur\u00e9e de lecture estim\u00e9e":"2 minutes"},"schema":{"@context":"https:\/\/schema.org","@graph":[{"@type":"Article","@id":"https:\/\/www.africa-press.net\/burkina-faso\/toutes-les-actualites\/burkina-faso-la-sonabel-affirme-ne-pas-etre-en-situation-de-deficit#article","isPartOf":{"@id":"https:\/\/www.africa-press.net\/burkina-faso\/toutes-les-actualites\/burkina-faso-la-sonabel-affirme-ne-pas-etre-en-situation-de-deficit"},"author":{"name":"cfeditorfr","@id":"https:\/\/www.africa-press.net\/burkina-faso\/#\/schema\/person\/2b1cf3cd81a31e3cd26889ca66d677f1"},"headline":"La Sonabel affirme ne pas \u00eatre en situation de d\u00e9ficit","datePublished":"2021-04-13T16:59:52+00:00","mainEntityOfPage":{"@id":"https:\/\/www.africa-press.net\/burkina-faso\/toutes-les-actualites\/burkina-faso-la-sonabel-affirme-ne-pas-etre-en-situation-de-deficit"},"wordCount":409,"commentCount":0,"image":{"@id":"https:\/\/www.africa-press.net\/burkina-faso\/toutes-les-actualites\/burkina-faso-la-sonabel-affirme-ne-pas-etre-en-situation-de-deficit#primaryimage"},"thumbnailUrl":"https:\/\/static.africa-press.net\/burkina\/sites\/42\/2021\/04\/img-6075ab35d775f.jpg","keywords":["Africa Press","Africa Press-Burkina Faso","Burkina Faso"],"articleSection":["Communaut\u00e9","homepage-french","Toutes les actualit\u00e9s"],"inLanguage":"fr-FR","potentialAction":[{"@type":"CommentAction","name":"Comment","target":["https:\/\/www.africa-press.net\/burkina-faso\/toutes-les-actualites\/burkina-faso-la-sonabel-affirme-ne-pas-etre-en-situation-de-deficit#respond"]}]},{"@type":"WebPage","@id":"https:\/\/www.africa-press.net\/burkina-faso\/toutes-les-actualites\/burkina-faso-la-sonabel-affirme-ne-pas-etre-en-situation-de-deficit","url":"https:\/\/www.africa-press.net\/burkina-faso\/toutes-les-actualites\/burkina-faso-la-sonabel-affirme-ne-pas-etre-en-situation-de-deficit","name":"La Sonabel affirme ne pas \u00eatre en situation de d\u00e9ficit - Burkina Faso","isPartOf":{"@id":"https:\/\/www.africa-press.net\/burkina-faso\/#website"},"primaryImageOfPage":{"@id":"https:\/\/www.africa-press.net\/burkina-faso\/toutes-les-actualites\/burkina-faso-la-sonabel-affirme-ne-pas-etre-en-situation-de-deficit#primaryimage"},"image":{"@id":"https:\/\/www.africa-press.net\/burkina-faso\/toutes-les-actualites\/burkina-faso-la-sonabel-affirme-ne-pas-etre-en-situation-de-deficit#primaryimage"},"thumbnailUrl":"https:\/\/static.africa-press.net\/burkina\/sites\/42\/2021\/04\/img-6075ab35d775f.jpg","datePublished":"2021-04-13T16:59:52+00:00","author":{"@id":"https:\/\/www.africa-press.net\/burkina-faso\/#\/schema\/person\/2b1cf3cd81a31e3cd26889ca66d677f1"},"description":"Le Directeur G\u00e9n\u00e9ral (DG) de la SONABEL a annonc\u00e9 sur le plateau du journal de 20h de ce lundi 12 avril 2021 que sa stru ...","breadcrumb":{"@id":"https:\/\/www.africa-press.net\/burkina-faso\/toutes-les-actualites\/burkina-faso-la-sonabel-affirme-ne-pas-etre-en-situation-de-deficit#breadcrumb"},"inLanguage":"fr-FR","potentialAction":[{"@type":"ReadAction","target":["https:\/\/www.africa-press.net\/burkina-faso\/toutes-les-actualites\/burkina-faso-la-sonabel-affirme-ne-pas-etre-en-situation-de-deficit"]}]},{"@type":"ImageObject","inLanguage":"fr-FR","@id":"https:\/\/www.africa-press.net\/burkina-faso\/toutes-les-actualites\/burkina-faso-la-sonabel-affirme-ne-pas-etre-en-situation-de-deficit#primaryimage","url":"https:\/\/static.africa-press.net\/burkina\/sites\/42\/2021\/04\/img-6075ab35d775f.jpg","contentUrl":"https:\/\/static.africa-press.net\/burkina\/sites\/42\/2021\/04\/img-6075ab35d775f.jpg","width":720,"height":427,"caption":"Burkina Faso : La Sonabel affirme ne pas \u00eatre en situation de d\u00e9ficit"},{"@type":"BreadcrumbList","@id":"https:\/\/www.africa-press.net\/burkina-faso\/toutes-les-actualites\/burkina-faso-la-sonabel-affirme-ne-pas-etre-en-situation-de-deficit#breadcrumb","itemListElement":[{"@type":"ListItem","position":1,"name":"Accueil","item":"https:\/\/www.africa-press.net\/burkina-faso\/"},{"@type":"ListItem","position":2,"name":"La Sonabel affirme ne pas \u00eatre en situation de d\u00e9ficit"}]},{"@type":"WebSite","@id":"https:\/\/www.africa-press.net\/burkina-faso\/#website","url":"https:\/\/www.africa-press.net\/burkina-faso\/","name":"Burkina Faso","description":"Just another Africa News Agency Sites site","potentialAction":[{"@type":"SearchAction","target":{"@type":"EntryPoint","urlTemplate":"https:\/\/www.africa-press.net\/burkina-faso\/?s={search_term_string}"},"query-input":{"@type":"PropertyValueSpecification","valueRequired":true,"valueName":"search_term_string"}}],"inLanguage":"fr-FR"},{"@type":"Person","@id":"https:\/\/www.africa-press.net\/burkina-faso\/#\/schema\/person\/2b1cf3cd81a31e3cd26889ca66d677f1","name":"cfeditorfr"}]}},"_links":{"self":[{"href":"https:\/\/www.africa-press.net\/burkina-faso\/wp-json\/wp\/v2\/posts\/9878","targetHints":{"allow":["GET"]}}],"collection":[{"href":"https:\/\/www.africa-press.net\/burkina-faso\/wp-json\/wp\/v2\/posts"}],"about":[{"href":"https:\/\/www.africa-press.net\/burkina-faso\/wp-json\/wp\/v2\/types\/post"}],"author":[{"embeddable":true,"href":"https:\/\/www.africa-press.net\/burkina-faso\/wp-json\/wp\/v2\/users\/82"}],"replies":[{"embeddable":true,"href":"https:\/\/www.africa-press.net\/burkina-faso\/wp-json\/wp\/v2\/comments?post=9878"}],"version-history":[{"count":0,"href":"https:\/\/www.africa-press.net\/burkina-faso\/wp-json\/wp\/v2\/posts\/9878\/revisions"}],"wp:featuredmedia":[{"embeddable":true,"href":"https:\/\/www.africa-press.net\/burkina-faso\/wp-json\/wp\/v2\/media\/9877"}],"wp:attachment":[{"href":"https:\/\/www.africa-press.net\/burkina-faso\/wp-json\/wp\/v2\/media?parent=9878"}],"wp:term":[{"taxonomy":"category","embeddable":true,"href":"https:\/\/www.africa-press.net\/burkina-faso\/wp-json\/wp\/v2\/categories?post=9878"},{"taxonomy":"post_tag","embeddable":true,"href":"https:\/\/www.africa-press.net\/burkina-faso\/wp-json\/wp\/v2\/tags?post=9878"}],"curies":[{"name":"wp","href":"https:\/\/api.w.org\/{rel}","templated":true}]}}