{"id":9898,"date":"2021-04-14T13:31:17","date_gmt":"2021-04-14T13:31:17","guid":{"rendered":"https:\/\/www.africa-press.net\/burkina-faso\/?p=9898"},"modified":"2021-04-14T14:58:06","modified_gmt":"2021-04-14T14:58:06","slug":"burkina-faso-le-pnud-offre-du-materiel-et-des-equipements-au-ministere-de-la-justice","status":"publish","type":"post","link":"https:\/\/www.africa-press.net\/burkina-faso\/politique\/burkina-faso-le-pnud-offre-du-materiel-et-des-equipements-au-ministere-de-la-justice","title":{"rendered":"Le PNUD offre du mat\u00e9riel et des \u00e9quipements au minist\u00e8re de la Justice"},"content":{"rendered":"<p><span style=\"color: #ff6600\"><strong><a href=\"https:\/\/www.africa-press.net\/\">Africa-Press<\/a> &#8211; <a href=\"https:\/\/www.africa-press.net\/burkina-faso\">Burkina Faso<\/a>. <\/strong><\/span><b>Le Programme des Nations-unies pour le d\u00e9veloppement (PNUD) a offert, ce 13 avril 2021, du mat\u00e9riel et des \u00e9quipements d\u2019une valeur de plus de 360 millions de F CFA au minist\u00e8re de la Justice et de la Promotion des droits humains. Ce don s\u2019inscrit dans le cadre de la mise en \u0153uvre du programme Coh\u00e9sion sociale, s\u00e9curit\u00e9 et Etat de droit (COSED). Les \u00e9quipements ont \u00e9t\u00e9 acquis \u00e0 la demande des diff\u00e9rentes structures partenaires de mise en \u0153uvre du programme COSED que sont le minist\u00e8re de la Justice, l\u2019Association des femmes juristes (AFJ\/BF), le Mouvement burkinab\u00e8 des droits de l\u2019homme et des peuples (MBDHP) ainsi que l\u2019Observatoire national des faits religieux (ONAFAR).<\/b><\/p>\n<p>Neuf v\u00e9hicules, 84 ordinateurs, 39 photocopieurs multifonction, 20 groupes \u00e9lectrog\u00e8nes, 156 cartouches d\u2019encre ainsi que du mat\u00e9riel de sensibilisation. Ainsi se compose le don re\u00e7u par la ministre de la Justice, de la Promotion des droits humains, Garde des sceaux, Victoria Kibora, des mains du repr\u00e9sentant r\u00e9sident du PNUD au Burkina Faso.<\/p>\n<p>D\u2019une valeur de plus de 360 millions de F CFA, ce don t\u00e9moigne de la bonne collaboration entre son d\u00e9partement et le PNUD, assure la responsable du d\u00e9partement de la justice. \u00ab Il contribuera \u00e0 renforcer les capacit\u00e9s op\u00e9rationnelles des structures du d\u00e9partement de la justice et de l\u2019appareil judiciaire tout entier \u00bb, a-t-elle ajout\u00e9.<\/p>\n<p>Ce mat\u00e9riel servira \u00e0 renforcer les capacit\u00e9s d\u2019intervention des juridictions des Cours d\u2019appel de Bobo-Dioulasso et de Ouagadougou, du Conseil sup\u00e9rieur de la magistrature, de l\u2019Inspection technique des services du minist\u00e8re en charge de la Justice, de l\u2019Observatoire national de pr\u00e9vention et de gestion des conflits communautaires, mais aussi du MBDHP, de l\u2019AFJ\/BF et de l\u2019ONAFAR. Victoria Kibora n\u2019a pas manqu\u00e9 de traduire sa reconnaissance au PNUD pour le mat\u00e9riel re\u00e7u et a promis qu\u2019il sera utilis\u00e9 \u00e0 bon escient par les b\u00e9n\u00e9ficiaires.<\/p>\n<p>La remise de ce lot de mat\u00e9riel et d\u2019\u00e9quipements vise, selon le repr\u00e9sentant r\u00e9sident du PNUD au Burkina Faso, Mathieu Ciowela, \u00e0 soutenir de mani\u00e8re ad\u00e9quate la mise en \u0153uvre des actions du gouvernement en mati\u00e8re de justice, de droits humains et de coh\u00e9sion sociale. Il intervient dans le cadre du programme Coh\u00e9sion sociale, s\u00e9curit\u00e9 et \u00c9tat de droit (COSED). Financ\u00e9 par l\u2019Allemagne et la Su\u00e8de, le COSED est un appui du PNUD aux efforts consentis par le Burkina Faso en vue de la consolidation de l\u2019\u00c9tat de droit, de la justice, de la protection des droits humains ; du renforcement de la coh\u00e9sion sociale ainsi que de la lutte contre l\u2019extr\u00e9misme violent.<\/p>\n<p><b>Le COSED, un programme au service des droits humains et de la coh\u00e9sion sociale<\/b><\/p>\n<p>A travers la mise en \u0153uvre de diff\u00e9rentes activit\u00e9s, le COSED a contribu\u00e9 \u00e0 am\u00e9liorer l\u2019offre de justice \u00e0 travers l\u2019organisation d\u2019audiences foraines et criminelles. En mati\u00e8re de droits humains, le programme a accompagn\u00e9 la Commission nationale des droits humains (CNDH) dans la documentation des all\u00e9gations de violations des droits humains \u00e0 Tanwalbougou et appuy\u00e9 les acteurs nationaux dans la mise en place d\u2019un dispositif de protection des d\u00e9fenseurs des droits humains.<\/p>\n<p>Pour contribuer \u00e0 r\u00e9duire les d\u00e9lais de d\u00e9tention provisoire des d\u00e9tenus pour crimes \u00e9conomiques et financiers et crimes li\u00e9s au terrorisme, et acc\u00e9l\u00e9rer les d\u00e9lais de traitement, les magistrats des p\u00f4les terroriste et \u00e9conomique et financier de Ouagadougou et Bobo-Dioulasso, ont b\u00e9n\u00e9fici\u00e9 d\u2019un renforcement de capacit\u00e9s pour leur permettre de traiter les dossiers avec plus d\u2019efficacit\u00e9. Le programme a \u00e9galement outill\u00e9 les forces de d\u00e9fense et de s\u00e9curit\u00e9 sur le respect des droits humains, la prise en charge des violences bas\u00e9es sur le genre afin de mieux prendre en charge les victimes.<\/p>\n<p>De plus, il a contribu\u00e9 \u00e0 l\u2019op\u00e9rationnalisation de l\u2019Observatoire national de la pr\u00e9vention et la gestion des conflits communautaires, afin d\u2019am\u00e9liorer les bases de la coh\u00e9sion sociale et de la r\u00e9conciliation.<br \/>\nLe COSED ambitionne \u00e0 terme de faire en sorte que l\u2019efficacit\u00e9 des institutions soit am\u00e9lior\u00e9e et que les populations du Burkina Faso, en particulier les plus expos\u00e9es aux risques de conflits et \u00e0 l\u2019ins\u00e9curit\u00e9, vivent en paix et en s\u00e9curit\u00e9 dans un \u00c9tat de droit.<\/p>\n<p><b>Armelle Ouedraogo<br \/>\n<\/b><\/p>\n","protected":false},"excerpt":{"rendered":"<p>Africa-Press &#8211; Burkina Faso. Le Programme des Nations-unies pour le d\u00e9veloppement (PNUD) a offert, ce 13 avril 2021, du mat\u00e9riel et des \u00e9quipements d\u2019une valeur de plus de 360 millions de F CFA au minist\u00e8re de la Justice et de la Promotion des droits humains. Ce don s\u2019inscrit dans le cadre de la mise en [&hellip;]<\/p>\n","protected":false},"author":82,"featured_media":9897,"comment_status":"open","ping_status":"closed","sticky":false,"template":"","format":"standard","meta":{"footnotes":""},"categories":[11,2,10],"tags":[111,725,29],"class_list":["post-9898","post","type-post","status-publish","format-standard","has-post-thumbnail","hentry","category-homepage-french","category-politique","category-toutes-les-actualites","tag-africa-press","tag-africa-press-burkina-faso","tag-burkina-faso"],"yoast_head":"<!-- This site is optimized with the Yoast SEO Premium plugin v26.1 (Yoast SEO v27.0) - https:\/\/yoast.com\/product\/yoast-seo-premium-wordpress\/ -->\n<title>Le PNUD offre du mat\u00e9riel et des \u00e9quipements au minist\u00e8re de la Justice - Burkina Faso<\/title>\n<meta name=\"description\" content=\"Le Programme des Nations-unies pour le d\u00e9veloppement (PNUD) a offert, ce 13 avril 2021, du mat\u00e9riel et des \u00e9quipement ...\" \/>\n<meta name=\"robots\" content=\"index, follow, max-snippet:-1, max-image-preview:large, max-video-preview:-1\" \/>\n<link rel=\"canonical\" href=\"https:\/\/www.africa-press.net\/burkina-faso\/politique\/burkina-faso-le-pnud-offre-du-materiel-et-des-equipements-au-ministere-de-la-justice\" \/>\n<meta property=\"og:locale\" content=\"fr_FR\" \/>\n<meta property=\"og:type\" content=\"article\" \/>\n<meta property=\"og:title\" content=\"Le PNUD offre du mat\u00e9riel et des \u00e9quipements au minist\u00e8re de la Justice\" \/>\n<meta property=\"og:description\" content=\"Le Programme des Nations-unies pour le d\u00e9veloppement (PNUD) a offert, ce 13 avril 2021, du mat\u00e9riel et des \u00e9quipement ...\" \/>\n<meta property=\"og:url\" content=\"https:\/\/www.africa-press.net\/burkina-faso\/politique\/burkina-faso-le-pnud-offre-du-materiel-et-des-equipements-au-ministere-de-la-justice\" \/>\n<meta property=\"og:site_name\" content=\"Burkina Faso\" \/>\n<meta property=\"article:published_time\" content=\"2021-04-14T13:31:17+00:00\" \/>\n<meta property=\"article:modified_time\" content=\"2021-04-14T14:58:06+00:00\" \/>\n<meta property=\"og:image\" content=\"https:\/\/static.africa-press.net\/burkina\/sites\/42\/2021\/04\/img-6076ecb43907f.jpg\" \/>\n\t<meta property=\"og:image:width\" content=\"720\" \/>\n\t<meta property=\"og:image:height\" content=\"405\" \/>\n\t<meta property=\"og:image:type\" content=\"image\/jpeg\" \/>\n<meta name=\"author\" content=\"cfeditorfr\" \/>\n<meta name=\"twitter:card\" content=\"summary_large_image\" \/>\n<meta name=\"twitter:label1\" content=\"\u00c9crit par\" \/>\n\t<meta name=\"twitter:data1\" content=\"cfeditorfr\" \/>\n\t<meta name=\"twitter:label2\" content=\"Dur\u00e9e de lecture estim\u00e9e\" \/>\n\t<meta name=\"twitter:data2\" content=\"4 minutes\" \/>\n<script type=\"application\/ld+json\" class=\"yoast-schema-graph\">{\"@context\":\"https:\/\/schema.org\",\"@graph\":[{\"@type\":\"Article\",\"@id\":\"https:\/\/www.africa-press.net\/burkina-faso\/politique\/burkina-faso-le-pnud-offre-du-materiel-et-des-equipements-au-ministere-de-la-justice#article\",\"isPartOf\":{\"@id\":\"https:\/\/www.africa-press.net\/burkina-faso\/politique\/burkina-faso-le-pnud-offre-du-materiel-et-des-equipements-au-ministere-de-la-justice\"},\"author\":{\"name\":\"cfeditorfr\",\"@id\":\"https:\/\/www.africa-press.net\/burkina-faso\/#\/schema\/person\/2b1cf3cd81a31e3cd26889ca66d677f1\"},\"headline\":\"Le PNUD offre du mat\u00e9riel et des \u00e9quipements au minist\u00e8re de la Justice\",\"datePublished\":\"2021-04-14T13:31:17+00:00\",\"dateModified\":\"2021-04-14T14:58:06+00:00\",\"mainEntityOfPage\":{\"@id\":\"https:\/\/www.africa-press.net\/burkina-faso\/politique\/burkina-faso-le-pnud-offre-du-materiel-et-des-equipements-au-ministere-de-la-justice\"},\"wordCount\":772,\"commentCount\":0,\"image\":{\"@id\":\"https:\/\/www.africa-press.net\/burkina-faso\/politique\/burkina-faso-le-pnud-offre-du-materiel-et-des-equipements-au-ministere-de-la-justice#primaryimage\"},\"thumbnailUrl\":\"https:\/\/static.africa-press.net\/burkina\/sites\/42\/2021\/04\/img-6076ecb43907f.jpg\",\"keywords\":[\"Africa Press\",\"Africa Press-Burkina Faso\",\"Burkina Faso\"],\"articleSection\":[\"homepage-french\",\"Politique\",\"Toutes les actualit\u00e9s\"],\"inLanguage\":\"fr-FR\",\"potentialAction\":[{\"@type\":\"CommentAction\",\"name\":\"Comment\",\"target\":[\"https:\/\/www.africa-press.net\/burkina-faso\/politique\/burkina-faso-le-pnud-offre-du-materiel-et-des-equipements-au-ministere-de-la-justice#respond\"]}]},{\"@type\":\"WebPage\",\"@id\":\"https:\/\/www.africa-press.net\/burkina-faso\/politique\/burkina-faso-le-pnud-offre-du-materiel-et-des-equipements-au-ministere-de-la-justice\",\"url\":\"https:\/\/www.africa-press.net\/burkina-faso\/politique\/burkina-faso-le-pnud-offre-du-materiel-et-des-equipements-au-ministere-de-la-justice\",\"name\":\"Le PNUD offre du mat\u00e9riel et des \u00e9quipements au minist\u00e8re de la Justice - Burkina Faso\",\"isPartOf\":{\"@id\":\"https:\/\/www.africa-press.net\/burkina-faso\/#website\"},\"primaryImageOfPage\":{\"@id\":\"https:\/\/www.africa-press.net\/burkina-faso\/politique\/burkina-faso-le-pnud-offre-du-materiel-et-des-equipements-au-ministere-de-la-justice#primaryimage\"},\"image\":{\"@id\":\"https:\/\/www.africa-press.net\/burkina-faso\/politique\/burkina-faso-le-pnud-offre-du-materiel-et-des-equipements-au-ministere-de-la-justice#primaryimage\"},\"thumbnailUrl\":\"https:\/\/static.africa-press.net\/burkina\/sites\/42\/2021\/04\/img-6076ecb43907f.jpg\",\"datePublished\":\"2021-04-14T13:31:17+00:00\",\"dateModified\":\"2021-04-14T14:58:06+00:00\",\"author\":{\"@id\":\"https:\/\/www.africa-press.net\/burkina-faso\/#\/schema\/person\/2b1cf3cd81a31e3cd26889ca66d677f1\"},\"description\":\"Le Programme des Nations-unies pour le d\u00e9veloppement (PNUD) a offert, ce 13 avril 2021, du mat\u00e9riel et des \u00e9quipement ...\",\"breadcrumb\":{\"@id\":\"https:\/\/www.africa-press.net\/burkina-faso\/politique\/burkina-faso-le-pnud-offre-du-materiel-et-des-equipements-au-ministere-de-la-justice#breadcrumb\"},\"inLanguage\":\"fr-FR\",\"potentialAction\":[{\"@type\":\"ReadAction\",\"target\":[\"https:\/\/www.africa-press.net\/burkina-faso\/politique\/burkina-faso-le-pnud-offre-du-materiel-et-des-equipements-au-ministere-de-la-justice\"]}]},{\"@type\":\"ImageObject\",\"inLanguage\":\"fr-FR\",\"@id\":\"https:\/\/www.africa-press.net\/burkina-faso\/politique\/burkina-faso-le-pnud-offre-du-materiel-et-des-equipements-au-ministere-de-la-justice#primaryimage\",\"url\":\"https:\/\/static.africa-press.net\/burkina\/sites\/42\/2021\/04\/img-6076ecb43907f.jpg\",\"contentUrl\":\"https:\/\/static.africa-press.net\/burkina\/sites\/42\/2021\/04\/img-6076ecb43907f.jpg\",\"width\":720,\"height\":405,\"caption\":\"Burkina Faso : Le PNUD offre du mat\u00e9riel et des \u00e9quipements au minist\u00e8re de la Justice\"},{\"@type\":\"BreadcrumbList\",\"@id\":\"https:\/\/www.africa-press.net\/burkina-faso\/politique\/burkina-faso-le-pnud-offre-du-materiel-et-des-equipements-au-ministere-de-la-justice#breadcrumb\",\"itemListElement\":[{\"@type\":\"ListItem\",\"position\":1,\"name\":\"Accueil\",\"item\":\"https:\/\/www.africa-press.net\/burkina-faso\/\"},{\"@type\":\"ListItem\",\"position\":2,\"name\":\"Le PNUD offre du mat\u00e9riel et des \u00e9quipements au minist\u00e8re de la Justice\"}]},{\"@type\":\"WebSite\",\"@id\":\"https:\/\/www.africa-press.net\/burkina-faso\/#website\",\"url\":\"https:\/\/www.africa-press.net\/burkina-faso\/\",\"name\":\"Burkina Faso\",\"description\":\"Just another Africa News Agency Sites site\",\"potentialAction\":[{\"@type\":\"SearchAction\",\"target\":{\"@type\":\"EntryPoint\",\"urlTemplate\":\"https:\/\/www.africa-press.net\/burkina-faso\/?s={search_term_string}\"},\"query-input\":{\"@type\":\"PropertyValueSpecification\",\"valueRequired\":true,\"valueName\":\"search_term_string\"}}],\"inLanguage\":\"fr-FR\"},{\"@type\":\"Person\",\"@id\":\"https:\/\/www.africa-press.net\/burkina-faso\/#\/schema\/person\/2b1cf3cd81a31e3cd26889ca66d677f1\",\"name\":\"cfeditorfr\"}]}<\/script>\n<!-- \/ Yoast SEO Premium plugin. -->","yoast_head_json":{"title":"Le PNUD offre du mat\u00e9riel et des \u00e9quipements au minist\u00e8re de la Justice - Burkina Faso","description":"Le Programme des Nations-unies pour le d\u00e9veloppement (PNUD) a offert, ce 13 avril 2021, du mat\u00e9riel et des \u00e9quipement ...","robots":{"index":"index","follow":"follow","max-snippet":"max-snippet:-1","max-image-preview":"max-image-preview:large","max-video-preview":"max-video-preview:-1"},"canonical":"https:\/\/www.africa-press.net\/burkina-faso\/politique\/burkina-faso-le-pnud-offre-du-materiel-et-des-equipements-au-ministere-de-la-justice","og_locale":"fr_FR","og_type":"article","og_title":"Le PNUD offre du mat\u00e9riel et des \u00e9quipements au minist\u00e8re de la Justice","og_description":"Le Programme des Nations-unies pour le d\u00e9veloppement (PNUD) a offert, ce 13 avril 2021, du mat\u00e9riel et des \u00e9quipement ...","og_url":"https:\/\/www.africa-press.net\/burkina-faso\/politique\/burkina-faso-le-pnud-offre-du-materiel-et-des-equipements-au-ministere-de-la-justice","og_site_name":"Burkina Faso","article_published_time":"2021-04-14T13:31:17+00:00","article_modified_time":"2021-04-14T14:58:06+00:00","og_image":[{"width":720,"height":405,"url":"https:\/\/static.africa-press.net\/burkina\/sites\/42\/2021\/04\/img-6076ecb43907f.jpg","type":"image\/jpeg"}],"author":"cfeditorfr","twitter_card":"summary_large_image","twitter_misc":{"\u00c9crit par":"cfeditorfr","Dur\u00e9e de lecture estim\u00e9e":"4 minutes"},"schema":{"@context":"https:\/\/schema.org","@graph":[{"@type":"Article","@id":"https:\/\/www.africa-press.net\/burkina-faso\/politique\/burkina-faso-le-pnud-offre-du-materiel-et-des-equipements-au-ministere-de-la-justice#article","isPartOf":{"@id":"https:\/\/www.africa-press.net\/burkina-faso\/politique\/burkina-faso-le-pnud-offre-du-materiel-et-des-equipements-au-ministere-de-la-justice"},"author":{"name":"cfeditorfr","@id":"https:\/\/www.africa-press.net\/burkina-faso\/#\/schema\/person\/2b1cf3cd81a31e3cd26889ca66d677f1"},"headline":"Le PNUD offre du mat\u00e9riel et des \u00e9quipements au minist\u00e8re de la Justice","datePublished":"2021-04-14T13:31:17+00:00","dateModified":"2021-04-14T14:58:06+00:00","mainEntityOfPage":{"@id":"https:\/\/www.africa-press.net\/burkina-faso\/politique\/burkina-faso-le-pnud-offre-du-materiel-et-des-equipements-au-ministere-de-la-justice"},"wordCount":772,"commentCount":0,"image":{"@id":"https:\/\/www.africa-press.net\/burkina-faso\/politique\/burkina-faso-le-pnud-offre-du-materiel-et-des-equipements-au-ministere-de-la-justice#primaryimage"},"thumbnailUrl":"https:\/\/static.africa-press.net\/burkina\/sites\/42\/2021\/04\/img-6076ecb43907f.jpg","keywords":["Africa Press","Africa Press-Burkina Faso","Burkina Faso"],"articleSection":["homepage-french","Politique","Toutes les actualit\u00e9s"],"inLanguage":"fr-FR","potentialAction":[{"@type":"CommentAction","name":"Comment","target":["https:\/\/www.africa-press.net\/burkina-faso\/politique\/burkina-faso-le-pnud-offre-du-materiel-et-des-equipements-au-ministere-de-la-justice#respond"]}]},{"@type":"WebPage","@id":"https:\/\/www.africa-press.net\/burkina-faso\/politique\/burkina-faso-le-pnud-offre-du-materiel-et-des-equipements-au-ministere-de-la-justice","url":"https:\/\/www.africa-press.net\/burkina-faso\/politique\/burkina-faso-le-pnud-offre-du-materiel-et-des-equipements-au-ministere-de-la-justice","name":"Le PNUD offre du mat\u00e9riel et des \u00e9quipements au minist\u00e8re de la Justice - Burkina Faso","isPartOf":{"@id":"https:\/\/www.africa-press.net\/burkina-faso\/#website"},"primaryImageOfPage":{"@id":"https:\/\/www.africa-press.net\/burkina-faso\/politique\/burkina-faso-le-pnud-offre-du-materiel-et-des-equipements-au-ministere-de-la-justice#primaryimage"},"image":{"@id":"https:\/\/www.africa-press.net\/burkina-faso\/politique\/burkina-faso-le-pnud-offre-du-materiel-et-des-equipements-au-ministere-de-la-justice#primaryimage"},"thumbnailUrl":"https:\/\/static.africa-press.net\/burkina\/sites\/42\/2021\/04\/img-6076ecb43907f.jpg","datePublished":"2021-04-14T13:31:17+00:00","dateModified":"2021-04-14T14:58:06+00:00","author":{"@id":"https:\/\/www.africa-press.net\/burkina-faso\/#\/schema\/person\/2b1cf3cd81a31e3cd26889ca66d677f1"},"description":"Le Programme des Nations-unies pour le d\u00e9veloppement (PNUD) a offert, ce 13 avril 2021, du mat\u00e9riel et des \u00e9quipement ...","breadcrumb":{"@id":"https:\/\/www.africa-press.net\/burkina-faso\/politique\/burkina-faso-le-pnud-offre-du-materiel-et-des-equipements-au-ministere-de-la-justice#breadcrumb"},"inLanguage":"fr-FR","potentialAction":[{"@type":"ReadAction","target":["https:\/\/www.africa-press.net\/burkina-faso\/politique\/burkina-faso-le-pnud-offre-du-materiel-et-des-equipements-au-ministere-de-la-justice"]}]},{"@type":"ImageObject","inLanguage":"fr-FR","@id":"https:\/\/www.africa-press.net\/burkina-faso\/politique\/burkina-faso-le-pnud-offre-du-materiel-et-des-equipements-au-ministere-de-la-justice#primaryimage","url":"https:\/\/static.africa-press.net\/burkina\/sites\/42\/2021\/04\/img-6076ecb43907f.jpg","contentUrl":"https:\/\/static.africa-press.net\/burkina\/sites\/42\/2021\/04\/img-6076ecb43907f.jpg","width":720,"height":405,"caption":"Burkina Faso : Le PNUD offre du mat\u00e9riel et des \u00e9quipements au minist\u00e8re de la Justice"},{"@type":"BreadcrumbList","@id":"https:\/\/www.africa-press.net\/burkina-faso\/politique\/burkina-faso-le-pnud-offre-du-materiel-et-des-equipements-au-ministere-de-la-justice#breadcrumb","itemListElement":[{"@type":"ListItem","position":1,"name":"Accueil","item":"https:\/\/www.africa-press.net\/burkina-faso\/"},{"@type":"ListItem","position":2,"name":"Le PNUD offre du mat\u00e9riel et des \u00e9quipements au minist\u00e8re de la Justice"}]},{"@type":"WebSite","@id":"https:\/\/www.africa-press.net\/burkina-faso\/#website","url":"https:\/\/www.africa-press.net\/burkina-faso\/","name":"Burkina Faso","description":"Just another Africa News Agency Sites site","potentialAction":[{"@type":"SearchAction","target":{"@type":"EntryPoint","urlTemplate":"https:\/\/www.africa-press.net\/burkina-faso\/?s={search_term_string}"},"query-input":{"@type":"PropertyValueSpecification","valueRequired":true,"valueName":"search_term_string"}}],"inLanguage":"fr-FR"},{"@type":"Person","@id":"https:\/\/www.africa-press.net\/burkina-faso\/#\/schema\/person\/2b1cf3cd81a31e3cd26889ca66d677f1","name":"cfeditorfr"}]}},"_links":{"self":[{"href":"https:\/\/www.africa-press.net\/burkina-faso\/wp-json\/wp\/v2\/posts\/9898","targetHints":{"allow":["GET"]}}],"collection":[{"href":"https:\/\/www.africa-press.net\/burkina-faso\/wp-json\/wp\/v2\/posts"}],"about":[{"href":"https:\/\/www.africa-press.net\/burkina-faso\/wp-json\/wp\/v2\/types\/post"}],"author":[{"embeddable":true,"href":"https:\/\/www.africa-press.net\/burkina-faso\/wp-json\/wp\/v2\/users\/82"}],"replies":[{"embeddable":true,"href":"https:\/\/www.africa-press.net\/burkina-faso\/wp-json\/wp\/v2\/comments?post=9898"}],"version-history":[{"count":0,"href":"https:\/\/www.africa-press.net\/burkina-faso\/wp-json\/wp\/v2\/posts\/9898\/revisions"}],"wp:featuredmedia":[{"embeddable":true,"href":"https:\/\/www.africa-press.net\/burkina-faso\/wp-json\/wp\/v2\/media\/9897"}],"wp:attachment":[{"href":"https:\/\/www.africa-press.net\/burkina-faso\/wp-json\/wp\/v2\/media?parent=9898"}],"wp:term":[{"taxonomy":"category","embeddable":true,"href":"https:\/\/www.africa-press.net\/burkina-faso\/wp-json\/wp\/v2\/categories?post=9898"},{"taxonomy":"post_tag","embeddable":true,"href":"https:\/\/www.africa-press.net\/burkina-faso\/wp-json\/wp\/v2\/tags?post=9898"}],"curies":[{"name":"wp","href":"https:\/\/api.w.org\/{rel}","templated":true}]}}