{"id":9901,"date":"2021-04-14T13:43:04","date_gmt":"2021-04-14T13:43:04","guid":{"rendered":"https:\/\/www.africa-press.net\/burkina-faso\/?p=9901"},"modified":"2021-04-14T14:58:13","modified_gmt":"2021-04-14T14:58:13","slug":"degradation-des-ecosystemes-en-afrique-centrale-et-occidentale-les-acteurs-en-conclave-a-koudougou","status":"publish","type":"post","link":"https:\/\/www.africa-press.net\/burkina-faso\/toutes-les-actualites\/degradation-des-ecosystemes-en-afrique-centrale-et-occidentale-les-acteurs-en-conclave-a-koudougou","title":{"rendered":"D\u00e9gradation des \u00e9cosyst\u00e8mes en Afrique Centrale et Occidentale\u00a0: Les acteurs en conclave \u00e0 Koudougou"},"content":{"rendered":"<p><span style=\"color: #ff6600\"><strong><a href=\"https:\/\/www.africa-press.net\/\">Africa-Press<\/a> &#8211; <a href=\"https:\/\/www.africa-press.net\/burkina-faso\">Burkina Faso<\/a>. <\/strong><\/span>Pour une meilleure gestion des \u00e9cosyst\u00e8mes, l\u2019Union internationale pour la conservation de la nature (UICN) et ses partenaires d\u2019Afrique Centrale et Occidentale organisent une formation du 13 au 15 avril 2021 \u00e0 Koudougou. Il s\u2019agit d\u2019une formation sur les risques li\u00e9s aux changements climatiques et autres facteurs de d\u00e9gradation pour une gestion int\u00e9gr\u00e9e des \u00e9cosyst\u00e8mes dans les sous bassins du Lac Tchad, de la Volta, du Mono, du Niger, du S\u00e9n\u00e9gal et du massif du Fouta Djalon.<\/p>\n<p>En Afrique Centrale et Occidentale, les \u00e9cosyst\u00e8mes naturels et leurs ressources connaissent une d\u00e9gradation continue et aggrav\u00e9e par les impacts n\u00e9gatifs des actions anthropiques et du changement climatique. Cette situation est pr\u00e9judiciable aux biens et services que procurent ces \u00e9cosyst\u00e8mes aux populations. Pour endiguer ce ph\u00e9nom\u00e8ne, les pays, les organismes de bassin et les institutions r\u00e9gionales d\u2019int\u00e9gration d\u00e9veloppent des initiatives, mais leurs impacts restent encore insuffisants au regard des enjeux.<\/p>\n<p>Face \u00e0 ce constat, l\u2019Union internationale pour la conservation de la nature (UICN) et ses partenaires d\u2019Afrique Centrale et Occidentale ont men\u00e9 une r\u00e9flexion qui a abouti \u00e0 l\u2019identification d\u2019un projet intitul\u00e9 Partenariat r\u00e9gional sur l\u2019eau et l\u2019environnement en Afrique Centrale et Occidentale (PREE).<\/p>\n<p>Ce projet r\u00e9gional vise \u00e0 renforcer la r\u00e9silience des \u00e9cosyst\u00e8mes naturels et des communaut\u00e9s locales dans les bassins fluviaux et lacustres d\u2019Afrique Occidentale et Centrale.<\/p>\n<p>Dans le cadre du renforcement des capacit\u00e9s des institutions r\u00e9gionales, l\u2019Union internationale pour la conservation de la nature (UICN) en collaboration avec WASCAL organise une formation au profit des diff\u00e9rents acteurs impliqu\u00e9s dans la gestion des sous bassins, ainsi que le Massif du Fouta Djalon sur les risques li\u00e9s aux changements climatiques et autres facteurs de d\u00e9gradation pour une gestion int\u00e9gr\u00e9e des \u00e9cosyst\u00e8mes des zones concern\u00e9es.<\/p>\n<p>L\u2019objectif g\u00e9n\u00e9ral de cette rencontre est d\u2019am\u00e9liorer les connaissances et les comp\u00e9tences des parties prenantes sur les th\u00e9matiques li\u00e9es \u00e0 l\u2019eau, aux facteurs de d\u00e9gradation des \u00e9cosyst\u00e8mes et au changement climatique.<\/p>\n<p>Le coordonnateur du PREE, Ludovic Tapsoba, a pr\u00e9cis\u00e9 que l\u2019objectif de cette rencontre est de faire l\u2019\u00e9tat des lieux de la d\u00e9gradation des \u00e9cosyst\u00e8mes des bassins concern\u00e9s par le projet afin de proposer des actions pour l\u2019endiguer.<\/p>\n<p>\u00ab La gestion int\u00e9gr\u00e9e des \u00e9cosyst\u00e8mes est un volet important du d\u00e9veloppement durable de nos pays. La gestion concert\u00e9e des ressources naturelles passe par la concertation des acteurs eux-m\u00eames. C\u2019est dans cette dynamique que l\u2019UICN, a initi\u00e9 cette formation des parties prenantes sur des th\u00e9matiques li\u00e9es \u00e0 l\u2019eau, aux facteurs de d\u00e9gradations des \u00e9cosyst\u00e8mes et au changement climatique \u00bb, a-t-il expliqu\u00e9.<\/p>\n<p>Egalement, il a soulign\u00e9 qu\u2019il s\u2019agit de partager des informations et de proposer des axes de d\u00e9veloppement pour une gestion int\u00e9gr\u00e9e des \u00e9cosyst\u00e8mes.<\/p>\n<p>Pr Kehinde Ogunjobi, directeur de recherche \u00e0 WASCAL, a fait savoir que cette rencontre permettra de connaitre le potentiel r\u00e9el des \u00e9cosyst\u00e8mes couvert par le PREE dans l\u2019optique de d\u00e9terminer un plan de gestion commun.<\/p>\n<p>En rappel, l\u2019UICN est une union de membres compos\u00e9e de gouvernement et d\u2019organisations de la soci\u00e9t\u00e9 civile. Cr\u00e9\u00e9e en 1948, L\u2019UICN intervient au Burkina Faso depuis plus de 30 ans Jules C\u00e9sar KABORE<\/p>\n","protected":false},"excerpt":{"rendered":"<p>Africa-Press &#8211; Burkina Faso. Pour une meilleure gestion des \u00e9cosyst\u00e8mes, l\u2019Union internationale pour la conservation de la nature (UICN) et ses partenaires d\u2019Afrique Centrale et Occidentale organisent une formation du 13 au 15 avril 2021 \u00e0 Koudougou. Il s\u2019agit d\u2019une formation sur les risques li\u00e9s aux changements climatiques et autres facteurs de d\u00e9gradation pour une [&hellip;]<\/p>\n","protected":false},"author":82,"featured_media":9900,"comment_status":"open","ping_status":"closed","sticky":false,"template":"","format":"standard","meta":{"footnotes":""},"categories":[21,11,10],"tags":[111,725,29],"class_list":["post-9901","post","type-post","status-publish","format-standard","has-post-thumbnail","hentry","category-communaute","category-homepage-french","category-toutes-les-actualites","tag-africa-press","tag-africa-press-burkina-faso","tag-burkina-faso"],"yoast_head":"<!-- This site is optimized with the Yoast SEO Premium plugin v26.1 (Yoast SEO v27.0) - https:\/\/yoast.com\/product\/yoast-seo-premium-wordpress\/ -->\n<title>D\u00e9gradation des \u00e9cosyst\u00e8mes en Afrique Centrale et Occidentale\u00a0: Les acteurs en conclave \u00e0 Koudougou - Burkina Faso<\/title>\n<meta name=\"description\" content=\"Pour une meilleure gestion des \u00e9cosyst\u00e8mes, l\u2019Union internationale pour la conservation de la nature (UICN) et ses parte ...\" \/>\n<meta name=\"robots\" content=\"index, follow, max-snippet:-1, max-image-preview:large, max-video-preview:-1\" \/>\n<link rel=\"canonical\" href=\"https:\/\/www.africa-press.net\/burkina-faso\/toutes-les-actualites\/degradation-des-ecosystemes-en-afrique-centrale-et-occidentale-les-acteurs-en-conclave-a-koudougou\" \/>\n<meta property=\"og:locale\" content=\"fr_FR\" \/>\n<meta property=\"og:type\" content=\"article\" \/>\n<meta property=\"og:title\" content=\"D\u00e9gradation des \u00e9cosyst\u00e8mes en Afrique Centrale et Occidentale\u00a0: Les acteurs en conclave \u00e0 Koudougou\" \/>\n<meta property=\"og:description\" content=\"Pour une meilleure gestion des \u00e9cosyst\u00e8mes, l\u2019Union internationale pour la conservation de la nature (UICN) et ses parte ...\" \/>\n<meta property=\"og:url\" content=\"https:\/\/www.africa-press.net\/burkina-faso\/toutes-les-actualites\/degradation-des-ecosystemes-en-afrique-centrale-et-occidentale-les-acteurs-en-conclave-a-koudougou\" \/>\n<meta property=\"og:site_name\" content=\"Burkina Faso\" \/>\n<meta property=\"article:published_time\" content=\"2021-04-14T13:43:04+00:00\" \/>\n<meta property=\"article:modified_time\" content=\"2021-04-14T14:58:13+00:00\" \/>\n<meta property=\"og:image\" content=\"https:\/\/static.africa-press.net\/burkina\/sites\/42\/2021\/04\/img-6076ece3631b3.jpg\" \/>\n\t<meta property=\"og:image:width\" content=\"750\" \/>\n\t<meta property=\"og:image:height\" content=\"338\" \/>\n\t<meta property=\"og:image:type\" content=\"image\/jpeg\" \/>\n<meta name=\"author\" content=\"cfeditorfr\" \/>\n<meta name=\"twitter:card\" content=\"summary_large_image\" \/>\n<meta name=\"twitter:label1\" content=\"\u00c9crit par\" \/>\n\t<meta name=\"twitter:data1\" content=\"cfeditorfr\" \/>\n\t<meta name=\"twitter:label2\" content=\"Dur\u00e9e de lecture estim\u00e9e\" \/>\n\t<meta name=\"twitter:data2\" content=\"3 minutes\" \/>\n<script type=\"application\/ld+json\" class=\"yoast-schema-graph\">{\"@context\":\"https:\/\/schema.org\",\"@graph\":[{\"@type\":\"Article\",\"@id\":\"https:\/\/www.africa-press.net\/burkina-faso\/toutes-les-actualites\/degradation-des-ecosystemes-en-afrique-centrale-et-occidentale-les-acteurs-en-conclave-a-koudougou#article\",\"isPartOf\":{\"@id\":\"https:\/\/www.africa-press.net\/burkina-faso\/toutes-les-actualites\/degradation-des-ecosystemes-en-afrique-centrale-et-occidentale-les-acteurs-en-conclave-a-koudougou\"},\"author\":{\"name\":\"cfeditorfr\",\"@id\":\"https:\/\/www.africa-press.net\/burkina-faso\/#\/schema\/person\/2b1cf3cd81a31e3cd26889ca66d677f1\"},\"headline\":\"D\u00e9gradation des \u00e9cosyst\u00e8mes en Afrique Centrale et Occidentale\u00a0: Les acteurs en conclave \u00e0 Koudougou\",\"datePublished\":\"2021-04-14T13:43:04+00:00\",\"dateModified\":\"2021-04-14T14:58:13+00:00\",\"mainEntityOfPage\":{\"@id\":\"https:\/\/www.africa-press.net\/burkina-faso\/toutes-les-actualites\/degradation-des-ecosystemes-en-afrique-centrale-et-occidentale-les-acteurs-en-conclave-a-koudougou\"},\"wordCount\":603,\"commentCount\":0,\"image\":{\"@id\":\"https:\/\/www.africa-press.net\/burkina-faso\/toutes-les-actualites\/degradation-des-ecosystemes-en-afrique-centrale-et-occidentale-les-acteurs-en-conclave-a-koudougou#primaryimage\"},\"thumbnailUrl\":\"https:\/\/static.africa-press.net\/burkina\/sites\/42\/2021\/04\/img-6076ece3631b3.jpg\",\"keywords\":[\"Africa Press\",\"Africa Press-Burkina Faso\",\"Burkina Faso\"],\"articleSection\":[\"Communaut\u00e9\",\"homepage-french\",\"Toutes les actualit\u00e9s\"],\"inLanguage\":\"fr-FR\",\"potentialAction\":[{\"@type\":\"CommentAction\",\"name\":\"Comment\",\"target\":[\"https:\/\/www.africa-press.net\/burkina-faso\/toutes-les-actualites\/degradation-des-ecosystemes-en-afrique-centrale-et-occidentale-les-acteurs-en-conclave-a-koudougou#respond\"]}]},{\"@type\":\"WebPage\",\"@id\":\"https:\/\/www.africa-press.net\/burkina-faso\/toutes-les-actualites\/degradation-des-ecosystemes-en-afrique-centrale-et-occidentale-les-acteurs-en-conclave-a-koudougou\",\"url\":\"https:\/\/www.africa-press.net\/burkina-faso\/toutes-les-actualites\/degradation-des-ecosystemes-en-afrique-centrale-et-occidentale-les-acteurs-en-conclave-a-koudougou\",\"name\":\"D\u00e9gradation des \u00e9cosyst\u00e8mes en Afrique Centrale et Occidentale\u00a0: Les acteurs en conclave \u00e0 Koudougou - Burkina Faso\",\"isPartOf\":{\"@id\":\"https:\/\/www.africa-press.net\/burkina-faso\/#website\"},\"primaryImageOfPage\":{\"@id\":\"https:\/\/www.africa-press.net\/burkina-faso\/toutes-les-actualites\/degradation-des-ecosystemes-en-afrique-centrale-et-occidentale-les-acteurs-en-conclave-a-koudougou#primaryimage\"},\"image\":{\"@id\":\"https:\/\/www.africa-press.net\/burkina-faso\/toutes-les-actualites\/degradation-des-ecosystemes-en-afrique-centrale-et-occidentale-les-acteurs-en-conclave-a-koudougou#primaryimage\"},\"thumbnailUrl\":\"https:\/\/static.africa-press.net\/burkina\/sites\/42\/2021\/04\/img-6076ece3631b3.jpg\",\"datePublished\":\"2021-04-14T13:43:04+00:00\",\"dateModified\":\"2021-04-14T14:58:13+00:00\",\"author\":{\"@id\":\"https:\/\/www.africa-press.net\/burkina-faso\/#\/schema\/person\/2b1cf3cd81a31e3cd26889ca66d677f1\"},\"description\":\"Pour une meilleure gestion des \u00e9cosyst\u00e8mes, l\u2019Union internationale pour la conservation de la nature (UICN) et ses parte ...\",\"breadcrumb\":{\"@id\":\"https:\/\/www.africa-press.net\/burkina-faso\/toutes-les-actualites\/degradation-des-ecosystemes-en-afrique-centrale-et-occidentale-les-acteurs-en-conclave-a-koudougou#breadcrumb\"},\"inLanguage\":\"fr-FR\",\"potentialAction\":[{\"@type\":\"ReadAction\",\"target\":[\"https:\/\/www.africa-press.net\/burkina-faso\/toutes-les-actualites\/degradation-des-ecosystemes-en-afrique-centrale-et-occidentale-les-acteurs-en-conclave-a-koudougou\"]}]},{\"@type\":\"ImageObject\",\"inLanguage\":\"fr-FR\",\"@id\":\"https:\/\/www.africa-press.net\/burkina-faso\/toutes-les-actualites\/degradation-des-ecosystemes-en-afrique-centrale-et-occidentale-les-acteurs-en-conclave-a-koudougou#primaryimage\",\"url\":\"https:\/\/static.africa-press.net\/burkina\/sites\/42\/2021\/04\/img-6076ece3631b3.jpg\",\"contentUrl\":\"https:\/\/static.africa-press.net\/burkina\/sites\/42\/2021\/04\/img-6076ece3631b3.jpg\",\"width\":750,\"height\":338,\"caption\":\"D\u00e9gradation des \u00e9cosyst\u00e8mes en Afrique Centrale et Occidentale\u00a0: Les acteurs en conclave \u00e0 Koudougou\"},{\"@type\":\"BreadcrumbList\",\"@id\":\"https:\/\/www.africa-press.net\/burkina-faso\/toutes-les-actualites\/degradation-des-ecosystemes-en-afrique-centrale-et-occidentale-les-acteurs-en-conclave-a-koudougou#breadcrumb\",\"itemListElement\":[{\"@type\":\"ListItem\",\"position\":1,\"name\":\"Accueil\",\"item\":\"https:\/\/www.africa-press.net\/burkina-faso\/\"},{\"@type\":\"ListItem\",\"position\":2,\"name\":\"D\u00e9gradation des \u00e9cosyst\u00e8mes en Afrique Centrale et Occidentale\u00a0: Les acteurs en conclave \u00e0 Koudougou\"}]},{\"@type\":\"WebSite\",\"@id\":\"https:\/\/www.africa-press.net\/burkina-faso\/#website\",\"url\":\"https:\/\/www.africa-press.net\/burkina-faso\/\",\"name\":\"Burkina Faso\",\"description\":\"Just another Africa News Agency Sites site\",\"potentialAction\":[{\"@type\":\"SearchAction\",\"target\":{\"@type\":\"EntryPoint\",\"urlTemplate\":\"https:\/\/www.africa-press.net\/burkina-faso\/?s={search_term_string}\"},\"query-input\":{\"@type\":\"PropertyValueSpecification\",\"valueRequired\":true,\"valueName\":\"search_term_string\"}}],\"inLanguage\":\"fr-FR\"},{\"@type\":\"Person\",\"@id\":\"https:\/\/www.africa-press.net\/burkina-faso\/#\/schema\/person\/2b1cf3cd81a31e3cd26889ca66d677f1\",\"name\":\"cfeditorfr\"}]}<\/script>\n<!-- \/ Yoast SEO Premium plugin. -->","yoast_head_json":{"title":"D\u00e9gradation des \u00e9cosyst\u00e8mes en Afrique Centrale et Occidentale\u00a0: Les acteurs en conclave \u00e0 Koudougou - Burkina Faso","description":"Pour une meilleure gestion des \u00e9cosyst\u00e8mes, l\u2019Union internationale pour la conservation de la nature (UICN) et ses parte ...","robots":{"index":"index","follow":"follow","max-snippet":"max-snippet:-1","max-image-preview":"max-image-preview:large","max-video-preview":"max-video-preview:-1"},"canonical":"https:\/\/www.africa-press.net\/burkina-faso\/toutes-les-actualites\/degradation-des-ecosystemes-en-afrique-centrale-et-occidentale-les-acteurs-en-conclave-a-koudougou","og_locale":"fr_FR","og_type":"article","og_title":"D\u00e9gradation des \u00e9cosyst\u00e8mes en Afrique Centrale et Occidentale\u00a0: Les acteurs en conclave \u00e0 Koudougou","og_description":"Pour une meilleure gestion des \u00e9cosyst\u00e8mes, l\u2019Union internationale pour la conservation de la nature (UICN) et ses parte ...","og_url":"https:\/\/www.africa-press.net\/burkina-faso\/toutes-les-actualites\/degradation-des-ecosystemes-en-afrique-centrale-et-occidentale-les-acteurs-en-conclave-a-koudougou","og_site_name":"Burkina Faso","article_published_time":"2021-04-14T13:43:04+00:00","article_modified_time":"2021-04-14T14:58:13+00:00","og_image":[{"width":750,"height":338,"url":"https:\/\/static.africa-press.net\/burkina\/sites\/42\/2021\/04\/img-6076ece3631b3.jpg","type":"image\/jpeg"}],"author":"cfeditorfr","twitter_card":"summary_large_image","twitter_misc":{"\u00c9crit par":"cfeditorfr","Dur\u00e9e de lecture estim\u00e9e":"3 minutes"},"schema":{"@context":"https:\/\/schema.org","@graph":[{"@type":"Article","@id":"https:\/\/www.africa-press.net\/burkina-faso\/toutes-les-actualites\/degradation-des-ecosystemes-en-afrique-centrale-et-occidentale-les-acteurs-en-conclave-a-koudougou#article","isPartOf":{"@id":"https:\/\/www.africa-press.net\/burkina-faso\/toutes-les-actualites\/degradation-des-ecosystemes-en-afrique-centrale-et-occidentale-les-acteurs-en-conclave-a-koudougou"},"author":{"name":"cfeditorfr","@id":"https:\/\/www.africa-press.net\/burkina-faso\/#\/schema\/person\/2b1cf3cd81a31e3cd26889ca66d677f1"},"headline":"D\u00e9gradation des \u00e9cosyst\u00e8mes en Afrique Centrale et Occidentale\u00a0: Les acteurs en conclave \u00e0 Koudougou","datePublished":"2021-04-14T13:43:04+00:00","dateModified":"2021-04-14T14:58:13+00:00","mainEntityOfPage":{"@id":"https:\/\/www.africa-press.net\/burkina-faso\/toutes-les-actualites\/degradation-des-ecosystemes-en-afrique-centrale-et-occidentale-les-acteurs-en-conclave-a-koudougou"},"wordCount":603,"commentCount":0,"image":{"@id":"https:\/\/www.africa-press.net\/burkina-faso\/toutes-les-actualites\/degradation-des-ecosystemes-en-afrique-centrale-et-occidentale-les-acteurs-en-conclave-a-koudougou#primaryimage"},"thumbnailUrl":"https:\/\/static.africa-press.net\/burkina\/sites\/42\/2021\/04\/img-6076ece3631b3.jpg","keywords":["Africa Press","Africa Press-Burkina Faso","Burkina Faso"],"articleSection":["Communaut\u00e9","homepage-french","Toutes les actualit\u00e9s"],"inLanguage":"fr-FR","potentialAction":[{"@type":"CommentAction","name":"Comment","target":["https:\/\/www.africa-press.net\/burkina-faso\/toutes-les-actualites\/degradation-des-ecosystemes-en-afrique-centrale-et-occidentale-les-acteurs-en-conclave-a-koudougou#respond"]}]},{"@type":"WebPage","@id":"https:\/\/www.africa-press.net\/burkina-faso\/toutes-les-actualites\/degradation-des-ecosystemes-en-afrique-centrale-et-occidentale-les-acteurs-en-conclave-a-koudougou","url":"https:\/\/www.africa-press.net\/burkina-faso\/toutes-les-actualites\/degradation-des-ecosystemes-en-afrique-centrale-et-occidentale-les-acteurs-en-conclave-a-koudougou","name":"D\u00e9gradation des \u00e9cosyst\u00e8mes en Afrique Centrale et Occidentale\u00a0: Les acteurs en conclave \u00e0 Koudougou - Burkina Faso","isPartOf":{"@id":"https:\/\/www.africa-press.net\/burkina-faso\/#website"},"primaryImageOfPage":{"@id":"https:\/\/www.africa-press.net\/burkina-faso\/toutes-les-actualites\/degradation-des-ecosystemes-en-afrique-centrale-et-occidentale-les-acteurs-en-conclave-a-koudougou#primaryimage"},"image":{"@id":"https:\/\/www.africa-press.net\/burkina-faso\/toutes-les-actualites\/degradation-des-ecosystemes-en-afrique-centrale-et-occidentale-les-acteurs-en-conclave-a-koudougou#primaryimage"},"thumbnailUrl":"https:\/\/static.africa-press.net\/burkina\/sites\/42\/2021\/04\/img-6076ece3631b3.jpg","datePublished":"2021-04-14T13:43:04+00:00","dateModified":"2021-04-14T14:58:13+00:00","author":{"@id":"https:\/\/www.africa-press.net\/burkina-faso\/#\/schema\/person\/2b1cf3cd81a31e3cd26889ca66d677f1"},"description":"Pour une meilleure gestion des \u00e9cosyst\u00e8mes, l\u2019Union internationale pour la conservation de la nature (UICN) et ses parte ...","breadcrumb":{"@id":"https:\/\/www.africa-press.net\/burkina-faso\/toutes-les-actualites\/degradation-des-ecosystemes-en-afrique-centrale-et-occidentale-les-acteurs-en-conclave-a-koudougou#breadcrumb"},"inLanguage":"fr-FR","potentialAction":[{"@type":"ReadAction","target":["https:\/\/www.africa-press.net\/burkina-faso\/toutes-les-actualites\/degradation-des-ecosystemes-en-afrique-centrale-et-occidentale-les-acteurs-en-conclave-a-koudougou"]}]},{"@type":"ImageObject","inLanguage":"fr-FR","@id":"https:\/\/www.africa-press.net\/burkina-faso\/toutes-les-actualites\/degradation-des-ecosystemes-en-afrique-centrale-et-occidentale-les-acteurs-en-conclave-a-koudougou#primaryimage","url":"https:\/\/static.africa-press.net\/burkina\/sites\/42\/2021\/04\/img-6076ece3631b3.jpg","contentUrl":"https:\/\/static.africa-press.net\/burkina\/sites\/42\/2021\/04\/img-6076ece3631b3.jpg","width":750,"height":338,"caption":"D\u00e9gradation des \u00e9cosyst\u00e8mes en Afrique Centrale et Occidentale\u00a0: Les acteurs en conclave \u00e0 Koudougou"},{"@type":"BreadcrumbList","@id":"https:\/\/www.africa-press.net\/burkina-faso\/toutes-les-actualites\/degradation-des-ecosystemes-en-afrique-centrale-et-occidentale-les-acteurs-en-conclave-a-koudougou#breadcrumb","itemListElement":[{"@type":"ListItem","position":1,"name":"Accueil","item":"https:\/\/www.africa-press.net\/burkina-faso\/"},{"@type":"ListItem","position":2,"name":"D\u00e9gradation des \u00e9cosyst\u00e8mes en Afrique Centrale et Occidentale\u00a0: Les acteurs en conclave \u00e0 Koudougou"}]},{"@type":"WebSite","@id":"https:\/\/www.africa-press.net\/burkina-faso\/#website","url":"https:\/\/www.africa-press.net\/burkina-faso\/","name":"Burkina Faso","description":"Just another Africa News Agency Sites site","potentialAction":[{"@type":"SearchAction","target":{"@type":"EntryPoint","urlTemplate":"https:\/\/www.africa-press.net\/burkina-faso\/?s={search_term_string}"},"query-input":{"@type":"PropertyValueSpecification","valueRequired":true,"valueName":"search_term_string"}}],"inLanguage":"fr-FR"},{"@type":"Person","@id":"https:\/\/www.africa-press.net\/burkina-faso\/#\/schema\/person\/2b1cf3cd81a31e3cd26889ca66d677f1","name":"cfeditorfr"}]}},"_links":{"self":[{"href":"https:\/\/www.africa-press.net\/burkina-faso\/wp-json\/wp\/v2\/posts\/9901","targetHints":{"allow":["GET"]}}],"collection":[{"href":"https:\/\/www.africa-press.net\/burkina-faso\/wp-json\/wp\/v2\/posts"}],"about":[{"href":"https:\/\/www.africa-press.net\/burkina-faso\/wp-json\/wp\/v2\/types\/post"}],"author":[{"embeddable":true,"href":"https:\/\/www.africa-press.net\/burkina-faso\/wp-json\/wp\/v2\/users\/82"}],"replies":[{"embeddable":true,"href":"https:\/\/www.africa-press.net\/burkina-faso\/wp-json\/wp\/v2\/comments?post=9901"}],"version-history":[{"count":0,"href":"https:\/\/www.africa-press.net\/burkina-faso\/wp-json\/wp\/v2\/posts\/9901\/revisions"}],"wp:featuredmedia":[{"embeddable":true,"href":"https:\/\/www.africa-press.net\/burkina-faso\/wp-json\/wp\/v2\/media\/9900"}],"wp:attachment":[{"href":"https:\/\/www.africa-press.net\/burkina-faso\/wp-json\/wp\/v2\/media?parent=9901"}],"wp:term":[{"taxonomy":"category","embeddable":true,"href":"https:\/\/www.africa-press.net\/burkina-faso\/wp-json\/wp\/v2\/categories?post=9901"},{"taxonomy":"post_tag","embeddable":true,"href":"https:\/\/www.africa-press.net\/burkina-faso\/wp-json\/wp\/v2\/tags?post=9901"}],"curies":[{"name":"wp","href":"https:\/\/api.w.org\/{rel}","templated":true}]}}