{"id":9904,"date":"2021-04-14T13:45:52","date_gmt":"2021-04-14T13:45:52","guid":{"rendered":"https:\/\/www.africa-press.net\/burkina-faso\/?p=9904"},"modified":"2021-04-14T14:58:19","modified_gmt":"2021-04-14T14:58:19","slug":"sante-le-rame-conduit-deux-etudes-sur-la-couverture-sanitaire-universelle-au-burkina","status":"publish","type":"post","link":"https:\/\/www.africa-press.net\/burkina-faso\/toutes-les-actualites\/sante-le-rame-conduit-deux-etudes-sur-la-couverture-sanitaire-universelle-au-burkina","title":{"rendered":"Sant\u00e9 : Le RAME conduit deux \u00e9tudes sur la couverture sanitaire universelle au Burkina"},"content":{"rendered":"<p><span style=\"color: #ff6600\"><strong><a href=\"https:\/\/www.africa-press.net\/\">Africa-Press<\/a> &#8211; <a href=\"https:\/\/www.africa-press.net\/burkina-faso\">Burkina Faso<\/a>. <\/strong><\/span><b>Ce mardi 13 avril 2021 s\u2019est tenu, \u00e0 Ouagadougou, un atelier de pr\u00e9sentation des r\u00e9sultats de deux importantes \u00e9tudes sur la couverture sanitaire universelle conduites par le RAME (R\u00e9seau acc\u00e8s aux m\u00e9dicaments essentiels). La c\u00e9r\u00e9monie d\u2019ouverture de l\u2019atelier a \u00e9t\u00e9 pr\u00e9sid\u00e9e par Dr Pierre Yam\u00e9ogo, secr\u00e9taire technique de la couverture sanitaire universelle.<\/b><\/p>\n<p>Le R\u00e9seau acc\u00e8s aux m\u00e9dicaments essentiels (RAME) entend apporter sa contribution \u00e0 la mise en \u0153uvre de la Couverture sanitaire universelle (CSU) au Burkina Faso. Pour ce faire, il met en \u0153uvre, avec l\u2019accompagnement financier de l\u2019USAID via l\u2019ONG am\u00e9ricaine R4D, le projet \u00ab Cr\u00e9ation d\u2019un mouvement social en faveur de la CSU au Burkina Faso \u00bb. C\u2019est dans le cadre de ce projet que le RAME a commandit\u00e9 deux \u00e9tudes : \u00ab L\u2019analyse socio-anthropologique sur la repr\u00e9sentation de la sant\u00e9, les moyens pour la sauvegarder ou la restaurer et la responsabilit\u00e9 des acteurs \u00bb et \u00ab l\u2019Analyse des goulots d\u2019\u00e9tranglement entravant la mise en \u0153uvre efficace de la couverture sant\u00e9 universelle au Burkina Faso \u00bb.<\/p>\n<p>Des consultants ont \u00e9t\u00e9 recrut\u00e9s et ont conduit ces \u00e9tudes dont les r\u00e9sultats seront examin\u00e9s au cours de cet atelier par des acteurs avertis de la question de la couverture sanitaire universelle. L\u2019examen des rapports d\u2019\u00e9tudes devraient \u00e9galement permettre \u00e0 l\u2019ensemble des acteurs de s\u2019approprier les r\u00e9sultats et d\u2019am\u00e9liorer le contenu des analyses conduites.<\/p>\n<p>\u00ab Nous avons initi\u00e9 ces deux \u00e9tudes dans le cadre d\u2019une dynamique de cr\u00e9ation d\u2019un mouvement social en faveur de la CSU parce que nous avons senti \u00e0 un moment qu\u2019il y a d\u2019\u00e9normes probl\u00e8mes rencontr\u00e9s par les populations pour acc\u00e9der aux services de sant\u00e9. Mais les \u00e9volutions en termes de solutions trainent beaucoup. Et nous pensons que c\u2019est parce que les populations ne s\u2019engagent pas assez pour pousser les autorit\u00e9s, ne revendiquent pas que les politiques n\u2019avancent pas suffisamment. Nous nous sommes dit qu\u2019il faut qu\u2019on am\u00e8ne les populations \u00e0 s\u2019impliquer davantage, \u00e0 interroger, \u00e0 interpeller, que ce soit leurs \u00e9lus dans les communes, leurs ministres, leurs d\u00e9put\u00e9s, pour qu\u2019on puisse aller plus vite en termes de r\u00e9solution des probl\u00e8mes de sant\u00e9 \u00bb, explique Simon Kabor\u00e9, directeur ex\u00e9cutif r\u00e9gional du RAME.<\/p>\n<p>Et M. Kabor\u00e9 d\u2019ajouter que pour que l\u2019atteinte de la couverture sanitaire universelle au Burkina Faso passe non seulement par l\u2019engagement politique mais \u00e9galement par l\u2019engagement des communaut\u00e9s. \u00ab C\u2019est pourquoi, il \u00e9tait n\u00e9cessaire de comprendre les repr\u00e9sentations sociales de la sant\u00e9 aupr\u00e8s de nos communaut\u00e9s et d\u00e9terminer les m\u00e9canismes de sauvegarde de la sant\u00e9 \u00e0 travers ces \u00e9tudes \u00bb, a -t-il indiqu\u00e9.<\/p>\n<p>Des propos partag\u00e9s par Dr Pierre Yam\u00e9ogo secr\u00e9taire technique charg\u00e9 de la couverture sanitaire universelle, qui a pr\u00e9sid\u00e9 la c\u00e9r\u00e9monie d\u2019ouverture de l\u2019atelier. \u00ab Nous avons un besoin crucial de l\u2019engagement de tous les acteurs, surtout des communaut\u00e9s locales. En l\u2019occurrence, nous devons travailler main dans la main de telle sorte \u00e0 ce que nous puissions avoir une participation et une implication communautaire dans la mise en \u0153uvre des diff\u00e9rentes activit\u00e9s. C\u2019est en sens que j\u2019ose esp\u00e9rer que le mouvement social en faveur de la CSU initi\u00e9 par l\u2019ONG RAME offrira une grande opportunit\u00e9 pour tous les acteurs de la communaut\u00e9 au Burkina Faso \u00bb, a laiss\u00e9 entendre Dr Yam\u00e9ogo, qui ne manque pas de saluer l\u2019initiative du RAME.<\/p>\n<p>La suite du processus pr\u00e9voit que les r\u00e9sultats des \u00e9tudes conduites par le RAME, permettent de d\u00e9finir des messages cl\u00e9s et des canaux de communication pour mieux r\u00e9ussir la mobilisation communautaire et soutenir la marche du Burkina Faso vers la couverture sanitaire universelle.<\/p>\n<p><b>Justine Bonkoungou<br \/>\n<\/b><\/p>\n","protected":false},"excerpt":{"rendered":"<p>Africa-Press &#8211; Burkina Faso. Ce mardi 13 avril 2021 s\u2019est tenu, \u00e0 Ouagadougou, un atelier de pr\u00e9sentation des r\u00e9sultats de deux importantes \u00e9tudes sur la couverture sanitaire universelle conduites par le RAME (R\u00e9seau acc\u00e8s aux m\u00e9dicaments essentiels). La c\u00e9r\u00e9monie d\u2019ouverture de l\u2019atelier a \u00e9t\u00e9 pr\u00e9sid\u00e9e par Dr Pierre Yam\u00e9ogo, secr\u00e9taire technique de la couverture sanitaire [&hellip;]<\/p>\n","protected":false},"author":82,"featured_media":9903,"comment_status":"open","ping_status":"closed","sticky":false,"template":"","format":"standard","meta":{"footnotes":""},"categories":[21,11,10],"tags":[111,725,29],"class_list":["post-9904","post","type-post","status-publish","format-standard","has-post-thumbnail","hentry","category-communaute","category-homepage-french","category-toutes-les-actualites","tag-africa-press","tag-africa-press-burkina-faso","tag-burkina-faso"],"yoast_head":"<!-- This site is optimized with the Yoast SEO Premium plugin v26.1 (Yoast SEO v27.0) - https:\/\/yoast.com\/product\/yoast-seo-premium-wordpress\/ -->\n<title>Sant\u00e9 : Le RAME conduit deux \u00e9tudes sur la couverture sanitaire universelle au Burkina - Burkina Faso<\/title>\n<meta name=\"description\" content=\"Ce mardi 13 avril 2021 s\u2019est tenu, \u00e0 Ouagadougou, un atelier de pr\u00e9sentation des r\u00e9sultats de deux importantes \u00e9tudes ...\" \/>\n<meta name=\"robots\" content=\"index, follow, max-snippet:-1, max-image-preview:large, max-video-preview:-1\" \/>\n<link rel=\"canonical\" href=\"https:\/\/www.africa-press.net\/burkina-faso\/toutes-les-actualites\/sante-le-rame-conduit-deux-etudes-sur-la-couverture-sanitaire-universelle-au-burkina\" \/>\n<meta property=\"og:locale\" content=\"fr_FR\" \/>\n<meta property=\"og:type\" content=\"article\" \/>\n<meta property=\"og:title\" content=\"Sant\u00e9 : Le RAME conduit deux \u00e9tudes sur la couverture sanitaire universelle au Burkina\" \/>\n<meta property=\"og:description\" content=\"Ce mardi 13 avril 2021 s\u2019est tenu, \u00e0 Ouagadougou, un atelier de pr\u00e9sentation des r\u00e9sultats de deux importantes \u00e9tudes ...\" \/>\n<meta property=\"og:url\" content=\"https:\/\/www.africa-press.net\/burkina-faso\/toutes-les-actualites\/sante-le-rame-conduit-deux-etudes-sur-la-couverture-sanitaire-universelle-au-burkina\" \/>\n<meta property=\"og:site_name\" content=\"Burkina Faso\" \/>\n<meta property=\"article:published_time\" content=\"2021-04-14T13:45:52+00:00\" \/>\n<meta property=\"article:modified_time\" content=\"2021-04-14T14:58:19+00:00\" \/>\n<meta property=\"og:image\" content=\"https:\/\/static.africa-press.net\/burkina\/sites\/42\/2021\/04\/img-6076ed139fcd6.jpg\" \/>\n\t<meta property=\"og:image:width\" content=\"720\" \/>\n\t<meta property=\"og:image:height\" content=\"405\" \/>\n\t<meta property=\"og:image:type\" content=\"image\/jpeg\" \/>\n<meta name=\"author\" content=\"cfeditorfr\" \/>\n<meta name=\"twitter:card\" content=\"summary_large_image\" \/>\n<meta name=\"twitter:label1\" content=\"\u00c9crit par\" \/>\n\t<meta name=\"twitter:data1\" content=\"cfeditorfr\" \/>\n\t<meta name=\"twitter:label2\" content=\"Dur\u00e9e de lecture estim\u00e9e\" \/>\n\t<meta name=\"twitter:data2\" content=\"3 minutes\" \/>\n<script type=\"application\/ld+json\" class=\"yoast-schema-graph\">{\"@context\":\"https:\/\/schema.org\",\"@graph\":[{\"@type\":\"Article\",\"@id\":\"https:\/\/www.africa-press.net\/burkina-faso\/toutes-les-actualites\/sante-le-rame-conduit-deux-etudes-sur-la-couverture-sanitaire-universelle-au-burkina#article\",\"isPartOf\":{\"@id\":\"https:\/\/www.africa-press.net\/burkina-faso\/toutes-les-actualites\/sante-le-rame-conduit-deux-etudes-sur-la-couverture-sanitaire-universelle-au-burkina\"},\"author\":{\"name\":\"cfeditorfr\",\"@id\":\"https:\/\/www.africa-press.net\/burkina-faso\/#\/schema\/person\/2b1cf3cd81a31e3cd26889ca66d677f1\"},\"headline\":\"Sant\u00e9 : Le RAME conduit deux \u00e9tudes sur la couverture sanitaire universelle au Burkina\",\"datePublished\":\"2021-04-14T13:45:52+00:00\",\"dateModified\":\"2021-04-14T14:58:19+00:00\",\"mainEntityOfPage\":{\"@id\":\"https:\/\/www.africa-press.net\/burkina-faso\/toutes-les-actualites\/sante-le-rame-conduit-deux-etudes-sur-la-couverture-sanitaire-universelle-au-burkina\"},\"wordCount\":672,\"commentCount\":0,\"image\":{\"@id\":\"https:\/\/www.africa-press.net\/burkina-faso\/toutes-les-actualites\/sante-le-rame-conduit-deux-etudes-sur-la-couverture-sanitaire-universelle-au-burkina#primaryimage\"},\"thumbnailUrl\":\"https:\/\/static.africa-press.net\/burkina\/sites\/42\/2021\/04\/img-6076ed139fcd6.jpg\",\"keywords\":[\"Africa Press\",\"Africa Press-Burkina Faso\",\"Burkina Faso\"],\"articleSection\":[\"Communaut\u00e9\",\"homepage-french\",\"Toutes les actualit\u00e9s\"],\"inLanguage\":\"fr-FR\",\"potentialAction\":[{\"@type\":\"CommentAction\",\"name\":\"Comment\",\"target\":[\"https:\/\/www.africa-press.net\/burkina-faso\/toutes-les-actualites\/sante-le-rame-conduit-deux-etudes-sur-la-couverture-sanitaire-universelle-au-burkina#respond\"]}]},{\"@type\":\"WebPage\",\"@id\":\"https:\/\/www.africa-press.net\/burkina-faso\/toutes-les-actualites\/sante-le-rame-conduit-deux-etudes-sur-la-couverture-sanitaire-universelle-au-burkina\",\"url\":\"https:\/\/www.africa-press.net\/burkina-faso\/toutes-les-actualites\/sante-le-rame-conduit-deux-etudes-sur-la-couverture-sanitaire-universelle-au-burkina\",\"name\":\"Sant\u00e9 : Le RAME conduit deux \u00e9tudes sur la couverture sanitaire universelle au Burkina - Burkina Faso\",\"isPartOf\":{\"@id\":\"https:\/\/www.africa-press.net\/burkina-faso\/#website\"},\"primaryImageOfPage\":{\"@id\":\"https:\/\/www.africa-press.net\/burkina-faso\/toutes-les-actualites\/sante-le-rame-conduit-deux-etudes-sur-la-couverture-sanitaire-universelle-au-burkina#primaryimage\"},\"image\":{\"@id\":\"https:\/\/www.africa-press.net\/burkina-faso\/toutes-les-actualites\/sante-le-rame-conduit-deux-etudes-sur-la-couverture-sanitaire-universelle-au-burkina#primaryimage\"},\"thumbnailUrl\":\"https:\/\/static.africa-press.net\/burkina\/sites\/42\/2021\/04\/img-6076ed139fcd6.jpg\",\"datePublished\":\"2021-04-14T13:45:52+00:00\",\"dateModified\":\"2021-04-14T14:58:19+00:00\",\"author\":{\"@id\":\"https:\/\/www.africa-press.net\/burkina-faso\/#\/schema\/person\/2b1cf3cd81a31e3cd26889ca66d677f1\"},\"description\":\"Ce mardi 13 avril 2021 s\u2019est tenu, \u00e0 Ouagadougou, un atelier de pr\u00e9sentation des r\u00e9sultats de deux importantes \u00e9tudes ...\",\"breadcrumb\":{\"@id\":\"https:\/\/www.africa-press.net\/burkina-faso\/toutes-les-actualites\/sante-le-rame-conduit-deux-etudes-sur-la-couverture-sanitaire-universelle-au-burkina#breadcrumb\"},\"inLanguage\":\"fr-FR\",\"potentialAction\":[{\"@type\":\"ReadAction\",\"target\":[\"https:\/\/www.africa-press.net\/burkina-faso\/toutes-les-actualites\/sante-le-rame-conduit-deux-etudes-sur-la-couverture-sanitaire-universelle-au-burkina\"]}]},{\"@type\":\"ImageObject\",\"inLanguage\":\"fr-FR\",\"@id\":\"https:\/\/www.africa-press.net\/burkina-faso\/toutes-les-actualites\/sante-le-rame-conduit-deux-etudes-sur-la-couverture-sanitaire-universelle-au-burkina#primaryimage\",\"url\":\"https:\/\/static.africa-press.net\/burkina\/sites\/42\/2021\/04\/img-6076ed139fcd6.jpg\",\"contentUrl\":\"https:\/\/static.africa-press.net\/burkina\/sites\/42\/2021\/04\/img-6076ed139fcd6.jpg\",\"width\":720,\"height\":405,\"caption\":\"Sant\u00e9 : Le RAME conduit deux \u00e9tudes sur la couverture sanitaire universelle au Burkina\"},{\"@type\":\"BreadcrumbList\",\"@id\":\"https:\/\/www.africa-press.net\/burkina-faso\/toutes-les-actualites\/sante-le-rame-conduit-deux-etudes-sur-la-couverture-sanitaire-universelle-au-burkina#breadcrumb\",\"itemListElement\":[{\"@type\":\"ListItem\",\"position\":1,\"name\":\"Accueil\",\"item\":\"https:\/\/www.africa-press.net\/burkina-faso\/\"},{\"@type\":\"ListItem\",\"position\":2,\"name\":\"Sant\u00e9 : Le RAME conduit deux \u00e9tudes sur la couverture sanitaire universelle au Burkina\"}]},{\"@type\":\"WebSite\",\"@id\":\"https:\/\/www.africa-press.net\/burkina-faso\/#website\",\"url\":\"https:\/\/www.africa-press.net\/burkina-faso\/\",\"name\":\"Burkina Faso\",\"description\":\"Just another Africa News Agency Sites site\",\"potentialAction\":[{\"@type\":\"SearchAction\",\"target\":{\"@type\":\"EntryPoint\",\"urlTemplate\":\"https:\/\/www.africa-press.net\/burkina-faso\/?s={search_term_string}\"},\"query-input\":{\"@type\":\"PropertyValueSpecification\",\"valueRequired\":true,\"valueName\":\"search_term_string\"}}],\"inLanguage\":\"fr-FR\"},{\"@type\":\"Person\",\"@id\":\"https:\/\/www.africa-press.net\/burkina-faso\/#\/schema\/person\/2b1cf3cd81a31e3cd26889ca66d677f1\",\"name\":\"cfeditorfr\"}]}<\/script>\n<!-- \/ Yoast SEO Premium plugin. -->","yoast_head_json":{"title":"Sant\u00e9 : Le RAME conduit deux \u00e9tudes sur la couverture sanitaire universelle au Burkina - Burkina Faso","description":"Ce mardi 13 avril 2021 s\u2019est tenu, \u00e0 Ouagadougou, un atelier de pr\u00e9sentation des r\u00e9sultats de deux importantes \u00e9tudes ...","robots":{"index":"index","follow":"follow","max-snippet":"max-snippet:-1","max-image-preview":"max-image-preview:large","max-video-preview":"max-video-preview:-1"},"canonical":"https:\/\/www.africa-press.net\/burkina-faso\/toutes-les-actualites\/sante-le-rame-conduit-deux-etudes-sur-la-couverture-sanitaire-universelle-au-burkina","og_locale":"fr_FR","og_type":"article","og_title":"Sant\u00e9 : Le RAME conduit deux \u00e9tudes sur la couverture sanitaire universelle au Burkina","og_description":"Ce mardi 13 avril 2021 s\u2019est tenu, \u00e0 Ouagadougou, un atelier de pr\u00e9sentation des r\u00e9sultats de deux importantes \u00e9tudes ...","og_url":"https:\/\/www.africa-press.net\/burkina-faso\/toutes-les-actualites\/sante-le-rame-conduit-deux-etudes-sur-la-couverture-sanitaire-universelle-au-burkina","og_site_name":"Burkina Faso","article_published_time":"2021-04-14T13:45:52+00:00","article_modified_time":"2021-04-14T14:58:19+00:00","og_image":[{"width":720,"height":405,"url":"https:\/\/static.africa-press.net\/burkina\/sites\/42\/2021\/04\/img-6076ed139fcd6.jpg","type":"image\/jpeg"}],"author":"cfeditorfr","twitter_card":"summary_large_image","twitter_misc":{"\u00c9crit par":"cfeditorfr","Dur\u00e9e de lecture estim\u00e9e":"3 minutes"},"schema":{"@context":"https:\/\/schema.org","@graph":[{"@type":"Article","@id":"https:\/\/www.africa-press.net\/burkina-faso\/toutes-les-actualites\/sante-le-rame-conduit-deux-etudes-sur-la-couverture-sanitaire-universelle-au-burkina#article","isPartOf":{"@id":"https:\/\/www.africa-press.net\/burkina-faso\/toutes-les-actualites\/sante-le-rame-conduit-deux-etudes-sur-la-couverture-sanitaire-universelle-au-burkina"},"author":{"name":"cfeditorfr","@id":"https:\/\/www.africa-press.net\/burkina-faso\/#\/schema\/person\/2b1cf3cd81a31e3cd26889ca66d677f1"},"headline":"Sant\u00e9 : Le RAME conduit deux \u00e9tudes sur la couverture sanitaire universelle au Burkina","datePublished":"2021-04-14T13:45:52+00:00","dateModified":"2021-04-14T14:58:19+00:00","mainEntityOfPage":{"@id":"https:\/\/www.africa-press.net\/burkina-faso\/toutes-les-actualites\/sante-le-rame-conduit-deux-etudes-sur-la-couverture-sanitaire-universelle-au-burkina"},"wordCount":672,"commentCount":0,"image":{"@id":"https:\/\/www.africa-press.net\/burkina-faso\/toutes-les-actualites\/sante-le-rame-conduit-deux-etudes-sur-la-couverture-sanitaire-universelle-au-burkina#primaryimage"},"thumbnailUrl":"https:\/\/static.africa-press.net\/burkina\/sites\/42\/2021\/04\/img-6076ed139fcd6.jpg","keywords":["Africa Press","Africa Press-Burkina Faso","Burkina Faso"],"articleSection":["Communaut\u00e9","homepage-french","Toutes les actualit\u00e9s"],"inLanguage":"fr-FR","potentialAction":[{"@type":"CommentAction","name":"Comment","target":["https:\/\/www.africa-press.net\/burkina-faso\/toutes-les-actualites\/sante-le-rame-conduit-deux-etudes-sur-la-couverture-sanitaire-universelle-au-burkina#respond"]}]},{"@type":"WebPage","@id":"https:\/\/www.africa-press.net\/burkina-faso\/toutes-les-actualites\/sante-le-rame-conduit-deux-etudes-sur-la-couverture-sanitaire-universelle-au-burkina","url":"https:\/\/www.africa-press.net\/burkina-faso\/toutes-les-actualites\/sante-le-rame-conduit-deux-etudes-sur-la-couverture-sanitaire-universelle-au-burkina","name":"Sant\u00e9 : Le RAME conduit deux \u00e9tudes sur la couverture sanitaire universelle au Burkina - Burkina Faso","isPartOf":{"@id":"https:\/\/www.africa-press.net\/burkina-faso\/#website"},"primaryImageOfPage":{"@id":"https:\/\/www.africa-press.net\/burkina-faso\/toutes-les-actualites\/sante-le-rame-conduit-deux-etudes-sur-la-couverture-sanitaire-universelle-au-burkina#primaryimage"},"image":{"@id":"https:\/\/www.africa-press.net\/burkina-faso\/toutes-les-actualites\/sante-le-rame-conduit-deux-etudes-sur-la-couverture-sanitaire-universelle-au-burkina#primaryimage"},"thumbnailUrl":"https:\/\/static.africa-press.net\/burkina\/sites\/42\/2021\/04\/img-6076ed139fcd6.jpg","datePublished":"2021-04-14T13:45:52+00:00","dateModified":"2021-04-14T14:58:19+00:00","author":{"@id":"https:\/\/www.africa-press.net\/burkina-faso\/#\/schema\/person\/2b1cf3cd81a31e3cd26889ca66d677f1"},"description":"Ce mardi 13 avril 2021 s\u2019est tenu, \u00e0 Ouagadougou, un atelier de pr\u00e9sentation des r\u00e9sultats de deux importantes \u00e9tudes ...","breadcrumb":{"@id":"https:\/\/www.africa-press.net\/burkina-faso\/toutes-les-actualites\/sante-le-rame-conduit-deux-etudes-sur-la-couverture-sanitaire-universelle-au-burkina#breadcrumb"},"inLanguage":"fr-FR","potentialAction":[{"@type":"ReadAction","target":["https:\/\/www.africa-press.net\/burkina-faso\/toutes-les-actualites\/sante-le-rame-conduit-deux-etudes-sur-la-couverture-sanitaire-universelle-au-burkina"]}]},{"@type":"ImageObject","inLanguage":"fr-FR","@id":"https:\/\/www.africa-press.net\/burkina-faso\/toutes-les-actualites\/sante-le-rame-conduit-deux-etudes-sur-la-couverture-sanitaire-universelle-au-burkina#primaryimage","url":"https:\/\/static.africa-press.net\/burkina\/sites\/42\/2021\/04\/img-6076ed139fcd6.jpg","contentUrl":"https:\/\/static.africa-press.net\/burkina\/sites\/42\/2021\/04\/img-6076ed139fcd6.jpg","width":720,"height":405,"caption":"Sant\u00e9 : Le RAME conduit deux \u00e9tudes sur la couverture sanitaire universelle au Burkina"},{"@type":"BreadcrumbList","@id":"https:\/\/www.africa-press.net\/burkina-faso\/toutes-les-actualites\/sante-le-rame-conduit-deux-etudes-sur-la-couverture-sanitaire-universelle-au-burkina#breadcrumb","itemListElement":[{"@type":"ListItem","position":1,"name":"Accueil","item":"https:\/\/www.africa-press.net\/burkina-faso\/"},{"@type":"ListItem","position":2,"name":"Sant\u00e9 : Le RAME conduit deux \u00e9tudes sur la couverture sanitaire universelle au Burkina"}]},{"@type":"WebSite","@id":"https:\/\/www.africa-press.net\/burkina-faso\/#website","url":"https:\/\/www.africa-press.net\/burkina-faso\/","name":"Burkina Faso","description":"Just another Africa News Agency Sites site","potentialAction":[{"@type":"SearchAction","target":{"@type":"EntryPoint","urlTemplate":"https:\/\/www.africa-press.net\/burkina-faso\/?s={search_term_string}"},"query-input":{"@type":"PropertyValueSpecification","valueRequired":true,"valueName":"search_term_string"}}],"inLanguage":"fr-FR"},{"@type":"Person","@id":"https:\/\/www.africa-press.net\/burkina-faso\/#\/schema\/person\/2b1cf3cd81a31e3cd26889ca66d677f1","name":"cfeditorfr"}]}},"_links":{"self":[{"href":"https:\/\/www.africa-press.net\/burkina-faso\/wp-json\/wp\/v2\/posts\/9904","targetHints":{"allow":["GET"]}}],"collection":[{"href":"https:\/\/www.africa-press.net\/burkina-faso\/wp-json\/wp\/v2\/posts"}],"about":[{"href":"https:\/\/www.africa-press.net\/burkina-faso\/wp-json\/wp\/v2\/types\/post"}],"author":[{"embeddable":true,"href":"https:\/\/www.africa-press.net\/burkina-faso\/wp-json\/wp\/v2\/users\/82"}],"replies":[{"embeddable":true,"href":"https:\/\/www.africa-press.net\/burkina-faso\/wp-json\/wp\/v2\/comments?post=9904"}],"version-history":[{"count":0,"href":"https:\/\/www.africa-press.net\/burkina-faso\/wp-json\/wp\/v2\/posts\/9904\/revisions"}],"wp:featuredmedia":[{"embeddable":true,"href":"https:\/\/www.africa-press.net\/burkina-faso\/wp-json\/wp\/v2\/media\/9903"}],"wp:attachment":[{"href":"https:\/\/www.africa-press.net\/burkina-faso\/wp-json\/wp\/v2\/media?parent=9904"}],"wp:term":[{"taxonomy":"category","embeddable":true,"href":"https:\/\/www.africa-press.net\/burkina-faso\/wp-json\/wp\/v2\/categories?post=9904"},{"taxonomy":"post_tag","embeddable":true,"href":"https:\/\/www.africa-press.net\/burkina-faso\/wp-json\/wp\/v2\/tags?post=9904"}],"curies":[{"name":"wp","href":"https:\/\/api.w.org\/{rel}","templated":true}]}}