{"id":9916,"date":"2021-04-14T14:19:24","date_gmt":"2021-04-14T14:19:24","guid":{"rendered":"https:\/\/www.africa-press.net\/burkina-faso\/?p=9916"},"modified":"2021-04-14T14:59:04","modified_gmt":"2021-04-14T14:59:04","slug":"mise-en-accusation-de-blaise-compaore-il-risque-la-prison-a-vie-me-ambroise-farama","status":"publish","type":"post","link":"https:\/\/www.africa-press.net\/burkina-faso\/politique\/mise-en-accusation-de-blaise-compaore-il-risque-la-prison-a-vie-me-ambroise-farama","title":{"rendered":"Mise en accusation de Blaise Compaor\u00e9  : \u00ab\u00a0Il risque la prison \u00e0 vie\u00a0\u00bb, Me Ambroise Farama"},"content":{"rendered":"<p><span style=\"color: #ff6600\"><strong><a href=\"https:\/\/www.africa-press.net\/\">Africa-Press<\/a> &#8211; <a href=\"https:\/\/www.africa-press.net\/burkina-faso\">Burkina Faso<\/a>. <\/strong><\/span><b>Ma\u00eetre Ambroise Farama, l\u2019un des avocats de la partie civile dans l\u2019affaire Thomas Sankara, \u00e9gr\u00e8ne, dans cette interview, les charges qui p\u00e8sent sur Blaise Compaor\u00e9 \u00e0 la suite de sa mise en accusation. Pour lui, il est dans l\u2019int\u00e9r\u00eat de l\u2019ancien chef d\u2019Etat de se pr\u00e9senter devant la justice.<\/b><\/p>\n<p><b>Sidwaya (S) :<\/b><\/p>\n<p>L\u2019ancien pr\u00e9sident du Faso, Blaise Compaor\u00e9, vient d\u2019\u00eatre mis en accusation dans l\u2019affaire Thomas Sankara. Qu\u2019est-ce que cela signifie?<br \/>\nMa\u00eetre Ambroise Farama (M.A.F.): Cela signifie que lorsque le juge du tribunal militaire a achev\u00e9 son travail et remis l\u2019ordonnance de renvoi devant la Chambre de contr\u00f4le (Cour d\u2019appel de l\u2019instruction), celle-ci est charg\u00e9e d\u2019appr\u00e9cier la r\u00e9gularit\u00e9 de la proc\u00e9dure. Est-ce que le juge d\u2019instruction a fait son travail en conformit\u00e9 avec les r\u00e8gles de droit ? Est-ce que les droits des parties ont \u00e9t\u00e9 respect\u00e9s ? Ce sont ces questions qui ont \u00e9t\u00e9 pos\u00e9es devant la Chambre de contr\u00f4le. Et c\u2019est apr\u00e8s un long d\u00e9bat, qu\u2019elle a rendu la d\u00e9cision de ce mardi 13 avril 2021, estimant que la proc\u00e9dure a \u00e9t\u00e9 r\u00e9guli\u00e8re en ce qui concerne les mis en cause. La Chambre de contr\u00f4le confirme donc que ces personnes dont Blaise Compaor\u00e9 peuvent \u00eatre poursuivies. A partir de ce moment, elle prend la d\u00e9cision de sa mise en accusation pour renvoyer les accus\u00e9s devant la juridiction comp\u00e9tente pour juger l\u2019affaire.<\/p>\n<p><b>S : Vous \u00eates l\u2019un des avocats de la partie civile. Quel commentaire cette \u00e9volution du dossier suscite-t-elle chez vous ?<\/b><\/p>\n<p>M.A.F.: Cette d\u00e9cision nous ram\u00e8ne \u00e0 cette v\u00e9rit\u00e9 implacable: la justice a beau \u00eatre lente ou un individu a beau \u00eatre fort en pensant qu\u2019il peut contourner la justice ou la fuir, il finira toujours par \u00eatre rattrap\u00e9. La justice finit toujours par triompher. Quelle que soit la dur\u00e9e de la nuit, le jour finit toujours par se lever, a-t-on coutume de dire. Il y a donc des lueurs d\u2019espoir que justice soit rendue dans ce dossier.<br \/>\nS : Quels sont les chefs d\u2019accusation qui p\u00e8sent sur Blaise Compaor\u00e9 et ses co-accus\u00e9s?<br \/>\nM.A.F.: En ce qui concerne Blaise Compaor\u00e9, il p\u00e8se sur lui des charges d\u2019attentat \u00e0 la s\u00fbret\u00e9 de l\u2019Etat, de complicit\u00e9 d\u2019assassinat, de recel de cadavres et pour les autres co-accus\u00e9s, des charges d\u2019assassinat et de faux en \u00e9criture publique.<\/p>\n<p><b>S : Quelle peine encourt Blaise Compaor\u00e9 s\u2019il venait \u00e0 \u00eatre reconnu coupable et condamn\u00e9?<\/b><\/p>\n<p>M.A.F.: S\u2019il venait \u00e0 \u00eatre reconnu coupable des faits qui lui sont reproch\u00e9s, il encourt sans doute une peine criminelle qui peut aller d\u2019un emprisonnement de 20 ans \u00e0 la prison \u00e0 vie.<\/p>\n<p><b>S : Des puissances \u00e9trang\u00e8res dans l\u2019assassinat du p\u00e8re de la R\u00e9volution burkinab\u00e8. Qu\u2019en est-il ?<\/b><\/p>\n<p>M.A.F.: Il est de notori\u00e9t\u00e9 publique que des puissances \u00e9trang\u00e8res ont soutenu ou cautionn\u00e9 l\u2019assassinat du pr\u00e9sident Thomas Sankara. Maintenant, est-ce qu\u2019au stade actuel le r\u00f4le de certains acteurs a pu \u00eatre identifi\u00e9 ? C\u2019est la question qui se pose. Nous pensons que la non pr\u00e9sence d\u2019acteurs \u00e9trangers parmi les mis en cause suppose que les faits n\u2019ont pas pu \u00e9tablir ou identifier une action directe pos\u00e9e par quelque acteur \u00e9tranger. Sinon en ce qui concerne le soutien qu\u2019aurait apport\u00e9 ou le cautionnement qui aurait \u00e9t\u00e9 donn\u00e9 par des puissances \u00e9trang\u00e8res, cela semble plus ou moins \u00e9vident.<\/p>\n<p><b>S.: L\u2019ancien pr\u00e9sident r\u00e9side en C\u00f4te d\u2019Ivoire. S\u2019achemine-t-on vers un proc\u00e8s en son absence ou une proc\u00e9dure d\u2019extradition judiciaire ?<\/b><\/p>\n<p>M.A.F.: Je ne saurai vous le dire dans l\u2019imm\u00e9diat. Mais, Blaise Compaor\u00e9 peut d\u00e9cider de rentrer de lui-m\u00eame pour le proc\u00e8s. Parce qu\u2019il veut participer \u00e0 la manifestation de la v\u00e9rit\u00e9. Dans ce cas, nul besoin de parler d\u2019extradition. En ce qui concerne l\u2019extradition, nous voulons rappeler qu\u2019il y a un mandat d\u2019arr\u00eat international contre l\u2019ancien chef de l\u2019Etat depuis le 4 d\u00e9cembre 2015 et qui, jusque-l\u00e0, n\u2019a pas \u00e9t\u00e9 ex\u00e9cut\u00e9. Et ce n\u2019est pas la d\u00e9cision de mise en accusation qui va changer quelque chose, sauf s\u2019il y a un changement de volont\u00e9 politique au niveau de l\u2019Etat ivoirien ou alors une volont\u00e9 personnelle de Blaise Compaor\u00e9 de rentrer. Par contre, nous pensons qu\u2019il est plut\u00f4t dans son int\u00e9r\u00eat de rentrer de lui-m\u00eame librement afin de compara\u00eetre devant le juge. Et s\u2019il n\u2019a rien \u00e0 se reprocher, il pourra jouir de toute sa libert\u00e9.<\/p>\n<p><b>S : Dans le cas o\u00f9 il ne rentre pas, n\u2019assisterons-nous pas au final \u00e0 un jugement sans v\u00e9rit\u00e9 sur les tragiques \u00e9v\u00e9nements du 15 octobre 1987 ?<\/b><\/p>\n<p>M.A.F.: Blaise Compaor\u00e9 est poursuivi pour des faits de complicit\u00e9, mais les acteurs directs sont l\u00e0. Plusieurs d\u2019entre eux sont encore vivants. Donc en ce qui concerne la manifestation de la v\u00e9rit\u00e9, les Burkinab\u00e8 sauront tout de m\u00eame une bonne partie de la v\u00e9rit\u00e9. Il est vrai que sa pr\u00e9sence aurait permis d\u2019avoir plus de d\u00e9tails sur certaines zones d\u2019ombre, mais cela n\u2019enl\u00e8ve en rien le fait que l\u2019on puisse savoir \u00e0 l\u2019issue de ce proc\u00e8s s\u2019il a \u00e9t\u00e9 complice ou pas.<\/p>\n<p><b>S : Cette mise en accusation intervient au moment o\u00f9 il est question de r\u00e9conciliation nationale. N\u2019est-ce pas un peu paradoxal ou contradictoire?<\/b><\/p>\n<p>M.A.F.: Il n\u2019 y a ni paradoxe, ni contradiction. La r\u00e9conciliation nationale est une question purement politique, mais la mise en accusation est une question judiciaire. La justice suit son cours. D\u2019ailleurs, ceux qui pr\u00f4nent la r\u00e9conciliation nationale ont toujours dit qu\u2019ils n\u2019iront pas \u00e0 la r\u00e9conciliation nationale sans justice. Il n\u2019 y a aucune contradiction, si tant est que leur volont\u00e9 est d\u2019aller vers une r\u00e9conciliation tout en respectant la justice.<\/p>\n<p><b>S : Pourtant, d\u2019aucuns pensaient que la r\u00e9conciliation nationale excluait toute \u00e9ventualit\u00e9 de poursuites judiciaires\u2026<\/b><\/p>\n<p>M.A.F.: C\u2019est le pr\u00e9sident Roch Marc Christian Kabor\u00e9 qui a \u00e9t\u00e9 \u00e9lu. Et c\u2019est son programme qui est en train d\u2019\u00eatre ex\u00e9cut\u00e9. Sauf erreur de notre part, pendant la campagne, il a toujours dit que la r\u00e9conciliation suppose, pour lui, la justice. Il n\u2019a jamais dit qu\u2019il y aura une r\u00e9conciliation sans justice. A partir de cet instant, nous ne voyons pas comment on pourrait aller \u00e0 la r\u00e9conciliation sans la justice au pr\u00e9alable.<\/p>\n<p><b>\u00a0<\/b><\/p>\n","protected":false},"excerpt":{"rendered":"<p>Africa-Press &#8211; Burkina Faso. Ma\u00eetre Ambroise Farama, l\u2019un des avocats de la partie civile dans l\u2019affaire Thomas Sankara, \u00e9gr\u00e8ne, dans cette interview, les charges qui p\u00e8sent sur Blaise Compaor\u00e9 \u00e0 la suite de sa mise en accusation. Pour lui, il est dans l\u2019int\u00e9r\u00eat de l\u2019ancien chef d\u2019Etat de se pr\u00e9senter devant la justice. Sidwaya (S) [&hellip;]<\/p>\n","protected":false},"author":82,"featured_media":9915,"comment_status":"open","ping_status":"closed","sticky":false,"template":"","format":"standard","meta":{"footnotes":""},"categories":[11,2,10],"tags":[111,725,29],"class_list":["post-9916","post","type-post","status-publish","format-standard","has-post-thumbnail","hentry","category-homepage-french","category-politique","category-toutes-les-actualites","tag-africa-press","tag-africa-press-burkina-faso","tag-burkina-faso"],"yoast_head":"<!-- This site is optimized with the Yoast SEO Premium plugin v26.1 (Yoast SEO v27.0) - https:\/\/yoast.com\/product\/yoast-seo-premium-wordpress\/ -->\n<title>Mise en accusation de Blaise Compaor\u00e9 : \u00ab\u00a0Il risque la prison \u00e0 vie\u00a0\u00bb, Me Ambroise Farama - Burkina Faso<\/title>\n<meta name=\"description\" content=\"Ma\u00eetre Ambroise Farama, l\u2019un des avocats de la partie civile dans l\u2019affaire Thomas Sankara, \u00e9gr\u00e8ne, dans cette interv ...\" \/>\n<meta name=\"robots\" content=\"index, follow, max-snippet:-1, max-image-preview:large, max-video-preview:-1\" \/>\n<link rel=\"canonical\" href=\"https:\/\/www.africa-press.net\/burkina-faso\/politique\/mise-en-accusation-de-blaise-compaore-il-risque-la-prison-a-vie-me-ambroise-farama\" \/>\n<meta property=\"og:locale\" content=\"fr_FR\" \/>\n<meta property=\"og:type\" content=\"article\" \/>\n<meta property=\"og:title\" content=\"Mise en accusation de Blaise Compaor\u00e9 : \u00ab\u00a0Il risque la prison \u00e0 vie\u00a0\u00bb, Me Ambroise Farama\" \/>\n<meta property=\"og:description\" content=\"Ma\u00eetre Ambroise Farama, l\u2019un des avocats de la partie civile dans l\u2019affaire Thomas Sankara, \u00e9gr\u00e8ne, dans cette interv ...\" \/>\n<meta property=\"og:url\" content=\"https:\/\/www.africa-press.net\/burkina-faso\/politique\/mise-en-accusation-de-blaise-compaore-il-risque-la-prison-a-vie-me-ambroise-farama\" \/>\n<meta property=\"og:site_name\" content=\"Burkina Faso\" \/>\n<meta property=\"article:published_time\" content=\"2021-04-14T14:19:24+00:00\" \/>\n<meta property=\"article:modified_time\" content=\"2021-04-14T14:59:04+00:00\" \/>\n<meta property=\"og:image\" content=\"https:\/\/static.africa-press.net\/burkina\/sites\/42\/2021\/04\/img-6076ede824afe.jpg\" \/>\n\t<meta property=\"og:image:width\" content=\"720\" \/>\n\t<meta property=\"og:image:height\" content=\"479\" \/>\n\t<meta property=\"og:image:type\" content=\"image\/jpeg\" \/>\n<meta name=\"author\" content=\"cfeditorfr\" \/>\n<meta name=\"twitter:card\" content=\"summary_large_image\" \/>\n<meta name=\"twitter:label1\" content=\"\u00c9crit par\" \/>\n\t<meta name=\"twitter:data1\" content=\"cfeditorfr\" \/>\n\t<meta name=\"twitter:label2\" content=\"Dur\u00e9e de lecture estim\u00e9e\" \/>\n\t<meta name=\"twitter:data2\" content=\"6 minutes\" \/>\n<script type=\"application\/ld+json\" class=\"yoast-schema-graph\">{\"@context\":\"https:\/\/schema.org\",\"@graph\":[{\"@type\":\"Article\",\"@id\":\"https:\/\/www.africa-press.net\/burkina-faso\/politique\/mise-en-accusation-de-blaise-compaore-il-risque-la-prison-a-vie-me-ambroise-farama#article\",\"isPartOf\":{\"@id\":\"https:\/\/www.africa-press.net\/burkina-faso\/politique\/mise-en-accusation-de-blaise-compaore-il-risque-la-prison-a-vie-me-ambroise-farama\"},\"author\":{\"name\":\"cfeditorfr\",\"@id\":\"https:\/\/www.africa-press.net\/burkina-faso\/#\/schema\/person\/2b1cf3cd81a31e3cd26889ca66d677f1\"},\"headline\":\"Mise en accusation de Blaise Compaor\u00e9 : \u00ab\u00a0Il risque la prison \u00e0 vie\u00a0\u00bb, Me Ambroise Farama\",\"datePublished\":\"2021-04-14T14:19:24+00:00\",\"dateModified\":\"2021-04-14T14:59:04+00:00\",\"mainEntityOfPage\":{\"@id\":\"https:\/\/www.africa-press.net\/burkina-faso\/politique\/mise-en-accusation-de-blaise-compaore-il-risque-la-prison-a-vie-me-ambroise-farama\"},\"wordCount\":1159,\"commentCount\":0,\"image\":{\"@id\":\"https:\/\/www.africa-press.net\/burkina-faso\/politique\/mise-en-accusation-de-blaise-compaore-il-risque-la-prison-a-vie-me-ambroise-farama#primaryimage\"},\"thumbnailUrl\":\"https:\/\/static.africa-press.net\/burkina\/sites\/42\/2021\/04\/img-6076ede824afe.jpg\",\"keywords\":[\"Africa Press\",\"Africa Press-Burkina Faso\",\"Burkina Faso\"],\"articleSection\":[\"homepage-french\",\"Politique\",\"Toutes les actualit\u00e9s\"],\"inLanguage\":\"fr-FR\",\"potentialAction\":[{\"@type\":\"CommentAction\",\"name\":\"Comment\",\"target\":[\"https:\/\/www.africa-press.net\/burkina-faso\/politique\/mise-en-accusation-de-blaise-compaore-il-risque-la-prison-a-vie-me-ambroise-farama#respond\"]}]},{\"@type\":\"WebPage\",\"@id\":\"https:\/\/www.africa-press.net\/burkina-faso\/politique\/mise-en-accusation-de-blaise-compaore-il-risque-la-prison-a-vie-me-ambroise-farama\",\"url\":\"https:\/\/www.africa-press.net\/burkina-faso\/politique\/mise-en-accusation-de-blaise-compaore-il-risque-la-prison-a-vie-me-ambroise-farama\",\"name\":\"Mise en accusation de Blaise Compaor\u00e9 : \u00ab\u00a0Il risque la prison \u00e0 vie\u00a0\u00bb, Me Ambroise Farama - Burkina Faso\",\"isPartOf\":{\"@id\":\"https:\/\/www.africa-press.net\/burkina-faso\/#website\"},\"primaryImageOfPage\":{\"@id\":\"https:\/\/www.africa-press.net\/burkina-faso\/politique\/mise-en-accusation-de-blaise-compaore-il-risque-la-prison-a-vie-me-ambroise-farama#primaryimage\"},\"image\":{\"@id\":\"https:\/\/www.africa-press.net\/burkina-faso\/politique\/mise-en-accusation-de-blaise-compaore-il-risque-la-prison-a-vie-me-ambroise-farama#primaryimage\"},\"thumbnailUrl\":\"https:\/\/static.africa-press.net\/burkina\/sites\/42\/2021\/04\/img-6076ede824afe.jpg\",\"datePublished\":\"2021-04-14T14:19:24+00:00\",\"dateModified\":\"2021-04-14T14:59:04+00:00\",\"author\":{\"@id\":\"https:\/\/www.africa-press.net\/burkina-faso\/#\/schema\/person\/2b1cf3cd81a31e3cd26889ca66d677f1\"},\"description\":\"Ma\u00eetre Ambroise Farama, l\u2019un des avocats de la partie civile dans l\u2019affaire Thomas Sankara, \u00e9gr\u00e8ne, dans cette interv ...\",\"breadcrumb\":{\"@id\":\"https:\/\/www.africa-press.net\/burkina-faso\/politique\/mise-en-accusation-de-blaise-compaore-il-risque-la-prison-a-vie-me-ambroise-farama#breadcrumb\"},\"inLanguage\":\"fr-FR\",\"potentialAction\":[{\"@type\":\"ReadAction\",\"target\":[\"https:\/\/www.africa-press.net\/burkina-faso\/politique\/mise-en-accusation-de-blaise-compaore-il-risque-la-prison-a-vie-me-ambroise-farama\"]}]},{\"@type\":\"ImageObject\",\"inLanguage\":\"fr-FR\",\"@id\":\"https:\/\/www.africa-press.net\/burkina-faso\/politique\/mise-en-accusation-de-blaise-compaore-il-risque-la-prison-a-vie-me-ambroise-farama#primaryimage\",\"url\":\"https:\/\/static.africa-press.net\/burkina\/sites\/42\/2021\/04\/img-6076ede824afe.jpg\",\"contentUrl\":\"https:\/\/static.africa-press.net\/burkina\/sites\/42\/2021\/04\/img-6076ede824afe.jpg\",\"width\":720,\"height\":479,\"caption\":\"Mise en accusation de Blaise Compaor\u00e9 : \u00ab\u00a0Il risque la prison \u00e0 vie\u00a0\u00bb, Me Ambroise Farama\"},{\"@type\":\"BreadcrumbList\",\"@id\":\"https:\/\/www.africa-press.net\/burkina-faso\/politique\/mise-en-accusation-de-blaise-compaore-il-risque-la-prison-a-vie-me-ambroise-farama#breadcrumb\",\"itemListElement\":[{\"@type\":\"ListItem\",\"position\":1,\"name\":\"Accueil\",\"item\":\"https:\/\/www.africa-press.net\/burkina-faso\/\"},{\"@type\":\"ListItem\",\"position\":2,\"name\":\"Mise en accusation de Blaise Compaor\u00e9 : \u00ab\u00a0Il risque la prison \u00e0 vie\u00a0\u00bb, Me Ambroise Farama\"}]},{\"@type\":\"WebSite\",\"@id\":\"https:\/\/www.africa-press.net\/burkina-faso\/#website\",\"url\":\"https:\/\/www.africa-press.net\/burkina-faso\/\",\"name\":\"Burkina Faso\",\"description\":\"Just another Africa News Agency Sites site\",\"potentialAction\":[{\"@type\":\"SearchAction\",\"target\":{\"@type\":\"EntryPoint\",\"urlTemplate\":\"https:\/\/www.africa-press.net\/burkina-faso\/?s={search_term_string}\"},\"query-input\":{\"@type\":\"PropertyValueSpecification\",\"valueRequired\":true,\"valueName\":\"search_term_string\"}}],\"inLanguage\":\"fr-FR\"},{\"@type\":\"Person\",\"@id\":\"https:\/\/www.africa-press.net\/burkina-faso\/#\/schema\/person\/2b1cf3cd81a31e3cd26889ca66d677f1\",\"name\":\"cfeditorfr\"}]}<\/script>\n<!-- \/ Yoast SEO Premium plugin. -->","yoast_head_json":{"title":"Mise en accusation de Blaise Compaor\u00e9 : \u00ab\u00a0Il risque la prison \u00e0 vie\u00a0\u00bb, Me Ambroise Farama - Burkina Faso","description":"Ma\u00eetre Ambroise Farama, l\u2019un des avocats de la partie civile dans l\u2019affaire Thomas Sankara, \u00e9gr\u00e8ne, dans cette interv ...","robots":{"index":"index","follow":"follow","max-snippet":"max-snippet:-1","max-image-preview":"max-image-preview:large","max-video-preview":"max-video-preview:-1"},"canonical":"https:\/\/www.africa-press.net\/burkina-faso\/politique\/mise-en-accusation-de-blaise-compaore-il-risque-la-prison-a-vie-me-ambroise-farama","og_locale":"fr_FR","og_type":"article","og_title":"Mise en accusation de Blaise Compaor\u00e9 : \u00ab\u00a0Il risque la prison \u00e0 vie\u00a0\u00bb, Me Ambroise Farama","og_description":"Ma\u00eetre Ambroise Farama, l\u2019un des avocats de la partie civile dans l\u2019affaire Thomas Sankara, \u00e9gr\u00e8ne, dans cette interv ...","og_url":"https:\/\/www.africa-press.net\/burkina-faso\/politique\/mise-en-accusation-de-blaise-compaore-il-risque-la-prison-a-vie-me-ambroise-farama","og_site_name":"Burkina Faso","article_published_time":"2021-04-14T14:19:24+00:00","article_modified_time":"2021-04-14T14:59:04+00:00","og_image":[{"width":720,"height":479,"url":"https:\/\/static.africa-press.net\/burkina\/sites\/42\/2021\/04\/img-6076ede824afe.jpg","type":"image\/jpeg"}],"author":"cfeditorfr","twitter_card":"summary_large_image","twitter_misc":{"\u00c9crit par":"cfeditorfr","Dur\u00e9e de lecture estim\u00e9e":"6 minutes"},"schema":{"@context":"https:\/\/schema.org","@graph":[{"@type":"Article","@id":"https:\/\/www.africa-press.net\/burkina-faso\/politique\/mise-en-accusation-de-blaise-compaore-il-risque-la-prison-a-vie-me-ambroise-farama#article","isPartOf":{"@id":"https:\/\/www.africa-press.net\/burkina-faso\/politique\/mise-en-accusation-de-blaise-compaore-il-risque-la-prison-a-vie-me-ambroise-farama"},"author":{"name":"cfeditorfr","@id":"https:\/\/www.africa-press.net\/burkina-faso\/#\/schema\/person\/2b1cf3cd81a31e3cd26889ca66d677f1"},"headline":"Mise en accusation de Blaise Compaor\u00e9 : \u00ab\u00a0Il risque la prison \u00e0 vie\u00a0\u00bb, Me Ambroise Farama","datePublished":"2021-04-14T14:19:24+00:00","dateModified":"2021-04-14T14:59:04+00:00","mainEntityOfPage":{"@id":"https:\/\/www.africa-press.net\/burkina-faso\/politique\/mise-en-accusation-de-blaise-compaore-il-risque-la-prison-a-vie-me-ambroise-farama"},"wordCount":1159,"commentCount":0,"image":{"@id":"https:\/\/www.africa-press.net\/burkina-faso\/politique\/mise-en-accusation-de-blaise-compaore-il-risque-la-prison-a-vie-me-ambroise-farama#primaryimage"},"thumbnailUrl":"https:\/\/static.africa-press.net\/burkina\/sites\/42\/2021\/04\/img-6076ede824afe.jpg","keywords":["Africa Press","Africa Press-Burkina Faso","Burkina Faso"],"articleSection":["homepage-french","Politique","Toutes les actualit\u00e9s"],"inLanguage":"fr-FR","potentialAction":[{"@type":"CommentAction","name":"Comment","target":["https:\/\/www.africa-press.net\/burkina-faso\/politique\/mise-en-accusation-de-blaise-compaore-il-risque-la-prison-a-vie-me-ambroise-farama#respond"]}]},{"@type":"WebPage","@id":"https:\/\/www.africa-press.net\/burkina-faso\/politique\/mise-en-accusation-de-blaise-compaore-il-risque-la-prison-a-vie-me-ambroise-farama","url":"https:\/\/www.africa-press.net\/burkina-faso\/politique\/mise-en-accusation-de-blaise-compaore-il-risque-la-prison-a-vie-me-ambroise-farama","name":"Mise en accusation de Blaise Compaor\u00e9 : \u00ab\u00a0Il risque la prison \u00e0 vie\u00a0\u00bb, Me Ambroise Farama - Burkina Faso","isPartOf":{"@id":"https:\/\/www.africa-press.net\/burkina-faso\/#website"},"primaryImageOfPage":{"@id":"https:\/\/www.africa-press.net\/burkina-faso\/politique\/mise-en-accusation-de-blaise-compaore-il-risque-la-prison-a-vie-me-ambroise-farama#primaryimage"},"image":{"@id":"https:\/\/www.africa-press.net\/burkina-faso\/politique\/mise-en-accusation-de-blaise-compaore-il-risque-la-prison-a-vie-me-ambroise-farama#primaryimage"},"thumbnailUrl":"https:\/\/static.africa-press.net\/burkina\/sites\/42\/2021\/04\/img-6076ede824afe.jpg","datePublished":"2021-04-14T14:19:24+00:00","dateModified":"2021-04-14T14:59:04+00:00","author":{"@id":"https:\/\/www.africa-press.net\/burkina-faso\/#\/schema\/person\/2b1cf3cd81a31e3cd26889ca66d677f1"},"description":"Ma\u00eetre Ambroise Farama, l\u2019un des avocats de la partie civile dans l\u2019affaire Thomas Sankara, \u00e9gr\u00e8ne, dans cette interv ...","breadcrumb":{"@id":"https:\/\/www.africa-press.net\/burkina-faso\/politique\/mise-en-accusation-de-blaise-compaore-il-risque-la-prison-a-vie-me-ambroise-farama#breadcrumb"},"inLanguage":"fr-FR","potentialAction":[{"@type":"ReadAction","target":["https:\/\/www.africa-press.net\/burkina-faso\/politique\/mise-en-accusation-de-blaise-compaore-il-risque-la-prison-a-vie-me-ambroise-farama"]}]},{"@type":"ImageObject","inLanguage":"fr-FR","@id":"https:\/\/www.africa-press.net\/burkina-faso\/politique\/mise-en-accusation-de-blaise-compaore-il-risque-la-prison-a-vie-me-ambroise-farama#primaryimage","url":"https:\/\/static.africa-press.net\/burkina\/sites\/42\/2021\/04\/img-6076ede824afe.jpg","contentUrl":"https:\/\/static.africa-press.net\/burkina\/sites\/42\/2021\/04\/img-6076ede824afe.jpg","width":720,"height":479,"caption":"Mise en accusation de Blaise Compaor\u00e9 : \u00ab\u00a0Il risque la prison \u00e0 vie\u00a0\u00bb, Me Ambroise Farama"},{"@type":"BreadcrumbList","@id":"https:\/\/www.africa-press.net\/burkina-faso\/politique\/mise-en-accusation-de-blaise-compaore-il-risque-la-prison-a-vie-me-ambroise-farama#breadcrumb","itemListElement":[{"@type":"ListItem","position":1,"name":"Accueil","item":"https:\/\/www.africa-press.net\/burkina-faso\/"},{"@type":"ListItem","position":2,"name":"Mise en accusation de Blaise Compaor\u00e9 : \u00ab\u00a0Il risque la prison \u00e0 vie\u00a0\u00bb, Me Ambroise Farama"}]},{"@type":"WebSite","@id":"https:\/\/www.africa-press.net\/burkina-faso\/#website","url":"https:\/\/www.africa-press.net\/burkina-faso\/","name":"Burkina Faso","description":"Just another Africa News Agency Sites site","potentialAction":[{"@type":"SearchAction","target":{"@type":"EntryPoint","urlTemplate":"https:\/\/www.africa-press.net\/burkina-faso\/?s={search_term_string}"},"query-input":{"@type":"PropertyValueSpecification","valueRequired":true,"valueName":"search_term_string"}}],"inLanguage":"fr-FR"},{"@type":"Person","@id":"https:\/\/www.africa-press.net\/burkina-faso\/#\/schema\/person\/2b1cf3cd81a31e3cd26889ca66d677f1","name":"cfeditorfr"}]}},"_links":{"self":[{"href":"https:\/\/www.africa-press.net\/burkina-faso\/wp-json\/wp\/v2\/posts\/9916","targetHints":{"allow":["GET"]}}],"collection":[{"href":"https:\/\/www.africa-press.net\/burkina-faso\/wp-json\/wp\/v2\/posts"}],"about":[{"href":"https:\/\/www.africa-press.net\/burkina-faso\/wp-json\/wp\/v2\/types\/post"}],"author":[{"embeddable":true,"href":"https:\/\/www.africa-press.net\/burkina-faso\/wp-json\/wp\/v2\/users\/82"}],"replies":[{"embeddable":true,"href":"https:\/\/www.africa-press.net\/burkina-faso\/wp-json\/wp\/v2\/comments?post=9916"}],"version-history":[{"count":0,"href":"https:\/\/www.africa-press.net\/burkina-faso\/wp-json\/wp\/v2\/posts\/9916\/revisions"}],"wp:featuredmedia":[{"embeddable":true,"href":"https:\/\/www.africa-press.net\/burkina-faso\/wp-json\/wp\/v2\/media\/9915"}],"wp:attachment":[{"href":"https:\/\/www.africa-press.net\/burkina-faso\/wp-json\/wp\/v2\/media?parent=9916"}],"wp:term":[{"taxonomy":"category","embeddable":true,"href":"https:\/\/www.africa-press.net\/burkina-faso\/wp-json\/wp\/v2\/categories?post=9916"},{"taxonomy":"post_tag","embeddable":true,"href":"https:\/\/www.africa-press.net\/burkina-faso\/wp-json\/wp\/v2\/tags?post=9916"}],"curies":[{"name":"wp","href":"https:\/\/api.w.org\/{rel}","templated":true}]}}