{"id":9922,"date":"2021-04-14T14:33:01","date_gmt":"2021-04-14T14:33:01","guid":{"rendered":"https:\/\/www.africa-press.net\/burkina-faso\/?p=9922"},"modified":"2021-04-14T14:59:21","modified_gmt":"2021-04-14T14:59:21","slug":"complexe-transfrontalier-w-une-plateforme-pour-mieux-coordonner-les-mecanismes-de-surveillance","status":"publish","type":"post","link":"https:\/\/www.africa-press.net\/burkina-faso\/politique\/complexe-transfrontalier-w-une-plateforme-pour-mieux-coordonner-les-mecanismes-de-surveillance","title":{"rendered":"Complexe transfrontalier W : Une plateforme pour mieux coordonner les m\u00e9canismes de surveillance"},"content":{"rendered":"<p><span style=\"color: #ff6600\"><strong><a href=\"https:\/\/www.africa-press.net\/\">Africa-Press<\/a> &#8211; <a href=\"https:\/\/www.africa-press.net\/burkina-faso\">Burkina Faso<\/a>. <\/strong><\/span><b>L\u2019Autorit\u00e9 du bassin du Niger (ABN) et ses partenaires de mise en \u0153uvre du projet Bassin du Niger et des syst\u00e8mes aquif\u00e8res de la r\u00e9gion Iullemeden-Taoud\u00e9ni\/Tanezrouft (BN-ITTAS) tiennent un atelier r\u00e9gional du 13 au 16 avril 2021, \u00e0 Ouagadougou. Cette rencontre r\u00e9gionale a pour but de mettre en place une plateforme pour le complexe transfrontalier du W en vue de la promotion et la r\u00e9alisation d\u2019une approche bas\u00e9e sur l\u2019\u00e9cosyst\u00e8me et la mise en pratique de la GIRE, via une meilleure coordination. La mise en place de cet outil est un gage d\u2019utilisation durable et \u00e9quitable des ressources en eau et des \u00e9cosyst\u00e8mes associ\u00e9s conform\u00e9ment \u00e0 la vision partag\u00e9e de l\u2019ABN.<\/b><\/p>\n<p>Le Bassin du Niger fait face depuis quelques d\u00e9cennies \u00e0 une exploitation intense, non harmonieuse et non \u00e9quilibr\u00e9e due \u00e0 une pression des p\u00f4les d\u2019activit\u00e9s et d\u2019usages nouveaux, perturbant les caract\u00e9ristiques, la structure et le fonctionnement de ses \u00e9cosyst\u00e8mes. Cette exploitation \u00e0 outrance des ressources naturelles, ajout\u00e9e \u00e0 une d\u00e9mographie croissante, auxquelles s\u2019ajoutent les al\u00e9as climatiques, a, \u00e0 ne point douter, des cons\u00e9quences d\u00e9sastreuses sur l\u2019\u00e9tat du flux du Niger et de ses affluents.<\/p>\n<p>Le renforcement des m\u00e9canismes de surveillance s\u2019imposent donc. D\u2019o\u00f9 cet atelier r\u00e9gional pr\u00e9vu pour se tenir du 13 au 16 avril 2021, \u00e0 Ouagadougou pour lancer une plateforme pour le complexe transfrontalier du W en vue de la promotion et la r\u00e9alisation d\u2019une approche bas\u00e9e sur l\u2019\u00e9cosyst\u00e8me et la mise en pratique de la GIRE, via une meilleure coordination. L\u2019ouverture des travaux est intervenue ce mardi 13 avril 2021.<\/p>\n<p>Financ\u00e9 \u00e0 hauteur de pr\u00e8s de 14 millions de dollars par le Fonds pour l\u2019environnement mondial (FME) \u00e0 travers les agences de mise en \u0153uvre du syst\u00e8me des Nations-unies que sont le Programme des Nations-unies pour le d\u00e9veloppement (PNUD), le Programme des Nations-unies pour l\u2019environnement (PNUE), le projet Bassin du Niger et de la r\u00e9gion Iullemeden-Taoud\u00e9ni\/Tanezrouft (BN-ITTAS) vise \u00e0 am\u00e9liorer la gestion, la gouvernance et la conservation des ressources bas\u00e9es sur les connaissances du bassin et des syst\u00e8mes aquif\u00e8res de la r\u00e9gion, a pr\u00e9cis\u00e9 le secr\u00e9taire ex\u00e9cutif de l\u2019ABN, Abderahim Bireme Hamid. \u00ab L\u2019objectif de cet atelier qui nous r\u00e9unit aujourd\u2019hui, est de mettre en place une plateforme fonctionnelle \u00e0 l\u2019\u00e9chelle du complexe transfrontalier du W prenant en compte toute la zone d\u2019influence du bassin de M\u00e9krou \u00bb, a-t-il d\u00e9clin\u00e9.<\/p>\n<p><b>Complexe W, \u00ab R\u00e9serve de biosph\u00e8re transfrontali\u00e8re W et de sites RAMSER \u00bb<\/b><\/p>\n<p>Pour Blami Diallo, repr\u00e9sentant du directeur g\u00e9n\u00e9ral des ressources en eau du Burkina, l\u2019int\u00e9r\u00eat port\u00e9 au complexe du W n\u2019est pas fortuit car cette zone transfrontali\u00e8re est un \u00e9cosyst\u00e8me tr\u00e8s riche et vari\u00e9, class\u00e9e \u00ab R\u00e9serve de biosph\u00e8re transfrontali\u00e8re W et de sites RAMSER \u00bb. Au regard des objectifs attendus, M. Diallo a exhort\u00e9 tous les participants \u00e0 \u00eatre des forces de propositions afin que cette session de Ouagadougou soit un franc succ\u00e8s.<\/p>\n<p>Serges Modeste Dijoun Traor\u00e9, repr\u00e9sentant du ministre en charge de l\u2019Eau, ministre de tutelle de l\u2019ABN, a remerci\u00e9 l\u2019ensemble des partenaires techniques et financiers qui ont cru \u00e0 ce projet en lui apportant leur financement pour sa mise en \u0153uvre. \u00ab La cr\u00e9ation de cette plateforme concourt \u00e0 la mise en place du projet dans le souci de renforcer le m\u00e9canisme de surveillance conjointe \u00bb, a-t-il fait savoir.<\/p>\n<p>D\u2019apr\u00e8s M. Traor\u00e9, le principal r\u00e9sultat attendu \u00e0 l\u2019issue de cette rencontre, est la mise en place d\u2019une plateforme inclusive pour la promotion de la GIRE et une structure de gouvernance, tout en d\u00e9finissant le r\u00f4le de chaque acteur. \u00ab Tout en souhaitant plein succ\u00e8s \u00e0 nos travaux, je d\u00e9clare ouvert le pr\u00e9sent atelier de mise en place d\u2019une plateforme fonctionnelle pour le complexe transfrontalier du W, en vue de la promotion et la r\u00e9alisation d\u2019une approche bas\u00e9e sur l\u2019\u00e9cosyst\u00e8me et la mise en pratique de la GIRE, via une meilleure coordination \u00bb, a-t-il souhait\u00e9.<\/p>\n","protected":false},"excerpt":{"rendered":"<p>Africa-Press &#8211; Burkina Faso. L\u2019Autorit\u00e9 du bassin du Niger (ABN) et ses partenaires de mise en \u0153uvre du projet Bassin du Niger et des syst\u00e8mes aquif\u00e8res de la r\u00e9gion Iullemeden-Taoud\u00e9ni\/Tanezrouft (BN-ITTAS) tiennent un atelier r\u00e9gional du 13 au 16 avril 2021, \u00e0 Ouagadougou. Cette rencontre r\u00e9gionale a pour but de mettre en place une plateforme [&hellip;]<\/p>\n","protected":false},"author":82,"featured_media":9921,"comment_status":"open","ping_status":"closed","sticky":false,"template":"","format":"standard","meta":{"footnotes":""},"categories":[11,2,20,10],"tags":[111,725,29],"class_list":["post-9922","post","type-post","status-publish","format-standard","has-post-thumbnail","hentry","category-homepage-french","category-politique","category-top-nouvelles","category-toutes-les-actualites","tag-africa-press","tag-africa-press-burkina-faso","tag-burkina-faso"],"yoast_head":"<!-- This site is optimized with the Yoast SEO Premium plugin v26.1 (Yoast SEO v27.0) - https:\/\/yoast.com\/product\/yoast-seo-premium-wordpress\/ -->\n<title>Complexe transfrontalier W : Une plateforme pour mieux coordonner les m\u00e9canismes de surveillance - Burkina Faso<\/title>\n<meta name=\"description\" content=\"L\u2019Autorit\u00e9 du bassin du Niger (ABN) et ses partenaires de mise en \u0153uvre du projet Bassin du Niger et des syst\u00e8mes aqu ...\" \/>\n<meta name=\"robots\" content=\"index, follow, max-snippet:-1, max-image-preview:large, max-video-preview:-1\" \/>\n<link rel=\"canonical\" href=\"https:\/\/www.africa-press.net\/burkina-faso\/politique\/complexe-transfrontalier-w-une-plateforme-pour-mieux-coordonner-les-mecanismes-de-surveillance\" \/>\n<meta property=\"og:locale\" content=\"fr_FR\" \/>\n<meta property=\"og:type\" content=\"article\" \/>\n<meta property=\"og:title\" content=\"Complexe transfrontalier W : Une plateforme pour mieux coordonner les m\u00e9canismes de surveillance\" \/>\n<meta property=\"og:description\" content=\"L\u2019Autorit\u00e9 du bassin du Niger (ABN) et ses partenaires de mise en \u0153uvre du projet Bassin du Niger et des syst\u00e8mes aqu ...\" \/>\n<meta property=\"og:url\" content=\"https:\/\/www.africa-press.net\/burkina-faso\/politique\/complexe-transfrontalier-w-une-plateforme-pour-mieux-coordonner-les-mecanismes-de-surveillance\" \/>\n<meta property=\"og:site_name\" content=\"Burkina Faso\" \/>\n<meta property=\"article:published_time\" content=\"2021-04-14T14:33:01+00:00\" \/>\n<meta property=\"article:modified_time\" content=\"2021-04-14T14:59:21+00:00\" \/>\n<meta property=\"og:image\" content=\"https:\/\/static.africa-press.net\/burkina\/sites\/42\/2021\/04\/img-6076ee47787ca.jpg\" \/>\n\t<meta property=\"og:image:width\" content=\"720\" \/>\n\t<meta property=\"og:image:height\" content=\"435\" \/>\n\t<meta property=\"og:image:type\" content=\"image\/jpeg\" \/>\n<meta name=\"author\" content=\"cfeditorfr\" \/>\n<meta name=\"twitter:card\" content=\"summary_large_image\" \/>\n<meta name=\"twitter:label1\" content=\"\u00c9crit par\" \/>\n\t<meta name=\"twitter:data1\" content=\"cfeditorfr\" \/>\n\t<meta name=\"twitter:label2\" content=\"Dur\u00e9e de lecture estim\u00e9e\" \/>\n\t<meta name=\"twitter:data2\" content=\"4 minutes\" \/>\n<script type=\"application\/ld+json\" class=\"yoast-schema-graph\">{\"@context\":\"https:\/\/schema.org\",\"@graph\":[{\"@type\":\"Article\",\"@id\":\"https:\/\/www.africa-press.net\/burkina-faso\/politique\/complexe-transfrontalier-w-une-plateforme-pour-mieux-coordonner-les-mecanismes-de-surveillance#article\",\"isPartOf\":{\"@id\":\"https:\/\/www.africa-press.net\/burkina-faso\/politique\/complexe-transfrontalier-w-une-plateforme-pour-mieux-coordonner-les-mecanismes-de-surveillance\"},\"author\":{\"name\":\"cfeditorfr\",\"@id\":\"https:\/\/www.africa-press.net\/burkina-faso\/#\/schema\/person\/2b1cf3cd81a31e3cd26889ca66d677f1\"},\"headline\":\"Complexe transfrontalier W : Une plateforme pour mieux coordonner les m\u00e9canismes de surveillance\",\"datePublished\":\"2021-04-14T14:33:01+00:00\",\"dateModified\":\"2021-04-14T14:59:21+00:00\",\"mainEntityOfPage\":{\"@id\":\"https:\/\/www.africa-press.net\/burkina-faso\/politique\/complexe-transfrontalier-w-une-plateforme-pour-mieux-coordonner-les-mecanismes-de-surveillance\"},\"wordCount\":723,\"commentCount\":0,\"image\":{\"@id\":\"https:\/\/www.africa-press.net\/burkina-faso\/politique\/complexe-transfrontalier-w-une-plateforme-pour-mieux-coordonner-les-mecanismes-de-surveillance#primaryimage\"},\"thumbnailUrl\":\"https:\/\/static.africa-press.net\/burkina\/sites\/42\/2021\/04\/img-6076ee47787ca.jpg\",\"keywords\":[\"Africa Press\",\"Africa Press-Burkina Faso\",\"Burkina Faso\"],\"articleSection\":[\"homepage-french\",\"Politique\",\"Top Nouvelles\",\"Toutes les actualit\u00e9s\"],\"inLanguage\":\"fr-FR\",\"potentialAction\":[{\"@type\":\"CommentAction\",\"name\":\"Comment\",\"target\":[\"https:\/\/www.africa-press.net\/burkina-faso\/politique\/complexe-transfrontalier-w-une-plateforme-pour-mieux-coordonner-les-mecanismes-de-surveillance#respond\"]}]},{\"@type\":\"WebPage\",\"@id\":\"https:\/\/www.africa-press.net\/burkina-faso\/politique\/complexe-transfrontalier-w-une-plateforme-pour-mieux-coordonner-les-mecanismes-de-surveillance\",\"url\":\"https:\/\/www.africa-press.net\/burkina-faso\/politique\/complexe-transfrontalier-w-une-plateforme-pour-mieux-coordonner-les-mecanismes-de-surveillance\",\"name\":\"Complexe transfrontalier W : Une plateforme pour mieux coordonner les m\u00e9canismes de surveillance - Burkina Faso\",\"isPartOf\":{\"@id\":\"https:\/\/www.africa-press.net\/burkina-faso\/#website\"},\"primaryImageOfPage\":{\"@id\":\"https:\/\/www.africa-press.net\/burkina-faso\/politique\/complexe-transfrontalier-w-une-plateforme-pour-mieux-coordonner-les-mecanismes-de-surveillance#primaryimage\"},\"image\":{\"@id\":\"https:\/\/www.africa-press.net\/burkina-faso\/politique\/complexe-transfrontalier-w-une-plateforme-pour-mieux-coordonner-les-mecanismes-de-surveillance#primaryimage\"},\"thumbnailUrl\":\"https:\/\/static.africa-press.net\/burkina\/sites\/42\/2021\/04\/img-6076ee47787ca.jpg\",\"datePublished\":\"2021-04-14T14:33:01+00:00\",\"dateModified\":\"2021-04-14T14:59:21+00:00\",\"author\":{\"@id\":\"https:\/\/www.africa-press.net\/burkina-faso\/#\/schema\/person\/2b1cf3cd81a31e3cd26889ca66d677f1\"},\"description\":\"L\u2019Autorit\u00e9 du bassin du Niger (ABN) et ses partenaires de mise en \u0153uvre du projet Bassin du Niger et des syst\u00e8mes aqu ...\",\"breadcrumb\":{\"@id\":\"https:\/\/www.africa-press.net\/burkina-faso\/politique\/complexe-transfrontalier-w-une-plateforme-pour-mieux-coordonner-les-mecanismes-de-surveillance#breadcrumb\"},\"inLanguage\":\"fr-FR\",\"potentialAction\":[{\"@type\":\"ReadAction\",\"target\":[\"https:\/\/www.africa-press.net\/burkina-faso\/politique\/complexe-transfrontalier-w-une-plateforme-pour-mieux-coordonner-les-mecanismes-de-surveillance\"]}]},{\"@type\":\"ImageObject\",\"inLanguage\":\"fr-FR\",\"@id\":\"https:\/\/www.africa-press.net\/burkina-faso\/politique\/complexe-transfrontalier-w-une-plateforme-pour-mieux-coordonner-les-mecanismes-de-surveillance#primaryimage\",\"url\":\"https:\/\/static.africa-press.net\/burkina\/sites\/42\/2021\/04\/img-6076ee47787ca.jpg\",\"contentUrl\":\"https:\/\/static.africa-press.net\/burkina\/sites\/42\/2021\/04\/img-6076ee47787ca.jpg\",\"width\":720,\"height\":435,\"caption\":\"Complexe transfrontalier W : Une plateforme pour mieux coordonner les m\u00e9canismes de surveillance\"},{\"@type\":\"BreadcrumbList\",\"@id\":\"https:\/\/www.africa-press.net\/burkina-faso\/politique\/complexe-transfrontalier-w-une-plateforme-pour-mieux-coordonner-les-mecanismes-de-surveillance#breadcrumb\",\"itemListElement\":[{\"@type\":\"ListItem\",\"position\":1,\"name\":\"Accueil\",\"item\":\"https:\/\/www.africa-press.net\/burkina-faso\/\"},{\"@type\":\"ListItem\",\"position\":2,\"name\":\"Complexe transfrontalier W : Une plateforme pour mieux coordonner les m\u00e9canismes de surveillance\"}]},{\"@type\":\"WebSite\",\"@id\":\"https:\/\/www.africa-press.net\/burkina-faso\/#website\",\"url\":\"https:\/\/www.africa-press.net\/burkina-faso\/\",\"name\":\"Burkina Faso\",\"description\":\"Just another Africa News Agency Sites site\",\"potentialAction\":[{\"@type\":\"SearchAction\",\"target\":{\"@type\":\"EntryPoint\",\"urlTemplate\":\"https:\/\/www.africa-press.net\/burkina-faso\/?s={search_term_string}\"},\"query-input\":{\"@type\":\"PropertyValueSpecification\",\"valueRequired\":true,\"valueName\":\"search_term_string\"}}],\"inLanguage\":\"fr-FR\"},{\"@type\":\"Person\",\"@id\":\"https:\/\/www.africa-press.net\/burkina-faso\/#\/schema\/person\/2b1cf3cd81a31e3cd26889ca66d677f1\",\"name\":\"cfeditorfr\"}]}<\/script>\n<!-- \/ Yoast SEO Premium plugin. -->","yoast_head_json":{"title":"Complexe transfrontalier W : Une plateforme pour mieux coordonner les m\u00e9canismes de surveillance - Burkina Faso","description":"L\u2019Autorit\u00e9 du bassin du Niger (ABN) et ses partenaires de mise en \u0153uvre du projet Bassin du Niger et des syst\u00e8mes aqu ...","robots":{"index":"index","follow":"follow","max-snippet":"max-snippet:-1","max-image-preview":"max-image-preview:large","max-video-preview":"max-video-preview:-1"},"canonical":"https:\/\/www.africa-press.net\/burkina-faso\/politique\/complexe-transfrontalier-w-une-plateforme-pour-mieux-coordonner-les-mecanismes-de-surveillance","og_locale":"fr_FR","og_type":"article","og_title":"Complexe transfrontalier W : Une plateforme pour mieux coordonner les m\u00e9canismes de surveillance","og_description":"L\u2019Autorit\u00e9 du bassin du Niger (ABN) et ses partenaires de mise en \u0153uvre du projet Bassin du Niger et des syst\u00e8mes aqu ...","og_url":"https:\/\/www.africa-press.net\/burkina-faso\/politique\/complexe-transfrontalier-w-une-plateforme-pour-mieux-coordonner-les-mecanismes-de-surveillance","og_site_name":"Burkina Faso","article_published_time":"2021-04-14T14:33:01+00:00","article_modified_time":"2021-04-14T14:59:21+00:00","og_image":[{"width":720,"height":435,"url":"https:\/\/static.africa-press.net\/burkina\/sites\/42\/2021\/04\/img-6076ee47787ca.jpg","type":"image\/jpeg"}],"author":"cfeditorfr","twitter_card":"summary_large_image","twitter_misc":{"\u00c9crit par":"cfeditorfr","Dur\u00e9e de lecture estim\u00e9e":"4 minutes"},"schema":{"@context":"https:\/\/schema.org","@graph":[{"@type":"Article","@id":"https:\/\/www.africa-press.net\/burkina-faso\/politique\/complexe-transfrontalier-w-une-plateforme-pour-mieux-coordonner-les-mecanismes-de-surveillance#article","isPartOf":{"@id":"https:\/\/www.africa-press.net\/burkina-faso\/politique\/complexe-transfrontalier-w-une-plateforme-pour-mieux-coordonner-les-mecanismes-de-surveillance"},"author":{"name":"cfeditorfr","@id":"https:\/\/www.africa-press.net\/burkina-faso\/#\/schema\/person\/2b1cf3cd81a31e3cd26889ca66d677f1"},"headline":"Complexe transfrontalier W : Une plateforme pour mieux coordonner les m\u00e9canismes de surveillance","datePublished":"2021-04-14T14:33:01+00:00","dateModified":"2021-04-14T14:59:21+00:00","mainEntityOfPage":{"@id":"https:\/\/www.africa-press.net\/burkina-faso\/politique\/complexe-transfrontalier-w-une-plateforme-pour-mieux-coordonner-les-mecanismes-de-surveillance"},"wordCount":723,"commentCount":0,"image":{"@id":"https:\/\/www.africa-press.net\/burkina-faso\/politique\/complexe-transfrontalier-w-une-plateforme-pour-mieux-coordonner-les-mecanismes-de-surveillance#primaryimage"},"thumbnailUrl":"https:\/\/static.africa-press.net\/burkina\/sites\/42\/2021\/04\/img-6076ee47787ca.jpg","keywords":["Africa Press","Africa Press-Burkina Faso","Burkina Faso"],"articleSection":["homepage-french","Politique","Top Nouvelles","Toutes les actualit\u00e9s"],"inLanguage":"fr-FR","potentialAction":[{"@type":"CommentAction","name":"Comment","target":["https:\/\/www.africa-press.net\/burkina-faso\/politique\/complexe-transfrontalier-w-une-plateforme-pour-mieux-coordonner-les-mecanismes-de-surveillance#respond"]}]},{"@type":"WebPage","@id":"https:\/\/www.africa-press.net\/burkina-faso\/politique\/complexe-transfrontalier-w-une-plateforme-pour-mieux-coordonner-les-mecanismes-de-surveillance","url":"https:\/\/www.africa-press.net\/burkina-faso\/politique\/complexe-transfrontalier-w-une-plateforme-pour-mieux-coordonner-les-mecanismes-de-surveillance","name":"Complexe transfrontalier W : Une plateforme pour mieux coordonner les m\u00e9canismes de surveillance - Burkina Faso","isPartOf":{"@id":"https:\/\/www.africa-press.net\/burkina-faso\/#website"},"primaryImageOfPage":{"@id":"https:\/\/www.africa-press.net\/burkina-faso\/politique\/complexe-transfrontalier-w-une-plateforme-pour-mieux-coordonner-les-mecanismes-de-surveillance#primaryimage"},"image":{"@id":"https:\/\/www.africa-press.net\/burkina-faso\/politique\/complexe-transfrontalier-w-une-plateforme-pour-mieux-coordonner-les-mecanismes-de-surveillance#primaryimage"},"thumbnailUrl":"https:\/\/static.africa-press.net\/burkina\/sites\/42\/2021\/04\/img-6076ee47787ca.jpg","datePublished":"2021-04-14T14:33:01+00:00","dateModified":"2021-04-14T14:59:21+00:00","author":{"@id":"https:\/\/www.africa-press.net\/burkina-faso\/#\/schema\/person\/2b1cf3cd81a31e3cd26889ca66d677f1"},"description":"L\u2019Autorit\u00e9 du bassin du Niger (ABN) et ses partenaires de mise en \u0153uvre du projet Bassin du Niger et des syst\u00e8mes aqu ...","breadcrumb":{"@id":"https:\/\/www.africa-press.net\/burkina-faso\/politique\/complexe-transfrontalier-w-une-plateforme-pour-mieux-coordonner-les-mecanismes-de-surveillance#breadcrumb"},"inLanguage":"fr-FR","potentialAction":[{"@type":"ReadAction","target":["https:\/\/www.africa-press.net\/burkina-faso\/politique\/complexe-transfrontalier-w-une-plateforme-pour-mieux-coordonner-les-mecanismes-de-surveillance"]}]},{"@type":"ImageObject","inLanguage":"fr-FR","@id":"https:\/\/www.africa-press.net\/burkina-faso\/politique\/complexe-transfrontalier-w-une-plateforme-pour-mieux-coordonner-les-mecanismes-de-surveillance#primaryimage","url":"https:\/\/static.africa-press.net\/burkina\/sites\/42\/2021\/04\/img-6076ee47787ca.jpg","contentUrl":"https:\/\/static.africa-press.net\/burkina\/sites\/42\/2021\/04\/img-6076ee47787ca.jpg","width":720,"height":435,"caption":"Complexe transfrontalier W : Une plateforme pour mieux coordonner les m\u00e9canismes de surveillance"},{"@type":"BreadcrumbList","@id":"https:\/\/www.africa-press.net\/burkina-faso\/politique\/complexe-transfrontalier-w-une-plateforme-pour-mieux-coordonner-les-mecanismes-de-surveillance#breadcrumb","itemListElement":[{"@type":"ListItem","position":1,"name":"Accueil","item":"https:\/\/www.africa-press.net\/burkina-faso\/"},{"@type":"ListItem","position":2,"name":"Complexe transfrontalier W : Une plateforme pour mieux coordonner les m\u00e9canismes de surveillance"}]},{"@type":"WebSite","@id":"https:\/\/www.africa-press.net\/burkina-faso\/#website","url":"https:\/\/www.africa-press.net\/burkina-faso\/","name":"Burkina Faso","description":"Just another Africa News Agency Sites site","potentialAction":[{"@type":"SearchAction","target":{"@type":"EntryPoint","urlTemplate":"https:\/\/www.africa-press.net\/burkina-faso\/?s={search_term_string}"},"query-input":{"@type":"PropertyValueSpecification","valueRequired":true,"valueName":"search_term_string"}}],"inLanguage":"fr-FR"},{"@type":"Person","@id":"https:\/\/www.africa-press.net\/burkina-faso\/#\/schema\/person\/2b1cf3cd81a31e3cd26889ca66d677f1","name":"cfeditorfr"}]}},"_links":{"self":[{"href":"https:\/\/www.africa-press.net\/burkina-faso\/wp-json\/wp\/v2\/posts\/9922","targetHints":{"allow":["GET"]}}],"collection":[{"href":"https:\/\/www.africa-press.net\/burkina-faso\/wp-json\/wp\/v2\/posts"}],"about":[{"href":"https:\/\/www.africa-press.net\/burkina-faso\/wp-json\/wp\/v2\/types\/post"}],"author":[{"embeddable":true,"href":"https:\/\/www.africa-press.net\/burkina-faso\/wp-json\/wp\/v2\/users\/82"}],"replies":[{"embeddable":true,"href":"https:\/\/www.africa-press.net\/burkina-faso\/wp-json\/wp\/v2\/comments?post=9922"}],"version-history":[{"count":0,"href":"https:\/\/www.africa-press.net\/burkina-faso\/wp-json\/wp\/v2\/posts\/9922\/revisions"}],"wp:featuredmedia":[{"embeddable":true,"href":"https:\/\/www.africa-press.net\/burkina-faso\/wp-json\/wp\/v2\/media\/9921"}],"wp:attachment":[{"href":"https:\/\/www.africa-press.net\/burkina-faso\/wp-json\/wp\/v2\/media?parent=9922"}],"wp:term":[{"taxonomy":"category","embeddable":true,"href":"https:\/\/www.africa-press.net\/burkina-faso\/wp-json\/wp\/v2\/categories?post=9922"},{"taxonomy":"post_tag","embeddable":true,"href":"https:\/\/www.africa-press.net\/burkina-faso\/wp-json\/wp\/v2\/tags?post=9922"}],"curies":[{"name":"wp","href":"https:\/\/api.w.org\/{rel}","templated":true}]}}