{"id":9925,"date":"2021-04-14T14:43:49","date_gmt":"2021-04-14T14:43:49","guid":{"rendered":"https:\/\/www.africa-press.net\/burkina-faso\/?p=9925"},"modified":"2021-04-14T14:59:31","modified_gmt":"2021-04-14T14:59:31","slug":"formation-professionnelle-bordeaux-ecole-de-management-fait-ses-premiers-pas-au-burkina-faso","status":"publish","type":"post","link":"https:\/\/www.africa-press.net\/burkina-faso\/culture-et-art\/formation-professionnelle-bordeaux-ecole-de-management-fait-ses-premiers-pas-au-burkina-faso","title":{"rendered":"Formation professionnelle : Bordeaux \u00e9cole de management fait ses premiers pas au Burkina Faso"},"content":{"rendered":"<p><span style=\"color: #ff6600\"><strong><a href=\"https:\/\/www.africa-press.net\/\">Africa-Press<\/a> &#8211; <a href=\"https:\/\/www.africa-press.net\/burkina-faso\">Burkina Faso<\/a>. <\/strong><\/span><b>Bordeaux \u00e9cole de management (BEM) est une \u00e9cole de la Chambre de commerce de Bordeaux (France) dont la r\u00e9putation a atteint Dakar au S\u00e9n\u00e9gal, Abidjan en C\u00f4te d\u2019Ivoire et aujourd\u2019hui Ouagadougou au Burkina Faso. Ainsi, BEM a sign\u00e9, ce mardi 13 avril 2021, un accord-cadre de partenariat avec l\u2019ENAREF d\u2019une part, et d\u2019autre part avec la Chambre de commerce et d\u2019industrie du Burkina Faso (CCI-BF).<\/b><\/p>\n<p>En paraphant les documents, les parties signataires s\u2019engagent \u00e0 tenir des \u00e9changes r\u00e9guliers sous des th\u00e8mes de r\u00e9flexion et d\u2019actions communes, en particulier dans des domaines tels que l\u2019\u00e9laboration de contenus p\u00e9dagogiques ou la cr\u00e9ation de dipl\u00f4mes et certificats ; la pr\u00e9paration aux m\u00e9tiers li\u00e9s au management et aux sciences de gestion ; des s\u00e9minaires et voyages d\u2019\u00e9tudes au sein des pays partenaires acad\u00e9miques ; la coop\u00e9ration internationale et la recherche de nouvelles formes de partenariat cibl\u00e9, \u00e0 travers de nouvelles institutions.<\/p>\n<p>Dans une d\u00e9claration \u00e0 la presse \u00e0 l\u2019issue de la signature de la convention avec la Chambre de commerce et d\u2019industrie du Burkina Faso (CCI-BF), le pr\u00e9sident et directeur g\u00e9n\u00e9ral de BEM\/Abidjan, Dr Madick\u00e9 Diop, a fait la gen\u00e8se de l\u2019\u00e9cole. Selon lui, BEM est n\u00e9e des flancs de l\u2019Ecole de management de France devenue KEDGE Business school, \u00e0 la faveur de la fusion entre BEM Bordeaux et Euromed Marseille.<\/p>\n<p>Ainsi, en plus de Bordeaux et Marseille, BEM comporte d\u2019autres campus notamment \u00e0 Dakar et \u00e0 Abidjan, et ce depuis septembre 2020. Elle est \u00e9galement pr\u00e9sente \u00e0 Shanghai. Dot\u00e9e de professeurs aguerris, l\u2019\u00e9cole accueille les meilleurs \u00e9tudiants recrut\u00e9s sur des crit\u00e8res d\u2019excellence, qui peuvent y obtenir un dipl\u00f4me de niveau Bachelor, Master ou Doctorat, apr\u00e8s un cursus qui pourra \u00eatre suivi int\u00e9gralement ou en partie \u00e0 Abidjan, aux USA, en France, en Angleterre, au Canada ou en Chine. BEM propose \u00e9galement aux cadres et dirigeants d\u2019acc\u00e9der \u00e0 ses dipl\u00f4mes et certificats par le biais de la formation continue.<\/p>\n<p>En termes de chiffres-cl\u00e9s, BEM c\u2019est plus de 25 universit\u00e9s partenaires, 1 300 \u00e9tudiants dont 700 en formation continue. Cette grande \u00e9cole, qui a une ambition africaine, a d\u00e9cid\u00e9 de faire ses premiers pas au Burkina Faso, en nouant un partenariat avec l\u2019ENAREF et la CCI-BF. Pour ce qui concerne la CCI-BF, l\u2019objectif poursuivi, selon Dr Diop, c\u2019est d\u2019accompagner l\u2019institution dans ce qu\u2019elle fait si bien depuis longtemps, c\u2019est-\u00e0-dire le d\u00e9veloppement des comp\u00e9tences de ses collaborateurs du secteur priv\u00e9 au Burkina Faso.<\/p>\n<p><b>\u00ab Vous avez du talent, nous lui donnons de la valeur \u00bb<\/b><\/p>\n<p>\u00ab Nous sommes tr\u00e8s heureux de ce partenariat qui, je l\u2019esp\u00e8re, portera les ambitions de notre communaut\u00e9 BEM\/KEDGE qui est de rayonner sur toute l\u2019Afrique en restant fid\u00e8le \u00e0 nos valeurs d\u2019innovation, d\u2019internationalisation des parcours et d\u2019employabilit\u00e9 de nos \u00e9tudiants \u00bb, a-t-il d\u00e9clar\u00e9. Puis de relever avec satisfaction que BEM\/Abidjan figure parmi les dix meilleures \u00e9coles de management de France. La pr\u00e9sente c\u00e9r\u00e9monie de signature de convention intervient au moment o\u00f9 la CCI-BF est en train de dynamiser l\u2019offre de formation avec notamment la cr\u00e9ation des clubs burkinab\u00e8 des affaires et de l\u2019Acad\u00e9mie internationale pour la gouvernance et le leadership \u00e9conomique.<\/p>\n<p>De l\u2019aveu du directeur g\u00e9n\u00e9ral adjoint en charge du d\u00e9veloppement durable de la CCI-BF, Emmanuel Yoda, le secteur priv\u00e9 est confront\u00e9 \u00e0 des d\u00e9fis \u00e0 constante \u00e9volution. Pour r\u00e9pondre \u00e0 ces besoins, il estime qu\u2019il faut adapter le contenu des formations aux besoins du march\u00e9 de l\u2019emploi. Dans cette dynamique, il est imp\u00e9ratif de sceller des partenariats.<\/p>\n<p>\u00ab Celui que nous avons nou\u00e9 aujourd\u2019hui avec BEM est sp\u00e9cifique dans la mesure o\u00f9 c\u2019est un partenariat avec une structure qui a une culture africaine, une inspiration fran\u00e7aise et une identit\u00e9 internationale. Pour dire que tous les d\u00e9fis peuvent \u00eatre relev\u00e9s gr\u00e2ce \u00e0 ce partenariat \u00bb, a-t-il rassur\u00e9. Par ailleurs, M. Yoda a dit sa satisfaction et formul\u00e9 le v\u0153u ardent que ce partenariat puisse r\u00e9pondre plus efficacement aux besoins du secteur priv\u00e9 burkinab\u00e8.<\/p>\n<p><b>\u00a0<\/b><\/p>\n","protected":false},"excerpt":{"rendered":"<p>Africa-Press &#8211; Burkina Faso. Bordeaux \u00e9cole de management (BEM) est une \u00e9cole de la Chambre de commerce de Bordeaux (France) dont la r\u00e9putation a atteint Dakar au S\u00e9n\u00e9gal, Abidjan en C\u00f4te d\u2019Ivoire et aujourd\u2019hui Ouagadougou au Burkina Faso. Ainsi, BEM a sign\u00e9, ce mardi 13 avril 2021, un accord-cadre de partenariat avec l\u2019ENAREF d\u2019une part, [&hellip;]<\/p>\n","protected":false},"author":82,"featured_media":9924,"comment_status":"open","ping_status":"closed","sticky":false,"template":"","format":"standard","meta":{"footnotes":""},"categories":[5,11,10],"tags":[111,725,29],"class_list":["post-9925","post","type-post","status-publish","format-standard","has-post-thumbnail","hentry","category-culture-et-art","category-homepage-french","category-toutes-les-actualites","tag-africa-press","tag-africa-press-burkina-faso","tag-burkina-faso"],"yoast_head":"<!-- This site is optimized with the Yoast SEO Premium plugin v26.1 (Yoast SEO v27.0) - https:\/\/yoast.com\/product\/yoast-seo-premium-wordpress\/ -->\n<title>Formation professionnelle : Bordeaux \u00e9cole de management fait ses premiers pas au Burkina Faso - Burkina Faso<\/title>\n<meta name=\"description\" content=\"Bordeaux \u00e9cole de management (BEM) est une \u00e9cole de la Chambre de commerce de Bordeaux (France) dont la r\u00e9putation a ...\" \/>\n<meta name=\"robots\" content=\"index, follow, max-snippet:-1, max-image-preview:large, max-video-preview:-1\" \/>\n<link rel=\"canonical\" href=\"https:\/\/www.africa-press.net\/burkina-faso\/culture-et-art\/formation-professionnelle-bordeaux-ecole-de-management-fait-ses-premiers-pas-au-burkina-faso\" \/>\n<meta property=\"og:locale\" content=\"fr_FR\" \/>\n<meta property=\"og:type\" content=\"article\" \/>\n<meta property=\"og:title\" content=\"Formation professionnelle : Bordeaux \u00e9cole de management fait ses premiers pas au Burkina Faso\" \/>\n<meta property=\"og:description\" content=\"Bordeaux \u00e9cole de management (BEM) est une \u00e9cole de la Chambre de commerce de Bordeaux (France) dont la r\u00e9putation a ...\" \/>\n<meta property=\"og:url\" content=\"https:\/\/www.africa-press.net\/burkina-faso\/culture-et-art\/formation-professionnelle-bordeaux-ecole-de-management-fait-ses-premiers-pas-au-burkina-faso\" \/>\n<meta property=\"og:site_name\" content=\"Burkina Faso\" \/>\n<meta property=\"article:published_time\" content=\"2021-04-14T14:43:49+00:00\" \/>\n<meta property=\"article:modified_time\" content=\"2021-04-14T14:59:31+00:00\" \/>\n<meta property=\"og:image\" content=\"https:\/\/static.africa-press.net\/burkina\/sites\/42\/2021\/04\/img-6076ee77cbdde.jpg\" \/>\n\t<meta property=\"og:image:width\" content=\"720\" \/>\n\t<meta property=\"og:image:height\" content=\"519\" \/>\n\t<meta property=\"og:image:type\" content=\"image\/jpeg\" \/>\n<meta name=\"author\" content=\"cfeditorfr\" \/>\n<meta name=\"twitter:card\" content=\"summary_large_image\" \/>\n<meta name=\"twitter:label1\" content=\"\u00c9crit par\" \/>\n\t<meta name=\"twitter:data1\" content=\"cfeditorfr\" \/>\n\t<meta name=\"twitter:label2\" content=\"Dur\u00e9e de lecture estim\u00e9e\" \/>\n\t<meta name=\"twitter:data2\" content=\"4 minutes\" \/>\n<script type=\"application\/ld+json\" class=\"yoast-schema-graph\">{\"@context\":\"https:\/\/schema.org\",\"@graph\":[{\"@type\":\"Article\",\"@id\":\"https:\/\/www.africa-press.net\/burkina-faso\/culture-et-art\/formation-professionnelle-bordeaux-ecole-de-management-fait-ses-premiers-pas-au-burkina-faso#article\",\"isPartOf\":{\"@id\":\"https:\/\/www.africa-press.net\/burkina-faso\/culture-et-art\/formation-professionnelle-bordeaux-ecole-de-management-fait-ses-premiers-pas-au-burkina-faso\"},\"author\":{\"name\":\"cfeditorfr\",\"@id\":\"https:\/\/www.africa-press.net\/burkina-faso\/#\/schema\/person\/2b1cf3cd81a31e3cd26889ca66d677f1\"},\"headline\":\"Formation professionnelle : Bordeaux \u00e9cole de management fait ses premiers pas au Burkina Faso\",\"datePublished\":\"2021-04-14T14:43:49+00:00\",\"dateModified\":\"2021-04-14T14:59:31+00:00\",\"mainEntityOfPage\":{\"@id\":\"https:\/\/www.africa-press.net\/burkina-faso\/culture-et-art\/formation-professionnelle-bordeaux-ecole-de-management-fait-ses-premiers-pas-au-burkina-faso\"},\"wordCount\":728,\"commentCount\":0,\"image\":{\"@id\":\"https:\/\/www.africa-press.net\/burkina-faso\/culture-et-art\/formation-professionnelle-bordeaux-ecole-de-management-fait-ses-premiers-pas-au-burkina-faso#primaryimage\"},\"thumbnailUrl\":\"https:\/\/static.africa-press.net\/burkina\/sites\/42\/2021\/04\/img-6076ee77cbdde.jpg\",\"keywords\":[\"Africa Press\",\"Africa Press-Burkina Faso\",\"Burkina Faso\"],\"articleSection\":[\"Culture et Art\",\"homepage-french\",\"Toutes les actualit\u00e9s\"],\"inLanguage\":\"fr-FR\",\"potentialAction\":[{\"@type\":\"CommentAction\",\"name\":\"Comment\",\"target\":[\"https:\/\/www.africa-press.net\/burkina-faso\/culture-et-art\/formation-professionnelle-bordeaux-ecole-de-management-fait-ses-premiers-pas-au-burkina-faso#respond\"]}]},{\"@type\":\"WebPage\",\"@id\":\"https:\/\/www.africa-press.net\/burkina-faso\/culture-et-art\/formation-professionnelle-bordeaux-ecole-de-management-fait-ses-premiers-pas-au-burkina-faso\",\"url\":\"https:\/\/www.africa-press.net\/burkina-faso\/culture-et-art\/formation-professionnelle-bordeaux-ecole-de-management-fait-ses-premiers-pas-au-burkina-faso\",\"name\":\"Formation professionnelle : Bordeaux \u00e9cole de management fait ses premiers pas au Burkina Faso - Burkina Faso\",\"isPartOf\":{\"@id\":\"https:\/\/www.africa-press.net\/burkina-faso\/#website\"},\"primaryImageOfPage\":{\"@id\":\"https:\/\/www.africa-press.net\/burkina-faso\/culture-et-art\/formation-professionnelle-bordeaux-ecole-de-management-fait-ses-premiers-pas-au-burkina-faso#primaryimage\"},\"image\":{\"@id\":\"https:\/\/www.africa-press.net\/burkina-faso\/culture-et-art\/formation-professionnelle-bordeaux-ecole-de-management-fait-ses-premiers-pas-au-burkina-faso#primaryimage\"},\"thumbnailUrl\":\"https:\/\/static.africa-press.net\/burkina\/sites\/42\/2021\/04\/img-6076ee77cbdde.jpg\",\"datePublished\":\"2021-04-14T14:43:49+00:00\",\"dateModified\":\"2021-04-14T14:59:31+00:00\",\"author\":{\"@id\":\"https:\/\/www.africa-press.net\/burkina-faso\/#\/schema\/person\/2b1cf3cd81a31e3cd26889ca66d677f1\"},\"description\":\"Bordeaux \u00e9cole de management (BEM) est une \u00e9cole de la Chambre de commerce de Bordeaux (France) dont la r\u00e9putation a ...\",\"breadcrumb\":{\"@id\":\"https:\/\/www.africa-press.net\/burkina-faso\/culture-et-art\/formation-professionnelle-bordeaux-ecole-de-management-fait-ses-premiers-pas-au-burkina-faso#breadcrumb\"},\"inLanguage\":\"fr-FR\",\"potentialAction\":[{\"@type\":\"ReadAction\",\"target\":[\"https:\/\/www.africa-press.net\/burkina-faso\/culture-et-art\/formation-professionnelle-bordeaux-ecole-de-management-fait-ses-premiers-pas-au-burkina-faso\"]}]},{\"@type\":\"ImageObject\",\"inLanguage\":\"fr-FR\",\"@id\":\"https:\/\/www.africa-press.net\/burkina-faso\/culture-et-art\/formation-professionnelle-bordeaux-ecole-de-management-fait-ses-premiers-pas-au-burkina-faso#primaryimage\",\"url\":\"https:\/\/static.africa-press.net\/burkina\/sites\/42\/2021\/04\/img-6076ee77cbdde.jpg\",\"contentUrl\":\"https:\/\/static.africa-press.net\/burkina\/sites\/42\/2021\/04\/img-6076ee77cbdde.jpg\",\"width\":720,\"height\":519,\"caption\":\"Formation professionnelle : Bordeaux \u00e9cole de management fait ses premiers pas au Burkina Faso\"},{\"@type\":\"BreadcrumbList\",\"@id\":\"https:\/\/www.africa-press.net\/burkina-faso\/culture-et-art\/formation-professionnelle-bordeaux-ecole-de-management-fait-ses-premiers-pas-au-burkina-faso#breadcrumb\",\"itemListElement\":[{\"@type\":\"ListItem\",\"position\":1,\"name\":\"Accueil\",\"item\":\"https:\/\/www.africa-press.net\/burkina-faso\/\"},{\"@type\":\"ListItem\",\"position\":2,\"name\":\"Formation professionnelle : Bordeaux \u00e9cole de management fait ses premiers pas au Burkina Faso\"}]},{\"@type\":\"WebSite\",\"@id\":\"https:\/\/www.africa-press.net\/burkina-faso\/#website\",\"url\":\"https:\/\/www.africa-press.net\/burkina-faso\/\",\"name\":\"Burkina Faso\",\"description\":\"Just another Africa News Agency Sites site\",\"potentialAction\":[{\"@type\":\"SearchAction\",\"target\":{\"@type\":\"EntryPoint\",\"urlTemplate\":\"https:\/\/www.africa-press.net\/burkina-faso\/?s={search_term_string}\"},\"query-input\":{\"@type\":\"PropertyValueSpecification\",\"valueRequired\":true,\"valueName\":\"search_term_string\"}}],\"inLanguage\":\"fr-FR\"},{\"@type\":\"Person\",\"@id\":\"https:\/\/www.africa-press.net\/burkina-faso\/#\/schema\/person\/2b1cf3cd81a31e3cd26889ca66d677f1\",\"name\":\"cfeditorfr\"}]}<\/script>\n<!-- \/ Yoast SEO Premium plugin. -->","yoast_head_json":{"title":"Formation professionnelle : Bordeaux \u00e9cole de management fait ses premiers pas au Burkina Faso - Burkina Faso","description":"Bordeaux \u00e9cole de management (BEM) est une \u00e9cole de la Chambre de commerce de Bordeaux (France) dont la r\u00e9putation a ...","robots":{"index":"index","follow":"follow","max-snippet":"max-snippet:-1","max-image-preview":"max-image-preview:large","max-video-preview":"max-video-preview:-1"},"canonical":"https:\/\/www.africa-press.net\/burkina-faso\/culture-et-art\/formation-professionnelle-bordeaux-ecole-de-management-fait-ses-premiers-pas-au-burkina-faso","og_locale":"fr_FR","og_type":"article","og_title":"Formation professionnelle : Bordeaux \u00e9cole de management fait ses premiers pas au Burkina Faso","og_description":"Bordeaux \u00e9cole de management (BEM) est une \u00e9cole de la Chambre de commerce de Bordeaux (France) dont la r\u00e9putation a ...","og_url":"https:\/\/www.africa-press.net\/burkina-faso\/culture-et-art\/formation-professionnelle-bordeaux-ecole-de-management-fait-ses-premiers-pas-au-burkina-faso","og_site_name":"Burkina Faso","article_published_time":"2021-04-14T14:43:49+00:00","article_modified_time":"2021-04-14T14:59:31+00:00","og_image":[{"width":720,"height":519,"url":"https:\/\/static.africa-press.net\/burkina\/sites\/42\/2021\/04\/img-6076ee77cbdde.jpg","type":"image\/jpeg"}],"author":"cfeditorfr","twitter_card":"summary_large_image","twitter_misc":{"\u00c9crit par":"cfeditorfr","Dur\u00e9e de lecture estim\u00e9e":"4 minutes"},"schema":{"@context":"https:\/\/schema.org","@graph":[{"@type":"Article","@id":"https:\/\/www.africa-press.net\/burkina-faso\/culture-et-art\/formation-professionnelle-bordeaux-ecole-de-management-fait-ses-premiers-pas-au-burkina-faso#article","isPartOf":{"@id":"https:\/\/www.africa-press.net\/burkina-faso\/culture-et-art\/formation-professionnelle-bordeaux-ecole-de-management-fait-ses-premiers-pas-au-burkina-faso"},"author":{"name":"cfeditorfr","@id":"https:\/\/www.africa-press.net\/burkina-faso\/#\/schema\/person\/2b1cf3cd81a31e3cd26889ca66d677f1"},"headline":"Formation professionnelle : Bordeaux \u00e9cole de management fait ses premiers pas au Burkina Faso","datePublished":"2021-04-14T14:43:49+00:00","dateModified":"2021-04-14T14:59:31+00:00","mainEntityOfPage":{"@id":"https:\/\/www.africa-press.net\/burkina-faso\/culture-et-art\/formation-professionnelle-bordeaux-ecole-de-management-fait-ses-premiers-pas-au-burkina-faso"},"wordCount":728,"commentCount":0,"image":{"@id":"https:\/\/www.africa-press.net\/burkina-faso\/culture-et-art\/formation-professionnelle-bordeaux-ecole-de-management-fait-ses-premiers-pas-au-burkina-faso#primaryimage"},"thumbnailUrl":"https:\/\/static.africa-press.net\/burkina\/sites\/42\/2021\/04\/img-6076ee77cbdde.jpg","keywords":["Africa Press","Africa Press-Burkina Faso","Burkina Faso"],"articleSection":["Culture et Art","homepage-french","Toutes les actualit\u00e9s"],"inLanguage":"fr-FR","potentialAction":[{"@type":"CommentAction","name":"Comment","target":["https:\/\/www.africa-press.net\/burkina-faso\/culture-et-art\/formation-professionnelle-bordeaux-ecole-de-management-fait-ses-premiers-pas-au-burkina-faso#respond"]}]},{"@type":"WebPage","@id":"https:\/\/www.africa-press.net\/burkina-faso\/culture-et-art\/formation-professionnelle-bordeaux-ecole-de-management-fait-ses-premiers-pas-au-burkina-faso","url":"https:\/\/www.africa-press.net\/burkina-faso\/culture-et-art\/formation-professionnelle-bordeaux-ecole-de-management-fait-ses-premiers-pas-au-burkina-faso","name":"Formation professionnelle : Bordeaux \u00e9cole de management fait ses premiers pas au Burkina Faso - Burkina Faso","isPartOf":{"@id":"https:\/\/www.africa-press.net\/burkina-faso\/#website"},"primaryImageOfPage":{"@id":"https:\/\/www.africa-press.net\/burkina-faso\/culture-et-art\/formation-professionnelle-bordeaux-ecole-de-management-fait-ses-premiers-pas-au-burkina-faso#primaryimage"},"image":{"@id":"https:\/\/www.africa-press.net\/burkina-faso\/culture-et-art\/formation-professionnelle-bordeaux-ecole-de-management-fait-ses-premiers-pas-au-burkina-faso#primaryimage"},"thumbnailUrl":"https:\/\/static.africa-press.net\/burkina\/sites\/42\/2021\/04\/img-6076ee77cbdde.jpg","datePublished":"2021-04-14T14:43:49+00:00","dateModified":"2021-04-14T14:59:31+00:00","author":{"@id":"https:\/\/www.africa-press.net\/burkina-faso\/#\/schema\/person\/2b1cf3cd81a31e3cd26889ca66d677f1"},"description":"Bordeaux \u00e9cole de management (BEM) est une \u00e9cole de la Chambre de commerce de Bordeaux (France) dont la r\u00e9putation a ...","breadcrumb":{"@id":"https:\/\/www.africa-press.net\/burkina-faso\/culture-et-art\/formation-professionnelle-bordeaux-ecole-de-management-fait-ses-premiers-pas-au-burkina-faso#breadcrumb"},"inLanguage":"fr-FR","potentialAction":[{"@type":"ReadAction","target":["https:\/\/www.africa-press.net\/burkina-faso\/culture-et-art\/formation-professionnelle-bordeaux-ecole-de-management-fait-ses-premiers-pas-au-burkina-faso"]}]},{"@type":"ImageObject","inLanguage":"fr-FR","@id":"https:\/\/www.africa-press.net\/burkina-faso\/culture-et-art\/formation-professionnelle-bordeaux-ecole-de-management-fait-ses-premiers-pas-au-burkina-faso#primaryimage","url":"https:\/\/static.africa-press.net\/burkina\/sites\/42\/2021\/04\/img-6076ee77cbdde.jpg","contentUrl":"https:\/\/static.africa-press.net\/burkina\/sites\/42\/2021\/04\/img-6076ee77cbdde.jpg","width":720,"height":519,"caption":"Formation professionnelle : Bordeaux \u00e9cole de management fait ses premiers pas au Burkina Faso"},{"@type":"BreadcrumbList","@id":"https:\/\/www.africa-press.net\/burkina-faso\/culture-et-art\/formation-professionnelle-bordeaux-ecole-de-management-fait-ses-premiers-pas-au-burkina-faso#breadcrumb","itemListElement":[{"@type":"ListItem","position":1,"name":"Accueil","item":"https:\/\/www.africa-press.net\/burkina-faso\/"},{"@type":"ListItem","position":2,"name":"Formation professionnelle : Bordeaux \u00e9cole de management fait ses premiers pas au Burkina Faso"}]},{"@type":"WebSite","@id":"https:\/\/www.africa-press.net\/burkina-faso\/#website","url":"https:\/\/www.africa-press.net\/burkina-faso\/","name":"Burkina Faso","description":"Just another Africa News Agency Sites site","potentialAction":[{"@type":"SearchAction","target":{"@type":"EntryPoint","urlTemplate":"https:\/\/www.africa-press.net\/burkina-faso\/?s={search_term_string}"},"query-input":{"@type":"PropertyValueSpecification","valueRequired":true,"valueName":"search_term_string"}}],"inLanguage":"fr-FR"},{"@type":"Person","@id":"https:\/\/www.africa-press.net\/burkina-faso\/#\/schema\/person\/2b1cf3cd81a31e3cd26889ca66d677f1","name":"cfeditorfr"}]}},"_links":{"self":[{"href":"https:\/\/www.africa-press.net\/burkina-faso\/wp-json\/wp\/v2\/posts\/9925","targetHints":{"allow":["GET"]}}],"collection":[{"href":"https:\/\/www.africa-press.net\/burkina-faso\/wp-json\/wp\/v2\/posts"}],"about":[{"href":"https:\/\/www.africa-press.net\/burkina-faso\/wp-json\/wp\/v2\/types\/post"}],"author":[{"embeddable":true,"href":"https:\/\/www.africa-press.net\/burkina-faso\/wp-json\/wp\/v2\/users\/82"}],"replies":[{"embeddable":true,"href":"https:\/\/www.africa-press.net\/burkina-faso\/wp-json\/wp\/v2\/comments?post=9925"}],"version-history":[{"count":0,"href":"https:\/\/www.africa-press.net\/burkina-faso\/wp-json\/wp\/v2\/posts\/9925\/revisions"}],"wp:featuredmedia":[{"embeddable":true,"href":"https:\/\/www.africa-press.net\/burkina-faso\/wp-json\/wp\/v2\/media\/9924"}],"wp:attachment":[{"href":"https:\/\/www.africa-press.net\/burkina-faso\/wp-json\/wp\/v2\/media?parent=9925"}],"wp:term":[{"taxonomy":"category","embeddable":true,"href":"https:\/\/www.africa-press.net\/burkina-faso\/wp-json\/wp\/v2\/categories?post=9925"},{"taxonomy":"post_tag","embeddable":true,"href":"https:\/\/www.africa-press.net\/burkina-faso\/wp-json\/wp\/v2\/tags?post=9925"}],"curies":[{"name":"wp","href":"https:\/\/api.w.org\/{rel}","templated":true}]}}