{"id":9934,"date":"2021-04-14T15:04:18","date_gmt":"2021-04-14T15:04:18","guid":{"rendered":"https:\/\/www.africa-press.net\/burkina-faso\/?p=9934"},"modified":"2021-04-14T14:59:55","modified_gmt":"2021-04-14T14:59:55","slug":"dossier-thomas-sankara-une-dizaine-de-personnes-dont-blaise-compaore-poursuivies-en-jugement","status":"publish","type":"post","link":"https:\/\/www.africa-press.net\/burkina-faso\/politique\/dossier-thomas-sankara-une-dizaine-de-personnes-dont-blaise-compaore-poursuivies-en-jugement","title":{"rendered":"Dossier Thomas Sankara : Une dizaine de personnes dont Blaise Compaor\u00e9 poursuivies en jugement"},"content":{"rendered":"<p><span style=\"color: #ff6600\"><strong><a href=\"https:\/\/www.africa-press.net\/\">Africa-Press<\/a> &#8211; <a href=\"https:\/\/www.africa-press.net\/burkina-faso\">Burkina Faso<\/a>. <\/strong><\/span><b>Le d\u00e9lib\u00e9r\u00e9 de la chambre d\u2019accusation portant confirmation des charges contre les personnes mises en accusation dans l\u2019affaire Thomas Sankara est tomb\u00e9 ce mardi 13 avril 2021, au Tribunal militaire de Ouagadougou. Une dizaine de personnes sont poursuivies en jugement.<\/b><\/p>\n<p>Au cours de cette audience, la chambre de contr\u00f4le de l\u2019instruction a prononc\u00e9 la mise en accusation d\u2019une dizaine de personnes. Il s\u2019agit de Blaise Compaor\u00e9, Gilbert Diend\u00e9r\u00e9, Yacinthe Kafando, Bossob\u00e8 Traor\u00e9, Nabonswend\u00e9 Ou\u00e9draogo, Idrissa Sawadogo, Yamba Elys\u00e9e Ilboudo, Tibo Ou\u00e9draogo, Albert Pascal Sibidi Belemlilga, Diakalia D\u00e9m\u00e9, Mori Aldjouma Jean-Pierre Palm, Alidou Jean Christophe Di\u00e9br\u00e9, Hamado Kafando et Ninda Tond\u00e9 dit Pascal.<\/p>\n<p>Ils sont renvoy\u00e9s \u00ab devant la juridiction de jugement afin d\u2019\u00eatre jug\u00e9s conform\u00e9ment \u00e0 la loi \u00bb, peut-on lire sur le dossier du d\u00e9lib\u00e9r\u00e9. A ce stade, la date du jugement n\u2019est pas encore programm\u00e9e.<\/p>\n<p><b>\u00ab L\u2019heure de la justice a enfin sonn\u00e9 \u00bb<\/b><\/p>\n<p>Selon Me Herv\u00e9 Kam de la partie civile, \u00ab l\u2019heure de la justice a enfin sonn\u00e9, un proc\u00e8s peut s\u2019ouvrir \u00bb. Lui qui d\u00e9fend les int\u00e9r\u00eats des victimes du 15 octobre 1987, est visiblement pr\u00eat pour la prochaine \u00e9tape de ce dossier. Me Kam qui d\u00e9fend Fr\u00e9d\u00e9ric Kiemd\u00e9, Babou Paulin Bamouni et Mamadou Sawadogo, rappelle qu\u2019il y a \u00ab beaucoup de prescriptions \u00bb, car beaucoup d\u2019accus\u00e9s sont d\u00e9c\u00e9d\u00e9s.<\/p>\n<p>En droit, la prescription est un principe g\u00e9n\u00e9ral de droit qui d\u00e9signe la dur\u00e9e au-del\u00e0 de laquelle une action en justice, civile ou p\u00e9nale, n\u2019est plus recevable.<\/p>\n<p>La chambre a d\u00e9clar\u00e9 \u00ab l\u2019action publique \u00e9teinte \u00bb \u00e0 l\u2019\u00e9gard de Wampasba Nacoulma, Alain Laurent Bonkian, Tass\u00e9r\u00e9 Dianda, Simon Bambara et Salam Yerbanga pour cause de d\u00e9c\u00e8s.<\/p>\n<p><b>\u00ab Nous ne sommes pas du tout satisfaits de cette d\u00e9cision \u00bb<\/b><\/p>\n<p>Du c\u00f4t\u00e9 de la d\u00e9fense, ce d\u00e9lib\u00e9r\u00e9 ne passe pas. Ils ne sont pas satisfaits et le font savoir. \u00ab Nous ne sommes pas du tout satisfaits de cette d\u00e9cision qui a \u00e9t\u00e9 rendue. Nous avons des moyens qui existent mais il faut reconna\u00eetre que c\u2019est difficile, comme je l\u2019ai toujours dit, de trouver quelqu\u2019un de courageux qui puisse appr\u00e9cier certains faits mais la v\u00e9rit\u00e9 va nous rattraper s\u00fbrement \u00bb, a laiss\u00e9 entendre Me Mathieu Som\u00e9, conseil de Gilbert Diend\u00e9r\u00e9, l\u2019un des accus\u00e9s.<\/p>\n<p>Parmi les raisons qui motivent cette insatisfaction, Me Som\u00e9 pointe du doigt \u00ab la prescription \u00bb. Pour la d\u00e9fense, \u00ab avant m\u00eame de rentrer dans le fond, sur la forme, cette affaire date d\u2019octobre 1987 \u00bb.<\/p>\n<p><b>Requalification des faits<\/b><\/p>\n<p>La chambre de contr\u00f4le de l\u2019instruction a requalifi\u00e9 les faits et d\u00e9clar\u00e9 suffisantes des charges. Blaise Compaor\u00e9, Gilbert Diend\u00e9r\u00e9 et Yacinthe Kafando sont poursuivis pour \u00ab attentat \u00e0 la s\u00fbret\u00e9 de l\u2019Etat \u00bb. La \u00ab complicit\u00e9 d\u2019attentat \u00e0 la s\u00fbret\u00e9 de l\u2019Etat \u00bb est retenue contre Bossob\u00e8 Traor\u00e9.<\/p>\n<p>Naboswend\u00e9 Ou\u00e9draogo, Idrissa Sawadogo, Yamba Elys\u00e9e Ilboudo et Yacinthe Kafando sont poursuivis pour \u00ab assassinat \u00bb. La \u00ab complicit\u00e9 d\u2019assassinat \u00bb est retenue contre Blaise Compaor\u00e9 et Bossob\u00e8 Traor\u00e9.<\/p>\n<p>Alidou Jean Christophe Di\u00e9br\u00e9 et Hamado Kafando sont poursuivis pour \u00ab faux en \u00e9criture publique \u00bb. Gilbert Diend\u00e9r\u00e9 et Ninda Tond\u00e9 dit Pascal sont poursivis pour \u00ab subornation de t\u00e9moins \u00bb. Gilbert Diend\u00e9r\u00e9 est \u00e9galement poursuivi pour \u00ab recel de cadavres \u00bb.<\/p>\n<p>Au cours de cette audience, la chambre a ordonn\u00e9 \u00ab la prise de corps de ceux qui ne sont pas d\u00e9tenus \u00bb, a indiqu\u00e9 Me Som\u00e9. Pendant que le mandat de d\u00e9p\u00f4t d\u00e9cern\u00e9 contre Gilbert Diend\u00e9r\u00e9 et les mandats d\u2019arr\u00eats lanc\u00e9s contre Blaise Compaor\u00e9 et Yacinthe Kafando sont maintenus, le mandat d\u2019arr\u00eat \u00e9mis contre Omar Traor\u00e9 est annul\u00e9. La chambre a aussi ordonn\u00e9 la transmission des scell\u00e9s \u00e0 la juridiction de jugement.<\/p>\n<p><b>Cryspin Masneang Laoundiki<br \/>\n<\/b><\/p>\n","protected":false},"excerpt":{"rendered":"<p>Africa-Press &#8211; Burkina Faso. Le d\u00e9lib\u00e9r\u00e9 de la chambre d\u2019accusation portant confirmation des charges contre les personnes mises en accusation dans l\u2019affaire Thomas Sankara est tomb\u00e9 ce mardi 13 avril 2021, au Tribunal militaire de Ouagadougou. Une dizaine de personnes sont poursuivies en jugement. Au cours de cette audience, la chambre de contr\u00f4le de l\u2019instruction [&hellip;]<\/p>\n","protected":false},"author":82,"featured_media":9933,"comment_status":"open","ping_status":"closed","sticky":false,"template":"","format":"standard","meta":{"footnotes":""},"categories":[11,2,20,10],"tags":[111,725,29],"class_list":["post-9934","post","type-post","status-publish","format-standard","has-post-thumbnail","hentry","category-homepage-french","category-politique","category-top-nouvelles","category-toutes-les-actualites","tag-africa-press","tag-africa-press-burkina-faso","tag-burkina-faso"],"yoast_head":"<!-- This site is optimized with the Yoast SEO Premium plugin v26.1 (Yoast SEO v27.0) - https:\/\/yoast.com\/product\/yoast-seo-premium-wordpress\/ -->\n<title>Dossier Thomas Sankara : Une dizaine de personnes dont Blaise Compaor\u00e9 poursuivies en jugement - Burkina Faso<\/title>\n<meta name=\"description\" content=\"Le d\u00e9lib\u00e9r\u00e9 de la chambre d\u2019accusation portant confirmation des charges contre les personnes mises en accusation dans ...\" \/>\n<meta name=\"robots\" content=\"index, follow, max-snippet:-1, max-image-preview:large, max-video-preview:-1\" \/>\n<link rel=\"canonical\" href=\"https:\/\/www.africa-press.net\/burkina-faso\/politique\/dossier-thomas-sankara-une-dizaine-de-personnes-dont-blaise-compaore-poursuivies-en-jugement\" \/>\n<meta property=\"og:locale\" content=\"fr_FR\" \/>\n<meta property=\"og:type\" content=\"article\" \/>\n<meta property=\"og:title\" content=\"Dossier Thomas Sankara : Une dizaine de personnes dont Blaise Compaor\u00e9 poursuivies en jugement\" \/>\n<meta property=\"og:description\" content=\"Le d\u00e9lib\u00e9r\u00e9 de la chambre d\u2019accusation portant confirmation des charges contre les personnes mises en accusation dans ...\" \/>\n<meta property=\"og:url\" content=\"https:\/\/www.africa-press.net\/burkina-faso\/politique\/dossier-thomas-sankara-une-dizaine-de-personnes-dont-blaise-compaore-poursuivies-en-jugement\" \/>\n<meta property=\"og:site_name\" content=\"Burkina Faso\" \/>\n<meta property=\"article:published_time\" content=\"2021-04-14T15:04:18+00:00\" \/>\n<meta property=\"og:image\" content=\"https:\/\/static.africa-press.net\/burkina\/sites\/42\/2021\/04\/img-6076ef0cce4bf.jpg\" \/>\n\t<meta property=\"og:image:width\" content=\"720\" \/>\n\t<meta property=\"og:image:height\" content=\"377\" \/>\n\t<meta property=\"og:image:type\" content=\"image\/jpeg\" \/>\n<meta name=\"author\" content=\"cfeditorfr\" \/>\n<meta name=\"twitter:card\" content=\"summary_large_image\" \/>\n<meta name=\"twitter:label1\" content=\"\u00c9crit par\" \/>\n\t<meta name=\"twitter:data1\" content=\"cfeditorfr\" \/>\n\t<meta name=\"twitter:label2\" content=\"Dur\u00e9e de lecture estim\u00e9e\" \/>\n\t<meta name=\"twitter:data2\" content=\"3 minutes\" \/>\n<script type=\"application\/ld+json\" class=\"yoast-schema-graph\">{\"@context\":\"https:\/\/schema.org\",\"@graph\":[{\"@type\":\"Article\",\"@id\":\"https:\/\/www.africa-press.net\/burkina-faso\/politique\/dossier-thomas-sankara-une-dizaine-de-personnes-dont-blaise-compaore-poursuivies-en-jugement#article\",\"isPartOf\":{\"@id\":\"https:\/\/www.africa-press.net\/burkina-faso\/politique\/dossier-thomas-sankara-une-dizaine-de-personnes-dont-blaise-compaore-poursuivies-en-jugement\"},\"author\":{\"name\":\"cfeditorfr\",\"@id\":\"https:\/\/www.africa-press.net\/burkina-faso\/#\/schema\/person\/2b1cf3cd81a31e3cd26889ca66d677f1\"},\"headline\":\"Dossier Thomas Sankara : Une dizaine de personnes dont Blaise Compaor\u00e9 poursuivies en jugement\",\"datePublished\":\"2021-04-14T15:04:18+00:00\",\"mainEntityOfPage\":{\"@id\":\"https:\/\/www.africa-press.net\/burkina-faso\/politique\/dossier-thomas-sankara-une-dizaine-de-personnes-dont-blaise-compaore-poursuivies-en-jugement\"},\"wordCount\":667,\"commentCount\":0,\"image\":{\"@id\":\"https:\/\/www.africa-press.net\/burkina-faso\/politique\/dossier-thomas-sankara-une-dizaine-de-personnes-dont-blaise-compaore-poursuivies-en-jugement#primaryimage\"},\"thumbnailUrl\":\"https:\/\/static.africa-press.net\/burkina\/sites\/42\/2021\/04\/img-6076ef0cce4bf.jpg\",\"keywords\":[\"Africa Press\",\"Africa Press-Burkina Faso\",\"Burkina Faso\"],\"articleSection\":[\"homepage-french\",\"Politique\",\"Top Nouvelles\",\"Toutes les actualit\u00e9s\"],\"inLanguage\":\"fr-FR\",\"potentialAction\":[{\"@type\":\"CommentAction\",\"name\":\"Comment\",\"target\":[\"https:\/\/www.africa-press.net\/burkina-faso\/politique\/dossier-thomas-sankara-une-dizaine-de-personnes-dont-blaise-compaore-poursuivies-en-jugement#respond\"]}]},{\"@type\":\"WebPage\",\"@id\":\"https:\/\/www.africa-press.net\/burkina-faso\/politique\/dossier-thomas-sankara-une-dizaine-de-personnes-dont-blaise-compaore-poursuivies-en-jugement\",\"url\":\"https:\/\/www.africa-press.net\/burkina-faso\/politique\/dossier-thomas-sankara-une-dizaine-de-personnes-dont-blaise-compaore-poursuivies-en-jugement\",\"name\":\"Dossier Thomas Sankara : Une dizaine de personnes dont Blaise Compaor\u00e9 poursuivies en jugement - Burkina Faso\",\"isPartOf\":{\"@id\":\"https:\/\/www.africa-press.net\/burkina-faso\/#website\"},\"primaryImageOfPage\":{\"@id\":\"https:\/\/www.africa-press.net\/burkina-faso\/politique\/dossier-thomas-sankara-une-dizaine-de-personnes-dont-blaise-compaore-poursuivies-en-jugement#primaryimage\"},\"image\":{\"@id\":\"https:\/\/www.africa-press.net\/burkina-faso\/politique\/dossier-thomas-sankara-une-dizaine-de-personnes-dont-blaise-compaore-poursuivies-en-jugement#primaryimage\"},\"thumbnailUrl\":\"https:\/\/static.africa-press.net\/burkina\/sites\/42\/2021\/04\/img-6076ef0cce4bf.jpg\",\"datePublished\":\"2021-04-14T15:04:18+00:00\",\"author\":{\"@id\":\"https:\/\/www.africa-press.net\/burkina-faso\/#\/schema\/person\/2b1cf3cd81a31e3cd26889ca66d677f1\"},\"description\":\"Le d\u00e9lib\u00e9r\u00e9 de la chambre d\u2019accusation portant confirmation des charges contre les personnes mises en accusation dans ...\",\"breadcrumb\":{\"@id\":\"https:\/\/www.africa-press.net\/burkina-faso\/politique\/dossier-thomas-sankara-une-dizaine-de-personnes-dont-blaise-compaore-poursuivies-en-jugement#breadcrumb\"},\"inLanguage\":\"fr-FR\",\"potentialAction\":[{\"@type\":\"ReadAction\",\"target\":[\"https:\/\/www.africa-press.net\/burkina-faso\/politique\/dossier-thomas-sankara-une-dizaine-de-personnes-dont-blaise-compaore-poursuivies-en-jugement\"]}]},{\"@type\":\"ImageObject\",\"inLanguage\":\"fr-FR\",\"@id\":\"https:\/\/www.africa-press.net\/burkina-faso\/politique\/dossier-thomas-sankara-une-dizaine-de-personnes-dont-blaise-compaore-poursuivies-en-jugement#primaryimage\",\"url\":\"https:\/\/static.africa-press.net\/burkina\/sites\/42\/2021\/04\/img-6076ef0cce4bf.jpg\",\"contentUrl\":\"https:\/\/static.africa-press.net\/burkina\/sites\/42\/2021\/04\/img-6076ef0cce4bf.jpg\",\"width\":720,\"height\":377,\"caption\":\"Dossier Thomas Sankara : Une dizaine de personnes dont Blaise Compaor\u00e9 poursuivies en jugement\"},{\"@type\":\"BreadcrumbList\",\"@id\":\"https:\/\/www.africa-press.net\/burkina-faso\/politique\/dossier-thomas-sankara-une-dizaine-de-personnes-dont-blaise-compaore-poursuivies-en-jugement#breadcrumb\",\"itemListElement\":[{\"@type\":\"ListItem\",\"position\":1,\"name\":\"Accueil\",\"item\":\"https:\/\/www.africa-press.net\/burkina-faso\/\"},{\"@type\":\"ListItem\",\"position\":2,\"name\":\"Dossier Thomas Sankara : Une dizaine de personnes dont Blaise Compaor\u00e9 poursuivies en jugement\"}]},{\"@type\":\"WebSite\",\"@id\":\"https:\/\/www.africa-press.net\/burkina-faso\/#website\",\"url\":\"https:\/\/www.africa-press.net\/burkina-faso\/\",\"name\":\"Burkina Faso\",\"description\":\"Just another Africa News Agency Sites site\",\"potentialAction\":[{\"@type\":\"SearchAction\",\"target\":{\"@type\":\"EntryPoint\",\"urlTemplate\":\"https:\/\/www.africa-press.net\/burkina-faso\/?s={search_term_string}\"},\"query-input\":{\"@type\":\"PropertyValueSpecification\",\"valueRequired\":true,\"valueName\":\"search_term_string\"}}],\"inLanguage\":\"fr-FR\"},{\"@type\":\"Person\",\"@id\":\"https:\/\/www.africa-press.net\/burkina-faso\/#\/schema\/person\/2b1cf3cd81a31e3cd26889ca66d677f1\",\"name\":\"cfeditorfr\"}]}<\/script>\n<!-- \/ Yoast SEO Premium plugin. -->","yoast_head_json":{"title":"Dossier Thomas Sankara : Une dizaine de personnes dont Blaise Compaor\u00e9 poursuivies en jugement - Burkina Faso","description":"Le d\u00e9lib\u00e9r\u00e9 de la chambre d\u2019accusation portant confirmation des charges contre les personnes mises en accusation dans ...","robots":{"index":"index","follow":"follow","max-snippet":"max-snippet:-1","max-image-preview":"max-image-preview:large","max-video-preview":"max-video-preview:-1"},"canonical":"https:\/\/www.africa-press.net\/burkina-faso\/politique\/dossier-thomas-sankara-une-dizaine-de-personnes-dont-blaise-compaore-poursuivies-en-jugement","og_locale":"fr_FR","og_type":"article","og_title":"Dossier Thomas Sankara : Une dizaine de personnes dont Blaise Compaor\u00e9 poursuivies en jugement","og_description":"Le d\u00e9lib\u00e9r\u00e9 de la chambre d\u2019accusation portant confirmation des charges contre les personnes mises en accusation dans ...","og_url":"https:\/\/www.africa-press.net\/burkina-faso\/politique\/dossier-thomas-sankara-une-dizaine-de-personnes-dont-blaise-compaore-poursuivies-en-jugement","og_site_name":"Burkina Faso","article_published_time":"2021-04-14T15:04:18+00:00","og_image":[{"width":720,"height":377,"url":"https:\/\/static.africa-press.net\/burkina\/sites\/42\/2021\/04\/img-6076ef0cce4bf.jpg","type":"image\/jpeg"}],"author":"cfeditorfr","twitter_card":"summary_large_image","twitter_misc":{"\u00c9crit par":"cfeditorfr","Dur\u00e9e de lecture estim\u00e9e":"3 minutes"},"schema":{"@context":"https:\/\/schema.org","@graph":[{"@type":"Article","@id":"https:\/\/www.africa-press.net\/burkina-faso\/politique\/dossier-thomas-sankara-une-dizaine-de-personnes-dont-blaise-compaore-poursuivies-en-jugement#article","isPartOf":{"@id":"https:\/\/www.africa-press.net\/burkina-faso\/politique\/dossier-thomas-sankara-une-dizaine-de-personnes-dont-blaise-compaore-poursuivies-en-jugement"},"author":{"name":"cfeditorfr","@id":"https:\/\/www.africa-press.net\/burkina-faso\/#\/schema\/person\/2b1cf3cd81a31e3cd26889ca66d677f1"},"headline":"Dossier Thomas Sankara : Une dizaine de personnes dont Blaise Compaor\u00e9 poursuivies en jugement","datePublished":"2021-04-14T15:04:18+00:00","mainEntityOfPage":{"@id":"https:\/\/www.africa-press.net\/burkina-faso\/politique\/dossier-thomas-sankara-une-dizaine-de-personnes-dont-blaise-compaore-poursuivies-en-jugement"},"wordCount":667,"commentCount":0,"image":{"@id":"https:\/\/www.africa-press.net\/burkina-faso\/politique\/dossier-thomas-sankara-une-dizaine-de-personnes-dont-blaise-compaore-poursuivies-en-jugement#primaryimage"},"thumbnailUrl":"https:\/\/static.africa-press.net\/burkina\/sites\/42\/2021\/04\/img-6076ef0cce4bf.jpg","keywords":["Africa Press","Africa Press-Burkina Faso","Burkina Faso"],"articleSection":["homepage-french","Politique","Top Nouvelles","Toutes les actualit\u00e9s"],"inLanguage":"fr-FR","potentialAction":[{"@type":"CommentAction","name":"Comment","target":["https:\/\/www.africa-press.net\/burkina-faso\/politique\/dossier-thomas-sankara-une-dizaine-de-personnes-dont-blaise-compaore-poursuivies-en-jugement#respond"]}]},{"@type":"WebPage","@id":"https:\/\/www.africa-press.net\/burkina-faso\/politique\/dossier-thomas-sankara-une-dizaine-de-personnes-dont-blaise-compaore-poursuivies-en-jugement","url":"https:\/\/www.africa-press.net\/burkina-faso\/politique\/dossier-thomas-sankara-une-dizaine-de-personnes-dont-blaise-compaore-poursuivies-en-jugement","name":"Dossier Thomas Sankara : Une dizaine de personnes dont Blaise Compaor\u00e9 poursuivies en jugement - Burkina Faso","isPartOf":{"@id":"https:\/\/www.africa-press.net\/burkina-faso\/#website"},"primaryImageOfPage":{"@id":"https:\/\/www.africa-press.net\/burkina-faso\/politique\/dossier-thomas-sankara-une-dizaine-de-personnes-dont-blaise-compaore-poursuivies-en-jugement#primaryimage"},"image":{"@id":"https:\/\/www.africa-press.net\/burkina-faso\/politique\/dossier-thomas-sankara-une-dizaine-de-personnes-dont-blaise-compaore-poursuivies-en-jugement#primaryimage"},"thumbnailUrl":"https:\/\/static.africa-press.net\/burkina\/sites\/42\/2021\/04\/img-6076ef0cce4bf.jpg","datePublished":"2021-04-14T15:04:18+00:00","author":{"@id":"https:\/\/www.africa-press.net\/burkina-faso\/#\/schema\/person\/2b1cf3cd81a31e3cd26889ca66d677f1"},"description":"Le d\u00e9lib\u00e9r\u00e9 de la chambre d\u2019accusation portant confirmation des charges contre les personnes mises en accusation dans ...","breadcrumb":{"@id":"https:\/\/www.africa-press.net\/burkina-faso\/politique\/dossier-thomas-sankara-une-dizaine-de-personnes-dont-blaise-compaore-poursuivies-en-jugement#breadcrumb"},"inLanguage":"fr-FR","potentialAction":[{"@type":"ReadAction","target":["https:\/\/www.africa-press.net\/burkina-faso\/politique\/dossier-thomas-sankara-une-dizaine-de-personnes-dont-blaise-compaore-poursuivies-en-jugement"]}]},{"@type":"ImageObject","inLanguage":"fr-FR","@id":"https:\/\/www.africa-press.net\/burkina-faso\/politique\/dossier-thomas-sankara-une-dizaine-de-personnes-dont-blaise-compaore-poursuivies-en-jugement#primaryimage","url":"https:\/\/static.africa-press.net\/burkina\/sites\/42\/2021\/04\/img-6076ef0cce4bf.jpg","contentUrl":"https:\/\/static.africa-press.net\/burkina\/sites\/42\/2021\/04\/img-6076ef0cce4bf.jpg","width":720,"height":377,"caption":"Dossier Thomas Sankara : Une dizaine de personnes dont Blaise Compaor\u00e9 poursuivies en jugement"},{"@type":"BreadcrumbList","@id":"https:\/\/www.africa-press.net\/burkina-faso\/politique\/dossier-thomas-sankara-une-dizaine-de-personnes-dont-blaise-compaore-poursuivies-en-jugement#breadcrumb","itemListElement":[{"@type":"ListItem","position":1,"name":"Accueil","item":"https:\/\/www.africa-press.net\/burkina-faso\/"},{"@type":"ListItem","position":2,"name":"Dossier Thomas Sankara : Une dizaine de personnes dont Blaise Compaor\u00e9 poursuivies en jugement"}]},{"@type":"WebSite","@id":"https:\/\/www.africa-press.net\/burkina-faso\/#website","url":"https:\/\/www.africa-press.net\/burkina-faso\/","name":"Burkina Faso","description":"Just another Africa News Agency Sites site","potentialAction":[{"@type":"SearchAction","target":{"@type":"EntryPoint","urlTemplate":"https:\/\/www.africa-press.net\/burkina-faso\/?s={search_term_string}"},"query-input":{"@type":"PropertyValueSpecification","valueRequired":true,"valueName":"search_term_string"}}],"inLanguage":"fr-FR"},{"@type":"Person","@id":"https:\/\/www.africa-press.net\/burkina-faso\/#\/schema\/person\/2b1cf3cd81a31e3cd26889ca66d677f1","name":"cfeditorfr"}]}},"_links":{"self":[{"href":"https:\/\/www.africa-press.net\/burkina-faso\/wp-json\/wp\/v2\/posts\/9934","targetHints":{"allow":["GET"]}}],"collection":[{"href":"https:\/\/www.africa-press.net\/burkina-faso\/wp-json\/wp\/v2\/posts"}],"about":[{"href":"https:\/\/www.africa-press.net\/burkina-faso\/wp-json\/wp\/v2\/types\/post"}],"author":[{"embeddable":true,"href":"https:\/\/www.africa-press.net\/burkina-faso\/wp-json\/wp\/v2\/users\/82"}],"replies":[{"embeddable":true,"href":"https:\/\/www.africa-press.net\/burkina-faso\/wp-json\/wp\/v2\/comments?post=9934"}],"version-history":[{"count":0,"href":"https:\/\/www.africa-press.net\/burkina-faso\/wp-json\/wp\/v2\/posts\/9934\/revisions"}],"wp:featuredmedia":[{"embeddable":true,"href":"https:\/\/www.africa-press.net\/burkina-faso\/wp-json\/wp\/v2\/media\/9933"}],"wp:attachment":[{"href":"https:\/\/www.africa-press.net\/burkina-faso\/wp-json\/wp\/v2\/media?parent=9934"}],"wp:term":[{"taxonomy":"category","embeddable":true,"href":"https:\/\/www.africa-press.net\/burkina-faso\/wp-json\/wp\/v2\/categories?post=9934"},{"taxonomy":"post_tag","embeddable":true,"href":"https:\/\/www.africa-press.net\/burkina-faso\/wp-json\/wp\/v2\/tags?post=9934"}],"curies":[{"name":"wp","href":"https:\/\/api.w.org\/{rel}","templated":true}]}}